{"id":137530,"date":"2023-01-02T09:59:38","date_gmt":"2023-01-02T14:59:38","guid":{"rendered":"https:\/\/news.canadamotorjobs.com\/le-recul-dodometre-a-augmente-de-7-entre-2021-et-2022\/"},"modified":"2023-01-03T16:25:03","modified_gmt":"2023-01-03T21:25:03","slug":"le-recul-dodometre-a-augmente-de-7-entre-2021-et-2022","status":"publish","type":"post","link":"https:\/\/news.canadamotorjobs.com\/fr\/le-recul-dodometre-a-augmente-de-7-entre-2021-et-2022\/","title":{"rendered":"Le recul d\u2019odom\u00e8tre a augment\u00e9 de 7\u00a0% entre 2021 et 2022"},"content":{"rendered":"<p>Ce chiffre provient de chez Carfax qui affirme que la pression des prix \u00e0 la hausse sur les mod\u00e8les d\u2019occasions est en partie responsable de cette situation. La soci\u00e9t\u00e9 qui compile les rapports d&#8217;historique des v\u00e9hicules \u00e0 partir de divers points de contact dans la vie d&#8217;une voiture dit que ses recherches montrent que plus de 1,9 million de v\u00e9hicules sur la route au Canada et aux \u00c9tats-Unis ont eu leur odom\u00e8tre trafiqu\u00e9. Ce total repr\u00e9sente une augmentation de 7\u00a0% par rapport \u00e0 2021.<\/p>\n<h3>Des statistiques qui ne disent pas tout<\/h3>\n<p>Il est difficile de trouver des statistiques pr\u00e9cises sur le recul des odom\u00e8tres. En 2002, l&#8217;Administration nationale de la s\u00e9curit\u00e9 routi\u00e8re et des transports (NHTSA) a d\u00e9clar\u00e9 que 450\u00a0000 voitures dont l&#8217;odom\u00e8tre avait \u00e9t\u00e9 trafiqu\u00e9 \u00e9taient vendues chaque ann\u00e9e, et ce chiffre est toujours d&#8217;actualit\u00e9 20 ans plus tard. L&#8217;ann\u00e9e derni\u00e8re, la NHTSA a d\u00e9clar\u00e9 au New York Times : &#8220;La fraude au compteur kilom\u00e9trique est un crime grave qui co\u00fbte aux Am\u00e9ricains plus d&#8217;un milliard de dollars par an.&#8221; Ce co\u00fbt \u00e9conomique provient \u00e9galement de l&#8217;\u00e9tude vieille de 20 ans, qui a d\u00e9termin\u00e9 que chacune de ces 450\u00a0000 ventes de v\u00e9hicules co\u00fbtait en moyenne 2 336 dollars au consommateur. Selon l&#8217;\u00e9tude de CarFax, &#8220;les consommateurs perdent en moyenne 4 000 dollars en achetant sans le savoir une voiture dont le compteur kilom\u00e9trique est invers\u00e9&#8221;.<\/p>\n<h3>Plusieurs commerces reculent des odom\u00e8tres \u00e0 l\u2019ann\u00e9e<\/h3>\n<p>Au Qu\u00e9bec et un peu partout au Canada, des commerces qui demeurent discrets reculent des odom\u00e8tres 7<\/p>\n","protected":false},"excerpt":{"rendered":"<p>Ce chiffre provient de chez Carfax qui affirme que la pression des prix \u00e0 la hausse sur les mod\u00e8les d\u2019occasions est en partie responsable de cette situation. La soci\u00e9t\u00e9 qui compile les rapports d&#8217;historique des v\u00e9hicules \u00e0 partir de divers points de contact dans la vie d&#8217;une voiture dit que ses recherches montrent que plus [&hellip;]<\/p>\n","protected":false},"author":8,"featured_media":137534,"comment_status":"close","ping_status":"closed","sticky":false,"template":"","format":"standard","meta":{"_monsterinsights_skip_tracking":false,"_monsterinsights_sitenote_active":false,"_monsterinsights_sitenote_note":"","_monsterinsights_sitenote_category":0,"footnotes":""},"categories":[101],"tags":[131],"yoast_head":"<!-- This site is optimized with the Yoast SEO plugin v23.2 - https:\/\/yoast.com\/wordpress\/plugins\/seo\/ -->\n<title>Le recul d\u2019odom\u00e8tre a augment\u00e9 de 7\u00a0% entre 2021 et 2022 - CanadaMotorJobs.com<\/title>\n<meta name=\"description\" content=\"Le recul d\u2019odom\u00e8tre a augment\u00e9 de 7\u00a0% entre 2021 et 2022 - Benoit Charette - Annuel automobile - CanadaMotorJobs.com.\" \/>\n<meta name=\"robots\" content=\"index, follow, max-snippet:-1, max-image-preview:large, max-video-preview:-1\" \/>\n<meta property=\"og:locale\" content=\"fr_CA\" \/>\n<meta property=\"og:type\" content=\"article\" \/>\n<meta property=\"og:title\" content=\"Le recul d\u2019odom\u00e8tre a augment\u00e9 de 7\u00a0% entre 2021 et 2022 - CanadaMotorJobs.com\" \/>\n<meta property=\"og:description\" content=\"Le recul d\u2019odom\u00e8tre a augment\u00e9 de 7\u00a0% entre 2021 et 2022 - Benoit Charette - Annuel automobile - CanadaMotorJobs.com.\" \/>\n<meta property=\"og:url\" content=\"https:\/\/news.canadamotorjobs.com\/fr\/le-recul-dodometre-a-augmente-de-7-entre-2021-et-2022\/\" \/>\n<meta property=\"og:site_name\" content=\"CanadaMotorJobs.com\" \/>\n<meta property=\"article:publisher\" content=\"https:\/\/www.facebook.com\/canadamotorjobs\/\" \/>\n<meta property=\"article:published_time\" content=\"2023-01-02T14:59:38+00:00\" \/>\n<meta property=\"article:modified_time\" content=\"2023-01-03T21:25:03+00:00\" \/>\n<meta property=\"og:image\" content=\"https:\/\/news.canadamotorjobs.com\/wp-content\/uploads\/2023\/01\/odometer-922377_1920-1600x1200-1-1.jpg\" \/>\n\t<meta property=\"og:image:width\" content=\"1600\" \/>\n\t<meta property=\"og:image:height\" content=\"1200\" \/>\n\t<meta property=\"og:image:type\" content=\"image\/jpeg\" \/>\n<meta name=\"author\" content=\"Benoit Charette\" \/>\n<meta name=\"twitter:card\" content=\"summary_large_image\" \/>\n<meta name=\"twitter:creator\" content=\"@canadamotorjobs\" \/>\n<meta name=\"twitter:site\" content=\"@canadamotorjobs\" \/>\n<meta name=\"twitter:label1\" content=\"\u00c9crit par\" \/>\n\t<meta name=\"twitter:data1\" content=\"Benoit Charette\" \/>\n\t<meta name=\"twitter:label2\" content=\"Estimation du temps de lecture\" \/>\n\t<meta name=\"twitter:data2\" content=\"2 minutes\" \/>\n<!-- \/ Yoast SEO plugin. -->","yoast_head_json":{"title":"Le recul d\u2019odom\u00e8tre a augment\u00e9 de 7\u00a0% entre 2021 et 2022 - CanadaMotorJobs.com","description":"Le recul d\u2019odom\u00e8tre a augment\u00e9 de 7\u00a0% entre 2021 et 2022 - Benoit Charette - Annuel automobile - CanadaMotorJobs.com.","robots":{"index":"index","follow":"follow","max-snippet":"max-snippet:-1","max-image-preview":"max-image-preview:large","max-video-preview":"max-video-preview:-1"},"og_locale":"fr_CA","og_type":"article","og_title":"Le recul d\u2019odom\u00e8tre a augment\u00e9 de 7\u00a0% entre 2021 et 2022 - CanadaMotorJobs.com","og_description":"Le recul d\u2019odom\u00e8tre a augment\u00e9 de 7\u00a0% entre 2021 et 2022 - Benoit Charette - Annuel automobile - CanadaMotorJobs.com.","og_url":"https:\/\/news.canadamotorjobs.com\/fr\/le-recul-dodometre-a-augmente-de-7-entre-2021-et-2022\/","og_site_name":"CanadaMotorJobs.com","article_publisher":"https:\/\/www.facebook.com\/canadamotorjobs\/","article_published_time":"2023-01-02T14:59:38+00:00","article_modified_time":"2023-01-03T21:25:03+00:00","og_image":[{"width":1600,"height":1200,"url":"https:\/\/news.canadamotorjobs.com\/wp-content\/uploads\/2023\/01\/odometer-922377_1920-1600x1200-1-1.jpg","type":"image\/jpeg"}],"author":"Benoit Charette","twitter_card":"summary_large_image","twitter_creator":"@canadamotorjobs","twitter_site":"@canadamotorjobs","twitter_misc":{"\u00c9crit par":"Benoit Charette","Estimation du temps de lecture":"2 minutes"},"schema":{"@context":"https:\/\/schema.org","@graph":[{"@type":"Article","@id":"https:\/\/news.canadamotorjobs.com\/fr\/le-recul-dodometre-a-augmente-de-7-entre-2021-et-2022\/#article","isPartOf":{"@id":"https:\/\/news.canadamotorjobs.com\/fr\/le-recul-dodometre-a-augmente-de-7-entre-2021-et-2022\/"},"author":{"name":"Benoit Charette","@id":"https:\/\/news.canadamotorjobs.com\/#\/schema\/person\/51793d1f87d44011d7bcc2ed99269a90"},"headline":"Le recul d\u2019odom\u00e8tre a augment\u00e9 de 7\u00a0% entre 2021 et 2022","datePublished":"2023-01-02T14:59:38+00:00","dateModified":"2023-01-03T21:25:03+00:00","mainEntityOfPage":{"@id":"https:\/\/news.canadamotorjobs.com\/fr\/le-recul-dodometre-a-augmente-de-7-entre-2021-et-2022\/"},"wordCount":281,"publisher":{"@id":"https:\/\/news.canadamotorjobs.com\/#organization"},"image":{"@id":"https:\/\/news.canadamotorjobs.com\/fr\/le-recul-dodometre-a-augmente-de-7-entre-2021-et-2022\/#primaryimage"},"thumbnailUrl":"https:\/\/news.canadamotorjobs.com\/wp-content\/uploads\/2023\/01\/odometer-922377_1920-1600x1200-1-1.jpg","keywords":["Newsletter"],"articleSection":["Annuel automobile"],"inLanguage":"fr-CA"},{"@type":"WebPage","@id":"https:\/\/news.canadamotorjobs.com\/fr\/le-recul-dodometre-a-augmente-de-7-entre-2021-et-2022\/","url":"https:\/\/news.canadamotorjobs.com\/fr\/le-recul-dodometre-a-augmente-de-7-entre-2021-et-2022\/","name":"Le recul d\u2019odom\u00e8tre a augment\u00e9 de 7\u00a0% entre 2021 et 2022 - CanadaMotorJobs.com","isPartOf":{"@id":"https:\/\/news.canadamotorjobs.com\/#website"},"primaryImageOfPage":{"@id":"https:\/\/news.canadamotorjobs.com\/fr\/le-recul-dodometre-a-augmente-de-7-entre-2021-et-2022\/#primaryimage"},"image":{"@id":"https:\/\/news.canadamotorjobs.com\/fr\/le-recul-dodometre-a-augmente-de-7-entre-2021-et-2022\/#primaryimage"},"thumbnailUrl":"https:\/\/news.canadamotorjobs.com\/wp-content\/uploads\/2023\/01\/odometer-922377_1920-1600x1200-1-1.jpg","datePublished":"2023-01-02T14:59:38+00:00","dateModified":"2023-01-03T21:25:03+00:00","description":"Le recul d\u2019odom\u00e8tre a augment\u00e9 de 7\u00a0% entre 2021 et 2022 - Benoit Charette - Annuel automobile - CanadaMotorJobs.com.","breadcrumb":{"@id":"https:\/\/news.canadamotorjobs.com\/fr\/le-recul-dodometre-a-augmente-de-7-entre-2021-et-2022\/#breadcrumb"},"inLanguage":"fr-CA","potentialAction":[{"@type":"ReadAction","target":["https:\/\/news.canadamotorjobs.com\/fr\/le-recul-dodometre-a-augmente-de-7-entre-2021-et-2022\/"]}]},{"@type":"ImageObject","inLanguage":"fr-CA","@id":"https:\/\/news.canadamotorjobs.com\/fr\/le-recul-dodometre-a-augmente-de-7-entre-2021-et-2022\/#primaryimage","url":"https:\/\/news.canadamotorjobs.com\/wp-content\/uploads\/2023\/01\/odometer-922377_1920-1600x1200-1-1.jpg","contentUrl":"https:\/\/news.canadamotorjobs.com\/wp-content\/uploads\/2023\/01\/odometer-922377_1920-1600x1200-1-1.jpg","width":1600,"height":1200},{"@type":"BreadcrumbList","@id":"https:\/\/news.canadamotorjobs.com\/fr\/le-recul-dodometre-a-augmente-de-7-entre-2021-et-2022\/#breadcrumb","itemListElement":[{"@type":"ListItem","position":1,"name":"Home","item":"https:\/\/news.canadamotorjobs.com\/fr\/blog\/"},{"@type":"ListItem","position":2,"name":"Le recul d\u2019odom\u00e8tre a augment\u00e9 de 7\u00a0% entre 2021 et 2022"}]},{"@type":"WebSite","@id":"https:\/\/news.canadamotorjobs.com\/#website","url":"https:\/\/news.canadamotorjobs.com\/","name":"CanadaMotorJobs.com","description":"Automotive Jobs","publisher":{"@id":"https:\/\/news.canadamotorjobs.com\/#organization"},"potentialAction":[{"@type":"SearchAction","target":{"@type":"EntryPoint","urlTemplate":"https:\/\/news.canadamotorjobs.com\/?s={search_term_string}"},"query-input":"required name=search_term_string"}],"inLanguage":"fr-CA"},{"@type":"Organization","@id":"https:\/\/news.canadamotorjobs.com\/#organization","name":"Canada Motor Jobs","url":"https:\/\/news.canadamotorjobs.com\/","logo":{"@type":"ImageObject","inLanguage":"fr-CA","@id":"https:\/\/news.canadamotorjobs.com\/#\/schema\/logo\/image\/","url":"https:\/\/news.canadamotorjobs.com\/wp-content\/uploads\/2022\/10\/logo-canada-motor-jobs-1.png","contentUrl":"https:\/\/news.canadamotorjobs.com\/wp-content\/uploads\/2022\/10\/logo-canada-motor-jobs-1.png","width":800,"height":400,"caption":"Canada Motor Jobs"},"image":{"@id":"https:\/\/news.canadamotorjobs.com\/#\/schema\/logo\/image\/"},"sameAs":["https:\/\/www.facebook.com\/canadamotorjobs\/","https:\/\/x.com\/canadamotorjobs","https:\/\/www.instagram.com\/canadamotorjobs\/","https:\/\/www.linkedin.com\/company\/canadamotorjobs"]},{"@type":"Person","@id":"https:\/\/news.canadamotorjobs.com\/#\/schema\/person\/51793d1f87d44011d7bcc2ed99269a90","name":"Benoit Charette","image":{"@type":"ImageObject","inLanguage":"fr-CA","@id":"https:\/\/news.canadamotorjobs.com\/#\/schema\/person\/image\/","url":"https:\/\/secure.gravatar.com\/avatar\/45f3d2eebcccd909668d7ce7ea7267b6?s=96&d=mm&r=g","contentUrl":"https:\/\/secure.gravatar.com\/avatar\/45f3d2eebcccd909668d7ce7ea7267b6?s=96&d=mm&r=g","caption":"Benoit Charette"},"description":"Benoit Charette \/ Propri\u00e9taire et r\u00e9dacteur en chef Benoit Charette pratique le journalisme automobile depuis bient\u00f4t 30 ans. Il a fait ses classes au c\u00f4t\u00e9 de Daniel H\u00e9raud et au Carnet de route de 1992 \u00e0 2001. Il est fondateur, copropri\u00e9taire et r\u00e9dacteur en chef de L\u2019Annuel de l\u2019automobile, qu\u2019il publie depuis 2001. Il a anim\u00e9 les \u00e9missions RPM et RPM+ sur V et les L\u00e9gendes de la route sur Historia. \u00c0 la radio depuis 1986, il reprend l\u2019antenne cette ann\u00e9e sur les ondes de Cogeco et participe pour la deuxi\u00e8me ann\u00e9e \u00e0 l\u2019\u00e9mission Passion Auto sur RDS en plus de mettre en ligne le site Web officiel de L\u2019Annuel de l\u2019automobile sur annuelauto.ca.","sameAs":["https:\/\/annuelauto.ca\/"],"url":"https:\/\/news.canadamotorjobs.com\/fr\/author\/benoit-charette\/"}]}},"_links":{"self":[{"href":"https:\/\/news.canadamotorjobs.com\/fr\/wp-json\/wp\/v2\/posts\/137530"}],"collection":[{"href":"https:\/\/news.canadamotorjobs.com\/fr\/wp-json\/wp\/v2\/posts"}],"about":[{"href":"https:\/\/news.canadamotorjobs.com\/fr\/wp-json\/wp\/v2\/types\/post"}],"author":[{"embeddable":true,"href":"https:\/\/news.canadamotorjobs.com\/fr\/wp-json\/wp\/v2\/users\/8"}],"replies":[{"embeddable":true,"href":"https:\/\/news.canadamotorjobs.com\/fr\/wp-json\/wp\/v2\/comments?post=137530"}],"version-history":[{"count":0,"href":"https:\/\/news.canadamotorjobs.com\/fr\/wp-json\/wp\/v2\/posts\/137530\/revisions"}],"wp:featuredmedia":[{"embeddable":true,"href":"https:\/\/news.canadamotorjobs.com\/fr\/wp-json\/wp\/v2\/media\/137534"}],"wp:attachment":[{"href":"https:\/\/news.canadamotorjobs.com\/fr\/wp-json\/wp\/v2\/media?parent=137530"}],"wp:term":[{"taxonomy":"category","embeddable":true,"href":"https:\/\/news.canadamotorjobs.com\/fr\/wp-json\/wp\/v2\/categories?post=137530"},{"taxonomy":"post_tag","embeddable":true,"href":"https:\/\/news.canadamotorjobs.com\/fr\/wp-json\/wp\/v2\/tags?post=137530"}],"curies":[{"name":"wp","href":"https:\/\/api.w.org\/{rel}","templated":true}]}}