{"id":137498,"date":"2022-12-31T09:26:30","date_gmt":"2022-12-31T14:26:30","guid":{"rendered":"https:\/\/news.canadamotorjobs.com\/la-prochaine-generation-de-mustang-sera-electrique-et-arrive-en-2029\/"},"modified":"2022-12-31T09:29:14","modified_gmt":"2022-12-31T14:29:14","slug":"la-prochaine-generation-de-mustang-sera-electrique-et-arrive-en-2029","status":"publish","type":"post","link":"https:\/\/news.canadamotorjobs.com\/fr\/la-prochaine-generation-de-mustang-sera-electrique-et-arrive-en-2029\/","title":{"rendered":"La prochaine g\u00e9n\u00e9ration de Mustang sera \u00e9lectrique et arrive en 2029"},"content":{"rendered":"<\/p>\n<p>Cela signifie que le nouveau mod\u00e8le de septi\u00e8me g\u00e9n\u00e9ration qui arrive sur le march\u00e9 aura un long cycle de vie. Cette information provient d\u2019AutoForecast Solutions aux \u00c9tats-Unis, qui fournit des pr\u00e9dictions bas\u00e9es sur un certain nombre de facteurs tels que les accords d&#8217;approvisionnement, l&#8217;\u00e9tat des usines, etc.<br \/> Peu d\u2019informations en ce moment<br \/> Il y a de fortes chances que l&#8217;usine de montage de Ford \u00e0 Flat Rock, pr\u00e8s de D\u00e9troit, dans le Michigan, qui abrite la Mustang depuis 2004, soit \u00e0 nouveau charg\u00e9e de la construction de la version purement \u00e9lectrique \u00e0 batterie. Il y a des raisons de croire que<br \/> la future plateforme GE2.2 de Ford, qui soutent \u00e9galement la deuxi\u00e8me g\u00e9n\u00e9ration de Mustang Mach-E, ainsi que les futurs Escape et Explorer enti\u00e8rement \u00e9lectriques va aussi servir de base \u00e0 la Mustang 100 % \u00e9lectrique. Comme cette plateforme est d\u00e9di\u00e9e aux mod\u00e8les \u00e9lectriques, cela signifie qu\u2019il n\u2019y aura pas de variantes avec moteur \u00e0 combustion interne. \u00c0 l&#8217;origine, beaucoup s&#8217;attendaient \u00e0 ce que la Mustang S650 ait un certain niveau d&#8217;\u00e9lectrification, comme une option hybride ou hybride rechargeable. Il s&#8217;av\u00e8re que ce n&#8217;est pas le cas et qu&#8217;il ne semble pas y avoir de plans pour que cela se produise.<br \/> Six ans pour se faire \u00e0 l\u2019id\u00e9e<br \/> Avant que Jim Farley ne prenne la t\u00eate de Ford, la rumeur voulait que Ford ait l&#8217;intention d&#8217;\u00e9lectrifier partiellement la septi\u00e8me g\u00e9n\u00e9ration de la Mustang, mais Farley a mis fin \u00e0 ce programme. Au lieu de cela, il a insist\u00e9 avec succ\u00e8s<\/p>\n","protected":false},"excerpt":{"rendered":"<p>Cela signifie que le nouveau mod\u00e8le de septi\u00e8me g\u00e9n\u00e9ration qui arrive sur le march\u00e9 aura un long cycle de vie. Cette information provient d\u2019AutoForecast Solutions aux \u00c9tats-Unis, qui fournit des pr\u00e9dictions bas\u00e9es sur un certain nombre de facteurs tels que les accords d&#8217;approvisionnement, l&#8217;\u00e9tat des usines, etc. Peu d\u2019informations en ce moment Il y a [&hellip;]<\/p>\n","protected":false},"author":8,"featured_media":137502,"comment_status":"close","ping_status":"closed","sticky":false,"template":"","format":"standard","meta":{"_monsterinsights_skip_tracking":false,"_monsterinsights_sitenote_active":false,"_monsterinsights_sitenote_note":"","_monsterinsights_sitenote_category":0,"footnotes":""},"categories":[101],"tags":[],"yoast_head":"<!-- This site is optimized with the Yoast SEO plugin v23.2 - https:\/\/yoast.com\/wordpress\/plugins\/seo\/ -->\n<title>La prochaine g\u00e9n\u00e9ration de Mustang sera \u00e9lectrique et arrive en 2029 - CanadaMotorJobs.com<\/title>\n<meta name=\"description\" content=\"La prochaine g\u00e9n\u00e9ration de Mustang sera \u00e9lectrique et arrive en 2029 - Benoit Charette - Annuel automobile - CanadaMotorJobs.com.\" \/>\n<meta name=\"robots\" content=\"index, follow, max-snippet:-1, max-image-preview:large, max-video-preview:-1\" \/>\n<meta property=\"og:locale\" content=\"fr_CA\" \/>\n<meta property=\"og:type\" content=\"article\" \/>\n<meta property=\"og:title\" content=\"La prochaine g\u00e9n\u00e9ration de Mustang sera \u00e9lectrique et arrive en 2029 - CanadaMotorJobs.com\" \/>\n<meta property=\"og:description\" content=\"La prochaine g\u00e9n\u00e9ration de Mustang sera \u00e9lectrique et arrive en 2029 - Benoit Charette - Annuel automobile - CanadaMotorJobs.com.\" \/>\n<meta property=\"og:url\" content=\"https:\/\/news.canadamotorjobs.com\/fr\/la-prochaine-generation-de-mustang-sera-electrique-et-arrive-en-2029\/\" \/>\n<meta property=\"og:site_name\" content=\"CanadaMotorJobs.com\" \/>\n<meta property=\"article:publisher\" content=\"https:\/\/www.facebook.com\/canadamotorjobs\/\" \/>\n<meta property=\"article:published_time\" content=\"2022-12-31T14:26:30+00:00\" \/>\n<meta property=\"article:modified_time\" content=\"2022-12-31T14:29:14+00:00\" \/>\n<meta property=\"og:image\" content=\"https:\/\/news.canadamotorjobs.com\/wp-content\/uploads\/2022\/12\/Mustang-Dark-Horse-07-1.jpg\" \/>\n\t<meta property=\"og:image:width\" content=\"1540\" \/>\n\t<meta property=\"og:image:height\" content=\"800\" \/>\n\t<meta property=\"og:image:type\" content=\"image\/jpeg\" \/>\n<meta name=\"author\" content=\"Benoit Charette\" \/>\n<meta name=\"twitter:card\" content=\"summary_large_image\" \/>\n<meta name=\"twitter:creator\" content=\"@canadamotorjobs\" \/>\n<meta name=\"twitter:site\" content=\"@canadamotorjobs\" \/>\n<meta name=\"twitter:label1\" content=\"\u00c9crit par\" \/>\n\t<meta name=\"twitter:data1\" content=\"Benoit Charette\" \/>\n\t<meta name=\"twitter:label2\" content=\"Estimation du temps de lecture\" \/>\n\t<meta name=\"twitter:data2\" content=\"1 minute\" \/>\n<!-- \/ Yoast SEO plugin. -->","yoast_head_json":{"title":"La prochaine g\u00e9n\u00e9ration de Mustang sera \u00e9lectrique et arrive en 2029 - CanadaMotorJobs.com","description":"La prochaine g\u00e9n\u00e9ration de Mustang sera \u00e9lectrique et arrive en 2029 - Benoit Charette - Annuel automobile - CanadaMotorJobs.com.","robots":{"index":"index","follow":"follow","max-snippet":"max-snippet:-1","max-image-preview":"max-image-preview:large","max-video-preview":"max-video-preview:-1"},"og_locale":"fr_CA","og_type":"article","og_title":"La prochaine g\u00e9n\u00e9ration de Mustang sera \u00e9lectrique et arrive en 2029 - CanadaMotorJobs.com","og_description":"La prochaine g\u00e9n\u00e9ration de Mustang sera \u00e9lectrique et arrive en 2029 - Benoit Charette - Annuel automobile - CanadaMotorJobs.com.","og_url":"https:\/\/news.canadamotorjobs.com\/fr\/la-prochaine-generation-de-mustang-sera-electrique-et-arrive-en-2029\/","og_site_name":"CanadaMotorJobs.com","article_publisher":"https:\/\/www.facebook.com\/canadamotorjobs\/","article_published_time":"2022-12-31T14:26:30+00:00","article_modified_time":"2022-12-31T14:29:14+00:00","og_image":[{"width":1540,"height":800,"url":"https:\/\/news.canadamotorjobs.com\/wp-content\/uploads\/2022\/12\/Mustang-Dark-Horse-07-1.jpg","type":"image\/jpeg"}],"author":"Benoit Charette","twitter_card":"summary_large_image","twitter_creator":"@canadamotorjobs","twitter_site":"@canadamotorjobs","twitter_misc":{"\u00c9crit par":"Benoit Charette","Estimation du temps de lecture":"1 minute"},"schema":{"@context":"https:\/\/schema.org","@graph":[{"@type":"Article","@id":"https:\/\/news.canadamotorjobs.com\/fr\/la-prochaine-generation-de-mustang-sera-electrique-et-arrive-en-2029\/#article","isPartOf":{"@id":"https:\/\/news.canadamotorjobs.com\/fr\/la-prochaine-generation-de-mustang-sera-electrique-et-arrive-en-2029\/"},"author":{"name":"Benoit Charette","@id":"https:\/\/news.canadamotorjobs.com\/#\/schema\/person\/51793d1f87d44011d7bcc2ed99269a90"},"headline":"La prochaine g\u00e9n\u00e9ration de Mustang sera \u00e9lectrique et arrive en 2029","datePublished":"2022-12-31T14:26:30+00:00","dateModified":"2022-12-31T14:29:14+00:00","mainEntityOfPage":{"@id":"https:\/\/news.canadamotorjobs.com\/fr\/la-prochaine-generation-de-mustang-sera-electrique-et-arrive-en-2029\/"},"wordCount":289,"publisher":{"@id":"https:\/\/news.canadamotorjobs.com\/#organization"},"image":{"@id":"https:\/\/news.canadamotorjobs.com\/fr\/la-prochaine-generation-de-mustang-sera-electrique-et-arrive-en-2029\/#primaryimage"},"thumbnailUrl":"https:\/\/news.canadamotorjobs.com\/wp-content\/uploads\/2022\/12\/Mustang-Dark-Horse-07-1.jpg","articleSection":["Annuel automobile"],"inLanguage":"fr-CA"},{"@type":"WebPage","@id":"https:\/\/news.canadamotorjobs.com\/fr\/la-prochaine-generation-de-mustang-sera-electrique-et-arrive-en-2029\/","url":"https:\/\/news.canadamotorjobs.com\/fr\/la-prochaine-generation-de-mustang-sera-electrique-et-arrive-en-2029\/","name":"La prochaine g\u00e9n\u00e9ration de Mustang sera \u00e9lectrique et arrive en 2029 - CanadaMotorJobs.com","isPartOf":{"@id":"https:\/\/news.canadamotorjobs.com\/#website"},"primaryImageOfPage":{"@id":"https:\/\/news.canadamotorjobs.com\/fr\/la-prochaine-generation-de-mustang-sera-electrique-et-arrive-en-2029\/#primaryimage"},"image":{"@id":"https:\/\/news.canadamotorjobs.com\/fr\/la-prochaine-generation-de-mustang-sera-electrique-et-arrive-en-2029\/#primaryimage"},"thumbnailUrl":"https:\/\/news.canadamotorjobs.com\/wp-content\/uploads\/2022\/12\/Mustang-Dark-Horse-07-1.jpg","datePublished":"2022-12-31T14:26:30+00:00","dateModified":"2022-12-31T14:29:14+00:00","description":"La prochaine g\u00e9n\u00e9ration de Mustang sera \u00e9lectrique et arrive en 2029 - Benoit Charette - Annuel automobile - CanadaMotorJobs.com.","breadcrumb":{"@id":"https:\/\/news.canadamotorjobs.com\/fr\/la-prochaine-generation-de-mustang-sera-electrique-et-arrive-en-2029\/#breadcrumb"},"inLanguage":"fr-CA","potentialAction":[{"@type":"ReadAction","target":["https:\/\/news.canadamotorjobs.com\/fr\/la-prochaine-generation-de-mustang-sera-electrique-et-arrive-en-2029\/"]}]},{"@type":"ImageObject","inLanguage":"fr-CA","@id":"https:\/\/news.canadamotorjobs.com\/fr\/la-prochaine-generation-de-mustang-sera-electrique-et-arrive-en-2029\/#primaryimage","url":"https:\/\/news.canadamotorjobs.com\/wp-content\/uploads\/2022\/12\/Mustang-Dark-Horse-07-1.jpg","contentUrl":"https:\/\/news.canadamotorjobs.com\/wp-content\/uploads\/2022\/12\/Mustang-Dark-Horse-07-1.jpg","width":1540,"height":800},{"@type":"BreadcrumbList","@id":"https:\/\/news.canadamotorjobs.com\/fr\/la-prochaine-generation-de-mustang-sera-electrique-et-arrive-en-2029\/#breadcrumb","itemListElement":[{"@type":"ListItem","position":1,"name":"Home","item":"https:\/\/news.canadamotorjobs.com\/fr\/blog\/"},{"@type":"ListItem","position":2,"name":"La prochaine g\u00e9n\u00e9ration de Mustang sera \u00e9lectrique et arrive en 2029"}]},{"@type":"WebSite","@id":"https:\/\/news.canadamotorjobs.com\/#website","url":"https:\/\/news.canadamotorjobs.com\/","name":"CanadaMotorJobs.com","description":"Automotive Jobs","publisher":{"@id":"https:\/\/news.canadamotorjobs.com\/#organization"},"potentialAction":[{"@type":"SearchAction","target":{"@type":"EntryPoint","urlTemplate":"https:\/\/news.canadamotorjobs.com\/?s={search_term_string}"},"query-input":"required name=search_term_string"}],"inLanguage":"fr-CA"},{"@type":"Organization","@id":"https:\/\/news.canadamotorjobs.com\/#organization","name":"Canada Motor Jobs","url":"https:\/\/news.canadamotorjobs.com\/","logo":{"@type":"ImageObject","inLanguage":"fr-CA","@id":"https:\/\/news.canadamotorjobs.com\/#\/schema\/logo\/image\/","url":"https:\/\/news.canadamotorjobs.com\/wp-content\/uploads\/2022\/10\/logo-canada-motor-jobs-1.png","contentUrl":"https:\/\/news.canadamotorjobs.com\/wp-content\/uploads\/2022\/10\/logo-canada-motor-jobs-1.png","width":800,"height":400,"caption":"Canada Motor Jobs"},"image":{"@id":"https:\/\/news.canadamotorjobs.com\/#\/schema\/logo\/image\/"},"sameAs":["https:\/\/www.facebook.com\/canadamotorjobs\/","https:\/\/x.com\/canadamotorjobs","https:\/\/www.instagram.com\/canadamotorjobs\/","https:\/\/www.linkedin.com\/company\/canadamotorjobs"]},{"@type":"Person","@id":"https:\/\/news.canadamotorjobs.com\/#\/schema\/person\/51793d1f87d44011d7bcc2ed99269a90","name":"Benoit Charette","image":{"@type":"ImageObject","inLanguage":"fr-CA","@id":"https:\/\/news.canadamotorjobs.com\/#\/schema\/person\/image\/","url":"https:\/\/secure.gravatar.com\/avatar\/45f3d2eebcccd909668d7ce7ea7267b6?s=96&d=mm&r=g","contentUrl":"https:\/\/secure.gravatar.com\/avatar\/45f3d2eebcccd909668d7ce7ea7267b6?s=96&d=mm&r=g","caption":"Benoit Charette"},"description":"Benoit Charette \/ Propri\u00e9taire et r\u00e9dacteur en chef Benoit Charette pratique le journalisme automobile depuis bient\u00f4t 30 ans. Il a fait ses classes au c\u00f4t\u00e9 de Daniel H\u00e9raud et au Carnet de route de 1992 \u00e0 2001. Il est fondateur, copropri\u00e9taire et r\u00e9dacteur en chef de L\u2019Annuel de l\u2019automobile, qu\u2019il publie depuis 2001. Il a anim\u00e9 les \u00e9missions RPM et RPM+ sur V et les L\u00e9gendes de la route sur Historia. \u00c0 la radio depuis 1986, il reprend l\u2019antenne cette ann\u00e9e sur les ondes de Cogeco et participe pour la deuxi\u00e8me ann\u00e9e \u00e0 l\u2019\u00e9mission Passion Auto sur RDS en plus de mettre en ligne le site Web officiel de L\u2019Annuel de l\u2019automobile sur annuelauto.ca.","sameAs":["https:\/\/annuelauto.ca\/"],"url":"https:\/\/news.canadamotorjobs.com\/fr\/author\/benoit-charette\/"}]}},"_links":{"self":[{"href":"https:\/\/news.canadamotorjobs.com\/fr\/wp-json\/wp\/v2\/posts\/137498"}],"collection":[{"href":"https:\/\/news.canadamotorjobs.com\/fr\/wp-json\/wp\/v2\/posts"}],"about":[{"href":"https:\/\/news.canadamotorjobs.com\/fr\/wp-json\/wp\/v2\/types\/post"}],"author":[{"embeddable":true,"href":"https:\/\/news.canadamotorjobs.com\/fr\/wp-json\/wp\/v2\/users\/8"}],"replies":[{"embeddable":true,"href":"https:\/\/news.canadamotorjobs.com\/fr\/wp-json\/wp\/v2\/comments?post=137498"}],"version-history":[{"count":0,"href":"https:\/\/news.canadamotorjobs.com\/fr\/wp-json\/wp\/v2\/posts\/137498\/revisions"}],"wp:featuredmedia":[{"embeddable":true,"href":"https:\/\/news.canadamotorjobs.com\/fr\/wp-json\/wp\/v2\/media\/137502"}],"wp:attachment":[{"href":"https:\/\/news.canadamotorjobs.com\/fr\/wp-json\/wp\/v2\/media?parent=137498"}],"wp:term":[{"taxonomy":"category","embeddable":true,"href":"https:\/\/news.canadamotorjobs.com\/fr\/wp-json\/wp\/v2\/categories?post=137498"},{"taxonomy":"post_tag","embeddable":true,"href":"https:\/\/news.canadamotorjobs.com\/fr\/wp-json\/wp\/v2\/tags?post=137498"}],"curies":[{"name":"wp","href":"https:\/\/api.w.org\/{rel}","templated":true}]}}