{"id":137490,"date":"2022-12-30T09:55:22","date_gmt":"2022-12-30T14:55:22","guid":{"rendered":"https:\/\/news.canadamotorjobs.com\/le-camion-electrique-de-ram-va-sappeler-le-rev\/"},"modified":"2022-12-30T09:59:40","modified_gmt":"2022-12-30T14:59:40","slug":"le-camion-electrique-de-ram-va-sappeler-le-rev","status":"publish","type":"post","link":"https:\/\/news.canadamotorjobs.com\/fr\/le-camion-electrique-de-ram-va-sappeler-le-rev\/","title":{"rendered":"Le camion \u00e9lectrique de Ram va s\u2019appeler le REV"},"content":{"rendered":"<\/p>\n<p>Alors que nous sommes \u00e0 quelques semaines du lancement officiel du lancement du camion Ram 1500 \u00e9lectrique, on ne savait pas encore quel nom RAM allait donner \u00e0 ce camion. Le myst\u00e8re s\u2019est \u00e9clairci cette semaine alors que Stellantis a fait une demande<br \/> aupr\u00e8s du United States Patent and Trademark Office indiquant qu&#8217;il pourrait s&#8217;appeler Ram 1500 REV.<br \/> Un concurrent au F-150 Lightning<br \/> Beaucoup pensaient que le Ram 1500 \u00e9lectrique porterait le nom de Ram Revolution, comme l&#8217;entreprise l&#8217;a \u00e9voqu\u00e9, mais il semble que ce n&#8217;\u00e9tait que le slogan de sa campagne marketing. En mars dernier, le PDG de Stellantis, Carlos Tavares, a pr\u00e9sent\u00e9 un rendu d&#8217;un pick-up Ram 1500 enti\u00e8rement \u00e9lectrique dont l&#8217;arriv\u00e9e est pr\u00e9vue en 2024.<br \/> Le plus performant sur le march\u00e9<br \/> M. Tavares s&#8217;est montr\u00e9 tr\u00e8s \u00e9logieux \u00e0 l&#8217;\u00e9gard de la premi\u00e8re camionnette \u00e9lectrique de Ram, en d\u00e9clarant : &#8220;Selon notre indice de performance interne, notre Ram 1500 surpassera tous ses concurrents sur les attributs les plus importants pour les clients : autonomie, remorquage, charge utile, temps de charge. Vraiment passionnant ! Il est construit au sommet de notre nouvelle architecture de ch\u00e2ssis STLA, con\u00e7ue sp\u00e9cifiquement pour les v\u00e9hicules \u00e9lectriques pleine grandeur. N&#8217;ayez aucun doute, nous apporterons le meilleur camion \u00e9lectrique au segment des v\u00e9hicules pleine grandeur. Restera \u00e0 voir si le produit sera \u00e0 la hauteur de ce qu\u2019a annonc\u00e9 le grand patron.<br \/> Quelques informations<br \/> Bien que Ram garde la plupart des d\u00e9tails encore secrets jusqu&#8217;\u00e0 son lancement la semaine prochaine, le PDG a mentionn\u00e9 que<\/p>\n","protected":false},"excerpt":{"rendered":"<p>Alors que nous sommes \u00e0 quelques semaines du lancement officiel du lancement du camion Ram 1500 \u00e9lectrique, on ne savait pas encore quel nom RAM allait donner \u00e0 ce camion. Le myst\u00e8re s\u2019est \u00e9clairci cette semaine alors que Stellantis a fait une demande aupr\u00e8s du United States Patent and Trademark Office indiquant qu&#8217;il pourrait s&#8217;appeler [&hellip;]<\/p>\n","protected":false},"author":8,"featured_media":137494,"comment_status":"close","ping_status":"closed","sticky":false,"template":"","format":"standard","meta":{"_monsterinsights_skip_tracking":false,"_monsterinsights_sitenote_active":false,"_monsterinsights_sitenote_note":"","_monsterinsights_sitenote_category":0,"footnotes":""},"categories":[101],"tags":[],"yoast_head":"<!-- This site is optimized with the Yoast SEO plugin v23.2 - https:\/\/yoast.com\/wordpress\/plugins\/seo\/ -->\n<title>Le camion \u00e9lectrique de Ram va s\u2019appeler le REV - CanadaMotorJobs.com<\/title>\n<meta name=\"description\" content=\"Le camion \u00e9lectrique de Ram va s\u2019appeler le REV - Benoit Charette - Annuel automobile - CanadaMotorJobs.com.\" \/>\n<meta name=\"robots\" content=\"index, follow, max-snippet:-1, max-image-preview:large, max-video-preview:-1\" \/>\n<meta property=\"og:locale\" content=\"fr_CA\" \/>\n<meta property=\"og:type\" content=\"article\" \/>\n<meta property=\"og:title\" content=\"Le camion \u00e9lectrique de Ram va s\u2019appeler le REV - CanadaMotorJobs.com\" \/>\n<meta property=\"og:description\" content=\"Le camion \u00e9lectrique de Ram va s\u2019appeler le REV - Benoit Charette - Annuel automobile - CanadaMotorJobs.com.\" \/>\n<meta property=\"og:url\" content=\"https:\/\/news.canadamotorjobs.com\/fr\/le-camion-electrique-de-ram-va-sappeler-le-rev\/\" \/>\n<meta property=\"og:site_name\" content=\"CanadaMotorJobs.com\" \/>\n<meta property=\"article:publisher\" content=\"https:\/\/www.facebook.com\/canadamotorjobs\/\" \/>\n<meta property=\"article:published_time\" content=\"2022-12-30T14:55:22+00:00\" \/>\n<meta property=\"article:modified_time\" content=\"2022-12-30T14:59:40+00:00\" \/>\n<meta property=\"og:image\" content=\"https:\/\/news.canadamotorjobs.com\/wp-content\/uploads\/2022\/12\/all-new-2024-ram-electric-pickup-takes-cgi-form-to-scare-f-150-lightning-and-silverado-ev_9-1.jpg\" \/>\n\t<meta property=\"og:image:width\" content=\"1080\" \/>\n\t<meta property=\"og:image:height\" content=\"608\" \/>\n\t<meta property=\"og:image:type\" content=\"image\/jpeg\" \/>\n<meta name=\"author\" content=\"Benoit Charette\" \/>\n<meta name=\"twitter:card\" content=\"summary_large_image\" \/>\n<meta name=\"twitter:creator\" content=\"@canadamotorjobs\" \/>\n<meta name=\"twitter:site\" content=\"@canadamotorjobs\" \/>\n<meta name=\"twitter:label1\" content=\"\u00c9crit par\" \/>\n\t<meta name=\"twitter:data1\" content=\"Benoit Charette\" \/>\n\t<meta name=\"twitter:label2\" content=\"Estimation du temps de lecture\" \/>\n\t<meta name=\"twitter:data2\" content=\"1 minute\" \/>\n<!-- \/ Yoast SEO plugin. -->","yoast_head_json":{"title":"Le camion \u00e9lectrique de Ram va s\u2019appeler le REV - CanadaMotorJobs.com","description":"Le camion \u00e9lectrique de Ram va s\u2019appeler le REV - Benoit Charette - Annuel automobile - CanadaMotorJobs.com.","robots":{"index":"index","follow":"follow","max-snippet":"max-snippet:-1","max-image-preview":"max-image-preview:large","max-video-preview":"max-video-preview:-1"},"og_locale":"fr_CA","og_type":"article","og_title":"Le camion \u00e9lectrique de Ram va s\u2019appeler le REV - CanadaMotorJobs.com","og_description":"Le camion \u00e9lectrique de Ram va s\u2019appeler le REV - Benoit Charette - Annuel automobile - CanadaMotorJobs.com.","og_url":"https:\/\/news.canadamotorjobs.com\/fr\/le-camion-electrique-de-ram-va-sappeler-le-rev\/","og_site_name":"CanadaMotorJobs.com","article_publisher":"https:\/\/www.facebook.com\/canadamotorjobs\/","article_published_time":"2022-12-30T14:55:22+00:00","article_modified_time":"2022-12-30T14:59:40+00:00","og_image":[{"width":1080,"height":608,"url":"https:\/\/news.canadamotorjobs.com\/wp-content\/uploads\/2022\/12\/all-new-2024-ram-electric-pickup-takes-cgi-form-to-scare-f-150-lightning-and-silverado-ev_9-1.jpg","type":"image\/jpeg"}],"author":"Benoit Charette","twitter_card":"summary_large_image","twitter_creator":"@canadamotorjobs","twitter_site":"@canadamotorjobs","twitter_misc":{"\u00c9crit par":"Benoit Charette","Estimation du temps de lecture":"1 minute"},"schema":{"@context":"https:\/\/schema.org","@graph":[{"@type":"Article","@id":"https:\/\/news.canadamotorjobs.com\/fr\/le-camion-electrique-de-ram-va-sappeler-le-rev\/#article","isPartOf":{"@id":"https:\/\/news.canadamotorjobs.com\/fr\/le-camion-electrique-de-ram-va-sappeler-le-rev\/"},"author":{"name":"Benoit Charette","@id":"https:\/\/news.canadamotorjobs.com\/#\/schema\/person\/51793d1f87d44011d7bcc2ed99269a90"},"headline":"Le camion \u00e9lectrique de Ram va s\u2019appeler le REV","datePublished":"2022-12-30T14:55:22+00:00","dateModified":"2022-12-30T14:59:40+00:00","mainEntityOfPage":{"@id":"https:\/\/news.canadamotorjobs.com\/fr\/le-camion-electrique-de-ram-va-sappeler-le-rev\/"},"wordCount":273,"publisher":{"@id":"https:\/\/news.canadamotorjobs.com\/#organization"},"image":{"@id":"https:\/\/news.canadamotorjobs.com\/fr\/le-camion-electrique-de-ram-va-sappeler-le-rev\/#primaryimage"},"thumbnailUrl":"https:\/\/news.canadamotorjobs.com\/wp-content\/uploads\/2022\/12\/all-new-2024-ram-electric-pickup-takes-cgi-form-to-scare-f-150-lightning-and-silverado-ev_9-1.jpg","articleSection":["Annuel automobile"],"inLanguage":"fr-CA"},{"@type":"WebPage","@id":"https:\/\/news.canadamotorjobs.com\/fr\/le-camion-electrique-de-ram-va-sappeler-le-rev\/","url":"https:\/\/news.canadamotorjobs.com\/fr\/le-camion-electrique-de-ram-va-sappeler-le-rev\/","name":"Le camion \u00e9lectrique de Ram va s\u2019appeler le REV - CanadaMotorJobs.com","isPartOf":{"@id":"https:\/\/news.canadamotorjobs.com\/#website"},"primaryImageOfPage":{"@id":"https:\/\/news.canadamotorjobs.com\/fr\/le-camion-electrique-de-ram-va-sappeler-le-rev\/#primaryimage"},"image":{"@id":"https:\/\/news.canadamotorjobs.com\/fr\/le-camion-electrique-de-ram-va-sappeler-le-rev\/#primaryimage"},"thumbnailUrl":"https:\/\/news.canadamotorjobs.com\/wp-content\/uploads\/2022\/12\/all-new-2024-ram-electric-pickup-takes-cgi-form-to-scare-f-150-lightning-and-silverado-ev_9-1.jpg","datePublished":"2022-12-30T14:55:22+00:00","dateModified":"2022-12-30T14:59:40+00:00","description":"Le camion \u00e9lectrique de Ram va s\u2019appeler le REV - Benoit Charette - Annuel automobile - CanadaMotorJobs.com.","breadcrumb":{"@id":"https:\/\/news.canadamotorjobs.com\/fr\/le-camion-electrique-de-ram-va-sappeler-le-rev\/#breadcrumb"},"inLanguage":"fr-CA","potentialAction":[{"@type":"ReadAction","target":["https:\/\/news.canadamotorjobs.com\/fr\/le-camion-electrique-de-ram-va-sappeler-le-rev\/"]}]},{"@type":"ImageObject","inLanguage":"fr-CA","@id":"https:\/\/news.canadamotorjobs.com\/fr\/le-camion-electrique-de-ram-va-sappeler-le-rev\/#primaryimage","url":"https:\/\/news.canadamotorjobs.com\/wp-content\/uploads\/2022\/12\/all-new-2024-ram-electric-pickup-takes-cgi-form-to-scare-f-150-lightning-and-silverado-ev_9-1.jpg","contentUrl":"https:\/\/news.canadamotorjobs.com\/wp-content\/uploads\/2022\/12\/all-new-2024-ram-electric-pickup-takes-cgi-form-to-scare-f-150-lightning-and-silverado-ev_9-1.jpg","width":1080,"height":608},{"@type":"BreadcrumbList","@id":"https:\/\/news.canadamotorjobs.com\/fr\/le-camion-electrique-de-ram-va-sappeler-le-rev\/#breadcrumb","itemListElement":[{"@type":"ListItem","position":1,"name":"Home","item":"https:\/\/news.canadamotorjobs.com\/fr\/blog\/"},{"@type":"ListItem","position":2,"name":"Le camion \u00e9lectrique de Ram va s\u2019appeler le REV"}]},{"@type":"WebSite","@id":"https:\/\/news.canadamotorjobs.com\/#website","url":"https:\/\/news.canadamotorjobs.com\/","name":"CanadaMotorJobs.com","description":"Automotive Jobs","publisher":{"@id":"https:\/\/news.canadamotorjobs.com\/#organization"},"potentialAction":[{"@type":"SearchAction","target":{"@type":"EntryPoint","urlTemplate":"https:\/\/news.canadamotorjobs.com\/?s={search_term_string}"},"query-input":"required name=search_term_string"}],"inLanguage":"fr-CA"},{"@type":"Organization","@id":"https:\/\/news.canadamotorjobs.com\/#organization","name":"Canada Motor Jobs","url":"https:\/\/news.canadamotorjobs.com\/","logo":{"@type":"ImageObject","inLanguage":"fr-CA","@id":"https:\/\/news.canadamotorjobs.com\/#\/schema\/logo\/image\/","url":"https:\/\/news.canadamotorjobs.com\/wp-content\/uploads\/2022\/10\/logo-canada-motor-jobs-1.png","contentUrl":"https:\/\/news.canadamotorjobs.com\/wp-content\/uploads\/2022\/10\/logo-canada-motor-jobs-1.png","width":800,"height":400,"caption":"Canada Motor Jobs"},"image":{"@id":"https:\/\/news.canadamotorjobs.com\/#\/schema\/logo\/image\/"},"sameAs":["https:\/\/www.facebook.com\/canadamotorjobs\/","https:\/\/x.com\/canadamotorjobs","https:\/\/www.instagram.com\/canadamotorjobs\/","https:\/\/www.linkedin.com\/company\/canadamotorjobs"]},{"@type":"Person","@id":"https:\/\/news.canadamotorjobs.com\/#\/schema\/person\/51793d1f87d44011d7bcc2ed99269a90","name":"Benoit Charette","image":{"@type":"ImageObject","inLanguage":"fr-CA","@id":"https:\/\/news.canadamotorjobs.com\/#\/schema\/person\/image\/","url":"https:\/\/secure.gravatar.com\/avatar\/45f3d2eebcccd909668d7ce7ea7267b6?s=96&d=mm&r=g","contentUrl":"https:\/\/secure.gravatar.com\/avatar\/45f3d2eebcccd909668d7ce7ea7267b6?s=96&d=mm&r=g","caption":"Benoit Charette"},"description":"Benoit Charette \/ Propri\u00e9taire et r\u00e9dacteur en chef Benoit Charette pratique le journalisme automobile depuis bient\u00f4t 30 ans. Il a fait ses classes au c\u00f4t\u00e9 de Daniel H\u00e9raud et au Carnet de route de 1992 \u00e0 2001. Il est fondateur, copropri\u00e9taire et r\u00e9dacteur en chef de L\u2019Annuel de l\u2019automobile, qu\u2019il publie depuis 2001. Il a anim\u00e9 les \u00e9missions RPM et RPM+ sur V et les L\u00e9gendes de la route sur Historia. \u00c0 la radio depuis 1986, il reprend l\u2019antenne cette ann\u00e9e sur les ondes de Cogeco et participe pour la deuxi\u00e8me ann\u00e9e \u00e0 l\u2019\u00e9mission Passion Auto sur RDS en plus de mettre en ligne le site Web officiel de L\u2019Annuel de l\u2019automobile sur annuelauto.ca.","sameAs":["https:\/\/annuelauto.ca\/"],"url":"https:\/\/news.canadamotorjobs.com\/fr\/author\/benoit-charette\/"}]}},"_links":{"self":[{"href":"https:\/\/news.canadamotorjobs.com\/fr\/wp-json\/wp\/v2\/posts\/137490"}],"collection":[{"href":"https:\/\/news.canadamotorjobs.com\/fr\/wp-json\/wp\/v2\/posts"}],"about":[{"href":"https:\/\/news.canadamotorjobs.com\/fr\/wp-json\/wp\/v2\/types\/post"}],"author":[{"embeddable":true,"href":"https:\/\/news.canadamotorjobs.com\/fr\/wp-json\/wp\/v2\/users\/8"}],"replies":[{"embeddable":true,"href":"https:\/\/news.canadamotorjobs.com\/fr\/wp-json\/wp\/v2\/comments?post=137490"}],"version-history":[{"count":0,"href":"https:\/\/news.canadamotorjobs.com\/fr\/wp-json\/wp\/v2\/posts\/137490\/revisions"}],"wp:featuredmedia":[{"embeddable":true,"href":"https:\/\/news.canadamotorjobs.com\/fr\/wp-json\/wp\/v2\/media\/137494"}],"wp:attachment":[{"href":"https:\/\/news.canadamotorjobs.com\/fr\/wp-json\/wp\/v2\/media?parent=137490"}],"wp:term":[{"taxonomy":"category","embeddable":true,"href":"https:\/\/news.canadamotorjobs.com\/fr\/wp-json\/wp\/v2\/categories?post=137490"},{"taxonomy":"post_tag","embeddable":true,"href":"https:\/\/news.canadamotorjobs.com\/fr\/wp-json\/wp\/v2\/tags?post=137490"}],"curies":[{"name":"wp","href":"https:\/\/api.w.org\/{rel}","templated":true}]}}