{"id":137473,"date":"2022-12-29T08:21:53","date_gmt":"2022-12-29T13:21:53","guid":{"rendered":"https:\/\/news.canadamotorjobs.com\/mitsubishi-met-fin-a-la-production-de-la-mirage-au-japon\/"},"modified":"2022-12-29T08:29:30","modified_gmt":"2022-12-29T13:29:30","slug":"mitsubishi-met-fin-a-la-production-de-la-mirage-au-japon","status":"publish","type":"post","link":"https:\/\/news.canadamotorjobs.com\/fr\/mitsubishi-met-fin-a-la-production-de-la-mirage-au-japon\/","title":{"rendered":"Mitsubishi met fin \u00e0 la production de la Mirage au Japon"},"content":{"rendered":"<\/p>\n<p>Apr\u00e8s 44 ans de production du mod\u00e8le au pays du soleil levant, Mitsubishi a mis au rancart sa petite Mirage et d\u2019autres pays vont suivre. C\u2019est-ce que rapporte autocar Japan qui a d\u00e9couvert l\u2019annulation du mod\u00e8le sur le site internet japonais de Mitsubishi, o\u00f9 l&#8217;on peut lire (traduction approximative du japonais) : &#8220;La production de la Mirage ayant \u00e9t\u00e9 interrompue, il se peut que nous ne soyons pas en mesure de r\u00e9pondre aux demandes des clients concernant les couleurs de carrosserie et les options.&#8221;<br \/> Vendue chez Chrysler<br \/> Le mod\u00e8le a chez nous \u00e9t\u00e9 vendu sous Chrysler avant d\u2019\u00eatre retir\u00e9 de la route et ramen\u00e9 chez Mitsubishi en 2013. La Mirage ressuscit\u00e9e est revenue sous la forme d&#8217;une berline \u00e0 cinq portes et d&#8217;une berline \u00e0 quatre portes (appel\u00e9e Mirage G4 aux \u00c9tats-Unis), et la plupart des mod\u00e8les ont suivi cette formule. Cependant, Mitsubishi a exp\u00e9riment\u00e9 d&#8217;autres styles de carrosserie dans plusieurs pays en \u00e9mergence.<br \/> Un march\u00e9 payant durant des ann\u00e9es<br \/> Le secteur des petites voitures de Mitsubishi a bien fonctionn\u00e9 ici et \u00e0 l&#8217;\u00e9tranger pendant des ann\u00e9es, en particulier pour les clients \u00e0 la recherche d&#8217;un v\u00e9hicule abordable et fiable.<br \/> Mais les temps changent et les go\u00fbts des clients aussi. Si la Mirage ne peut pas survivre dans un pays qui mise beaucoup plus sur les petits v\u00e9hicules avec de petits moteurs, quelle chance a la Mirage ici\u2009? Pour l&#8217;instant, la production continue aux Philippines, mais il semble que la voiture ne tienne qu&#8217;\u00e0 un fil.<\/p>\n<p> Avec des renseignements<\/p>\n","protected":false},"excerpt":{"rendered":"<p>Apr\u00e8s 44 ans de production du mod\u00e8le au pays du soleil levant, Mitsubishi a mis au rancart sa petite Mirage et d\u2019autres pays vont suivre. C\u2019est-ce que rapporte autocar Japan qui a d\u00e9couvert l\u2019annulation du mod\u00e8le sur le site internet japonais de Mitsubishi, o\u00f9 l&#8217;on peut lire (traduction approximative du japonais) : &#8220;La production de [&hellip;]<\/p>\n","protected":false},"author":8,"featured_media":137477,"comment_status":"close","ping_status":"closed","sticky":false,"template":"","format":"standard","meta":{"_monsterinsights_skip_tracking":false,"_monsterinsights_sitenote_active":false,"_monsterinsights_sitenote_note":"","_monsterinsights_sitenote_category":0,"footnotes":""},"categories":[101],"tags":[],"yoast_head":"<!-- This site is optimized with the Yoast SEO plugin v23.2 - https:\/\/yoast.com\/wordpress\/plugins\/seo\/ -->\n<title>Mitsubishi met fin \u00e0 la production de la Mirage au Japon - CanadaMotorJobs.com<\/title>\n<meta name=\"description\" content=\"Mitsubishi met fin \u00e0 la production de la Mirage au Japon - Benoit Charette - Annuel automobile - CanadaMotorJobs.com.\" \/>\n<meta name=\"robots\" content=\"index, follow, max-snippet:-1, max-image-preview:large, max-video-preview:-1\" \/>\n<meta property=\"og:locale\" content=\"fr_CA\" \/>\n<meta property=\"og:type\" content=\"article\" \/>\n<meta property=\"og:title\" content=\"Mitsubishi met fin \u00e0 la production de la Mirage au Japon - CanadaMotorJobs.com\" \/>\n<meta property=\"og:description\" content=\"Mitsubishi met fin \u00e0 la production de la Mirage au Japon - Benoit Charette - Annuel automobile - CanadaMotorJobs.com.\" \/>\n<meta property=\"og:url\" content=\"https:\/\/news.canadamotorjobs.com\/fr\/mitsubishi-met-fin-a-la-production-de-la-mirage-au-japon\/\" \/>\n<meta property=\"og:site_name\" content=\"CanadaMotorJobs.com\" \/>\n<meta property=\"article:publisher\" content=\"https:\/\/www.facebook.com\/canadamotorjobs\/\" \/>\n<meta property=\"article:published_time\" content=\"2022-12-29T13:21:53+00:00\" \/>\n<meta property=\"article:modified_time\" content=\"2022-12-29T13:29:30+00:00\" \/>\n<meta property=\"og:image\" content=\"https:\/\/news.canadamotorjobs.com\/wp-content\/uploads\/2022\/12\/16016_2021_Mirage-1.jpg\" \/>\n\t<meta property=\"og:image:width\" content=\"800\" \/>\n\t<meta property=\"og:image:height\" content=\"441\" \/>\n\t<meta property=\"og:image:type\" content=\"image\/jpeg\" \/>\n<meta name=\"author\" content=\"Benoit Charette\" \/>\n<meta name=\"twitter:card\" content=\"summary_large_image\" \/>\n<meta name=\"twitter:creator\" content=\"@canadamotorjobs\" \/>\n<meta name=\"twitter:site\" content=\"@canadamotorjobs\" \/>\n<meta name=\"twitter:label1\" content=\"\u00c9crit par\" \/>\n\t<meta name=\"twitter:data1\" content=\"Benoit Charette\" \/>\n\t<meta name=\"twitter:label2\" content=\"Estimation du temps de lecture\" \/>\n\t<meta name=\"twitter:data2\" content=\"1 minute\" \/>\n<!-- \/ Yoast SEO plugin. -->","yoast_head_json":{"title":"Mitsubishi met fin \u00e0 la production de la Mirage au Japon - CanadaMotorJobs.com","description":"Mitsubishi met fin \u00e0 la production de la Mirage au Japon - Benoit Charette - Annuel automobile - CanadaMotorJobs.com.","robots":{"index":"index","follow":"follow","max-snippet":"max-snippet:-1","max-image-preview":"max-image-preview:large","max-video-preview":"max-video-preview:-1"},"og_locale":"fr_CA","og_type":"article","og_title":"Mitsubishi met fin \u00e0 la production de la Mirage au Japon - CanadaMotorJobs.com","og_description":"Mitsubishi met fin \u00e0 la production de la Mirage au Japon - Benoit Charette - Annuel automobile - CanadaMotorJobs.com.","og_url":"https:\/\/news.canadamotorjobs.com\/fr\/mitsubishi-met-fin-a-la-production-de-la-mirage-au-japon\/","og_site_name":"CanadaMotorJobs.com","article_publisher":"https:\/\/www.facebook.com\/canadamotorjobs\/","article_published_time":"2022-12-29T13:21:53+00:00","article_modified_time":"2022-12-29T13:29:30+00:00","og_image":[{"width":800,"height":441,"url":"https:\/\/news.canadamotorjobs.com\/wp-content\/uploads\/2022\/12\/16016_2021_Mirage-1.jpg","type":"image\/jpeg"}],"author":"Benoit Charette","twitter_card":"summary_large_image","twitter_creator":"@canadamotorjobs","twitter_site":"@canadamotorjobs","twitter_misc":{"\u00c9crit par":"Benoit Charette","Estimation du temps de lecture":"1 minute"},"schema":{"@context":"https:\/\/schema.org","@graph":[{"@type":"Article","@id":"https:\/\/news.canadamotorjobs.com\/fr\/mitsubishi-met-fin-a-la-production-de-la-mirage-au-japon\/#article","isPartOf":{"@id":"https:\/\/news.canadamotorjobs.com\/fr\/mitsubishi-met-fin-a-la-production-de-la-mirage-au-japon\/"},"author":{"name":"Benoit Charette","@id":"https:\/\/news.canadamotorjobs.com\/#\/schema\/person\/51793d1f87d44011d7bcc2ed99269a90"},"headline":"Mitsubishi met fin \u00e0 la production de la Mirage au Japon","datePublished":"2022-12-29T13:21:53+00:00","dateModified":"2022-12-29T13:29:30+00:00","mainEntityOfPage":{"@id":"https:\/\/news.canadamotorjobs.com\/fr\/mitsubishi-met-fin-a-la-production-de-la-mirage-au-japon\/"},"wordCount":278,"publisher":{"@id":"https:\/\/news.canadamotorjobs.com\/#organization"},"image":{"@id":"https:\/\/news.canadamotorjobs.com\/fr\/mitsubishi-met-fin-a-la-production-de-la-mirage-au-japon\/#primaryimage"},"thumbnailUrl":"https:\/\/news.canadamotorjobs.com\/wp-content\/uploads\/2022\/12\/16016_2021_Mirage-1.jpg","articleSection":["Annuel automobile"],"inLanguage":"fr-CA"},{"@type":"WebPage","@id":"https:\/\/news.canadamotorjobs.com\/fr\/mitsubishi-met-fin-a-la-production-de-la-mirage-au-japon\/","url":"https:\/\/news.canadamotorjobs.com\/fr\/mitsubishi-met-fin-a-la-production-de-la-mirage-au-japon\/","name":"Mitsubishi met fin \u00e0 la production de la Mirage au Japon - CanadaMotorJobs.com","isPartOf":{"@id":"https:\/\/news.canadamotorjobs.com\/#website"},"primaryImageOfPage":{"@id":"https:\/\/news.canadamotorjobs.com\/fr\/mitsubishi-met-fin-a-la-production-de-la-mirage-au-japon\/#primaryimage"},"image":{"@id":"https:\/\/news.canadamotorjobs.com\/fr\/mitsubishi-met-fin-a-la-production-de-la-mirage-au-japon\/#primaryimage"},"thumbnailUrl":"https:\/\/news.canadamotorjobs.com\/wp-content\/uploads\/2022\/12\/16016_2021_Mirage-1.jpg","datePublished":"2022-12-29T13:21:53+00:00","dateModified":"2022-12-29T13:29:30+00:00","description":"Mitsubishi met fin \u00e0 la production de la Mirage au Japon - Benoit Charette - Annuel automobile - CanadaMotorJobs.com.","breadcrumb":{"@id":"https:\/\/news.canadamotorjobs.com\/fr\/mitsubishi-met-fin-a-la-production-de-la-mirage-au-japon\/#breadcrumb"},"inLanguage":"fr-CA","potentialAction":[{"@type":"ReadAction","target":["https:\/\/news.canadamotorjobs.com\/fr\/mitsubishi-met-fin-a-la-production-de-la-mirage-au-japon\/"]}]},{"@type":"ImageObject","inLanguage":"fr-CA","@id":"https:\/\/news.canadamotorjobs.com\/fr\/mitsubishi-met-fin-a-la-production-de-la-mirage-au-japon\/#primaryimage","url":"https:\/\/news.canadamotorjobs.com\/wp-content\/uploads\/2022\/12\/16016_2021_Mirage-1.jpg","contentUrl":"https:\/\/news.canadamotorjobs.com\/wp-content\/uploads\/2022\/12\/16016_2021_Mirage-1.jpg","width":800,"height":441},{"@type":"BreadcrumbList","@id":"https:\/\/news.canadamotorjobs.com\/fr\/mitsubishi-met-fin-a-la-production-de-la-mirage-au-japon\/#breadcrumb","itemListElement":[{"@type":"ListItem","position":1,"name":"Home","item":"https:\/\/news.canadamotorjobs.com\/fr\/blog\/"},{"@type":"ListItem","position":2,"name":"Mitsubishi met fin \u00e0 la production de la Mirage au Japon"}]},{"@type":"WebSite","@id":"https:\/\/news.canadamotorjobs.com\/#website","url":"https:\/\/news.canadamotorjobs.com\/","name":"CanadaMotorJobs.com","description":"Automotive Jobs","publisher":{"@id":"https:\/\/news.canadamotorjobs.com\/#organization"},"potentialAction":[{"@type":"SearchAction","target":{"@type":"EntryPoint","urlTemplate":"https:\/\/news.canadamotorjobs.com\/?s={search_term_string}"},"query-input":"required name=search_term_string"}],"inLanguage":"fr-CA"},{"@type":"Organization","@id":"https:\/\/news.canadamotorjobs.com\/#organization","name":"Canada Motor Jobs","url":"https:\/\/news.canadamotorjobs.com\/","logo":{"@type":"ImageObject","inLanguage":"fr-CA","@id":"https:\/\/news.canadamotorjobs.com\/#\/schema\/logo\/image\/","url":"https:\/\/news.canadamotorjobs.com\/wp-content\/uploads\/2022\/10\/logo-canada-motor-jobs-1.png","contentUrl":"https:\/\/news.canadamotorjobs.com\/wp-content\/uploads\/2022\/10\/logo-canada-motor-jobs-1.png","width":800,"height":400,"caption":"Canada Motor Jobs"},"image":{"@id":"https:\/\/news.canadamotorjobs.com\/#\/schema\/logo\/image\/"},"sameAs":["https:\/\/www.facebook.com\/canadamotorjobs\/","https:\/\/x.com\/canadamotorjobs","https:\/\/www.instagram.com\/canadamotorjobs\/","https:\/\/www.linkedin.com\/company\/canadamotorjobs"]},{"@type":"Person","@id":"https:\/\/news.canadamotorjobs.com\/#\/schema\/person\/51793d1f87d44011d7bcc2ed99269a90","name":"Benoit Charette","image":{"@type":"ImageObject","inLanguage":"fr-CA","@id":"https:\/\/news.canadamotorjobs.com\/#\/schema\/person\/image\/","url":"https:\/\/secure.gravatar.com\/avatar\/45f3d2eebcccd909668d7ce7ea7267b6?s=96&d=mm&r=g","contentUrl":"https:\/\/secure.gravatar.com\/avatar\/45f3d2eebcccd909668d7ce7ea7267b6?s=96&d=mm&r=g","caption":"Benoit Charette"},"description":"Benoit Charette \/ Propri\u00e9taire et r\u00e9dacteur en chef Benoit Charette pratique le journalisme automobile depuis bient\u00f4t 30 ans. Il a fait ses classes au c\u00f4t\u00e9 de Daniel H\u00e9raud et au Carnet de route de 1992 \u00e0 2001. Il est fondateur, copropri\u00e9taire et r\u00e9dacteur en chef de L\u2019Annuel de l\u2019automobile, qu\u2019il publie depuis 2001. Il a anim\u00e9 les \u00e9missions RPM et RPM+ sur V et les L\u00e9gendes de la route sur Historia. \u00c0 la radio depuis 1986, il reprend l\u2019antenne cette ann\u00e9e sur les ondes de Cogeco et participe pour la deuxi\u00e8me ann\u00e9e \u00e0 l\u2019\u00e9mission Passion Auto sur RDS en plus de mettre en ligne le site Web officiel de L\u2019Annuel de l\u2019automobile sur annuelauto.ca.","sameAs":["https:\/\/annuelauto.ca\/"],"url":"https:\/\/news.canadamotorjobs.com\/fr\/author\/benoit-charette\/"}]}},"_links":{"self":[{"href":"https:\/\/news.canadamotorjobs.com\/fr\/wp-json\/wp\/v2\/posts\/137473"}],"collection":[{"href":"https:\/\/news.canadamotorjobs.com\/fr\/wp-json\/wp\/v2\/posts"}],"about":[{"href":"https:\/\/news.canadamotorjobs.com\/fr\/wp-json\/wp\/v2\/types\/post"}],"author":[{"embeddable":true,"href":"https:\/\/news.canadamotorjobs.com\/fr\/wp-json\/wp\/v2\/users\/8"}],"replies":[{"embeddable":true,"href":"https:\/\/news.canadamotorjobs.com\/fr\/wp-json\/wp\/v2\/comments?post=137473"}],"version-history":[{"count":0,"href":"https:\/\/news.canadamotorjobs.com\/fr\/wp-json\/wp\/v2\/posts\/137473\/revisions"}],"wp:featuredmedia":[{"embeddable":true,"href":"https:\/\/news.canadamotorjobs.com\/fr\/wp-json\/wp\/v2\/media\/137477"}],"wp:attachment":[{"href":"https:\/\/news.canadamotorjobs.com\/fr\/wp-json\/wp\/v2\/media?parent=137473"}],"wp:term":[{"taxonomy":"category","embeddable":true,"href":"https:\/\/news.canadamotorjobs.com\/fr\/wp-json\/wp\/v2\/categories?post=137473"},{"taxonomy":"post_tag","embeddable":true,"href":"https:\/\/news.canadamotorjobs.com\/fr\/wp-json\/wp\/v2\/tags?post=137473"}],"curies":[{"name":"wp","href":"https:\/\/api.w.org\/{rel}","templated":true}]}}