{"id":137461,"date":"2022-12-28T10:49:42","date_gmt":"2022-12-28T15:49:42","guid":{"rendered":"https:\/\/news.canadamotorjobs.com\/a-une-annee-2023-plus-normale\/"},"modified":"2022-12-28T15:51:01","modified_gmt":"2022-12-28T20:51:01","slug":"a-une-annee-2023-plus-normale","status":"publish","type":"post","link":"https:\/\/news.canadamotorjobs.com\/fr\/a-une-annee-2023-plus-normale\/","title":{"rendered":"\u00c0 une ann\u00e9e 2023 plus normale"},"content":{"rendered":"<p>Nous allons r\u00e9gler une chose tout de suite\u00a0: l\u2019ann\u00e9e 2023 sera beaucoup \u00e0 l\u2019image de 2021 et 2022. Les effets des deux derni\u00e8res ann\u00e9es marqu\u00e9es par la crise seront toujours pr\u00e9sents. Le manque de puces \u00e9lectroniques, la cha\u00eene d\u2019approvisionnement qui est toujours difficile, le manque de pi\u00e8ces, des d\u00e9lais d\u2019attente tr\u00e8s longue, des taux d\u2019int\u00e9r\u00eat \u00e9lev\u00e9s et l\u2019inflation qui va s\u2019inviter dans la f\u00eate.<\/p>\n<h3>Ce qu\u2019il y a de diff\u00e9rent<\/h3>\n<p>Si vous avez envie de voir le verre \u00e0 moiti\u00e9 plein, le pire de la crise est derri\u00e8re nous. Les solutions approchent. Apr\u00e8s avoir perdu plus de 10 millions de v\u00e9hicules l\u00e9gers de production par manque de semi-conducteurs en 2021, moins de la moiti\u00e9 de ce chiffre a \u00e9t\u00e9 perdu en 2022, selon AutoForecast Solutions et ce sera encore moins en 2023. L&#8217;invasion de l&#8217;Ukraine par la Russie a mis \u00e0 mal la production europ\u00e9enne, qui reste une part importante de l&#8217;industrie automobile int\u00e9gr\u00e9e au niveau mondial. Le r\u00e8glement de ce conflit va dicter la performance de l\u2019industrie automobile europ\u00e9enne en 2023.<\/p>\n<h3>Changement de rythme<\/h3>\n<p>Si le COVID a \u00e9t\u00e9 une p\u00e9riode exceptionnellement rentable pour les constructeurs et les d\u00e9taillants, elle a \u00e9t\u00e9 particuli\u00e8rement \u00e9prouvante pour les fournisseurs, aux prises avec des calendriers de production incoh\u00e9rents et impr\u00e9visibles, ainsi qu&#8217;avec une production insuffisante. On dit \u00eatre en mesure de retrouver l\u2019\u00e9quilibre chez les fournisseurs et les \u00e9quipementiers en 2023 et un retour \u00e0 des inventaires plus solides chez les concessionnaires. 2023 c\u2019est aussi l\u2019ann\u00e9e des n\u00e9gociations aux Canada et aux<\/p>\n","protected":false},"excerpt":{"rendered":"<p>Nous allons r\u00e9gler une chose tout de suite\u00a0: l\u2019ann\u00e9e 2023 sera beaucoup \u00e0 l\u2019image de 2021 et 2022. Les effets des deux derni\u00e8res ann\u00e9es marqu\u00e9es par la crise seront toujours pr\u00e9sents. Le manque de puces \u00e9lectroniques, la cha\u00eene d\u2019approvisionnement qui est toujours difficile, le manque de pi\u00e8ces, des d\u00e9lais d\u2019attente tr\u00e8s longue, des taux d\u2019int\u00e9r\u00eat [&hellip;]<\/p>\n","protected":false},"author":8,"featured_media":137465,"comment_status":"close","ping_status":"closed","sticky":false,"template":"","format":"standard","meta":{"_monsterinsights_skip_tracking":false,"_monsterinsights_sitenote_active":false,"_monsterinsights_sitenote_note":"","_monsterinsights_sitenote_category":0,"footnotes":""},"categories":[101],"tags":[],"yoast_head":"<!-- This site is optimized with the Yoast SEO plugin v23.2 - https:\/\/yoast.com\/wordpress\/plugins\/seo\/ -->\n<title>\u00c0 une ann\u00e9e 2023 plus normale - CanadaMotorJobs.com<\/title>\n<meta name=\"description\" content=\"\u00c0 une ann\u00e9e 2023 plus normale - Benoit Charette - Annuel automobile - CanadaMotorJobs.com.\" \/>\n<meta name=\"robots\" content=\"index, follow, max-snippet:-1, max-image-preview:large, max-video-preview:-1\" \/>\n<meta property=\"og:locale\" content=\"fr_CA\" \/>\n<meta property=\"og:type\" content=\"article\" \/>\n<meta property=\"og:title\" content=\"\u00c0 une ann\u00e9e 2023 plus normale - CanadaMotorJobs.com\" \/>\n<meta property=\"og:description\" content=\"\u00c0 une ann\u00e9e 2023 plus normale - Benoit Charette - Annuel automobile - CanadaMotorJobs.com.\" \/>\n<meta property=\"og:url\" content=\"https:\/\/news.canadamotorjobs.com\/fr\/a-une-annee-2023-plus-normale\/\" \/>\n<meta property=\"og:site_name\" content=\"CanadaMotorJobs.com\" \/>\n<meta property=\"article:publisher\" content=\"https:\/\/www.facebook.com\/canadamotorjobs\/\" \/>\n<meta property=\"article:published_time\" content=\"2022-12-28T15:49:42+00:00\" \/>\n<meta property=\"article:modified_time\" content=\"2022-12-28T20:51:01+00:00\" \/>\n<meta property=\"og:image\" content=\"https:\/\/news.canadamotorjobs.com\/wp-content\/uploads\/2022\/12\/612721AE-6E65-4559-865F-A7DB627FF48C-1.png\" \/>\n\t<meta property=\"og:image:width\" content=\"2200\" \/>\n\t<meta property=\"og:image:height\" content=\"1467\" \/>\n\t<meta property=\"og:image:type\" content=\"image\/png\" \/>\n<meta name=\"author\" content=\"Benoit Charette\" \/>\n<meta name=\"twitter:card\" content=\"summary_large_image\" \/>\n<meta name=\"twitter:creator\" content=\"@canadamotorjobs\" \/>\n<meta name=\"twitter:site\" content=\"@canadamotorjobs\" \/>\n<meta name=\"twitter:label1\" content=\"\u00c9crit par\" \/>\n\t<meta name=\"twitter:data1\" content=\"Benoit Charette\" \/>\n\t<meta name=\"twitter:label2\" content=\"Estimation du temps de lecture\" \/>\n\t<meta name=\"twitter:data2\" content=\"2 minutes\" \/>\n<!-- \/ Yoast SEO plugin. -->","yoast_head_json":{"title":"\u00c0 une ann\u00e9e 2023 plus normale - CanadaMotorJobs.com","description":"\u00c0 une ann\u00e9e 2023 plus normale - Benoit Charette - Annuel automobile - CanadaMotorJobs.com.","robots":{"index":"index","follow":"follow","max-snippet":"max-snippet:-1","max-image-preview":"max-image-preview:large","max-video-preview":"max-video-preview:-1"},"og_locale":"fr_CA","og_type":"article","og_title":"\u00c0 une ann\u00e9e 2023 plus normale - CanadaMotorJobs.com","og_description":"\u00c0 une ann\u00e9e 2023 plus normale - Benoit Charette - Annuel automobile - CanadaMotorJobs.com.","og_url":"https:\/\/news.canadamotorjobs.com\/fr\/a-une-annee-2023-plus-normale\/","og_site_name":"CanadaMotorJobs.com","article_publisher":"https:\/\/www.facebook.com\/canadamotorjobs\/","article_published_time":"2022-12-28T15:49:42+00:00","article_modified_time":"2022-12-28T20:51:01+00:00","og_image":[{"width":2200,"height":1467,"url":"https:\/\/news.canadamotorjobs.com\/wp-content\/uploads\/2022\/12\/612721AE-6E65-4559-865F-A7DB627FF48C-1.png","type":"image\/png"}],"author":"Benoit Charette","twitter_card":"summary_large_image","twitter_creator":"@canadamotorjobs","twitter_site":"@canadamotorjobs","twitter_misc":{"\u00c9crit par":"Benoit Charette","Estimation du temps de lecture":"2 minutes"},"schema":{"@context":"https:\/\/schema.org","@graph":[{"@type":"Article","@id":"https:\/\/news.canadamotorjobs.com\/fr\/a-une-annee-2023-plus-normale\/#article","isPartOf":{"@id":"https:\/\/news.canadamotorjobs.com\/fr\/a-une-annee-2023-plus-normale\/"},"author":{"name":"Benoit Charette","@id":"https:\/\/news.canadamotorjobs.com\/#\/schema\/person\/51793d1f87d44011d7bcc2ed99269a90"},"headline":"\u00c0 une ann\u00e9e 2023 plus normale","datePublished":"2022-12-28T15:49:42+00:00","dateModified":"2022-12-28T20:51:01+00:00","mainEntityOfPage":{"@id":"https:\/\/news.canadamotorjobs.com\/fr\/a-une-annee-2023-plus-normale\/"},"wordCount":288,"publisher":{"@id":"https:\/\/news.canadamotorjobs.com\/#organization"},"image":{"@id":"https:\/\/news.canadamotorjobs.com\/fr\/a-une-annee-2023-plus-normale\/#primaryimage"},"thumbnailUrl":"https:\/\/news.canadamotorjobs.com\/wp-content\/uploads\/2022\/12\/612721AE-6E65-4559-865F-A7DB627FF48C-1.png","articleSection":["Annuel automobile"],"inLanguage":"fr-CA"},{"@type":"WebPage","@id":"https:\/\/news.canadamotorjobs.com\/fr\/a-une-annee-2023-plus-normale\/","url":"https:\/\/news.canadamotorjobs.com\/fr\/a-une-annee-2023-plus-normale\/","name":"\u00c0 une ann\u00e9e 2023 plus normale - CanadaMotorJobs.com","isPartOf":{"@id":"https:\/\/news.canadamotorjobs.com\/#website"},"primaryImageOfPage":{"@id":"https:\/\/news.canadamotorjobs.com\/fr\/a-une-annee-2023-plus-normale\/#primaryimage"},"image":{"@id":"https:\/\/news.canadamotorjobs.com\/fr\/a-une-annee-2023-plus-normale\/#primaryimage"},"thumbnailUrl":"https:\/\/news.canadamotorjobs.com\/wp-content\/uploads\/2022\/12\/612721AE-6E65-4559-865F-A7DB627FF48C-1.png","datePublished":"2022-12-28T15:49:42+00:00","dateModified":"2022-12-28T20:51:01+00:00","description":"\u00c0 une ann\u00e9e 2023 plus normale - Benoit Charette - Annuel automobile - CanadaMotorJobs.com.","breadcrumb":{"@id":"https:\/\/news.canadamotorjobs.com\/fr\/a-une-annee-2023-plus-normale\/#breadcrumb"},"inLanguage":"fr-CA","potentialAction":[{"@type":"ReadAction","target":["https:\/\/news.canadamotorjobs.com\/fr\/a-une-annee-2023-plus-normale\/"]}]},{"@type":"ImageObject","inLanguage":"fr-CA","@id":"https:\/\/news.canadamotorjobs.com\/fr\/a-une-annee-2023-plus-normale\/#primaryimage","url":"https:\/\/news.canadamotorjobs.com\/wp-content\/uploads\/2022\/12\/612721AE-6E65-4559-865F-A7DB627FF48C-1.png","contentUrl":"https:\/\/news.canadamotorjobs.com\/wp-content\/uploads\/2022\/12\/612721AE-6E65-4559-865F-A7DB627FF48C-1.png","width":2200,"height":1467},{"@type":"BreadcrumbList","@id":"https:\/\/news.canadamotorjobs.com\/fr\/a-une-annee-2023-plus-normale\/#breadcrumb","itemListElement":[{"@type":"ListItem","position":1,"name":"Home","item":"https:\/\/news.canadamotorjobs.com\/fr\/blog\/"},{"@type":"ListItem","position":2,"name":"\u00c0 une ann\u00e9e 2023 plus normale"}]},{"@type":"WebSite","@id":"https:\/\/news.canadamotorjobs.com\/#website","url":"https:\/\/news.canadamotorjobs.com\/","name":"CanadaMotorJobs.com","description":"Automotive Jobs","publisher":{"@id":"https:\/\/news.canadamotorjobs.com\/#organization"},"potentialAction":[{"@type":"SearchAction","target":{"@type":"EntryPoint","urlTemplate":"https:\/\/news.canadamotorjobs.com\/?s={search_term_string}"},"query-input":"required name=search_term_string"}],"inLanguage":"fr-CA"},{"@type":"Organization","@id":"https:\/\/news.canadamotorjobs.com\/#organization","name":"Canada Motor Jobs","url":"https:\/\/news.canadamotorjobs.com\/","logo":{"@type":"ImageObject","inLanguage":"fr-CA","@id":"https:\/\/news.canadamotorjobs.com\/#\/schema\/logo\/image\/","url":"https:\/\/news.canadamotorjobs.com\/wp-content\/uploads\/2022\/10\/logo-canada-motor-jobs-1.png","contentUrl":"https:\/\/news.canadamotorjobs.com\/wp-content\/uploads\/2022\/10\/logo-canada-motor-jobs-1.png","width":800,"height":400,"caption":"Canada Motor Jobs"},"image":{"@id":"https:\/\/news.canadamotorjobs.com\/#\/schema\/logo\/image\/"},"sameAs":["https:\/\/www.facebook.com\/canadamotorjobs\/","https:\/\/x.com\/canadamotorjobs","https:\/\/www.instagram.com\/canadamotorjobs\/","https:\/\/www.linkedin.com\/company\/canadamotorjobs"]},{"@type":"Person","@id":"https:\/\/news.canadamotorjobs.com\/#\/schema\/person\/51793d1f87d44011d7bcc2ed99269a90","name":"Benoit Charette","image":{"@type":"ImageObject","inLanguage":"fr-CA","@id":"https:\/\/news.canadamotorjobs.com\/#\/schema\/person\/image\/","url":"https:\/\/secure.gravatar.com\/avatar\/45f3d2eebcccd909668d7ce7ea7267b6?s=96&d=mm&r=g","contentUrl":"https:\/\/secure.gravatar.com\/avatar\/45f3d2eebcccd909668d7ce7ea7267b6?s=96&d=mm&r=g","caption":"Benoit Charette"},"description":"Benoit Charette \/ Propri\u00e9taire et r\u00e9dacteur en chef Benoit Charette pratique le journalisme automobile depuis bient\u00f4t 30 ans. Il a fait ses classes au c\u00f4t\u00e9 de Daniel H\u00e9raud et au Carnet de route de 1992 \u00e0 2001. Il est fondateur, copropri\u00e9taire et r\u00e9dacteur en chef de L\u2019Annuel de l\u2019automobile, qu\u2019il publie depuis 2001. Il a anim\u00e9 les \u00e9missions RPM et RPM+ sur V et les L\u00e9gendes de la route sur Historia. \u00c0 la radio depuis 1986, il reprend l\u2019antenne cette ann\u00e9e sur les ondes de Cogeco et participe pour la deuxi\u00e8me ann\u00e9e \u00e0 l\u2019\u00e9mission Passion Auto sur RDS en plus de mettre en ligne le site Web officiel de L\u2019Annuel de l\u2019automobile sur annuelauto.ca.","sameAs":["https:\/\/annuelauto.ca\/"],"url":"https:\/\/news.canadamotorjobs.com\/fr\/author\/benoit-charette\/"}]}},"_links":{"self":[{"href":"https:\/\/news.canadamotorjobs.com\/fr\/wp-json\/wp\/v2\/posts\/137461"}],"collection":[{"href":"https:\/\/news.canadamotorjobs.com\/fr\/wp-json\/wp\/v2\/posts"}],"about":[{"href":"https:\/\/news.canadamotorjobs.com\/fr\/wp-json\/wp\/v2\/types\/post"}],"author":[{"embeddable":true,"href":"https:\/\/news.canadamotorjobs.com\/fr\/wp-json\/wp\/v2\/users\/8"}],"replies":[{"embeddable":true,"href":"https:\/\/news.canadamotorjobs.com\/fr\/wp-json\/wp\/v2\/comments?post=137461"}],"version-history":[{"count":0,"href":"https:\/\/news.canadamotorjobs.com\/fr\/wp-json\/wp\/v2\/posts\/137461\/revisions"}],"wp:featuredmedia":[{"embeddable":true,"href":"https:\/\/news.canadamotorjobs.com\/fr\/wp-json\/wp\/v2\/media\/137465"}],"wp:attachment":[{"href":"https:\/\/news.canadamotorjobs.com\/fr\/wp-json\/wp\/v2\/media?parent=137461"}],"wp:term":[{"taxonomy":"category","embeddable":true,"href":"https:\/\/news.canadamotorjobs.com\/fr\/wp-json\/wp\/v2\/categories?post=137461"},{"taxonomy":"post_tag","embeddable":true,"href":"https:\/\/news.canadamotorjobs.com\/fr\/wp-json\/wp\/v2\/tags?post=137461"}],"curies":[{"name":"wp","href":"https:\/\/api.w.org\/{rel}","templated":true}]}}