{"id":137442,"date":"2022-12-27T09:04:48","date_gmt":"2022-12-27T14:04:48","guid":{"rendered":"https:\/\/news.canadamotorjobs.com\/un-nouveau-ranger-xxl-a-lessai-en-australie\/"},"modified":"2022-12-27T16:17:35","modified_gmt":"2022-12-27T21:17:35","slug":"un-nouveau-ranger-xxl-a-lessai-en-australie","status":"publish","type":"post","link":"https:\/\/news.canadamotorjobs.com\/fr\/un-nouveau-ranger-xxl-a-lessai-en-australie\/","title":{"rendered":"Un nouveau Ranger XXL \u00e0 l\u2019essai en Australie"},"content":{"rendered":"<p>Un Ranger XXL \u00e0 carrosserie et \u00e0 empattement allong\u00e9s, dot\u00e9 d&#8217;un habitacle plus spacieux et d&#8217;une plus grande capacit\u00e9 de remorquage est \u00e0 l\u2019essai en Australie. Ce sont les coll\u00e8gues de Carsguide qui ont rep\u00e9r\u00e9 le v\u00e9hicule cette semaine. Les premi\u00e8res photos d\u2019un mod\u00e8le camoufl\u00e9 avaient \u00e9t\u00e9 vues aux \u00c9tats-Unis en juin dernier. Le mod\u00e8le devrait faire ses d\u00e9buts chez nous en 2024.<\/p>\n<h3>Plus grand avec une meilleure capacit\u00e9 de remorquage<\/h3>\n<p>Le prototype \u00e0 double cabine se distingue facilement par son empattement plus long, sa ligne de toit allong\u00e9e et ses portes arri\u00e8re plus larges, assortis d\u2019une partie arri\u00e8re \u00e9tir\u00e9e pour garder les proportions. Bien entendu, le r\u00e9sultat de ces changements est un espace arri\u00e8re nettement plus important pour les occupants, ce qui donne \u00e0 la Ford un avantage pratique sur le segment des utilitaires moyens face aux mod\u00e8les comme le Chevrolet Colorado, le Tacoma ou le Frontier. Tout aussi important, on pense que ce Ranger XXL \u00e0 usage intensif recevra \u00e9galement une augmentation utile de la capacit\u00e9 de remorquage, passant de 3500\u00a0kg \u00e0 au moins 4500\u00a0kg si l&#8217;on en croit certaines rumeurs, ce qui le diff\u00e9rencie davantage des produits concurrents.<\/p>\n<h3>Une meilleure garde au sol<\/h3>\n<p>On s&#8217;attend \u00e9galement \u00e0 ce qu&#8217;il b\u00e9n\u00e9ficie d&#8217;une garde au sol plus importante et d&#8217;une suspension plus muscl\u00e9e, \u00e0 la hauteur de ses capacit\u00e9s am\u00e9lior\u00e9e. Reste maintenant \u00e0 savoir \u00e0 quel endroit Ford va ins\u00e9rer ce Ranger grand format dans l\u2019\u00e9chelle de prix des camions. C\u2019est sans doute ce prix qui va faire de<\/p>\n","protected":false},"excerpt":{"rendered":"<p>Un Ranger XXL \u00e0 carrosserie et \u00e0 empattement allong\u00e9s, dot\u00e9 d&#8217;un habitacle plus spacieux et d&#8217;une plus grande capacit\u00e9 de remorquage est \u00e0 l\u2019essai en Australie. Ce sont les coll\u00e8gues de Carsguide qui ont rep\u00e9r\u00e9 le v\u00e9hicule cette semaine. Les premi\u00e8res photos d\u2019un mod\u00e8le camoufl\u00e9 avaient \u00e9t\u00e9 vues aux \u00c9tats-Unis en juin dernier. Le mod\u00e8le [&hellip;]<\/p>\n","protected":false},"author":8,"featured_media":137446,"comment_status":"close","ping_status":"closed","sticky":false,"template":"","format":"standard","meta":{"_monsterinsights_skip_tracking":false,"_monsterinsights_sitenote_active":false,"_monsterinsights_sitenote_note":"","_monsterinsights_sitenote_category":0,"footnotes":""},"categories":[101],"tags":[],"yoast_head":"<!-- This site is optimized with the Yoast SEO plugin v23.2 - https:\/\/yoast.com\/wordpress\/plugins\/seo\/ -->\n<title>Un nouveau Ranger XXL \u00e0 l\u2019essai en Australie - CanadaMotorJobs.com<\/title>\n<meta name=\"description\" content=\"Un nouveau Ranger XXL \u00e0 l\u2019essai en Australie - Benoit Charette - Annuel automobile - CanadaMotorJobs.com.\" \/>\n<meta name=\"robots\" content=\"index, follow, max-snippet:-1, max-image-preview:large, max-video-preview:-1\" \/>\n<meta property=\"og:locale\" content=\"fr_CA\" \/>\n<meta property=\"og:type\" content=\"article\" \/>\n<meta property=\"og:title\" content=\"Un nouveau Ranger XXL \u00e0 l\u2019essai en Australie - CanadaMotorJobs.com\" \/>\n<meta property=\"og:description\" content=\"Un nouveau Ranger XXL \u00e0 l\u2019essai en Australie - Benoit Charette - Annuel automobile - CanadaMotorJobs.com.\" \/>\n<meta property=\"og:url\" content=\"https:\/\/news.canadamotorjobs.com\/fr\/un-nouveau-ranger-xxl-a-lessai-en-australie\/\" \/>\n<meta property=\"og:site_name\" content=\"CanadaMotorJobs.com\" \/>\n<meta property=\"article:publisher\" content=\"https:\/\/www.facebook.com\/canadamotorjobs\/\" \/>\n<meta property=\"article:published_time\" content=\"2022-12-27T14:04:48+00:00\" \/>\n<meta property=\"article:modified_time\" content=\"2022-12-27T21:17:35+00:00\" \/>\n<meta property=\"og:image\" content=\"https:\/\/news.canadamotorjobs.com\/wp-content\/uploads\/2022\/12\/2024-Ford-Ranger-NextGenRanger_XLT_Front3QTR_static-2-1.jpg\" \/>\n\t<meta property=\"og:image:width\" content=\"1280\" \/>\n\t<meta property=\"og:image:height\" content=\"853\" \/>\n\t<meta property=\"og:image:type\" content=\"image\/jpeg\" \/>\n<meta name=\"author\" content=\"Benoit Charette\" \/>\n<meta name=\"twitter:card\" content=\"summary_large_image\" \/>\n<meta name=\"twitter:creator\" content=\"@canadamotorjobs\" \/>\n<meta name=\"twitter:site\" content=\"@canadamotorjobs\" \/>\n<meta name=\"twitter:label1\" content=\"\u00c9crit par\" \/>\n\t<meta name=\"twitter:data1\" content=\"Benoit Charette\" \/>\n\t<meta name=\"twitter:label2\" content=\"Estimation du temps de lecture\" \/>\n\t<meta name=\"twitter:data2\" content=\"2 minutes\" \/>\n<!-- \/ Yoast SEO plugin. -->","yoast_head_json":{"title":"Un nouveau Ranger XXL \u00e0 l\u2019essai en Australie - CanadaMotorJobs.com","description":"Un nouveau Ranger XXL \u00e0 l\u2019essai en Australie - Benoit Charette - Annuel automobile - CanadaMotorJobs.com.","robots":{"index":"index","follow":"follow","max-snippet":"max-snippet:-1","max-image-preview":"max-image-preview:large","max-video-preview":"max-video-preview:-1"},"og_locale":"fr_CA","og_type":"article","og_title":"Un nouveau Ranger XXL \u00e0 l\u2019essai en Australie - CanadaMotorJobs.com","og_description":"Un nouveau Ranger XXL \u00e0 l\u2019essai en Australie - Benoit Charette - Annuel automobile - CanadaMotorJobs.com.","og_url":"https:\/\/news.canadamotorjobs.com\/fr\/un-nouveau-ranger-xxl-a-lessai-en-australie\/","og_site_name":"CanadaMotorJobs.com","article_publisher":"https:\/\/www.facebook.com\/canadamotorjobs\/","article_published_time":"2022-12-27T14:04:48+00:00","article_modified_time":"2022-12-27T21:17:35+00:00","og_image":[{"width":1280,"height":853,"url":"https:\/\/news.canadamotorjobs.com\/wp-content\/uploads\/2022\/12\/2024-Ford-Ranger-NextGenRanger_XLT_Front3QTR_static-2-1.jpg","type":"image\/jpeg"}],"author":"Benoit Charette","twitter_card":"summary_large_image","twitter_creator":"@canadamotorjobs","twitter_site":"@canadamotorjobs","twitter_misc":{"\u00c9crit par":"Benoit Charette","Estimation du temps de lecture":"2 minutes"},"schema":{"@context":"https:\/\/schema.org","@graph":[{"@type":"Article","@id":"https:\/\/news.canadamotorjobs.com\/fr\/un-nouveau-ranger-xxl-a-lessai-en-australie\/#article","isPartOf":{"@id":"https:\/\/news.canadamotorjobs.com\/fr\/un-nouveau-ranger-xxl-a-lessai-en-australie\/"},"author":{"name":"Benoit Charette","@id":"https:\/\/news.canadamotorjobs.com\/#\/schema\/person\/51793d1f87d44011d7bcc2ed99269a90"},"headline":"Un nouveau Ranger XXL \u00e0 l\u2019essai en Australie","datePublished":"2022-12-27T14:04:48+00:00","dateModified":"2022-12-27T21:17:35+00:00","mainEntityOfPage":{"@id":"https:\/\/news.canadamotorjobs.com\/fr\/un-nouveau-ranger-xxl-a-lessai-en-australie\/"},"wordCount":281,"publisher":{"@id":"https:\/\/news.canadamotorjobs.com\/#organization"},"image":{"@id":"https:\/\/news.canadamotorjobs.com\/fr\/un-nouveau-ranger-xxl-a-lessai-en-australie\/#primaryimage"},"thumbnailUrl":"https:\/\/news.canadamotorjobs.com\/wp-content\/uploads\/2022\/12\/2024-Ford-Ranger-NextGenRanger_XLT_Front3QTR_static-2-1.jpg","articleSection":["Annuel automobile"],"inLanguage":"fr-CA"},{"@type":"WebPage","@id":"https:\/\/news.canadamotorjobs.com\/fr\/un-nouveau-ranger-xxl-a-lessai-en-australie\/","url":"https:\/\/news.canadamotorjobs.com\/fr\/un-nouveau-ranger-xxl-a-lessai-en-australie\/","name":"Un nouveau Ranger XXL \u00e0 l\u2019essai en Australie - CanadaMotorJobs.com","isPartOf":{"@id":"https:\/\/news.canadamotorjobs.com\/#website"},"primaryImageOfPage":{"@id":"https:\/\/news.canadamotorjobs.com\/fr\/un-nouveau-ranger-xxl-a-lessai-en-australie\/#primaryimage"},"image":{"@id":"https:\/\/news.canadamotorjobs.com\/fr\/un-nouveau-ranger-xxl-a-lessai-en-australie\/#primaryimage"},"thumbnailUrl":"https:\/\/news.canadamotorjobs.com\/wp-content\/uploads\/2022\/12\/2024-Ford-Ranger-NextGenRanger_XLT_Front3QTR_static-2-1.jpg","datePublished":"2022-12-27T14:04:48+00:00","dateModified":"2022-12-27T21:17:35+00:00","description":"Un nouveau Ranger XXL \u00e0 l\u2019essai en Australie - Benoit Charette - Annuel automobile - CanadaMotorJobs.com.","breadcrumb":{"@id":"https:\/\/news.canadamotorjobs.com\/fr\/un-nouveau-ranger-xxl-a-lessai-en-australie\/#breadcrumb"},"inLanguage":"fr-CA","potentialAction":[{"@type":"ReadAction","target":["https:\/\/news.canadamotorjobs.com\/fr\/un-nouveau-ranger-xxl-a-lessai-en-australie\/"]}]},{"@type":"ImageObject","inLanguage":"fr-CA","@id":"https:\/\/news.canadamotorjobs.com\/fr\/un-nouveau-ranger-xxl-a-lessai-en-australie\/#primaryimage","url":"https:\/\/news.canadamotorjobs.com\/wp-content\/uploads\/2022\/12\/2024-Ford-Ranger-NextGenRanger_XLT_Front3QTR_static-2-1.jpg","contentUrl":"https:\/\/news.canadamotorjobs.com\/wp-content\/uploads\/2022\/12\/2024-Ford-Ranger-NextGenRanger_XLT_Front3QTR_static-2-1.jpg","width":1280,"height":853},{"@type":"BreadcrumbList","@id":"https:\/\/news.canadamotorjobs.com\/fr\/un-nouveau-ranger-xxl-a-lessai-en-australie\/#breadcrumb","itemListElement":[{"@type":"ListItem","position":1,"name":"Home","item":"https:\/\/news.canadamotorjobs.com\/fr\/blog\/"},{"@type":"ListItem","position":2,"name":"Un nouveau Ranger XXL \u00e0 l\u2019essai en Australie"}]},{"@type":"WebSite","@id":"https:\/\/news.canadamotorjobs.com\/#website","url":"https:\/\/news.canadamotorjobs.com\/","name":"CanadaMotorJobs.com","description":"Automotive Jobs","publisher":{"@id":"https:\/\/news.canadamotorjobs.com\/#organization"},"potentialAction":[{"@type":"SearchAction","target":{"@type":"EntryPoint","urlTemplate":"https:\/\/news.canadamotorjobs.com\/?s={search_term_string}"},"query-input":"required name=search_term_string"}],"inLanguage":"fr-CA"},{"@type":"Organization","@id":"https:\/\/news.canadamotorjobs.com\/#organization","name":"Canada Motor Jobs","url":"https:\/\/news.canadamotorjobs.com\/","logo":{"@type":"ImageObject","inLanguage":"fr-CA","@id":"https:\/\/news.canadamotorjobs.com\/#\/schema\/logo\/image\/","url":"https:\/\/news.canadamotorjobs.com\/wp-content\/uploads\/2022\/10\/logo-canada-motor-jobs-1.png","contentUrl":"https:\/\/news.canadamotorjobs.com\/wp-content\/uploads\/2022\/10\/logo-canada-motor-jobs-1.png","width":800,"height":400,"caption":"Canada Motor Jobs"},"image":{"@id":"https:\/\/news.canadamotorjobs.com\/#\/schema\/logo\/image\/"},"sameAs":["https:\/\/www.facebook.com\/canadamotorjobs\/","https:\/\/x.com\/canadamotorjobs","https:\/\/www.instagram.com\/canadamotorjobs\/","https:\/\/www.linkedin.com\/company\/canadamotorjobs"]},{"@type":"Person","@id":"https:\/\/news.canadamotorjobs.com\/#\/schema\/person\/51793d1f87d44011d7bcc2ed99269a90","name":"Benoit Charette","image":{"@type":"ImageObject","inLanguage":"fr-CA","@id":"https:\/\/news.canadamotorjobs.com\/#\/schema\/person\/image\/","url":"https:\/\/secure.gravatar.com\/avatar\/45f3d2eebcccd909668d7ce7ea7267b6?s=96&d=mm&r=g","contentUrl":"https:\/\/secure.gravatar.com\/avatar\/45f3d2eebcccd909668d7ce7ea7267b6?s=96&d=mm&r=g","caption":"Benoit Charette"},"description":"Benoit Charette \/ Propri\u00e9taire et r\u00e9dacteur en chef Benoit Charette pratique le journalisme automobile depuis bient\u00f4t 30 ans. Il a fait ses classes au c\u00f4t\u00e9 de Daniel H\u00e9raud et au Carnet de route de 1992 \u00e0 2001. Il est fondateur, copropri\u00e9taire et r\u00e9dacteur en chef de L\u2019Annuel de l\u2019automobile, qu\u2019il publie depuis 2001. Il a anim\u00e9 les \u00e9missions RPM et RPM+ sur V et les L\u00e9gendes de la route sur Historia. \u00c0 la radio depuis 1986, il reprend l\u2019antenne cette ann\u00e9e sur les ondes de Cogeco et participe pour la deuxi\u00e8me ann\u00e9e \u00e0 l\u2019\u00e9mission Passion Auto sur RDS en plus de mettre en ligne le site Web officiel de L\u2019Annuel de l\u2019automobile sur annuelauto.ca.","sameAs":["https:\/\/annuelauto.ca\/"],"url":"https:\/\/news.canadamotorjobs.com\/fr\/author\/benoit-charette\/"}]}},"_links":{"self":[{"href":"https:\/\/news.canadamotorjobs.com\/fr\/wp-json\/wp\/v2\/posts\/137442"}],"collection":[{"href":"https:\/\/news.canadamotorjobs.com\/fr\/wp-json\/wp\/v2\/posts"}],"about":[{"href":"https:\/\/news.canadamotorjobs.com\/fr\/wp-json\/wp\/v2\/types\/post"}],"author":[{"embeddable":true,"href":"https:\/\/news.canadamotorjobs.com\/fr\/wp-json\/wp\/v2\/users\/8"}],"replies":[{"embeddable":true,"href":"https:\/\/news.canadamotorjobs.com\/fr\/wp-json\/wp\/v2\/comments?post=137442"}],"version-history":[{"count":0,"href":"https:\/\/news.canadamotorjobs.com\/fr\/wp-json\/wp\/v2\/posts\/137442\/revisions"}],"wp:featuredmedia":[{"embeddable":true,"href":"https:\/\/news.canadamotorjobs.com\/fr\/wp-json\/wp\/v2\/media\/137446"}],"wp:attachment":[{"href":"https:\/\/news.canadamotorjobs.com\/fr\/wp-json\/wp\/v2\/media?parent=137442"}],"wp:term":[{"taxonomy":"category","embeddable":true,"href":"https:\/\/news.canadamotorjobs.com\/fr\/wp-json\/wp\/v2\/categories?post=137442"},{"taxonomy":"post_tag","embeddable":true,"href":"https:\/\/news.canadamotorjobs.com\/fr\/wp-json\/wp\/v2\/tags?post=137442"}],"curies":[{"name":"wp","href":"https:\/\/api.w.org\/{rel}","templated":true}]}}