{"id":137434,"date":"2022-12-27T08:33:41","date_gmt":"2022-12-27T13:33:41","guid":{"rendered":"https:\/\/news.canadamotorjobs.com\/les-dirigeants-du-secteur-automobile-perdent-confiance-dans-ladoption-des-vehicules-electriques\/"},"modified":"2022-12-27T16:15:15","modified_gmt":"2022-12-27T21:15:15","slug":"les-dirigeants-du-secteur-automobile-perdent-confiance-dans-ladoption-des-vehicules-electriques","status":"publish","type":"post","link":"https:\/\/news.canadamotorjobs.com\/fr\/les-dirigeants-du-secteur-automobile-perdent-confiance-dans-ladoption-des-vehicules-electriques\/","title":{"rendered":"Les dirigeants du secteur automobile perdent confiance dans l\u2019adoption des V\u00e9hicules \u00e9lectriques"},"content":{"rendered":"<p>Une r\u00e9cente enqu\u00eate men\u00e9e par KPMG r\u00e9v\u00e8le que les patrons du secteur automobile sont pr\u00e9occup\u00e9s par l&#8217;inflation et les probl\u00e8mes persistants de la cha\u00eene d&#8217;approvisionnement. Selon le r\u00e9seau BNBC, cette enqu\u00eate mondiale men\u00e9e aupr\u00e8s de 915 cadres a r\u00e9v\u00e9l\u00e9 que 76\u00a0% d&#8217;entre eux sont pr\u00e9occup\u00e9s par l&#8217;\u00e9conomie et les taux d&#8217;int\u00e9r\u00eat \u00e9lev\u00e9s et par la mani\u00e8re dont ces deux facteurs affecteront leurs activit\u00e9s en 2023. Les cadres de l&#8217;industrie automobile am\u00e9ricaine sont encore plus inquiets, puisque 84\u00a0% d&#8217;entre eux ont r\u00e9pondu que l\u2019adoption des v\u00e9hicules \u00e9lectriques serait retard\u00e9e en raison des conditions \u00e9conomiques.<\/p>\n<h2>Des prix et taux d\u2019int\u00e9r\u00eat trop \u00e9lev\u00e9s<\/h2>\n<p>Par exemple, l&#8217;ann\u00e9e derni\u00e8re, l&#8217;enqu\u00eate sur les estimations des ventes mondiales de V\u00c9 d&#8217;ici 2030 allait de 20\u00a0% \u00e0 70\u00a0%. Cette ann\u00e9e, les pr\u00e9visions varient entre 10\u00a0% \u00e0 40\u00a0%. Le Canada a annonc\u00e9 la semaine derni\u00e8re qu\u2019il visait un taux d\u2019adoption der 25\u00a0% d\u2019ici 2025 et de 60\u00a0% d\u2019ici 2030. Nous sommes dons assez loin de ce que l\u2019industrie pr\u00e9voit.<\/p>\n<h2>Un sentiment d\u2019optimisme \u00e0 plus long terme<\/h2>\n<p>Outre les inqui\u00e9tudes imm\u00e9diates li\u00e9es \u00e0 l&#8217;\u00e9conomie et \u00e0 la cha\u00eene d&#8217;approvisionnement, les dirigeants du secteur automobile sont nerveux face aux exigences plus strictes en mati\u00e8re de cr\u00e9dits d&#8217;imp\u00f4t f\u00e9d\u00e9raux lors de l&#8217;achat de nouveau VE, ainsi qu&#8217;\u00e0 la hausse des prix des mati\u00e8res premi\u00e8res pour les batteries. Les concessionnaires continuent \u00e9galement \u00e0 augmenter les prix des V\u00c9 de plusieurs milliers de dollars en raison du faible inventaire. Les cadres qui ont pris part \u00e0 l&#8217;enqu\u00eate consid\u00e8rent toujours Tesla comme le leader mondial<\/p>\n","protected":false},"excerpt":{"rendered":"<p>Une r\u00e9cente enqu\u00eate men\u00e9e par KPMG r\u00e9v\u00e8le que les patrons du secteur automobile sont pr\u00e9occup\u00e9s par l&#8217;inflation et les probl\u00e8mes persistants de la cha\u00eene d&#8217;approvisionnement. Selon le r\u00e9seau BNBC, cette enqu\u00eate mondiale men\u00e9e aupr\u00e8s de 915 cadres a r\u00e9v\u00e9l\u00e9 que 76\u00a0% d&#8217;entre eux sont pr\u00e9occup\u00e9s par l&#8217;\u00e9conomie et les taux d&#8217;int\u00e9r\u00eat \u00e9lev\u00e9s et par la [&hellip;]<\/p>\n","protected":false},"author":8,"featured_media":137438,"comment_status":"close","ping_status":"closed","sticky":false,"template":"","format":"standard","meta":{"_monsterinsights_skip_tracking":false,"_monsterinsights_sitenote_active":false,"_monsterinsights_sitenote_note":"","_monsterinsights_sitenote_category":0,"footnotes":""},"categories":[101],"tags":[],"yoast_head":"<!-- This site is optimized with the Yoast SEO plugin v23.2 - https:\/\/yoast.com\/wordpress\/plugins\/seo\/ -->\n<title>Les dirigeants du secteur automobile perdent confiance dans l\u2019adoption des V\u00e9hicules \u00e9lectriques - CanadaMotorJobs.com<\/title>\n<meta name=\"description\" content=\"Les dirigeants du secteur automobile perdent confiance dans l\u2019adoption des V\u00e9hicules \u00e9lectriques - Benoit Charette - Annuel automobile - CanadaMotorJobs.com.\" \/>\n<meta name=\"robots\" content=\"index, follow, max-snippet:-1, max-image-preview:large, max-video-preview:-1\" \/>\n<meta property=\"og:locale\" content=\"fr_CA\" \/>\n<meta property=\"og:type\" content=\"article\" \/>\n<meta property=\"og:title\" content=\"Les dirigeants du secteur automobile perdent confiance dans l\u2019adoption des V\u00e9hicules \u00e9lectriques - CanadaMotorJobs.com\" \/>\n<meta property=\"og:description\" content=\"Les dirigeants du secteur automobile perdent confiance dans l\u2019adoption des V\u00e9hicules \u00e9lectriques - Benoit Charette - Annuel automobile - CanadaMotorJobs.com.\" \/>\n<meta property=\"og:url\" content=\"https:\/\/news.canadamotorjobs.com\/fr\/les-dirigeants-du-secteur-automobile-perdent-confiance-dans-ladoption-des-vehicules-electriques\/\" \/>\n<meta property=\"og:site_name\" content=\"CanadaMotorJobs.com\" \/>\n<meta property=\"article:publisher\" content=\"https:\/\/www.facebook.com\/canadamotorjobs\/\" \/>\n<meta property=\"article:published_time\" content=\"2022-12-27T13:33:41+00:00\" \/>\n<meta property=\"article:modified_time\" content=\"2022-12-27T21:15:15+00:00\" \/>\n<meta property=\"og:image\" content=\"https:\/\/news.canadamotorjobs.com\/wp-content\/uploads\/2022\/12\/superstation_de_recharge_du_circuit_electrique-1.jpg\" \/>\n\t<meta property=\"og:image:width\" content=\"1200\" \/>\n\t<meta property=\"og:image:height\" content=\"900\" \/>\n\t<meta property=\"og:image:type\" content=\"image\/jpeg\" \/>\n<meta name=\"author\" content=\"Benoit Charette\" \/>\n<meta name=\"twitter:card\" content=\"summary_large_image\" \/>\n<meta name=\"twitter:creator\" content=\"@canadamotorjobs\" \/>\n<meta name=\"twitter:site\" content=\"@canadamotorjobs\" \/>\n<meta name=\"twitter:label1\" content=\"\u00c9crit par\" \/>\n\t<meta name=\"twitter:data1\" content=\"Benoit Charette\" \/>\n\t<meta name=\"twitter:label2\" content=\"Estimation du temps de lecture\" \/>\n\t<meta name=\"twitter:data2\" content=\"2 minutes\" \/>\n<!-- \/ Yoast SEO plugin. -->","yoast_head_json":{"title":"Les dirigeants du secteur automobile perdent confiance dans l\u2019adoption des V\u00e9hicules \u00e9lectriques - CanadaMotorJobs.com","description":"Les dirigeants du secteur automobile perdent confiance dans l\u2019adoption des V\u00e9hicules \u00e9lectriques - Benoit Charette - Annuel automobile - CanadaMotorJobs.com.","robots":{"index":"index","follow":"follow","max-snippet":"max-snippet:-1","max-image-preview":"max-image-preview:large","max-video-preview":"max-video-preview:-1"},"og_locale":"fr_CA","og_type":"article","og_title":"Les dirigeants du secteur automobile perdent confiance dans l\u2019adoption des V\u00e9hicules \u00e9lectriques - CanadaMotorJobs.com","og_description":"Les dirigeants du secteur automobile perdent confiance dans l\u2019adoption des V\u00e9hicules \u00e9lectriques - Benoit Charette - Annuel automobile - CanadaMotorJobs.com.","og_url":"https:\/\/news.canadamotorjobs.com\/fr\/les-dirigeants-du-secteur-automobile-perdent-confiance-dans-ladoption-des-vehicules-electriques\/","og_site_name":"CanadaMotorJobs.com","article_publisher":"https:\/\/www.facebook.com\/canadamotorjobs\/","article_published_time":"2022-12-27T13:33:41+00:00","article_modified_time":"2022-12-27T21:15:15+00:00","og_image":[{"width":1200,"height":900,"url":"https:\/\/news.canadamotorjobs.com\/wp-content\/uploads\/2022\/12\/superstation_de_recharge_du_circuit_electrique-1.jpg","type":"image\/jpeg"}],"author":"Benoit Charette","twitter_card":"summary_large_image","twitter_creator":"@canadamotorjobs","twitter_site":"@canadamotorjobs","twitter_misc":{"\u00c9crit par":"Benoit Charette","Estimation du temps de lecture":"2 minutes"},"schema":{"@context":"https:\/\/schema.org","@graph":[{"@type":"Article","@id":"https:\/\/news.canadamotorjobs.com\/fr\/les-dirigeants-du-secteur-automobile-perdent-confiance-dans-ladoption-des-vehicules-electriques\/#article","isPartOf":{"@id":"https:\/\/news.canadamotorjobs.com\/fr\/les-dirigeants-du-secteur-automobile-perdent-confiance-dans-ladoption-des-vehicules-electriques\/"},"author":{"name":"Benoit Charette","@id":"https:\/\/news.canadamotorjobs.com\/#\/schema\/person\/51793d1f87d44011d7bcc2ed99269a90"},"headline":"Les dirigeants du secteur automobile perdent confiance dans l\u2019adoption des V\u00e9hicules \u00e9lectriques","datePublished":"2022-12-27T13:33:41+00:00","dateModified":"2022-12-27T21:15:15+00:00","mainEntityOfPage":{"@id":"https:\/\/news.canadamotorjobs.com\/fr\/les-dirigeants-du-secteur-automobile-perdent-confiance-dans-ladoption-des-vehicules-electriques\/"},"wordCount":316,"publisher":{"@id":"https:\/\/news.canadamotorjobs.com\/#organization"},"image":{"@id":"https:\/\/news.canadamotorjobs.com\/fr\/les-dirigeants-du-secteur-automobile-perdent-confiance-dans-ladoption-des-vehicules-electriques\/#primaryimage"},"thumbnailUrl":"https:\/\/news.canadamotorjobs.com\/wp-content\/uploads\/2022\/12\/superstation_de_recharge_du_circuit_electrique-1.jpg","articleSection":["Annuel automobile"],"inLanguage":"fr-CA"},{"@type":"WebPage","@id":"https:\/\/news.canadamotorjobs.com\/fr\/les-dirigeants-du-secteur-automobile-perdent-confiance-dans-ladoption-des-vehicules-electriques\/","url":"https:\/\/news.canadamotorjobs.com\/fr\/les-dirigeants-du-secteur-automobile-perdent-confiance-dans-ladoption-des-vehicules-electriques\/","name":"Les dirigeants du secteur automobile perdent confiance dans l\u2019adoption des V\u00e9hicules \u00e9lectriques - CanadaMotorJobs.com","isPartOf":{"@id":"https:\/\/news.canadamotorjobs.com\/#website"},"primaryImageOfPage":{"@id":"https:\/\/news.canadamotorjobs.com\/fr\/les-dirigeants-du-secteur-automobile-perdent-confiance-dans-ladoption-des-vehicules-electriques\/#primaryimage"},"image":{"@id":"https:\/\/news.canadamotorjobs.com\/fr\/les-dirigeants-du-secteur-automobile-perdent-confiance-dans-ladoption-des-vehicules-electriques\/#primaryimage"},"thumbnailUrl":"https:\/\/news.canadamotorjobs.com\/wp-content\/uploads\/2022\/12\/superstation_de_recharge_du_circuit_electrique-1.jpg","datePublished":"2022-12-27T13:33:41+00:00","dateModified":"2022-12-27T21:15:15+00:00","description":"Les dirigeants du secteur automobile perdent confiance dans l\u2019adoption des V\u00e9hicules \u00e9lectriques - Benoit Charette - Annuel automobile - CanadaMotorJobs.com.","breadcrumb":{"@id":"https:\/\/news.canadamotorjobs.com\/fr\/les-dirigeants-du-secteur-automobile-perdent-confiance-dans-ladoption-des-vehicules-electriques\/#breadcrumb"},"inLanguage":"fr-CA","potentialAction":[{"@type":"ReadAction","target":["https:\/\/news.canadamotorjobs.com\/fr\/les-dirigeants-du-secteur-automobile-perdent-confiance-dans-ladoption-des-vehicules-electriques\/"]}]},{"@type":"ImageObject","inLanguage":"fr-CA","@id":"https:\/\/news.canadamotorjobs.com\/fr\/les-dirigeants-du-secteur-automobile-perdent-confiance-dans-ladoption-des-vehicules-electriques\/#primaryimage","url":"https:\/\/news.canadamotorjobs.com\/wp-content\/uploads\/2022\/12\/superstation_de_recharge_du_circuit_electrique-1.jpg","contentUrl":"https:\/\/news.canadamotorjobs.com\/wp-content\/uploads\/2022\/12\/superstation_de_recharge_du_circuit_electrique-1.jpg","width":1200,"height":900},{"@type":"BreadcrumbList","@id":"https:\/\/news.canadamotorjobs.com\/fr\/les-dirigeants-du-secteur-automobile-perdent-confiance-dans-ladoption-des-vehicules-electriques\/#breadcrumb","itemListElement":[{"@type":"ListItem","position":1,"name":"Home","item":"https:\/\/news.canadamotorjobs.com\/fr\/blog\/"},{"@type":"ListItem","position":2,"name":"Les dirigeants du secteur automobile perdent confiance dans l\u2019adoption des V\u00e9hicules \u00e9lectriques"}]},{"@type":"WebSite","@id":"https:\/\/news.canadamotorjobs.com\/#website","url":"https:\/\/news.canadamotorjobs.com\/","name":"CanadaMotorJobs.com","description":"Automotive Jobs","publisher":{"@id":"https:\/\/news.canadamotorjobs.com\/#organization"},"potentialAction":[{"@type":"SearchAction","target":{"@type":"EntryPoint","urlTemplate":"https:\/\/news.canadamotorjobs.com\/?s={search_term_string}"},"query-input":"required name=search_term_string"}],"inLanguage":"fr-CA"},{"@type":"Organization","@id":"https:\/\/news.canadamotorjobs.com\/#organization","name":"Canada Motor Jobs","url":"https:\/\/news.canadamotorjobs.com\/","logo":{"@type":"ImageObject","inLanguage":"fr-CA","@id":"https:\/\/news.canadamotorjobs.com\/#\/schema\/logo\/image\/","url":"https:\/\/news.canadamotorjobs.com\/wp-content\/uploads\/2022\/10\/logo-canada-motor-jobs-1.png","contentUrl":"https:\/\/news.canadamotorjobs.com\/wp-content\/uploads\/2022\/10\/logo-canada-motor-jobs-1.png","width":800,"height":400,"caption":"Canada Motor Jobs"},"image":{"@id":"https:\/\/news.canadamotorjobs.com\/#\/schema\/logo\/image\/"},"sameAs":["https:\/\/www.facebook.com\/canadamotorjobs\/","https:\/\/x.com\/canadamotorjobs","https:\/\/www.instagram.com\/canadamotorjobs\/","https:\/\/www.linkedin.com\/company\/canadamotorjobs"]},{"@type":"Person","@id":"https:\/\/news.canadamotorjobs.com\/#\/schema\/person\/51793d1f87d44011d7bcc2ed99269a90","name":"Benoit Charette","image":{"@type":"ImageObject","inLanguage":"fr-CA","@id":"https:\/\/news.canadamotorjobs.com\/#\/schema\/person\/image\/","url":"https:\/\/secure.gravatar.com\/avatar\/45f3d2eebcccd909668d7ce7ea7267b6?s=96&d=mm&r=g","contentUrl":"https:\/\/secure.gravatar.com\/avatar\/45f3d2eebcccd909668d7ce7ea7267b6?s=96&d=mm&r=g","caption":"Benoit Charette"},"description":"Benoit Charette \/ Propri\u00e9taire et r\u00e9dacteur en chef Benoit Charette pratique le journalisme automobile depuis bient\u00f4t 30 ans. Il a fait ses classes au c\u00f4t\u00e9 de Daniel H\u00e9raud et au Carnet de route de 1992 \u00e0 2001. Il est fondateur, copropri\u00e9taire et r\u00e9dacteur en chef de L\u2019Annuel de l\u2019automobile, qu\u2019il publie depuis 2001. Il a anim\u00e9 les \u00e9missions RPM et RPM+ sur V et les L\u00e9gendes de la route sur Historia. \u00c0 la radio depuis 1986, il reprend l\u2019antenne cette ann\u00e9e sur les ondes de Cogeco et participe pour la deuxi\u00e8me ann\u00e9e \u00e0 l\u2019\u00e9mission Passion Auto sur RDS en plus de mettre en ligne le site Web officiel de L\u2019Annuel de l\u2019automobile sur annuelauto.ca.","sameAs":["https:\/\/annuelauto.ca\/"],"url":"https:\/\/news.canadamotorjobs.com\/fr\/author\/benoit-charette\/"}]}},"_links":{"self":[{"href":"https:\/\/news.canadamotorjobs.com\/fr\/wp-json\/wp\/v2\/posts\/137434"}],"collection":[{"href":"https:\/\/news.canadamotorjobs.com\/fr\/wp-json\/wp\/v2\/posts"}],"about":[{"href":"https:\/\/news.canadamotorjobs.com\/fr\/wp-json\/wp\/v2\/types\/post"}],"author":[{"embeddable":true,"href":"https:\/\/news.canadamotorjobs.com\/fr\/wp-json\/wp\/v2\/users\/8"}],"replies":[{"embeddable":true,"href":"https:\/\/news.canadamotorjobs.com\/fr\/wp-json\/wp\/v2\/comments?post=137434"}],"version-history":[{"count":0,"href":"https:\/\/news.canadamotorjobs.com\/fr\/wp-json\/wp\/v2\/posts\/137434\/revisions"}],"wp:featuredmedia":[{"embeddable":true,"href":"https:\/\/news.canadamotorjobs.com\/fr\/wp-json\/wp\/v2\/media\/137438"}],"wp:attachment":[{"href":"https:\/\/news.canadamotorjobs.com\/fr\/wp-json\/wp\/v2\/media?parent=137434"}],"wp:term":[{"taxonomy":"category","embeddable":true,"href":"https:\/\/news.canadamotorjobs.com\/fr\/wp-json\/wp\/v2\/categories?post=137434"},{"taxonomy":"post_tag","embeddable":true,"href":"https:\/\/news.canadamotorjobs.com\/fr\/wp-json\/wp\/v2\/tags?post=137434"}],"curies":[{"name":"wp","href":"https:\/\/api.w.org\/{rel}","templated":true}]}}