{"id":137420,"date":"2022-12-26T09:07:50","date_gmt":"2022-12-26T14:07:50","guid":{"rendered":"https:\/\/news.canadamotorjobs.com\/une-maniere-originale-de-traverser-lhiver-a-velo\/"},"modified":"2022-12-26T09:16:16","modified_gmt":"2022-12-26T14:16:16","slug":"une-maniere-originale-de-traverser-lhiver-a-velo","status":"publish","type":"post","link":"https:\/\/news.canadamotorjobs.com\/fr\/une-maniere-originale-de-traverser-lhiver-a-velo\/","title":{"rendered":"Une mani\u00e8re originale de traverser l\u2019hiver \u00e0 v\u00e9lo"},"content":{"rendered":"<\/p>\n<p>On dit que la n\u00e9cessit\u00e9 est la m\u00e8re de l&#8217;invention. Et un Canadien de la Colombie-Britannique qui travaille \u00e0 v\u00e9lo a trouv\u00e9 une mani\u00e8re ing\u00e9nieuse de passer \u00e0 travers l\u2019hiver. Mais comme les pistes cyclables n&#8217;avaient pas \u00e9t\u00e9 d\u00e9neig\u00e9es, il a transform\u00e9 son v\u00e9lo \u00e9lectrique en chasse-neige bricol\u00e9.<br \/> Utiliser ce qu\u2019il avait sous la main<br \/> Phil Marciniak, de Saanich, en Colombie-Britannique, a construit l&#8217;intr\u00e9pide appareil apr\u00e8s avoir travaill\u00e9 sur quelques prototypes. Comme il utilise un v\u00e9lo \u00e9lectrique cargo pour son travail de r\u00e9parateur d&#8217;appareils \u00e9lectrom\u00e9nagers, il avait d\u00e9j\u00e0 sous la main un gros v\u00e9lo \u00e9lectrique qu&#8217;il utilise pour transporter ses outils. Son g\u00e9nie inventif \u00e0 fait le reste. Son v\u00e9lo utilise un chasse-neige en V fabriqu\u00e9 \u00e0 partir de deux sections d&#8217;un vieux baril d&#8217;eau de pluie en poly\u00e9thyl\u00e8ne de 200 litres. Un cadre permettant de la fixer sur le v\u00e9lo a \u00e9t\u00e9 construit \u00e0 partir de bois de r\u00e9cup\u00e9ration.<br \/> Essais et erreurs<br \/> Le concept a d\u00e9j\u00e0 fait l&#8217;objet de plusieurs modifications. L&#8217;ann\u00e9e derni\u00e8re, il a exp\u00e9riment\u00e9 des prototypes ant\u00e9rieurs, comme une charrue \u00e0 angle unique, mais il a constat\u00e9 qu&#8217;elle le poussait sur le c\u00f4t\u00e9 et rendait la conduite plus difficile. Il conc\u00e8de que le chasse-neige divis\u00e9 n&#8217;est pas id\u00e9al pour le d\u00e9neigement des pistes cyclables, car il serait pr\u00e9f\u00e9rable de pousser toute la neige d&#8217;un c\u00f4t\u00e9, mais il rend le contr\u00f4le du v\u00e9lo beaucoup plus facile et donc plus efficace.<br \/> 20\u00a0km\/h en d\u00e9neigeant<br \/> En fait, il peut atteindre des vitesses allant jusqu&#8217;\u00e0 20 km\/h tout en poussant la<\/p>\n","protected":false},"excerpt":{"rendered":"<p>On dit que la n\u00e9cessit\u00e9 est la m\u00e8re de l&#8217;invention. Et un Canadien de la Colombie-Britannique qui travaille \u00e0 v\u00e9lo a trouv\u00e9 une mani\u00e8re ing\u00e9nieuse de passer \u00e0 travers l\u2019hiver. Mais comme les pistes cyclables n&#8217;avaient pas \u00e9t\u00e9 d\u00e9neig\u00e9es, il a transform\u00e9 son v\u00e9lo \u00e9lectrique en chasse-neige bricol\u00e9. Utiliser ce qu\u2019il avait sous la main [&hellip;]<\/p>\n","protected":false},"author":8,"featured_media":137424,"comment_status":"close","ping_status":"closed","sticky":false,"template":"","format":"standard","meta":{"_monsterinsights_skip_tracking":false,"_monsterinsights_sitenote_active":false,"_monsterinsights_sitenote_note":"","_monsterinsights_sitenote_category":0,"footnotes":""},"categories":[101],"tags":[],"yoast_head":"<!-- This site is optimized with the Yoast SEO plugin v23.2 - https:\/\/yoast.com\/wordpress\/plugins\/seo\/ -->\n<title>Une mani\u00e8re originale de traverser l\u2019hiver \u00e0 v\u00e9lo - CanadaMotorJobs.com<\/title>\n<meta name=\"description\" content=\"Une mani\u00e8re originale de traverser l\u2019hiver \u00e0 v\u00e9lo - Benoit Charette - Annuel automobile - CanadaMotorJobs.com.\" \/>\n<meta name=\"robots\" content=\"index, follow, max-snippet:-1, max-image-preview:large, max-video-preview:-1\" \/>\n<meta property=\"og:locale\" content=\"fr_CA\" \/>\n<meta property=\"og:type\" content=\"article\" \/>\n<meta property=\"og:title\" content=\"Une mani\u00e8re originale de traverser l\u2019hiver \u00e0 v\u00e9lo - CanadaMotorJobs.com\" \/>\n<meta property=\"og:description\" content=\"Une mani\u00e8re originale de traverser l\u2019hiver \u00e0 v\u00e9lo - Benoit Charette - Annuel automobile - CanadaMotorJobs.com.\" \/>\n<meta property=\"og:url\" content=\"https:\/\/news.canadamotorjobs.com\/fr\/une-maniere-originale-de-traverser-lhiver-a-velo\/\" \/>\n<meta property=\"og:site_name\" content=\"CanadaMotorJobs.com\" \/>\n<meta property=\"article:publisher\" content=\"https:\/\/www.facebook.com\/canadamotorjobs\/\" \/>\n<meta property=\"article:published_time\" content=\"2022-12-26T14:07:50+00:00\" \/>\n<meta property=\"article:modified_time\" content=\"2022-12-26T14:16:16+00:00\" \/>\n<meta property=\"og:image\" content=\"https:\/\/news.canadamotorjobs.com\/wp-content\/uploads\/2022\/12\/cinq-meilleures-velo-electrique-chasse-neige-002-1.jpg\" \/>\n\t<meta property=\"og:image:width\" content=\"1200\" \/>\n\t<meta property=\"og:image:height\" content=\"800\" \/>\n\t<meta property=\"og:image:type\" content=\"image\/jpeg\" \/>\n<meta name=\"author\" content=\"Benoit Charette\" \/>\n<meta name=\"twitter:card\" content=\"summary_large_image\" \/>\n<meta name=\"twitter:creator\" content=\"@canadamotorjobs\" \/>\n<meta name=\"twitter:site\" content=\"@canadamotorjobs\" \/>\n<meta name=\"twitter:label1\" content=\"\u00c9crit par\" \/>\n\t<meta name=\"twitter:data1\" content=\"Benoit Charette\" \/>\n\t<meta name=\"twitter:label2\" content=\"Estimation du temps de lecture\" \/>\n\t<meta name=\"twitter:data2\" content=\"1 minute\" \/>\n<!-- \/ Yoast SEO plugin. -->","yoast_head_json":{"title":"Une mani\u00e8re originale de traverser l\u2019hiver \u00e0 v\u00e9lo - CanadaMotorJobs.com","description":"Une mani\u00e8re originale de traverser l\u2019hiver \u00e0 v\u00e9lo - Benoit Charette - Annuel automobile - CanadaMotorJobs.com.","robots":{"index":"index","follow":"follow","max-snippet":"max-snippet:-1","max-image-preview":"max-image-preview:large","max-video-preview":"max-video-preview:-1"},"og_locale":"fr_CA","og_type":"article","og_title":"Une mani\u00e8re originale de traverser l\u2019hiver \u00e0 v\u00e9lo - CanadaMotorJobs.com","og_description":"Une mani\u00e8re originale de traverser l\u2019hiver \u00e0 v\u00e9lo - Benoit Charette - Annuel automobile - CanadaMotorJobs.com.","og_url":"https:\/\/news.canadamotorjobs.com\/fr\/une-maniere-originale-de-traverser-lhiver-a-velo\/","og_site_name":"CanadaMotorJobs.com","article_publisher":"https:\/\/www.facebook.com\/canadamotorjobs\/","article_published_time":"2022-12-26T14:07:50+00:00","article_modified_time":"2022-12-26T14:16:16+00:00","og_image":[{"width":1200,"height":800,"url":"https:\/\/news.canadamotorjobs.com\/wp-content\/uploads\/2022\/12\/cinq-meilleures-velo-electrique-chasse-neige-002-1.jpg","type":"image\/jpeg"}],"author":"Benoit Charette","twitter_card":"summary_large_image","twitter_creator":"@canadamotorjobs","twitter_site":"@canadamotorjobs","twitter_misc":{"\u00c9crit par":"Benoit Charette","Estimation du temps de lecture":"1 minute"},"schema":{"@context":"https:\/\/schema.org","@graph":[{"@type":"Article","@id":"https:\/\/news.canadamotorjobs.com\/fr\/une-maniere-originale-de-traverser-lhiver-a-velo\/#article","isPartOf":{"@id":"https:\/\/news.canadamotorjobs.com\/fr\/une-maniere-originale-de-traverser-lhiver-a-velo\/"},"author":{"name":"Benoit Charette","@id":"https:\/\/news.canadamotorjobs.com\/#\/schema\/person\/51793d1f87d44011d7bcc2ed99269a90"},"headline":"Une mani\u00e8re originale de traverser l\u2019hiver \u00e0 v\u00e9lo","datePublished":"2022-12-26T14:07:50+00:00","dateModified":"2022-12-26T14:16:16+00:00","mainEntityOfPage":{"@id":"https:\/\/news.canadamotorjobs.com\/fr\/une-maniere-originale-de-traverser-lhiver-a-velo\/"},"wordCount":305,"publisher":{"@id":"https:\/\/news.canadamotorjobs.com\/#organization"},"image":{"@id":"https:\/\/news.canadamotorjobs.com\/fr\/une-maniere-originale-de-traverser-lhiver-a-velo\/#primaryimage"},"thumbnailUrl":"https:\/\/news.canadamotorjobs.com\/wp-content\/uploads\/2022\/12\/cinq-meilleures-velo-electrique-chasse-neige-002-1.jpg","articleSection":["Annuel automobile"],"inLanguage":"fr-CA"},{"@type":"WebPage","@id":"https:\/\/news.canadamotorjobs.com\/fr\/une-maniere-originale-de-traverser-lhiver-a-velo\/","url":"https:\/\/news.canadamotorjobs.com\/fr\/une-maniere-originale-de-traverser-lhiver-a-velo\/","name":"Une mani\u00e8re originale de traverser l\u2019hiver \u00e0 v\u00e9lo - CanadaMotorJobs.com","isPartOf":{"@id":"https:\/\/news.canadamotorjobs.com\/#website"},"primaryImageOfPage":{"@id":"https:\/\/news.canadamotorjobs.com\/fr\/une-maniere-originale-de-traverser-lhiver-a-velo\/#primaryimage"},"image":{"@id":"https:\/\/news.canadamotorjobs.com\/fr\/une-maniere-originale-de-traverser-lhiver-a-velo\/#primaryimage"},"thumbnailUrl":"https:\/\/news.canadamotorjobs.com\/wp-content\/uploads\/2022\/12\/cinq-meilleures-velo-electrique-chasse-neige-002-1.jpg","datePublished":"2022-12-26T14:07:50+00:00","dateModified":"2022-12-26T14:16:16+00:00","description":"Une mani\u00e8re originale de traverser l\u2019hiver \u00e0 v\u00e9lo - Benoit Charette - Annuel automobile - CanadaMotorJobs.com.","breadcrumb":{"@id":"https:\/\/news.canadamotorjobs.com\/fr\/une-maniere-originale-de-traverser-lhiver-a-velo\/#breadcrumb"},"inLanguage":"fr-CA","potentialAction":[{"@type":"ReadAction","target":["https:\/\/news.canadamotorjobs.com\/fr\/une-maniere-originale-de-traverser-lhiver-a-velo\/"]}]},{"@type":"ImageObject","inLanguage":"fr-CA","@id":"https:\/\/news.canadamotorjobs.com\/fr\/une-maniere-originale-de-traverser-lhiver-a-velo\/#primaryimage","url":"https:\/\/news.canadamotorjobs.com\/wp-content\/uploads\/2022\/12\/cinq-meilleures-velo-electrique-chasse-neige-002-1.jpg","contentUrl":"https:\/\/news.canadamotorjobs.com\/wp-content\/uploads\/2022\/12\/cinq-meilleures-velo-electrique-chasse-neige-002-1.jpg","width":1200,"height":800},{"@type":"BreadcrumbList","@id":"https:\/\/news.canadamotorjobs.com\/fr\/une-maniere-originale-de-traverser-lhiver-a-velo\/#breadcrumb","itemListElement":[{"@type":"ListItem","position":1,"name":"Home","item":"https:\/\/news.canadamotorjobs.com\/fr\/blog\/"},{"@type":"ListItem","position":2,"name":"Une mani\u00e8re originale de traverser l\u2019hiver \u00e0 v\u00e9lo"}]},{"@type":"WebSite","@id":"https:\/\/news.canadamotorjobs.com\/#website","url":"https:\/\/news.canadamotorjobs.com\/","name":"CanadaMotorJobs.com","description":"Automotive Jobs","publisher":{"@id":"https:\/\/news.canadamotorjobs.com\/#organization"},"potentialAction":[{"@type":"SearchAction","target":{"@type":"EntryPoint","urlTemplate":"https:\/\/news.canadamotorjobs.com\/?s={search_term_string}"},"query-input":"required name=search_term_string"}],"inLanguage":"fr-CA"},{"@type":"Organization","@id":"https:\/\/news.canadamotorjobs.com\/#organization","name":"Canada Motor Jobs","url":"https:\/\/news.canadamotorjobs.com\/","logo":{"@type":"ImageObject","inLanguage":"fr-CA","@id":"https:\/\/news.canadamotorjobs.com\/#\/schema\/logo\/image\/","url":"https:\/\/news.canadamotorjobs.com\/wp-content\/uploads\/2022\/10\/logo-canada-motor-jobs-1.png","contentUrl":"https:\/\/news.canadamotorjobs.com\/wp-content\/uploads\/2022\/10\/logo-canada-motor-jobs-1.png","width":800,"height":400,"caption":"Canada Motor Jobs"},"image":{"@id":"https:\/\/news.canadamotorjobs.com\/#\/schema\/logo\/image\/"},"sameAs":["https:\/\/www.facebook.com\/canadamotorjobs\/","https:\/\/x.com\/canadamotorjobs","https:\/\/www.instagram.com\/canadamotorjobs\/","https:\/\/www.linkedin.com\/company\/canadamotorjobs"]},{"@type":"Person","@id":"https:\/\/news.canadamotorjobs.com\/#\/schema\/person\/51793d1f87d44011d7bcc2ed99269a90","name":"Benoit Charette","image":{"@type":"ImageObject","inLanguage":"fr-CA","@id":"https:\/\/news.canadamotorjobs.com\/#\/schema\/person\/image\/","url":"https:\/\/secure.gravatar.com\/avatar\/45f3d2eebcccd909668d7ce7ea7267b6?s=96&d=mm&r=g","contentUrl":"https:\/\/secure.gravatar.com\/avatar\/45f3d2eebcccd909668d7ce7ea7267b6?s=96&d=mm&r=g","caption":"Benoit Charette"},"description":"Benoit Charette \/ Propri\u00e9taire et r\u00e9dacteur en chef Benoit Charette pratique le journalisme automobile depuis bient\u00f4t 30 ans. Il a fait ses classes au c\u00f4t\u00e9 de Daniel H\u00e9raud et au Carnet de route de 1992 \u00e0 2001. Il est fondateur, copropri\u00e9taire et r\u00e9dacteur en chef de L\u2019Annuel de l\u2019automobile, qu\u2019il publie depuis 2001. Il a anim\u00e9 les \u00e9missions RPM et RPM+ sur V et les L\u00e9gendes de la route sur Historia. \u00c0 la radio depuis 1986, il reprend l\u2019antenne cette ann\u00e9e sur les ondes de Cogeco et participe pour la deuxi\u00e8me ann\u00e9e \u00e0 l\u2019\u00e9mission Passion Auto sur RDS en plus de mettre en ligne le site Web officiel de L\u2019Annuel de l\u2019automobile sur annuelauto.ca.","sameAs":["https:\/\/annuelauto.ca\/"],"url":"https:\/\/news.canadamotorjobs.com\/fr\/author\/benoit-charette\/"}]}},"_links":{"self":[{"href":"https:\/\/news.canadamotorjobs.com\/fr\/wp-json\/wp\/v2\/posts\/137420"}],"collection":[{"href":"https:\/\/news.canadamotorjobs.com\/fr\/wp-json\/wp\/v2\/posts"}],"about":[{"href":"https:\/\/news.canadamotorjobs.com\/fr\/wp-json\/wp\/v2\/types\/post"}],"author":[{"embeddable":true,"href":"https:\/\/news.canadamotorjobs.com\/fr\/wp-json\/wp\/v2\/users\/8"}],"replies":[{"embeddable":true,"href":"https:\/\/news.canadamotorjobs.com\/fr\/wp-json\/wp\/v2\/comments?post=137420"}],"version-history":[{"count":0,"href":"https:\/\/news.canadamotorjobs.com\/fr\/wp-json\/wp\/v2\/posts\/137420\/revisions"}],"wp:featuredmedia":[{"embeddable":true,"href":"https:\/\/news.canadamotorjobs.com\/fr\/wp-json\/wp\/v2\/media\/137424"}],"wp:attachment":[{"href":"https:\/\/news.canadamotorjobs.com\/fr\/wp-json\/wp\/v2\/media?parent=137420"}],"wp:term":[{"taxonomy":"category","embeddable":true,"href":"https:\/\/news.canadamotorjobs.com\/fr\/wp-json\/wp\/v2\/categories?post=137420"},{"taxonomy":"post_tag","embeddable":true,"href":"https:\/\/news.canadamotorjobs.com\/fr\/wp-json\/wp\/v2\/tags?post=137420"}],"curies":[{"name":"wp","href":"https:\/\/api.w.org\/{rel}","templated":true}]}}