{"id":137404,"date":"2022-12-25T10:39:49","date_gmt":"2022-12-25T15:39:49","guid":{"rendered":"https:\/\/news.canadamotorjobs.com\/la-deesse-emblematique-de-cadillac-refera-surface-apres-plus-de-60-ans-dabsence\/"},"modified":"2022-12-25T10:44:11","modified_gmt":"2022-12-25T15:44:11","slug":"la-deesse-emblematique-de-cadillac-refera-surface-apres-plus-de-60-ans-dabsence","status":"publish","type":"post","link":"https:\/\/news.canadamotorjobs.com\/fr\/la-deesse-emblematique-de-cadillac-refera-surface-apres-plus-de-60-ans-dabsence\/","title":{"rendered":"La D\u00e9esse embl\u00e9matique de Cadillac refera surface apr\u00e8s plus de 60 ans d\u2019absence"},"content":{"rendered":"<\/p>\n<p>Vue pour la derni\u00e8re fois sur l&#8217;Eldorado Brougham de 1959, la d\u00e9esse de Cadillac va revenir sur la prochaine Cadillac Cewlestiq.<br \/> Comme le Spirit of Ecstasy de Rolls-Royce<br \/> Autrefois incontournable sur les v\u00e9hicules de luxe de la marque, la d\u00e9esse est tomb\u00e9e en d\u00e9su\u00e9tude dans les ann\u00e9es 50. C&#8217;est le sculpteur Richard Wiquist, de GM Design, qui a \u00e9t\u00e9 charg\u00e9 de la remettre au go\u00fbt du jour pour le 21e si\u00e8cle. Cette mascotte spectaculaire appara\u00eetra exclusivement sur la Celestiq. On pourra aussi la voir sur le panneau de custode avant sur une pi\u00e8ce de garniture en aluminium billet\u00e9 qui a \u00e9t\u00e9 bross\u00e9e, polie et teint\u00e9e. La d\u00e9esse fait \u00e9galement une apparition pr\u00e8s du port de charge, mais de mani\u00e8re subtile. En branchant le v\u00e9hicule, les propri\u00e9taires remarqueront un embl\u00e8me de la D\u00e9esse allum\u00e9 au-dessus du port de charge, ce qui, selon Cadillac, est une &#8220;repr\u00e9sentation visuelle de la fa\u00e7on dont l&#8217;\u00e9lectrification est l&#8217;\u00e2me de Celestiq et de Cadillac dans son ensemble&#8221;.<br \/> Aussi \u00e0 l\u2019int\u00e9rieur<br \/> \u00c0 l&#8217;int\u00e9rieur, l&#8217;\u00e9l\u00e9gante d\u00e9esse fait partie du contr\u00f4leur d&#8217;infodivertissement. Ici, elle est envelopp\u00e9e de verre et dispose d&#8217;un \u00e9l\u00e9gant r\u00e9tro-\u00e9clairage. Le cadran en aluminium tourne ind\u00e9pendamment de la sculpture en verre, ce qui permet au symbole majestueux de rester droit \u00e0 tout moment.<br \/> Des d\u00e9buts dans les ann\u00e9es 30<br \/> En 1930, la sculpture originale \u00e9tait d\u00e9crite comme &#8220;l&#8217;esprit m\u00eame de la rapidit\u00e9 et de la puissance in\u00e9gal\u00e9es. Initialement, il n&#8217;\u00e9tait disponible que sur les mod\u00e8les haut de gamme \u00e0 seize cylindres, mais il a \u00e9t\u00e9 r\u00e9vis\u00e9<\/p>\n","protected":false},"excerpt":{"rendered":"<p>Vue pour la derni\u00e8re fois sur l&#8217;Eldorado Brougham de 1959, la d\u00e9esse de Cadillac va revenir sur la prochaine Cadillac Cewlestiq. Comme le Spirit of Ecstasy de Rolls-Royce Autrefois incontournable sur les v\u00e9hicules de luxe de la marque, la d\u00e9esse est tomb\u00e9e en d\u00e9su\u00e9tude dans les ann\u00e9es 50. C&#8217;est le sculpteur Richard Wiquist, de GM [&hellip;]<\/p>\n","protected":false},"author":8,"featured_media":137408,"comment_status":"close","ping_status":"closed","sticky":false,"template":"","format":"standard","meta":{"_monsterinsights_skip_tracking":false,"_monsterinsights_sitenote_active":false,"_monsterinsights_sitenote_note":"","_monsterinsights_sitenote_category":0,"footnotes":""},"categories":[101],"tags":[],"yoast_head":"<!-- This site is optimized with the Yoast SEO plugin v23.2 - https:\/\/yoast.com\/wordpress\/plugins\/seo\/ -->\n<title>La D\u00e9esse embl\u00e9matique de Cadillac refera surface apr\u00e8s plus de 60 ans d\u2019absence - CanadaMotorJobs.com<\/title>\n<meta name=\"description\" content=\"La D\u00e9esse embl\u00e9matique de Cadillac refera surface apr\u00e8s plus de 60 ans d\u2019absence - Benoit Charette - Annuel automobile - CanadaMotorJobs.com.\" \/>\n<meta name=\"robots\" content=\"index, follow, max-snippet:-1, max-image-preview:large, max-video-preview:-1\" \/>\n<meta property=\"og:locale\" content=\"fr_CA\" \/>\n<meta property=\"og:type\" content=\"article\" \/>\n<meta property=\"og:title\" content=\"La D\u00e9esse embl\u00e9matique de Cadillac refera surface apr\u00e8s plus de 60 ans d\u2019absence - CanadaMotorJobs.com\" \/>\n<meta property=\"og:description\" content=\"La D\u00e9esse embl\u00e9matique de Cadillac refera surface apr\u00e8s plus de 60 ans d\u2019absence - Benoit Charette - Annuel automobile - CanadaMotorJobs.com.\" \/>\n<meta property=\"og:url\" content=\"https:\/\/news.canadamotorjobs.com\/fr\/la-deesse-emblematique-de-cadillac-refera-surface-apres-plus-de-60-ans-dabsence\/\" \/>\n<meta property=\"og:site_name\" content=\"CanadaMotorJobs.com\" \/>\n<meta property=\"article:publisher\" content=\"https:\/\/www.facebook.com\/canadamotorjobs\/\" \/>\n<meta property=\"article:published_time\" content=\"2022-12-25T15:39:49+00:00\" \/>\n<meta property=\"article:modified_time\" content=\"2022-12-25T15:44:11+00:00\" \/>\n<meta property=\"og:image\" content=\"https:\/\/news.canadamotorjobs.com\/wp-content\/uploads\/2022\/12\/the-return-of-the-cadillac-goddess-1.jpg\" \/>\n\t<meta property=\"og:image:width\" content=\"1280\" \/>\n\t<meta property=\"og:image:height\" content=\"720\" \/>\n\t<meta property=\"og:image:type\" content=\"image\/jpeg\" \/>\n<meta name=\"author\" content=\"Benoit Charette\" \/>\n<meta name=\"twitter:card\" content=\"summary_large_image\" \/>\n<meta name=\"twitter:creator\" content=\"@canadamotorjobs\" \/>\n<meta name=\"twitter:site\" content=\"@canadamotorjobs\" \/>\n<meta name=\"twitter:label1\" content=\"\u00c9crit par\" \/>\n\t<meta name=\"twitter:data1\" content=\"Benoit Charette\" \/>\n\t<meta name=\"twitter:label2\" content=\"Estimation du temps de lecture\" \/>\n\t<meta name=\"twitter:data2\" content=\"1 minute\" \/>\n<!-- \/ Yoast SEO plugin. -->","yoast_head_json":{"title":"La D\u00e9esse embl\u00e9matique de Cadillac refera surface apr\u00e8s plus de 60 ans d\u2019absence - CanadaMotorJobs.com","description":"La D\u00e9esse embl\u00e9matique de Cadillac refera surface apr\u00e8s plus de 60 ans d\u2019absence - Benoit Charette - Annuel automobile - CanadaMotorJobs.com.","robots":{"index":"index","follow":"follow","max-snippet":"max-snippet:-1","max-image-preview":"max-image-preview:large","max-video-preview":"max-video-preview:-1"},"og_locale":"fr_CA","og_type":"article","og_title":"La D\u00e9esse embl\u00e9matique de Cadillac refera surface apr\u00e8s plus de 60 ans d\u2019absence - CanadaMotorJobs.com","og_description":"La D\u00e9esse embl\u00e9matique de Cadillac refera surface apr\u00e8s plus de 60 ans d\u2019absence - Benoit Charette - Annuel automobile - CanadaMotorJobs.com.","og_url":"https:\/\/news.canadamotorjobs.com\/fr\/la-deesse-emblematique-de-cadillac-refera-surface-apres-plus-de-60-ans-dabsence\/","og_site_name":"CanadaMotorJobs.com","article_publisher":"https:\/\/www.facebook.com\/canadamotorjobs\/","article_published_time":"2022-12-25T15:39:49+00:00","article_modified_time":"2022-12-25T15:44:11+00:00","og_image":[{"width":1280,"height":720,"url":"https:\/\/news.canadamotorjobs.com\/wp-content\/uploads\/2022\/12\/the-return-of-the-cadillac-goddess-1.jpg","type":"image\/jpeg"}],"author":"Benoit Charette","twitter_card":"summary_large_image","twitter_creator":"@canadamotorjobs","twitter_site":"@canadamotorjobs","twitter_misc":{"\u00c9crit par":"Benoit Charette","Estimation du temps de lecture":"1 minute"},"schema":{"@context":"https:\/\/schema.org","@graph":[{"@type":"Article","@id":"https:\/\/news.canadamotorjobs.com\/fr\/la-deesse-emblematique-de-cadillac-refera-surface-apres-plus-de-60-ans-dabsence\/#article","isPartOf":{"@id":"https:\/\/news.canadamotorjobs.com\/fr\/la-deesse-emblematique-de-cadillac-refera-surface-apres-plus-de-60-ans-dabsence\/"},"author":{"name":"Benoit Charette","@id":"https:\/\/news.canadamotorjobs.com\/#\/schema\/person\/51793d1f87d44011d7bcc2ed99269a90"},"headline":"La D\u00e9esse embl\u00e9matique de Cadillac refera surface apr\u00e8s plus de 60 ans d\u2019absence","datePublished":"2022-12-25T15:39:49+00:00","dateModified":"2022-12-25T15:44:11+00:00","mainEntityOfPage":{"@id":"https:\/\/news.canadamotorjobs.com\/fr\/la-deesse-emblematique-de-cadillac-refera-surface-apres-plus-de-60-ans-dabsence\/"},"wordCount":310,"publisher":{"@id":"https:\/\/news.canadamotorjobs.com\/#organization"},"image":{"@id":"https:\/\/news.canadamotorjobs.com\/fr\/la-deesse-emblematique-de-cadillac-refera-surface-apres-plus-de-60-ans-dabsence\/#primaryimage"},"thumbnailUrl":"https:\/\/news.canadamotorjobs.com\/wp-content\/uploads\/2022\/12\/the-return-of-the-cadillac-goddess-1.jpg","articleSection":["Annuel automobile"],"inLanguage":"fr-CA"},{"@type":"WebPage","@id":"https:\/\/news.canadamotorjobs.com\/fr\/la-deesse-emblematique-de-cadillac-refera-surface-apres-plus-de-60-ans-dabsence\/","url":"https:\/\/news.canadamotorjobs.com\/fr\/la-deesse-emblematique-de-cadillac-refera-surface-apres-plus-de-60-ans-dabsence\/","name":"La D\u00e9esse embl\u00e9matique de Cadillac refera surface apr\u00e8s plus de 60 ans d\u2019absence - CanadaMotorJobs.com","isPartOf":{"@id":"https:\/\/news.canadamotorjobs.com\/#website"},"primaryImageOfPage":{"@id":"https:\/\/news.canadamotorjobs.com\/fr\/la-deesse-emblematique-de-cadillac-refera-surface-apres-plus-de-60-ans-dabsence\/#primaryimage"},"image":{"@id":"https:\/\/news.canadamotorjobs.com\/fr\/la-deesse-emblematique-de-cadillac-refera-surface-apres-plus-de-60-ans-dabsence\/#primaryimage"},"thumbnailUrl":"https:\/\/news.canadamotorjobs.com\/wp-content\/uploads\/2022\/12\/the-return-of-the-cadillac-goddess-1.jpg","datePublished":"2022-12-25T15:39:49+00:00","dateModified":"2022-12-25T15:44:11+00:00","description":"La D\u00e9esse embl\u00e9matique de Cadillac refera surface apr\u00e8s plus de 60 ans d\u2019absence - Benoit Charette - Annuel automobile - CanadaMotorJobs.com.","breadcrumb":{"@id":"https:\/\/news.canadamotorjobs.com\/fr\/la-deesse-emblematique-de-cadillac-refera-surface-apres-plus-de-60-ans-dabsence\/#breadcrumb"},"inLanguage":"fr-CA","potentialAction":[{"@type":"ReadAction","target":["https:\/\/news.canadamotorjobs.com\/fr\/la-deesse-emblematique-de-cadillac-refera-surface-apres-plus-de-60-ans-dabsence\/"]}]},{"@type":"ImageObject","inLanguage":"fr-CA","@id":"https:\/\/news.canadamotorjobs.com\/fr\/la-deesse-emblematique-de-cadillac-refera-surface-apres-plus-de-60-ans-dabsence\/#primaryimage","url":"https:\/\/news.canadamotorjobs.com\/wp-content\/uploads\/2022\/12\/the-return-of-the-cadillac-goddess-1.jpg","contentUrl":"https:\/\/news.canadamotorjobs.com\/wp-content\/uploads\/2022\/12\/the-return-of-the-cadillac-goddess-1.jpg","width":1280,"height":720},{"@type":"BreadcrumbList","@id":"https:\/\/news.canadamotorjobs.com\/fr\/la-deesse-emblematique-de-cadillac-refera-surface-apres-plus-de-60-ans-dabsence\/#breadcrumb","itemListElement":[{"@type":"ListItem","position":1,"name":"Home","item":"https:\/\/news.canadamotorjobs.com\/fr\/blog\/"},{"@type":"ListItem","position":2,"name":"La D\u00e9esse embl\u00e9matique de Cadillac refera surface apr\u00e8s plus de 60 ans d\u2019absence"}]},{"@type":"WebSite","@id":"https:\/\/news.canadamotorjobs.com\/#website","url":"https:\/\/news.canadamotorjobs.com\/","name":"CanadaMotorJobs.com","description":"Automotive Jobs","publisher":{"@id":"https:\/\/news.canadamotorjobs.com\/#organization"},"potentialAction":[{"@type":"SearchAction","target":{"@type":"EntryPoint","urlTemplate":"https:\/\/news.canadamotorjobs.com\/?s={search_term_string}"},"query-input":"required name=search_term_string"}],"inLanguage":"fr-CA"},{"@type":"Organization","@id":"https:\/\/news.canadamotorjobs.com\/#organization","name":"Canada Motor Jobs","url":"https:\/\/news.canadamotorjobs.com\/","logo":{"@type":"ImageObject","inLanguage":"fr-CA","@id":"https:\/\/news.canadamotorjobs.com\/#\/schema\/logo\/image\/","url":"https:\/\/news.canadamotorjobs.com\/wp-content\/uploads\/2022\/10\/logo-canada-motor-jobs-1.png","contentUrl":"https:\/\/news.canadamotorjobs.com\/wp-content\/uploads\/2022\/10\/logo-canada-motor-jobs-1.png","width":800,"height":400,"caption":"Canada Motor Jobs"},"image":{"@id":"https:\/\/news.canadamotorjobs.com\/#\/schema\/logo\/image\/"},"sameAs":["https:\/\/www.facebook.com\/canadamotorjobs\/","https:\/\/x.com\/canadamotorjobs","https:\/\/www.instagram.com\/canadamotorjobs\/","https:\/\/www.linkedin.com\/company\/canadamotorjobs"]},{"@type":"Person","@id":"https:\/\/news.canadamotorjobs.com\/#\/schema\/person\/51793d1f87d44011d7bcc2ed99269a90","name":"Benoit Charette","image":{"@type":"ImageObject","inLanguage":"fr-CA","@id":"https:\/\/news.canadamotorjobs.com\/#\/schema\/person\/image\/","url":"https:\/\/secure.gravatar.com\/avatar\/45f3d2eebcccd909668d7ce7ea7267b6?s=96&d=mm&r=g","contentUrl":"https:\/\/secure.gravatar.com\/avatar\/45f3d2eebcccd909668d7ce7ea7267b6?s=96&d=mm&r=g","caption":"Benoit Charette"},"description":"Benoit Charette \/ Propri\u00e9taire et r\u00e9dacteur en chef Benoit Charette pratique le journalisme automobile depuis bient\u00f4t 30 ans. Il a fait ses classes au c\u00f4t\u00e9 de Daniel H\u00e9raud et au Carnet de route de 1992 \u00e0 2001. Il est fondateur, copropri\u00e9taire et r\u00e9dacteur en chef de L\u2019Annuel de l\u2019automobile, qu\u2019il publie depuis 2001. Il a anim\u00e9 les \u00e9missions RPM et RPM+ sur V et les L\u00e9gendes de la route sur Historia. \u00c0 la radio depuis 1986, il reprend l\u2019antenne cette ann\u00e9e sur les ondes de Cogeco et participe pour la deuxi\u00e8me ann\u00e9e \u00e0 l\u2019\u00e9mission Passion Auto sur RDS en plus de mettre en ligne le site Web officiel de L\u2019Annuel de l\u2019automobile sur annuelauto.ca.","sameAs":["https:\/\/annuelauto.ca\/"],"url":"https:\/\/news.canadamotorjobs.com\/fr\/author\/benoit-charette\/"}]}},"_links":{"self":[{"href":"https:\/\/news.canadamotorjobs.com\/fr\/wp-json\/wp\/v2\/posts\/137404"}],"collection":[{"href":"https:\/\/news.canadamotorjobs.com\/fr\/wp-json\/wp\/v2\/posts"}],"about":[{"href":"https:\/\/news.canadamotorjobs.com\/fr\/wp-json\/wp\/v2\/types\/post"}],"author":[{"embeddable":true,"href":"https:\/\/news.canadamotorjobs.com\/fr\/wp-json\/wp\/v2\/users\/8"}],"replies":[{"embeddable":true,"href":"https:\/\/news.canadamotorjobs.com\/fr\/wp-json\/wp\/v2\/comments?post=137404"}],"version-history":[{"count":0,"href":"https:\/\/news.canadamotorjobs.com\/fr\/wp-json\/wp\/v2\/posts\/137404\/revisions"}],"wp:featuredmedia":[{"embeddable":true,"href":"https:\/\/news.canadamotorjobs.com\/fr\/wp-json\/wp\/v2\/media\/137408"}],"wp:attachment":[{"href":"https:\/\/news.canadamotorjobs.com\/fr\/wp-json\/wp\/v2\/media?parent=137404"}],"wp:term":[{"taxonomy":"category","embeddable":true,"href":"https:\/\/news.canadamotorjobs.com\/fr\/wp-json\/wp\/v2\/categories?post=137404"},{"taxonomy":"post_tag","embeddable":true,"href":"https:\/\/news.canadamotorjobs.com\/fr\/wp-json\/wp\/v2\/tags?post=137404"}],"curies":[{"name":"wp","href":"https:\/\/api.w.org\/{rel}","templated":true}]}}