{"id":137388,"date":"2022-12-24T07:51:09","date_gmt":"2022-12-24T12:51:09","guid":{"rendered":"https:\/\/news.canadamotorjobs.com\/tous-les-vehicules-electriques-vendus-au-canada-doivent-faire-du-bruit\/"},"modified":"2022-12-28T15:55:06","modified_gmt":"2022-12-28T20:55:06","slug":"tous-les-vehicules-electriques-vendus-au-canada-doivent-faire-du-bruit","status":"publish","type":"post","link":"https:\/\/news.canadamotorjobs.com\/fr\/tous-les-vehicules-electriques-vendus-au-canada-doivent-faire-du-bruit\/","title":{"rendered":"Tous les v\u00e9hicules \u00e9lectriques vendus au Canada doivent faire du bruit"},"content":{"rendered":"<p>Tous les v\u00e9hicules \u00e9lectrifi\u00e9s vendus neufs au Canada devront \u00eatre \u00e9quip\u00e9s d&#8217;\u00e9metteurs de sons \u00e0 basse vitesse. Un niveau minimum de bruit sera impos\u00e9. Cette nouvelle exigence est entr\u00e9e en vigueur le 21 d\u00e9cembre. La plupart des v\u00e9hicules hybrides, hybrides rechargeables et \u00e9lectriques poss\u00e8dent d\u00e9j\u00e0 un dispositif qui produit un certain type de bruit lorsqu&#8217;ils roulent \u00e0 basse vitesse. Le ministre des Transports, Omar Alghabra, modifiera le R\u00e8glement sur la s\u00e9curit\u00e9 des v\u00e9hicules automobiles afin d&#8217;imposer des niveaux sonores minimums aux v\u00e9hicules hybrides et \u00e9lectriques.<\/p>\n<h3>Une plus grande s\u00e9curit\u00e9<\/h3>\n<p>L&#8217;objectif derri\u00e8re ce changement est simple : la s\u00e9curit\u00e9. Comme nous le savons tous, les moteurs \u00e9lectriques produisent tr\u00e8s peu de bruit \u00e0 basse vitesse, ou \u00e0 n&#8217;importe quelle vitesse, comparativement \u00e0 un moteur \u00e0 combustion interne. La plupart des v\u00e9hicules hybrides, ceux de Toyota par exemple, produisent un bruit distinct et audible \u00e0 basse vitesse. Les v\u00e9hicules \u00e9lectriques aussi, en g\u00e9n\u00e9ral, produisent une certaine forme de bruit lorsqu&#8217;ils sont en mouvement, en particulier lorsqu&#8217;ils font marche arri\u00e8re.<\/p>\n<p>Depuis 21 d\u00e9cembre 2022, tous les v\u00e9hicules \u00e9lectrifi\u00e9s vendus neufs au Canada doivent \u00eatre \u00e9quip\u00e9s d&#8217;\u00e9metteurs de sons \u00e0 basse vitesse. Il n&#8217;y a pas d&#8217;exigences sp\u00e9cifiques quant au type de son, tant que le volume et la hauteur du son permettent aux autres usagers de la route d&#8217;entendre quelque chose si un v\u00e9hicule acc\u00e9l\u00e8re ou ralentit.<\/p>\n<p>Avec des renseignements de Motor Illustrated<\/p>\n<p>Le texte <a href=\"https:\/\/annuelauto.ca\/tous-les-vehicules-electriques-vendus-au-canada-doivent-faire-du-bruit\/\" rel=\"nofollow\">Tous les v\u00e9hicules \u00e9lectriques vendus au Canada doivent faire du bruit<\/a> provient de <a href=\"https:\/\/annuelauto.ca\" rel=\"nofollow\">L&#8217;annuel de<\/a><\/p>\n","protected":false},"excerpt":{"rendered":"<p>Tous les v\u00e9hicules \u00e9lectrifi\u00e9s vendus neufs au Canada devront \u00eatre \u00e9quip\u00e9s d&#8217;\u00e9metteurs de sons \u00e0 basse vitesse. Un niveau minimum de bruit sera impos\u00e9. Cette nouvelle exigence est entr\u00e9e en vigueur le 21 d\u00e9cembre. La plupart des v\u00e9hicules hybrides, hybrides rechargeables et \u00e9lectriques poss\u00e8dent d\u00e9j\u00e0 un dispositif qui produit un certain type de bruit lorsqu&#8217;ils [&hellip;]<\/p>\n","protected":false},"author":8,"featured_media":137392,"comment_status":"close","ping_status":"closed","sticky":false,"template":"","format":"standard","meta":{"_monsterinsights_skip_tracking":false,"_monsterinsights_sitenote_active":false,"_monsterinsights_sitenote_note":"","_monsterinsights_sitenote_category":0,"footnotes":""},"categories":[101],"tags":[],"yoast_head":"<!-- This site is optimized with the Yoast SEO plugin v23.2 - https:\/\/yoast.com\/wordpress\/plugins\/seo\/ -->\n<title>Tous les v\u00e9hicules \u00e9lectriques vendus au Canada doivent faire du bruit - CanadaMotorJobs.com<\/title>\n<meta name=\"description\" content=\"Tous les v\u00e9hicules \u00e9lectriques vendus au Canada doivent faire du bruit - Benoit Charette - Annuel automobile - CanadaMotorJobs.com.\" \/>\n<meta name=\"robots\" content=\"index, follow, max-snippet:-1, max-image-preview:large, max-video-preview:-1\" \/>\n<meta property=\"og:locale\" content=\"fr_CA\" \/>\n<meta property=\"og:type\" content=\"article\" \/>\n<meta property=\"og:title\" content=\"Tous les v\u00e9hicules \u00e9lectriques vendus au Canada doivent faire du bruit - CanadaMotorJobs.com\" \/>\n<meta property=\"og:description\" content=\"Tous les v\u00e9hicules \u00e9lectriques vendus au Canada doivent faire du bruit - Benoit Charette - Annuel automobile - CanadaMotorJobs.com.\" \/>\n<meta property=\"og:url\" content=\"https:\/\/news.canadamotorjobs.com\/fr\/tous-les-vehicules-electriques-vendus-au-canada-doivent-faire-du-bruit\/\" \/>\n<meta property=\"og:site_name\" content=\"CanadaMotorJobs.com\" \/>\n<meta property=\"article:publisher\" content=\"https:\/\/www.facebook.com\/canadamotorjobs\/\" \/>\n<meta property=\"article:published_time\" content=\"2022-12-24T12:51:09+00:00\" \/>\n<meta property=\"article:modified_time\" content=\"2022-12-28T20:55:06+00:00\" \/>\n<meta property=\"og:image\" content=\"https:\/\/news.canadamotorjobs.com\/wp-content\/uploads\/2022\/12\/nissan-leaf-plus-2019-1.jpg\" \/>\n\t<meta property=\"og:image:width\" content=\"1200\" \/>\n\t<meta property=\"og:image:height\" content=\"800\" \/>\n\t<meta property=\"og:image:type\" content=\"image\/jpeg\" \/>\n<meta name=\"author\" content=\"Benoit Charette\" \/>\n<meta name=\"twitter:card\" content=\"summary_large_image\" \/>\n<meta name=\"twitter:creator\" content=\"@canadamotorjobs\" \/>\n<meta name=\"twitter:site\" content=\"@canadamotorjobs\" \/>\n<meta name=\"twitter:label1\" content=\"\u00c9crit par\" \/>\n\t<meta name=\"twitter:data1\" content=\"Benoit Charette\" \/>\n\t<meta name=\"twitter:label2\" content=\"Estimation du temps de lecture\" \/>\n\t<meta name=\"twitter:data2\" content=\"2 minutes\" \/>\n<!-- \/ Yoast SEO plugin. -->","yoast_head_json":{"title":"Tous les v\u00e9hicules \u00e9lectriques vendus au Canada doivent faire du bruit - CanadaMotorJobs.com","description":"Tous les v\u00e9hicules \u00e9lectriques vendus au Canada doivent faire du bruit - Benoit Charette - Annuel automobile - CanadaMotorJobs.com.","robots":{"index":"index","follow":"follow","max-snippet":"max-snippet:-1","max-image-preview":"max-image-preview:large","max-video-preview":"max-video-preview:-1"},"og_locale":"fr_CA","og_type":"article","og_title":"Tous les v\u00e9hicules \u00e9lectriques vendus au Canada doivent faire du bruit - CanadaMotorJobs.com","og_description":"Tous les v\u00e9hicules \u00e9lectriques vendus au Canada doivent faire du bruit - Benoit Charette - Annuel automobile - CanadaMotorJobs.com.","og_url":"https:\/\/news.canadamotorjobs.com\/fr\/tous-les-vehicules-electriques-vendus-au-canada-doivent-faire-du-bruit\/","og_site_name":"CanadaMotorJobs.com","article_publisher":"https:\/\/www.facebook.com\/canadamotorjobs\/","article_published_time":"2022-12-24T12:51:09+00:00","article_modified_time":"2022-12-28T20:55:06+00:00","og_image":[{"width":1200,"height":800,"url":"https:\/\/news.canadamotorjobs.com\/wp-content\/uploads\/2022\/12\/nissan-leaf-plus-2019-1.jpg","type":"image\/jpeg"}],"author":"Benoit Charette","twitter_card":"summary_large_image","twitter_creator":"@canadamotorjobs","twitter_site":"@canadamotorjobs","twitter_misc":{"\u00c9crit par":"Benoit Charette","Estimation du temps de lecture":"2 minutes"},"schema":{"@context":"https:\/\/schema.org","@graph":[{"@type":"Article","@id":"https:\/\/news.canadamotorjobs.com\/fr\/tous-les-vehicules-electriques-vendus-au-canada-doivent-faire-du-bruit\/#article","isPartOf":{"@id":"https:\/\/news.canadamotorjobs.com\/fr\/tous-les-vehicules-electriques-vendus-au-canada-doivent-faire-du-bruit\/"},"author":{"name":"Benoit Charette","@id":"https:\/\/news.canadamotorjobs.com\/#\/schema\/person\/51793d1f87d44011d7bcc2ed99269a90"},"headline":"Tous les v\u00e9hicules \u00e9lectriques vendus au Canada doivent faire du bruit","datePublished":"2022-12-24T12:51:09+00:00","dateModified":"2022-12-28T20:55:06+00:00","mainEntityOfPage":{"@id":"https:\/\/news.canadamotorjobs.com\/fr\/tous-les-vehicules-electriques-vendus-au-canada-doivent-faire-du-bruit\/"},"wordCount":289,"publisher":{"@id":"https:\/\/news.canadamotorjobs.com\/#organization"},"image":{"@id":"https:\/\/news.canadamotorjobs.com\/fr\/tous-les-vehicules-electriques-vendus-au-canada-doivent-faire-du-bruit\/#primaryimage"},"thumbnailUrl":"https:\/\/news.canadamotorjobs.com\/wp-content\/uploads\/2022\/12\/nissan-leaf-plus-2019-1.jpg","articleSection":["Annuel automobile"],"inLanguage":"fr-CA"},{"@type":"WebPage","@id":"https:\/\/news.canadamotorjobs.com\/fr\/tous-les-vehicules-electriques-vendus-au-canada-doivent-faire-du-bruit\/","url":"https:\/\/news.canadamotorjobs.com\/fr\/tous-les-vehicules-electriques-vendus-au-canada-doivent-faire-du-bruit\/","name":"Tous les v\u00e9hicules \u00e9lectriques vendus au Canada doivent faire du bruit - CanadaMotorJobs.com","isPartOf":{"@id":"https:\/\/news.canadamotorjobs.com\/#website"},"primaryImageOfPage":{"@id":"https:\/\/news.canadamotorjobs.com\/fr\/tous-les-vehicules-electriques-vendus-au-canada-doivent-faire-du-bruit\/#primaryimage"},"image":{"@id":"https:\/\/news.canadamotorjobs.com\/fr\/tous-les-vehicules-electriques-vendus-au-canada-doivent-faire-du-bruit\/#primaryimage"},"thumbnailUrl":"https:\/\/news.canadamotorjobs.com\/wp-content\/uploads\/2022\/12\/nissan-leaf-plus-2019-1.jpg","datePublished":"2022-12-24T12:51:09+00:00","dateModified":"2022-12-28T20:55:06+00:00","description":"Tous les v\u00e9hicules \u00e9lectriques vendus au Canada doivent faire du bruit - Benoit Charette - Annuel automobile - CanadaMotorJobs.com.","breadcrumb":{"@id":"https:\/\/news.canadamotorjobs.com\/fr\/tous-les-vehicules-electriques-vendus-au-canada-doivent-faire-du-bruit\/#breadcrumb"},"inLanguage":"fr-CA","potentialAction":[{"@type":"ReadAction","target":["https:\/\/news.canadamotorjobs.com\/fr\/tous-les-vehicules-electriques-vendus-au-canada-doivent-faire-du-bruit\/"]}]},{"@type":"ImageObject","inLanguage":"fr-CA","@id":"https:\/\/news.canadamotorjobs.com\/fr\/tous-les-vehicules-electriques-vendus-au-canada-doivent-faire-du-bruit\/#primaryimage","url":"https:\/\/news.canadamotorjobs.com\/wp-content\/uploads\/2022\/12\/nissan-leaf-plus-2019-1.jpg","contentUrl":"https:\/\/news.canadamotorjobs.com\/wp-content\/uploads\/2022\/12\/nissan-leaf-plus-2019-1.jpg","width":1200,"height":800},{"@type":"BreadcrumbList","@id":"https:\/\/news.canadamotorjobs.com\/fr\/tous-les-vehicules-electriques-vendus-au-canada-doivent-faire-du-bruit\/#breadcrumb","itemListElement":[{"@type":"ListItem","position":1,"name":"Home","item":"https:\/\/news.canadamotorjobs.com\/fr\/blog\/"},{"@type":"ListItem","position":2,"name":"Tous les v\u00e9hicules \u00e9lectriques vendus au Canada doivent faire du bruit"}]},{"@type":"WebSite","@id":"https:\/\/news.canadamotorjobs.com\/#website","url":"https:\/\/news.canadamotorjobs.com\/","name":"CanadaMotorJobs.com","description":"Automotive Jobs","publisher":{"@id":"https:\/\/news.canadamotorjobs.com\/#organization"},"potentialAction":[{"@type":"SearchAction","target":{"@type":"EntryPoint","urlTemplate":"https:\/\/news.canadamotorjobs.com\/?s={search_term_string}"},"query-input":"required name=search_term_string"}],"inLanguage":"fr-CA"},{"@type":"Organization","@id":"https:\/\/news.canadamotorjobs.com\/#organization","name":"Canada Motor Jobs","url":"https:\/\/news.canadamotorjobs.com\/","logo":{"@type":"ImageObject","inLanguage":"fr-CA","@id":"https:\/\/news.canadamotorjobs.com\/#\/schema\/logo\/image\/","url":"https:\/\/news.canadamotorjobs.com\/wp-content\/uploads\/2022\/10\/logo-canada-motor-jobs-1.png","contentUrl":"https:\/\/news.canadamotorjobs.com\/wp-content\/uploads\/2022\/10\/logo-canada-motor-jobs-1.png","width":800,"height":400,"caption":"Canada Motor Jobs"},"image":{"@id":"https:\/\/news.canadamotorjobs.com\/#\/schema\/logo\/image\/"},"sameAs":["https:\/\/www.facebook.com\/canadamotorjobs\/","https:\/\/x.com\/canadamotorjobs","https:\/\/www.instagram.com\/canadamotorjobs\/","https:\/\/www.linkedin.com\/company\/canadamotorjobs"]},{"@type":"Person","@id":"https:\/\/news.canadamotorjobs.com\/#\/schema\/person\/51793d1f87d44011d7bcc2ed99269a90","name":"Benoit Charette","image":{"@type":"ImageObject","inLanguage":"fr-CA","@id":"https:\/\/news.canadamotorjobs.com\/#\/schema\/person\/image\/","url":"https:\/\/secure.gravatar.com\/avatar\/45f3d2eebcccd909668d7ce7ea7267b6?s=96&d=mm&r=g","contentUrl":"https:\/\/secure.gravatar.com\/avatar\/45f3d2eebcccd909668d7ce7ea7267b6?s=96&d=mm&r=g","caption":"Benoit Charette"},"description":"Benoit Charette \/ Propri\u00e9taire et r\u00e9dacteur en chef Benoit Charette pratique le journalisme automobile depuis bient\u00f4t 30 ans. Il a fait ses classes au c\u00f4t\u00e9 de Daniel H\u00e9raud et au Carnet de route de 1992 \u00e0 2001. Il est fondateur, copropri\u00e9taire et r\u00e9dacteur en chef de L\u2019Annuel de l\u2019automobile, qu\u2019il publie depuis 2001. Il a anim\u00e9 les \u00e9missions RPM et RPM+ sur V et les L\u00e9gendes de la route sur Historia. \u00c0 la radio depuis 1986, il reprend l\u2019antenne cette ann\u00e9e sur les ondes de Cogeco et participe pour la deuxi\u00e8me ann\u00e9e \u00e0 l\u2019\u00e9mission Passion Auto sur RDS en plus de mettre en ligne le site Web officiel de L\u2019Annuel de l\u2019automobile sur annuelauto.ca.","sameAs":["https:\/\/annuelauto.ca\/"],"url":"https:\/\/news.canadamotorjobs.com\/fr\/author\/benoit-charette\/"}]}},"_links":{"self":[{"href":"https:\/\/news.canadamotorjobs.com\/fr\/wp-json\/wp\/v2\/posts\/137388"}],"collection":[{"href":"https:\/\/news.canadamotorjobs.com\/fr\/wp-json\/wp\/v2\/posts"}],"about":[{"href":"https:\/\/news.canadamotorjobs.com\/fr\/wp-json\/wp\/v2\/types\/post"}],"author":[{"embeddable":true,"href":"https:\/\/news.canadamotorjobs.com\/fr\/wp-json\/wp\/v2\/users\/8"}],"replies":[{"embeddable":true,"href":"https:\/\/news.canadamotorjobs.com\/fr\/wp-json\/wp\/v2\/comments?post=137388"}],"version-history":[{"count":0,"href":"https:\/\/news.canadamotorjobs.com\/fr\/wp-json\/wp\/v2\/posts\/137388\/revisions"}],"wp:featuredmedia":[{"embeddable":true,"href":"https:\/\/news.canadamotorjobs.com\/fr\/wp-json\/wp\/v2\/media\/137392"}],"wp:attachment":[{"href":"https:\/\/news.canadamotorjobs.com\/fr\/wp-json\/wp\/v2\/media?parent=137388"}],"wp:term":[{"taxonomy":"category","embeddable":true,"href":"https:\/\/news.canadamotorjobs.com\/fr\/wp-json\/wp\/v2\/categories?post=137388"},{"taxonomy":"post_tag","embeddable":true,"href":"https:\/\/news.canadamotorjobs.com\/fr\/wp-json\/wp\/v2\/tags?post=137388"}],"curies":[{"name":"wp","href":"https:\/\/api.w.org\/{rel}","templated":true}]}}