{"id":137378,"date":"2022-12-23T08:17:16","date_gmt":"2022-12-23T13:17:16","guid":{"rendered":"https:\/\/news.canadamotorjobs.com\/ac-va-ramener-la-cobra-sur-le-marche-en-2023\/"},"modified":"2022-12-23T10:17:38","modified_gmt":"2022-12-23T15:17:38","slug":"ac-va-ramener-la-cobra-sur-le-marche-en-2023","status":"publish","type":"post","link":"https:\/\/news.canadamotorjobs.com\/fr\/ac-va-ramener-la-cobra-sur-le-marche-en-2023\/","title":{"rendered":"AC va ramener la Cobra sur le march\u00e9 en 2023"},"content":{"rendered":"<p>AC Cars revient dans l\u2019ar\u00e8ne automobile au printemps 2023 avec une nouvelle g\u00e9n\u00e9ration de Cobra. Cette annonce co\u00efncidera avec le 122e anniversaire d&#8217;AC Cars qui est l&#8217;une des plus anciennes soci\u00e9t\u00e9s automobiles du Royaume-Uni, et c&#8217;est la soci\u00e9t\u00e9 dont la voiture de sport Ace est celle \u00e0 laquelle Carroll Shelby a inject\u00e9 la puissance d&#8217;un V-8 pour cr\u00e9er la l\u00e9gendaire Shelby Cobra en 1962.<\/p>\n<h3>Shelby et AC<\/h3>\n<p>La Shelby a \u00e9t\u00e9 commercialis\u00e9e sous le nom d&#8217;AC Cobra sur certains march\u00e9s, et AC a r\u00e9cemment commenc\u00e9 \u00e0 construire des r\u00e9pliques, dont certaines versions \u00e9lectriques. La nouvelle Cobra sur laquelle AC travaille s&#8217;appellera AC Cobra GT Roadster. Les premi\u00e8res informations indiquent que la voiture reprendra le style classique de la Cobra, mais AC a pr\u00e9cis\u00e9 qu&#8217;il y aura un nouveau ch\u00e2ssis en aluminium extrud\u00e9 et une carrosserie en mat\u00e9riaux composites de carbone. AC a \u00e9galement confirm\u00e9 un empattement de 101 pouces, soit environ 11 pouces de plus que l&#8217;original. Les soci\u00e9t\u00e9s italiennes Icona Design Group et Cecomp Spa ont particip\u00e9 au d\u00e9veloppement du ch\u00e2ssis.<\/p>\n<h3>Plus d\u2019espace<\/h3>\n<p>La taille suppl\u00e9mentaire devrait am\u00e9liorer la stabilit\u00e9 et la qualit\u00e9 de conduite, et AC a d\u00e9clar\u00e9 qu&#8217;il y aura toujours une excellente rigidit\u00e9 en torsion malgr\u00e9 la longueur suppl\u00e9mentaire. Des \u00e9quipements modernes tels que la climatisation, les vitres \u00e9lectriques et l\u2019infodivertissement permettront \u00e0 la voiture de s\u00e9duire une nouvelle g\u00e9n\u00e9ration d&#8217;acheteurs. Il y aura \u00e9galement de nombreuses options. Parmi celles dont nous avons connaissance, citons les si\u00e8ges en fibre de carbone, les garnitures en cuir et<\/p>\n","protected":false},"excerpt":{"rendered":"<p>AC Cars revient dans l\u2019ar\u00e8ne automobile au printemps 2023 avec une nouvelle g\u00e9n\u00e9ration de Cobra. Cette annonce co\u00efncidera avec le 122e anniversaire d&#8217;AC Cars qui est l&#8217;une des plus anciennes soci\u00e9t\u00e9s automobiles du Royaume-Uni, et c&#8217;est la soci\u00e9t\u00e9 dont la voiture de sport Ace est celle \u00e0 laquelle Carroll Shelby a inject\u00e9 la puissance d&#8217;un [&hellip;]<\/p>\n","protected":false},"author":8,"featured_media":137382,"comment_status":"close","ping_status":"closed","sticky":false,"template":"","format":"standard","meta":{"_monsterinsights_skip_tracking":false,"_monsterinsights_sitenote_active":false,"_monsterinsights_sitenote_note":"","_monsterinsights_sitenote_category":0,"footnotes":""},"categories":[101],"tags":[131],"yoast_head":"<!-- This site is optimized with the Yoast SEO plugin v23.2 - https:\/\/yoast.com\/wordpress\/plugins\/seo\/ -->\n<title>AC va ramener la Cobra sur le march\u00e9 en 2023 - CanadaMotorJobs.com<\/title>\n<meta name=\"description\" content=\"AC va ramener la Cobra sur le march\u00e9 en 2023 - Benoit Charette - Annuel automobile - CanadaMotorJobs.com.\" \/>\n<meta name=\"robots\" content=\"index, follow, max-snippet:-1, max-image-preview:large, max-video-preview:-1\" \/>\n<meta property=\"og:locale\" content=\"fr_CA\" \/>\n<meta property=\"og:type\" content=\"article\" \/>\n<meta property=\"og:title\" content=\"AC va ramener la Cobra sur le march\u00e9 en 2023 - CanadaMotorJobs.com\" \/>\n<meta property=\"og:description\" content=\"AC va ramener la Cobra sur le march\u00e9 en 2023 - Benoit Charette - Annuel automobile - CanadaMotorJobs.com.\" \/>\n<meta property=\"og:url\" content=\"https:\/\/news.canadamotorjobs.com\/fr\/ac-va-ramener-la-cobra-sur-le-marche-en-2023\/\" \/>\n<meta property=\"og:site_name\" content=\"CanadaMotorJobs.com\" \/>\n<meta property=\"article:publisher\" content=\"https:\/\/www.facebook.com\/canadamotorjobs\/\" \/>\n<meta property=\"article:published_time\" content=\"2022-12-23T13:17:16+00:00\" \/>\n<meta property=\"article:modified_time\" content=\"2022-12-23T15:17:38+00:00\" \/>\n<meta property=\"og:image\" content=\"https:\/\/news.canadamotorjobs.com\/wp-content\/uploads\/2022\/12\/2021-ac-cobra-1024x605_2834605_20221221155546-1.jpg\" \/>\n\t<meta property=\"og:image:width\" content=\"1000\" \/>\n\t<meta property=\"og:image:height\" content=\"591\" \/>\n\t<meta property=\"og:image:type\" content=\"image\/jpeg\" \/>\n<meta name=\"author\" content=\"Benoit Charette\" \/>\n<meta name=\"twitter:card\" content=\"summary_large_image\" \/>\n<meta name=\"twitter:creator\" content=\"@canadamotorjobs\" \/>\n<meta name=\"twitter:site\" content=\"@canadamotorjobs\" \/>\n<meta name=\"twitter:label1\" content=\"\u00c9crit par\" \/>\n\t<meta name=\"twitter:data1\" content=\"Benoit Charette\" \/>\n\t<meta name=\"twitter:label2\" content=\"Estimation du temps de lecture\" \/>\n\t<meta name=\"twitter:data2\" content=\"2 minutes\" \/>\n<!-- \/ Yoast SEO plugin. -->","yoast_head_json":{"title":"AC va ramener la Cobra sur le march\u00e9 en 2023 - CanadaMotorJobs.com","description":"AC va ramener la Cobra sur le march\u00e9 en 2023 - Benoit Charette - Annuel automobile - CanadaMotorJobs.com.","robots":{"index":"index","follow":"follow","max-snippet":"max-snippet:-1","max-image-preview":"max-image-preview:large","max-video-preview":"max-video-preview:-1"},"og_locale":"fr_CA","og_type":"article","og_title":"AC va ramener la Cobra sur le march\u00e9 en 2023 - CanadaMotorJobs.com","og_description":"AC va ramener la Cobra sur le march\u00e9 en 2023 - Benoit Charette - Annuel automobile - CanadaMotorJobs.com.","og_url":"https:\/\/news.canadamotorjobs.com\/fr\/ac-va-ramener-la-cobra-sur-le-marche-en-2023\/","og_site_name":"CanadaMotorJobs.com","article_publisher":"https:\/\/www.facebook.com\/canadamotorjobs\/","article_published_time":"2022-12-23T13:17:16+00:00","article_modified_time":"2022-12-23T15:17:38+00:00","og_image":[{"width":1000,"height":591,"url":"https:\/\/news.canadamotorjobs.com\/wp-content\/uploads\/2022\/12\/2021-ac-cobra-1024x605_2834605_20221221155546-1.jpg","type":"image\/jpeg"}],"author":"Benoit Charette","twitter_card":"summary_large_image","twitter_creator":"@canadamotorjobs","twitter_site":"@canadamotorjobs","twitter_misc":{"\u00c9crit par":"Benoit Charette","Estimation du temps de lecture":"2 minutes"},"schema":{"@context":"https:\/\/schema.org","@graph":[{"@type":"Article","@id":"https:\/\/news.canadamotorjobs.com\/fr\/ac-va-ramener-la-cobra-sur-le-marche-en-2023\/#article","isPartOf":{"@id":"https:\/\/news.canadamotorjobs.com\/fr\/ac-va-ramener-la-cobra-sur-le-marche-en-2023\/"},"author":{"name":"Benoit Charette","@id":"https:\/\/news.canadamotorjobs.com\/#\/schema\/person\/51793d1f87d44011d7bcc2ed99269a90"},"headline":"AC va ramener la Cobra sur le march\u00e9 en 2023","datePublished":"2022-12-23T13:17:16+00:00","dateModified":"2022-12-23T15:17:38+00:00","mainEntityOfPage":{"@id":"https:\/\/news.canadamotorjobs.com\/fr\/ac-va-ramener-la-cobra-sur-le-marche-en-2023\/"},"wordCount":294,"publisher":{"@id":"https:\/\/news.canadamotorjobs.com\/#organization"},"image":{"@id":"https:\/\/news.canadamotorjobs.com\/fr\/ac-va-ramener-la-cobra-sur-le-marche-en-2023\/#primaryimage"},"thumbnailUrl":"https:\/\/news.canadamotorjobs.com\/wp-content\/uploads\/2022\/12\/2021-ac-cobra-1024x605_2834605_20221221155546-1.jpg","keywords":["Newsletter"],"articleSection":["Annuel automobile"],"inLanguage":"fr-CA"},{"@type":"WebPage","@id":"https:\/\/news.canadamotorjobs.com\/fr\/ac-va-ramener-la-cobra-sur-le-marche-en-2023\/","url":"https:\/\/news.canadamotorjobs.com\/fr\/ac-va-ramener-la-cobra-sur-le-marche-en-2023\/","name":"AC va ramener la Cobra sur le march\u00e9 en 2023 - CanadaMotorJobs.com","isPartOf":{"@id":"https:\/\/news.canadamotorjobs.com\/#website"},"primaryImageOfPage":{"@id":"https:\/\/news.canadamotorjobs.com\/fr\/ac-va-ramener-la-cobra-sur-le-marche-en-2023\/#primaryimage"},"image":{"@id":"https:\/\/news.canadamotorjobs.com\/fr\/ac-va-ramener-la-cobra-sur-le-marche-en-2023\/#primaryimage"},"thumbnailUrl":"https:\/\/news.canadamotorjobs.com\/wp-content\/uploads\/2022\/12\/2021-ac-cobra-1024x605_2834605_20221221155546-1.jpg","datePublished":"2022-12-23T13:17:16+00:00","dateModified":"2022-12-23T15:17:38+00:00","description":"AC va ramener la Cobra sur le march\u00e9 en 2023 - Benoit Charette - Annuel automobile - CanadaMotorJobs.com.","breadcrumb":{"@id":"https:\/\/news.canadamotorjobs.com\/fr\/ac-va-ramener-la-cobra-sur-le-marche-en-2023\/#breadcrumb"},"inLanguage":"fr-CA","potentialAction":[{"@type":"ReadAction","target":["https:\/\/news.canadamotorjobs.com\/fr\/ac-va-ramener-la-cobra-sur-le-marche-en-2023\/"]}]},{"@type":"ImageObject","inLanguage":"fr-CA","@id":"https:\/\/news.canadamotorjobs.com\/fr\/ac-va-ramener-la-cobra-sur-le-marche-en-2023\/#primaryimage","url":"https:\/\/news.canadamotorjobs.com\/wp-content\/uploads\/2022\/12\/2021-ac-cobra-1024x605_2834605_20221221155546-1.jpg","contentUrl":"https:\/\/news.canadamotorjobs.com\/wp-content\/uploads\/2022\/12\/2021-ac-cobra-1024x605_2834605_20221221155546-1.jpg","width":1000,"height":591},{"@type":"BreadcrumbList","@id":"https:\/\/news.canadamotorjobs.com\/fr\/ac-va-ramener-la-cobra-sur-le-marche-en-2023\/#breadcrumb","itemListElement":[{"@type":"ListItem","position":1,"name":"Home","item":"https:\/\/news.canadamotorjobs.com\/fr\/blog\/"},{"@type":"ListItem","position":2,"name":"AC va ramener la Cobra sur le march\u00e9 en 2023"}]},{"@type":"WebSite","@id":"https:\/\/news.canadamotorjobs.com\/#website","url":"https:\/\/news.canadamotorjobs.com\/","name":"CanadaMotorJobs.com","description":"Automotive Jobs","publisher":{"@id":"https:\/\/news.canadamotorjobs.com\/#organization"},"potentialAction":[{"@type":"SearchAction","target":{"@type":"EntryPoint","urlTemplate":"https:\/\/news.canadamotorjobs.com\/?s={search_term_string}"},"query-input":"required name=search_term_string"}],"inLanguage":"fr-CA"},{"@type":"Organization","@id":"https:\/\/news.canadamotorjobs.com\/#organization","name":"Canada Motor Jobs","url":"https:\/\/news.canadamotorjobs.com\/","logo":{"@type":"ImageObject","inLanguage":"fr-CA","@id":"https:\/\/news.canadamotorjobs.com\/#\/schema\/logo\/image\/","url":"https:\/\/news.canadamotorjobs.com\/wp-content\/uploads\/2022\/10\/logo-canada-motor-jobs-1.png","contentUrl":"https:\/\/news.canadamotorjobs.com\/wp-content\/uploads\/2022\/10\/logo-canada-motor-jobs-1.png","width":800,"height":400,"caption":"Canada Motor Jobs"},"image":{"@id":"https:\/\/news.canadamotorjobs.com\/#\/schema\/logo\/image\/"},"sameAs":["https:\/\/www.facebook.com\/canadamotorjobs\/","https:\/\/x.com\/canadamotorjobs","https:\/\/www.instagram.com\/canadamotorjobs\/","https:\/\/www.linkedin.com\/company\/canadamotorjobs"]},{"@type":"Person","@id":"https:\/\/news.canadamotorjobs.com\/#\/schema\/person\/51793d1f87d44011d7bcc2ed99269a90","name":"Benoit Charette","image":{"@type":"ImageObject","inLanguage":"fr-CA","@id":"https:\/\/news.canadamotorjobs.com\/#\/schema\/person\/image\/","url":"https:\/\/secure.gravatar.com\/avatar\/45f3d2eebcccd909668d7ce7ea7267b6?s=96&d=mm&r=g","contentUrl":"https:\/\/secure.gravatar.com\/avatar\/45f3d2eebcccd909668d7ce7ea7267b6?s=96&d=mm&r=g","caption":"Benoit Charette"},"description":"Benoit Charette \/ Propri\u00e9taire et r\u00e9dacteur en chef Benoit Charette pratique le journalisme automobile depuis bient\u00f4t 30 ans. Il a fait ses classes au c\u00f4t\u00e9 de Daniel H\u00e9raud et au Carnet de route de 1992 \u00e0 2001. Il est fondateur, copropri\u00e9taire et r\u00e9dacteur en chef de L\u2019Annuel de l\u2019automobile, qu\u2019il publie depuis 2001. Il a anim\u00e9 les \u00e9missions RPM et RPM+ sur V et les L\u00e9gendes de la route sur Historia. \u00c0 la radio depuis 1986, il reprend l\u2019antenne cette ann\u00e9e sur les ondes de Cogeco et participe pour la deuxi\u00e8me ann\u00e9e \u00e0 l\u2019\u00e9mission Passion Auto sur RDS en plus de mettre en ligne le site Web officiel de L\u2019Annuel de l\u2019automobile sur annuelauto.ca.","sameAs":["https:\/\/annuelauto.ca\/"],"url":"https:\/\/news.canadamotorjobs.com\/fr\/author\/benoit-charette\/"}]}},"_links":{"self":[{"href":"https:\/\/news.canadamotorjobs.com\/fr\/wp-json\/wp\/v2\/posts\/137378"}],"collection":[{"href":"https:\/\/news.canadamotorjobs.com\/fr\/wp-json\/wp\/v2\/posts"}],"about":[{"href":"https:\/\/news.canadamotorjobs.com\/fr\/wp-json\/wp\/v2\/types\/post"}],"author":[{"embeddable":true,"href":"https:\/\/news.canadamotorjobs.com\/fr\/wp-json\/wp\/v2\/users\/8"}],"replies":[{"embeddable":true,"href":"https:\/\/news.canadamotorjobs.com\/fr\/wp-json\/wp\/v2\/comments?post=137378"}],"version-history":[{"count":0,"href":"https:\/\/news.canadamotorjobs.com\/fr\/wp-json\/wp\/v2\/posts\/137378\/revisions"}],"wp:featuredmedia":[{"embeddable":true,"href":"https:\/\/news.canadamotorjobs.com\/fr\/wp-json\/wp\/v2\/media\/137382"}],"wp:attachment":[{"href":"https:\/\/news.canadamotorjobs.com\/fr\/wp-json\/wp\/v2\/media?parent=137378"}],"wp:term":[{"taxonomy":"category","embeddable":true,"href":"https:\/\/news.canadamotorjobs.com\/fr\/wp-json\/wp\/v2\/categories?post=137378"},{"taxonomy":"post_tag","embeddable":true,"href":"https:\/\/news.canadamotorjobs.com\/fr\/wp-json\/wp\/v2\/tags?post=137378"}],"curies":[{"name":"wp","href":"https:\/\/api.w.org\/{rel}","templated":true}]}}