{"id":137362,"date":"2022-12-22T07:48:58","date_gmt":"2022-12-22T12:48:58","guid":{"rendered":"https:\/\/news.canadamotorjobs.com\/un-designer-quebecois-devient-vice-president-executif-chez-hyundai\/"},"modified":"2022-12-22T07:59:19","modified_gmt":"2022-12-22T12:59:19","slug":"un-designer-quebecois-devient-vice-president-executif-chez-hyundai","status":"publish","type":"post","link":"https:\/\/news.canadamotorjobs.com\/fr\/un-designer-quebecois-devient-vice-president-executif-chez-hyundai\/","title":{"rendered":"Un designer qu\u00e9b\u00e9cois devient vice-pr\u00e9sident ex\u00e9cutif chez Hyundai"},"content":{"rendered":"<\/p>\n<p>Le Montr\u00e9alais d\u2019origine Karim Habib vient d&#8217;\u00eatre promu \u00e0 l&#8217;un des postes les plus importants du groupe Hyundai Motor. Il est devenu vice-pr\u00e9sident ex\u00e9cutif de l&#8217;entreprise, apr\u00e8s seulement trois ann\u00e9es pass\u00e9es chez le constructeur automobile.<br \/> De Montr\u00e9al \u00e0 la Californie et chez BMW<br \/> Habib est actuellement chef du design mondial de Kia, un titre et un r\u00f4le qu&#8217;il conservera en m\u00eame temps que son nouveau poste. Le dirigeant est n\u00e9 au Liban, mais a d\u00e9m\u00e9nag\u00e9 au Canada lorsqu&#8217;il \u00e9tait enfant. Il a \u00e9tudi\u00e9 le g\u00e9nie m\u00e9canique \u00e0 l&#8217;Universit\u00e9 McGill de Montr\u00e9al et le design des transports \u00e0 l&#8217;Art Center College of Design en Californie.<br \/> Le designer a commenc\u00e9 sa carri\u00e8re en 1998 chez BMW, avant de devenir chef du design de BMW Automobiles en 2012. Il y a notamment travaill\u00e9 sur le concept BMW CS de 2007 et sur la derni\u00e8re g\u00e9n\u00e9ration de la S\u00e9rie 7.<br \/> Un petit tour chez Infiniti<br \/> En 2017, il est devenu directeur ex\u00e9cutif du design chez Infiniti, mais il est pass\u00e9 chez Kia pour prendre la t\u00eate de l&#8217;\u00e9quipe de design de ce constructeur en 2019. Kia le qualifie de &#8220;force motrice&#8221; derri\u00e8re le design de l&#8217;EV6 et de la future EV9. &#8220;Je suis honor\u00e9 par cette reconnaissance, et je crois qu&#8217;elle repr\u00e9sente l&#8217;incroyable, le d\u00e9vouement, le talent et la passion de chacun des membres de l&#8217;organisation du design de Kia&#8221;, a d\u00e9clar\u00e9 Habib. &#8220;Je suis reconnaissant de diriger cette \u00e9quipe d&#8217;individus incroyablement cr\u00e9atifs, et avec eux, j&#8217;ai h\u00e2te de repousser davantage les limites et<\/p>\n","protected":false},"excerpt":{"rendered":"<p>Le Montr\u00e9alais d\u2019origine Karim Habib vient d&#8217;\u00eatre promu \u00e0 l&#8217;un des postes les plus importants du groupe Hyundai Motor. Il est devenu vice-pr\u00e9sident ex\u00e9cutif de l&#8217;entreprise, apr\u00e8s seulement trois ann\u00e9es pass\u00e9es chez le constructeur automobile. De Montr\u00e9al \u00e0 la Californie et chez BMW Habib est actuellement chef du design mondial de Kia, un titre et [&hellip;]<\/p>\n","protected":false},"author":8,"featured_media":137366,"comment_status":"close","ping_status":"closed","sticky":false,"template":"","format":"standard","meta":{"_monsterinsights_skip_tracking":false,"_monsterinsights_sitenote_active":false,"_monsterinsights_sitenote_note":"","_monsterinsights_sitenote_category":0,"footnotes":""},"categories":[101],"tags":[],"yoast_head":"<!-- This site is optimized with the Yoast SEO plugin v23.2 - https:\/\/yoast.com\/wordpress\/plugins\/seo\/ -->\n<title>Un designer qu\u00e9b\u00e9cois devient vice-pr\u00e9sident ex\u00e9cutif chez Hyundai - CanadaMotorJobs.com<\/title>\n<meta name=\"description\" content=\"Un designer qu\u00e9b\u00e9cois devient vice-pr\u00e9sident ex\u00e9cutif chez Hyundai - Benoit Charette - Annuel automobile - CanadaMotorJobs.com.\" \/>\n<meta name=\"robots\" content=\"index, follow, max-snippet:-1, max-image-preview:large, max-video-preview:-1\" \/>\n<meta property=\"og:locale\" content=\"fr_CA\" \/>\n<meta property=\"og:type\" content=\"article\" \/>\n<meta property=\"og:title\" content=\"Un designer qu\u00e9b\u00e9cois devient vice-pr\u00e9sident ex\u00e9cutif chez Hyundai - CanadaMotorJobs.com\" \/>\n<meta property=\"og:description\" content=\"Un designer qu\u00e9b\u00e9cois devient vice-pr\u00e9sident ex\u00e9cutif chez Hyundai - Benoit Charette - Annuel automobile - CanadaMotorJobs.com.\" \/>\n<meta property=\"og:url\" content=\"https:\/\/news.canadamotorjobs.com\/fr\/un-designer-quebecois-devient-vice-president-executif-chez-hyundai\/\" \/>\n<meta property=\"og:site_name\" content=\"CanadaMotorJobs.com\" \/>\n<meta property=\"article:publisher\" content=\"https:\/\/www.facebook.com\/canadamotorjobs\/\" \/>\n<meta property=\"article:published_time\" content=\"2022-12-22T12:48:58+00:00\" \/>\n<meta property=\"article:modified_time\" content=\"2022-12-22T12:59:19+00:00\" \/>\n<meta property=\"og:image\" content=\"https:\/\/news.canadamotorjobs.com\/wp-content\/uploads\/2022\/12\/kia_head_of_design_center_karim_habib_1-scaled-1-1.jpg\" \/>\n\t<meta property=\"og:image:width\" content=\"2560\" \/>\n\t<meta property=\"og:image:height\" content=\"1440\" \/>\n\t<meta property=\"og:image:type\" content=\"image\/jpeg\" \/>\n<meta name=\"author\" content=\"Benoit Charette\" \/>\n<meta name=\"twitter:card\" content=\"summary_large_image\" \/>\n<meta name=\"twitter:creator\" content=\"@canadamotorjobs\" \/>\n<meta name=\"twitter:site\" content=\"@canadamotorjobs\" \/>\n<meta name=\"twitter:label1\" content=\"\u00c9crit par\" \/>\n\t<meta name=\"twitter:data1\" content=\"Benoit Charette\" \/>\n\t<meta name=\"twitter:label2\" content=\"Estimation du temps de lecture\" \/>\n\t<meta name=\"twitter:data2\" content=\"1 minute\" \/>\n<!-- \/ Yoast SEO plugin. -->","yoast_head_json":{"title":"Un designer qu\u00e9b\u00e9cois devient vice-pr\u00e9sident ex\u00e9cutif chez Hyundai - CanadaMotorJobs.com","description":"Un designer qu\u00e9b\u00e9cois devient vice-pr\u00e9sident ex\u00e9cutif chez Hyundai - Benoit Charette - Annuel automobile - CanadaMotorJobs.com.","robots":{"index":"index","follow":"follow","max-snippet":"max-snippet:-1","max-image-preview":"max-image-preview:large","max-video-preview":"max-video-preview:-1"},"og_locale":"fr_CA","og_type":"article","og_title":"Un designer qu\u00e9b\u00e9cois devient vice-pr\u00e9sident ex\u00e9cutif chez Hyundai - CanadaMotorJobs.com","og_description":"Un designer qu\u00e9b\u00e9cois devient vice-pr\u00e9sident ex\u00e9cutif chez Hyundai - Benoit Charette - Annuel automobile - CanadaMotorJobs.com.","og_url":"https:\/\/news.canadamotorjobs.com\/fr\/un-designer-quebecois-devient-vice-president-executif-chez-hyundai\/","og_site_name":"CanadaMotorJobs.com","article_publisher":"https:\/\/www.facebook.com\/canadamotorjobs\/","article_published_time":"2022-12-22T12:48:58+00:00","article_modified_time":"2022-12-22T12:59:19+00:00","og_image":[{"width":2560,"height":1440,"url":"https:\/\/news.canadamotorjobs.com\/wp-content\/uploads\/2022\/12\/kia_head_of_design_center_karim_habib_1-scaled-1-1.jpg","type":"image\/jpeg"}],"author":"Benoit Charette","twitter_card":"summary_large_image","twitter_creator":"@canadamotorjobs","twitter_site":"@canadamotorjobs","twitter_misc":{"\u00c9crit par":"Benoit Charette","Estimation du temps de lecture":"1 minute"},"schema":{"@context":"https:\/\/schema.org","@graph":[{"@type":"Article","@id":"https:\/\/news.canadamotorjobs.com\/fr\/un-designer-quebecois-devient-vice-president-executif-chez-hyundai\/#article","isPartOf":{"@id":"https:\/\/news.canadamotorjobs.com\/fr\/un-designer-quebecois-devient-vice-president-executif-chez-hyundai\/"},"author":{"name":"Benoit Charette","@id":"https:\/\/news.canadamotorjobs.com\/#\/schema\/person\/51793d1f87d44011d7bcc2ed99269a90"},"headline":"Un designer qu\u00e9b\u00e9cois devient vice-pr\u00e9sident ex\u00e9cutif chez Hyundai","datePublished":"2022-12-22T12:48:58+00:00","dateModified":"2022-12-22T12:59:19+00:00","mainEntityOfPage":{"@id":"https:\/\/news.canadamotorjobs.com\/fr\/un-designer-quebecois-devient-vice-president-executif-chez-hyundai\/"},"wordCount":294,"publisher":{"@id":"https:\/\/news.canadamotorjobs.com\/#organization"},"image":{"@id":"https:\/\/news.canadamotorjobs.com\/fr\/un-designer-quebecois-devient-vice-president-executif-chez-hyundai\/#primaryimage"},"thumbnailUrl":"https:\/\/news.canadamotorjobs.com\/wp-content\/uploads\/2022\/12\/kia_head_of_design_center_karim_habib_1-scaled-1-1.jpg","articleSection":["Annuel automobile"],"inLanguage":"fr-CA"},{"@type":"WebPage","@id":"https:\/\/news.canadamotorjobs.com\/fr\/un-designer-quebecois-devient-vice-president-executif-chez-hyundai\/","url":"https:\/\/news.canadamotorjobs.com\/fr\/un-designer-quebecois-devient-vice-president-executif-chez-hyundai\/","name":"Un designer qu\u00e9b\u00e9cois devient vice-pr\u00e9sident ex\u00e9cutif chez Hyundai - CanadaMotorJobs.com","isPartOf":{"@id":"https:\/\/news.canadamotorjobs.com\/#website"},"primaryImageOfPage":{"@id":"https:\/\/news.canadamotorjobs.com\/fr\/un-designer-quebecois-devient-vice-president-executif-chez-hyundai\/#primaryimage"},"image":{"@id":"https:\/\/news.canadamotorjobs.com\/fr\/un-designer-quebecois-devient-vice-president-executif-chez-hyundai\/#primaryimage"},"thumbnailUrl":"https:\/\/news.canadamotorjobs.com\/wp-content\/uploads\/2022\/12\/kia_head_of_design_center_karim_habib_1-scaled-1-1.jpg","datePublished":"2022-12-22T12:48:58+00:00","dateModified":"2022-12-22T12:59:19+00:00","description":"Un designer qu\u00e9b\u00e9cois devient vice-pr\u00e9sident ex\u00e9cutif chez Hyundai - Benoit Charette - Annuel automobile - CanadaMotorJobs.com.","breadcrumb":{"@id":"https:\/\/news.canadamotorjobs.com\/fr\/un-designer-quebecois-devient-vice-president-executif-chez-hyundai\/#breadcrumb"},"inLanguage":"fr-CA","potentialAction":[{"@type":"ReadAction","target":["https:\/\/news.canadamotorjobs.com\/fr\/un-designer-quebecois-devient-vice-president-executif-chez-hyundai\/"]}]},{"@type":"ImageObject","inLanguage":"fr-CA","@id":"https:\/\/news.canadamotorjobs.com\/fr\/un-designer-quebecois-devient-vice-president-executif-chez-hyundai\/#primaryimage","url":"https:\/\/news.canadamotorjobs.com\/wp-content\/uploads\/2022\/12\/kia_head_of_design_center_karim_habib_1-scaled-1-1.jpg","contentUrl":"https:\/\/news.canadamotorjobs.com\/wp-content\/uploads\/2022\/12\/kia_head_of_design_center_karim_habib_1-scaled-1-1.jpg","width":2560,"height":1440},{"@type":"BreadcrumbList","@id":"https:\/\/news.canadamotorjobs.com\/fr\/un-designer-quebecois-devient-vice-president-executif-chez-hyundai\/#breadcrumb","itemListElement":[{"@type":"ListItem","position":1,"name":"Home","item":"https:\/\/news.canadamotorjobs.com\/fr\/blog\/"},{"@type":"ListItem","position":2,"name":"Un designer qu\u00e9b\u00e9cois devient vice-pr\u00e9sident ex\u00e9cutif chez Hyundai"}]},{"@type":"WebSite","@id":"https:\/\/news.canadamotorjobs.com\/#website","url":"https:\/\/news.canadamotorjobs.com\/","name":"CanadaMotorJobs.com","description":"Automotive Jobs","publisher":{"@id":"https:\/\/news.canadamotorjobs.com\/#organization"},"potentialAction":[{"@type":"SearchAction","target":{"@type":"EntryPoint","urlTemplate":"https:\/\/news.canadamotorjobs.com\/?s={search_term_string}"},"query-input":"required name=search_term_string"}],"inLanguage":"fr-CA"},{"@type":"Organization","@id":"https:\/\/news.canadamotorjobs.com\/#organization","name":"Canada Motor Jobs","url":"https:\/\/news.canadamotorjobs.com\/","logo":{"@type":"ImageObject","inLanguage":"fr-CA","@id":"https:\/\/news.canadamotorjobs.com\/#\/schema\/logo\/image\/","url":"https:\/\/news.canadamotorjobs.com\/wp-content\/uploads\/2022\/10\/logo-canada-motor-jobs-1.png","contentUrl":"https:\/\/news.canadamotorjobs.com\/wp-content\/uploads\/2022\/10\/logo-canada-motor-jobs-1.png","width":800,"height":400,"caption":"Canada Motor Jobs"},"image":{"@id":"https:\/\/news.canadamotorjobs.com\/#\/schema\/logo\/image\/"},"sameAs":["https:\/\/www.facebook.com\/canadamotorjobs\/","https:\/\/x.com\/canadamotorjobs","https:\/\/www.instagram.com\/canadamotorjobs\/","https:\/\/www.linkedin.com\/company\/canadamotorjobs"]},{"@type":"Person","@id":"https:\/\/news.canadamotorjobs.com\/#\/schema\/person\/51793d1f87d44011d7bcc2ed99269a90","name":"Benoit Charette","image":{"@type":"ImageObject","inLanguage":"fr-CA","@id":"https:\/\/news.canadamotorjobs.com\/#\/schema\/person\/image\/","url":"https:\/\/secure.gravatar.com\/avatar\/45f3d2eebcccd909668d7ce7ea7267b6?s=96&d=mm&r=g","contentUrl":"https:\/\/secure.gravatar.com\/avatar\/45f3d2eebcccd909668d7ce7ea7267b6?s=96&d=mm&r=g","caption":"Benoit Charette"},"description":"Benoit Charette \/ Propri\u00e9taire et r\u00e9dacteur en chef Benoit Charette pratique le journalisme automobile depuis bient\u00f4t 30 ans. Il a fait ses classes au c\u00f4t\u00e9 de Daniel H\u00e9raud et au Carnet de route de 1992 \u00e0 2001. Il est fondateur, copropri\u00e9taire et r\u00e9dacteur en chef de L\u2019Annuel de l\u2019automobile, qu\u2019il publie depuis 2001. Il a anim\u00e9 les \u00e9missions RPM et RPM+ sur V et les L\u00e9gendes de la route sur Historia. \u00c0 la radio depuis 1986, il reprend l\u2019antenne cette ann\u00e9e sur les ondes de Cogeco et participe pour la deuxi\u00e8me ann\u00e9e \u00e0 l\u2019\u00e9mission Passion Auto sur RDS en plus de mettre en ligne le site Web officiel de L\u2019Annuel de l\u2019automobile sur annuelauto.ca.","sameAs":["https:\/\/annuelauto.ca\/"],"url":"https:\/\/news.canadamotorjobs.com\/fr\/author\/benoit-charette\/"}]}},"_links":{"self":[{"href":"https:\/\/news.canadamotorjobs.com\/fr\/wp-json\/wp\/v2\/posts\/137362"}],"collection":[{"href":"https:\/\/news.canadamotorjobs.com\/fr\/wp-json\/wp\/v2\/posts"}],"about":[{"href":"https:\/\/news.canadamotorjobs.com\/fr\/wp-json\/wp\/v2\/types\/post"}],"author":[{"embeddable":true,"href":"https:\/\/news.canadamotorjobs.com\/fr\/wp-json\/wp\/v2\/users\/8"}],"replies":[{"embeddable":true,"href":"https:\/\/news.canadamotorjobs.com\/fr\/wp-json\/wp\/v2\/comments?post=137362"}],"version-history":[{"count":0,"href":"https:\/\/news.canadamotorjobs.com\/fr\/wp-json\/wp\/v2\/posts\/137362\/revisions"}],"wp:featuredmedia":[{"embeddable":true,"href":"https:\/\/news.canadamotorjobs.com\/fr\/wp-json\/wp\/v2\/media\/137366"}],"wp:attachment":[{"href":"https:\/\/news.canadamotorjobs.com\/fr\/wp-json\/wp\/v2\/media?parent=137362"}],"wp:term":[{"taxonomy":"category","embeddable":true,"href":"https:\/\/news.canadamotorjobs.com\/fr\/wp-json\/wp\/v2\/categories?post=137362"},{"taxonomy":"post_tag","embeddable":true,"href":"https:\/\/news.canadamotorjobs.com\/fr\/wp-json\/wp\/v2\/tags?post=137362"}],"curies":[{"name":"wp","href":"https:\/\/api.w.org\/{rel}","templated":true}]}}