{"id":137346,"date":"2022-12-21T09:39:54","date_gmt":"2022-12-21T14:39:54","guid":{"rendered":"https:\/\/news.canadamotorjobs.com\/le-canada-devra-vendre-20-de-vehicules-electriques-dici-2025\/"},"modified":"2022-12-21T09:45:18","modified_gmt":"2022-12-21T14:45:18","slug":"le-canada-devra-vendre-20-de-vehicules-electriques-dici-2025","status":"publish","type":"post","link":"https:\/\/news.canadamotorjobs.com\/fr\/le-canada-devra-vendre-20-de-vehicules-electriques-dici-2025\/","title":{"rendered":"Le Canada devra vendre 20\u00a0% de v\u00e9hicules \u00e9lectriques d\u2019ici 2025"},"content":{"rendered":"<\/p>\n<p>Le gouvernement f\u00e9d\u00e9ral a annonc\u00e9 ce matin que le cinqui\u00e8me de l\u2019ensemble des v\u00e9hicules vendus sur le territoire canadien en 2025 devra \u00eatre \u00e9lectrique. Cette proportion va passer \u00e0 60\u00a0% en 2030 pour devenir 100\u00a0% \u00e9lectrique en 2035.<br \/> Des p\u00e9nalit\u00e9s \u00e0 ceux qui n\u2019atteignent pas les objectifs<br \/> Les constructeurs qui n\u2019atteignent pas la cible au chapitre des ventes pourraient faire face \u00e0 des sanctions en vertu de la loi canadienne sur la protection de l\u2019environnement. Les modalit\u00e9s ne sont pas encore cinjues et seront d\u00e9voil\u00e9s avec le projet de loi, le 30 d\u00e9cembre prochain.<br \/> OUI, mais o\u00f9 sont les v\u00e9hicules<br \/> Entre le 1er janvier et le 30 juin 2022, les ventes de v\u00e9hicules \u00e9lectriques enfichables et enti\u00e8rement \u00e9lectriques n\u2019ont repr\u00e9sent\u00e9 que 7,2\u00a0% des immatriculations de voitures neuves. Une l\u00e9g\u00e8re hausse par rapport \u00e0 2021 ou l\u2019ensemble des v\u00e9hicules branchables repr\u00e9sentait 5,2\u00a0% des achats au pays. En ce moment, la liste d\u2019attente pour un v\u00e9hicule \u00e9lectrique est de pratiquement deux ans, ce qui nous am\u00e8ne en 2025. Comment allons-nous faire pour arriver \u00e0 ces pourcentages avec aussi peu de livraisons\u2009? Voil\u00e0 la grande question.<br \/> Faudra-t-il renforcer les lois environnementales\u2009?<br \/> Les lois environnementales au Canada font en sorte que les v\u00e9hicules \u00e9lectriques passent souvent par l\u2019Europe et les \u00c9tats-Unis avant de venir chez nous. Faudra-t-il mettre des dents aux lois pour forcer les constructeurs automobiles \u00e0 consid\u00e9rer le Canada au m\u00eame niveau que l\u2019Europe et les \u00c9tats-Unis\u2009? C\u2019est sans doute la seule mani\u00e8re d\u2019atteindre l\u2019objectif de 20\u00a0% d\u2019ici deux ans. Le Qu\u00e9bec<\/p>\n","protected":false},"excerpt":{"rendered":"<p>Le gouvernement f\u00e9d\u00e9ral a annonc\u00e9 ce matin que le cinqui\u00e8me de l\u2019ensemble des v\u00e9hicules vendus sur le territoire canadien en 2025 devra \u00eatre \u00e9lectrique. Cette proportion va passer \u00e0 60\u00a0% en 2030 pour devenir 100\u00a0% \u00e9lectrique en 2035. Des p\u00e9nalit\u00e9s \u00e0 ceux qui n\u2019atteignent pas les objectifs Les constructeurs qui n\u2019atteignent pas la cible au [&hellip;]<\/p>\n","protected":false},"author":8,"featured_media":137350,"comment_status":"close","ping_status":"closed","sticky":false,"template":"","format":"standard","meta":{"_monsterinsights_skip_tracking":false,"_monsterinsights_sitenote_active":false,"_monsterinsights_sitenote_note":"","_monsterinsights_sitenote_category":0,"footnotes":""},"categories":[101],"tags":[],"yoast_head":"<!-- This site is optimized with the Yoast SEO plugin v23.2 - https:\/\/yoast.com\/wordpress\/plugins\/seo\/ -->\n<title>Le Canada devra vendre 20\u00a0% de v\u00e9hicules \u00e9lectriques d\u2019ici 2025 - CanadaMotorJobs.com<\/title>\n<meta name=\"description\" content=\"Le Canada devra vendre 20\u00a0% de v\u00e9hicules \u00e9lectriques d\u2019ici 2025 - Benoit Charette - Annuel automobile - CanadaMotorJobs.com.\" \/>\n<meta name=\"robots\" content=\"index, follow, max-snippet:-1, max-image-preview:large, max-video-preview:-1\" \/>\n<meta property=\"og:locale\" content=\"fr_CA\" \/>\n<meta property=\"og:type\" content=\"article\" \/>\n<meta property=\"og:title\" content=\"Le Canada devra vendre 20\u00a0% de v\u00e9hicules \u00e9lectriques d\u2019ici 2025 - CanadaMotorJobs.com\" \/>\n<meta property=\"og:description\" content=\"Le Canada devra vendre 20\u00a0% de v\u00e9hicules \u00e9lectriques d\u2019ici 2025 - Benoit Charette - Annuel automobile - CanadaMotorJobs.com.\" \/>\n<meta property=\"og:url\" content=\"https:\/\/news.canadamotorjobs.com\/fr\/le-canada-devra-vendre-20-de-vehicules-electriques-dici-2025\/\" \/>\n<meta property=\"og:site_name\" content=\"CanadaMotorJobs.com\" \/>\n<meta property=\"article:publisher\" content=\"https:\/\/www.facebook.com\/canadamotorjobs\/\" \/>\n<meta property=\"article:published_time\" content=\"2022-12-21T14:39:54+00:00\" \/>\n<meta property=\"article:modified_time\" content=\"2022-12-21T14:45:18+00:00\" \/>\n<meta property=\"og:image\" content=\"https:\/\/news.canadamotorjobs.com\/wp-content\/uploads\/2022\/12\/D253RCBCJJP47OYNA4MO33AGLI-scaled-1-1.jpg\" \/>\n\t<meta property=\"og:image:width\" content=\"2560\" \/>\n\t<meta property=\"og:image:height\" content=\"1707\" \/>\n\t<meta property=\"og:image:type\" content=\"image\/jpeg\" \/>\n<meta name=\"author\" content=\"Benoit Charette\" \/>\n<meta name=\"twitter:card\" content=\"summary_large_image\" \/>\n<meta name=\"twitter:creator\" content=\"@canadamotorjobs\" \/>\n<meta name=\"twitter:site\" content=\"@canadamotorjobs\" \/>\n<meta name=\"twitter:label1\" content=\"\u00c9crit par\" \/>\n\t<meta name=\"twitter:data1\" content=\"Benoit Charette\" \/>\n\t<meta name=\"twitter:label2\" content=\"Estimation du temps de lecture\" \/>\n\t<meta name=\"twitter:data2\" content=\"1 minute\" \/>\n<!-- \/ Yoast SEO plugin. -->","yoast_head_json":{"title":"Le Canada devra vendre 20\u00a0% de v\u00e9hicules \u00e9lectriques d\u2019ici 2025 - CanadaMotorJobs.com","description":"Le Canada devra vendre 20\u00a0% de v\u00e9hicules \u00e9lectriques d\u2019ici 2025 - Benoit Charette - Annuel automobile - CanadaMotorJobs.com.","robots":{"index":"index","follow":"follow","max-snippet":"max-snippet:-1","max-image-preview":"max-image-preview:large","max-video-preview":"max-video-preview:-1"},"og_locale":"fr_CA","og_type":"article","og_title":"Le Canada devra vendre 20\u00a0% de v\u00e9hicules \u00e9lectriques d\u2019ici 2025 - CanadaMotorJobs.com","og_description":"Le Canada devra vendre 20\u00a0% de v\u00e9hicules \u00e9lectriques d\u2019ici 2025 - Benoit Charette - Annuel automobile - CanadaMotorJobs.com.","og_url":"https:\/\/news.canadamotorjobs.com\/fr\/le-canada-devra-vendre-20-de-vehicules-electriques-dici-2025\/","og_site_name":"CanadaMotorJobs.com","article_publisher":"https:\/\/www.facebook.com\/canadamotorjobs\/","article_published_time":"2022-12-21T14:39:54+00:00","article_modified_time":"2022-12-21T14:45:18+00:00","og_image":[{"width":2560,"height":1707,"url":"https:\/\/news.canadamotorjobs.com\/wp-content\/uploads\/2022\/12\/D253RCBCJJP47OYNA4MO33AGLI-scaled-1-1.jpg","type":"image\/jpeg"}],"author":"Benoit Charette","twitter_card":"summary_large_image","twitter_creator":"@canadamotorjobs","twitter_site":"@canadamotorjobs","twitter_misc":{"\u00c9crit par":"Benoit Charette","Estimation du temps de lecture":"1 minute"},"schema":{"@context":"https:\/\/schema.org","@graph":[{"@type":"Article","@id":"https:\/\/news.canadamotorjobs.com\/fr\/le-canada-devra-vendre-20-de-vehicules-electriques-dici-2025\/#article","isPartOf":{"@id":"https:\/\/news.canadamotorjobs.com\/fr\/le-canada-devra-vendre-20-de-vehicules-electriques-dici-2025\/"},"author":{"name":"Benoit Charette","@id":"https:\/\/news.canadamotorjobs.com\/#\/schema\/person\/51793d1f87d44011d7bcc2ed99269a90"},"headline":"Le Canada devra vendre 20\u00a0% de v\u00e9hicules \u00e9lectriques d\u2019ici 2025","datePublished":"2022-12-21T14:39:54+00:00","dateModified":"2022-12-21T14:45:18+00:00","mainEntityOfPage":{"@id":"https:\/\/news.canadamotorjobs.com\/fr\/le-canada-devra-vendre-20-de-vehicules-electriques-dici-2025\/"},"wordCount":279,"publisher":{"@id":"https:\/\/news.canadamotorjobs.com\/#organization"},"image":{"@id":"https:\/\/news.canadamotorjobs.com\/fr\/le-canada-devra-vendre-20-de-vehicules-electriques-dici-2025\/#primaryimage"},"thumbnailUrl":"https:\/\/news.canadamotorjobs.com\/wp-content\/uploads\/2022\/12\/D253RCBCJJP47OYNA4MO33AGLI-scaled-1-1.jpg","articleSection":["Annuel automobile"],"inLanguage":"fr-CA"},{"@type":"WebPage","@id":"https:\/\/news.canadamotorjobs.com\/fr\/le-canada-devra-vendre-20-de-vehicules-electriques-dici-2025\/","url":"https:\/\/news.canadamotorjobs.com\/fr\/le-canada-devra-vendre-20-de-vehicules-electriques-dici-2025\/","name":"Le Canada devra vendre 20\u00a0% de v\u00e9hicules \u00e9lectriques d\u2019ici 2025 - CanadaMotorJobs.com","isPartOf":{"@id":"https:\/\/news.canadamotorjobs.com\/#website"},"primaryImageOfPage":{"@id":"https:\/\/news.canadamotorjobs.com\/fr\/le-canada-devra-vendre-20-de-vehicules-electriques-dici-2025\/#primaryimage"},"image":{"@id":"https:\/\/news.canadamotorjobs.com\/fr\/le-canada-devra-vendre-20-de-vehicules-electriques-dici-2025\/#primaryimage"},"thumbnailUrl":"https:\/\/news.canadamotorjobs.com\/wp-content\/uploads\/2022\/12\/D253RCBCJJP47OYNA4MO33AGLI-scaled-1-1.jpg","datePublished":"2022-12-21T14:39:54+00:00","dateModified":"2022-12-21T14:45:18+00:00","description":"Le Canada devra vendre 20\u00a0% de v\u00e9hicules \u00e9lectriques d\u2019ici 2025 - Benoit Charette - Annuel automobile - CanadaMotorJobs.com.","breadcrumb":{"@id":"https:\/\/news.canadamotorjobs.com\/fr\/le-canada-devra-vendre-20-de-vehicules-electriques-dici-2025\/#breadcrumb"},"inLanguage":"fr-CA","potentialAction":[{"@type":"ReadAction","target":["https:\/\/news.canadamotorjobs.com\/fr\/le-canada-devra-vendre-20-de-vehicules-electriques-dici-2025\/"]}]},{"@type":"ImageObject","inLanguage":"fr-CA","@id":"https:\/\/news.canadamotorjobs.com\/fr\/le-canada-devra-vendre-20-de-vehicules-electriques-dici-2025\/#primaryimage","url":"https:\/\/news.canadamotorjobs.com\/wp-content\/uploads\/2022\/12\/D253RCBCJJP47OYNA4MO33AGLI-scaled-1-1.jpg","contentUrl":"https:\/\/news.canadamotorjobs.com\/wp-content\/uploads\/2022\/12\/D253RCBCJJP47OYNA4MO33AGLI-scaled-1-1.jpg","width":2560,"height":1707},{"@type":"BreadcrumbList","@id":"https:\/\/news.canadamotorjobs.com\/fr\/le-canada-devra-vendre-20-de-vehicules-electriques-dici-2025\/#breadcrumb","itemListElement":[{"@type":"ListItem","position":1,"name":"Home","item":"https:\/\/news.canadamotorjobs.com\/fr\/blog\/"},{"@type":"ListItem","position":2,"name":"Le Canada devra vendre 20\u00a0% de v\u00e9hicules \u00e9lectriques d\u2019ici 2025"}]},{"@type":"WebSite","@id":"https:\/\/news.canadamotorjobs.com\/#website","url":"https:\/\/news.canadamotorjobs.com\/","name":"CanadaMotorJobs.com","description":"Automotive Jobs","publisher":{"@id":"https:\/\/news.canadamotorjobs.com\/#organization"},"potentialAction":[{"@type":"SearchAction","target":{"@type":"EntryPoint","urlTemplate":"https:\/\/news.canadamotorjobs.com\/?s={search_term_string}"},"query-input":"required name=search_term_string"}],"inLanguage":"fr-CA"},{"@type":"Organization","@id":"https:\/\/news.canadamotorjobs.com\/#organization","name":"Canada Motor Jobs","url":"https:\/\/news.canadamotorjobs.com\/","logo":{"@type":"ImageObject","inLanguage":"fr-CA","@id":"https:\/\/news.canadamotorjobs.com\/#\/schema\/logo\/image\/","url":"https:\/\/news.canadamotorjobs.com\/wp-content\/uploads\/2022\/10\/logo-canada-motor-jobs-1.png","contentUrl":"https:\/\/news.canadamotorjobs.com\/wp-content\/uploads\/2022\/10\/logo-canada-motor-jobs-1.png","width":800,"height":400,"caption":"Canada Motor Jobs"},"image":{"@id":"https:\/\/news.canadamotorjobs.com\/#\/schema\/logo\/image\/"},"sameAs":["https:\/\/www.facebook.com\/canadamotorjobs\/","https:\/\/x.com\/canadamotorjobs","https:\/\/www.instagram.com\/canadamotorjobs\/","https:\/\/www.linkedin.com\/company\/canadamotorjobs"]},{"@type":"Person","@id":"https:\/\/news.canadamotorjobs.com\/#\/schema\/person\/51793d1f87d44011d7bcc2ed99269a90","name":"Benoit Charette","image":{"@type":"ImageObject","inLanguage":"fr-CA","@id":"https:\/\/news.canadamotorjobs.com\/#\/schema\/person\/image\/","url":"https:\/\/secure.gravatar.com\/avatar\/45f3d2eebcccd909668d7ce7ea7267b6?s=96&d=mm&r=g","contentUrl":"https:\/\/secure.gravatar.com\/avatar\/45f3d2eebcccd909668d7ce7ea7267b6?s=96&d=mm&r=g","caption":"Benoit Charette"},"description":"Benoit Charette \/ Propri\u00e9taire et r\u00e9dacteur en chef Benoit Charette pratique le journalisme automobile depuis bient\u00f4t 30 ans. Il a fait ses classes au c\u00f4t\u00e9 de Daniel H\u00e9raud et au Carnet de route de 1992 \u00e0 2001. Il est fondateur, copropri\u00e9taire et r\u00e9dacteur en chef de L\u2019Annuel de l\u2019automobile, qu\u2019il publie depuis 2001. Il a anim\u00e9 les \u00e9missions RPM et RPM+ sur V et les L\u00e9gendes de la route sur Historia. \u00c0 la radio depuis 1986, il reprend l\u2019antenne cette ann\u00e9e sur les ondes de Cogeco et participe pour la deuxi\u00e8me ann\u00e9e \u00e0 l\u2019\u00e9mission Passion Auto sur RDS en plus de mettre en ligne le site Web officiel de L\u2019Annuel de l\u2019automobile sur annuelauto.ca.","sameAs":["https:\/\/annuelauto.ca\/"],"url":"https:\/\/news.canadamotorjobs.com\/fr\/author\/benoit-charette\/"}]}},"_links":{"self":[{"href":"https:\/\/news.canadamotorjobs.com\/fr\/wp-json\/wp\/v2\/posts\/137346"}],"collection":[{"href":"https:\/\/news.canadamotorjobs.com\/fr\/wp-json\/wp\/v2\/posts"}],"about":[{"href":"https:\/\/news.canadamotorjobs.com\/fr\/wp-json\/wp\/v2\/types\/post"}],"author":[{"embeddable":true,"href":"https:\/\/news.canadamotorjobs.com\/fr\/wp-json\/wp\/v2\/users\/8"}],"replies":[{"embeddable":true,"href":"https:\/\/news.canadamotorjobs.com\/fr\/wp-json\/wp\/v2\/comments?post=137346"}],"version-history":[{"count":0,"href":"https:\/\/news.canadamotorjobs.com\/fr\/wp-json\/wp\/v2\/posts\/137346\/revisions"}],"wp:featuredmedia":[{"embeddable":true,"href":"https:\/\/news.canadamotorjobs.com\/fr\/wp-json\/wp\/v2\/media\/137350"}],"wp:attachment":[{"href":"https:\/\/news.canadamotorjobs.com\/fr\/wp-json\/wp\/v2\/media?parent=137346"}],"wp:term":[{"taxonomy":"category","embeddable":true,"href":"https:\/\/news.canadamotorjobs.com\/fr\/wp-json\/wp\/v2\/categories?post=137346"},{"taxonomy":"post_tag","embeddable":true,"href":"https:\/\/news.canadamotorjobs.com\/fr\/wp-json\/wp\/v2\/tags?post=137346"}],"curies":[{"name":"wp","href":"https:\/\/api.w.org\/{rel}","templated":true}]}}