{"id":137338,"date":"2022-12-21T08:56:52","date_gmt":"2022-12-21T13:56:52","guid":{"rendered":"https:\/\/news.canadamotorjobs.com\/tesla-va-geler-les-embauches-et-proceder-a-de-nouveaux-licenciements\/"},"modified":"2022-12-21T09:02:26","modified_gmt":"2022-12-21T14:02:26","slug":"tesla-va-geler-les-embauches-et-proceder-a-de-nouveaux-licenciements","status":"publish","type":"post","link":"https:\/\/news.canadamotorjobs.com\/fr\/tesla-va-geler-les-embauches-et-proceder-a-de-nouveaux-licenciements\/","title":{"rendered":"Tesla va geler les embauches et proc\u00e9der \u00e0 de nouveaux licenciements."},"content":{"rendered":"<\/p>\n<p>Tesla a inform\u00e9 ses employ\u00e9s qu&#8217;elle mettait en place un gel des embauches et a confirm\u00e9 qu&#8217;une autre vague de licenciements \u00e9tait pr\u00e9vue pour le trimestre prochain, selon une source famili\u00e8re avec le sujet.<br \/> Musk en avait parl\u00e9 en juin dernier<br \/> En juin dernier, Elon Musk avait demand\u00e9 aux dirigeants de Tesla de &#8220;mettre en pause toutes les embauches&#8221; et de supprimer 10 % du personnel. Le PDG a donn\u00e9 diff\u00e9rentes raisons \u00e0 diff\u00e9rentes personnes pour expliquer ces licenciements, notamment qu&#8217;il a un &#8220;tr\u00e8s mauvais pressentiment&#8221; concernant l&#8217;\u00e9conomie.<br \/> Une croissance et des mises \u00e0 pied<br \/> Cette &#8220;pause d&#8217;embauche&#8221; \u00e9tait d&#8217;autant plus inqui\u00e9tante que Tesla a plusieurs programmes \u00e0 croissance rapide et qu&#8217;elle doit embaucher des milliers de personnes dans ses nouvelles usines aux \u00c9tats-Unis et en Allemagne. Aujourd&#8217;hui, Electrek a appris que Tesla mettait en place un nouveau gel des embauches et pr\u00e9voyait de nouveaux licenciements, selon une source fiable au fait de la question. Tesla a fait savoir \u00e0 certains employ\u00e9s qu&#8217;elle cessait d&#8217;embaucher pour le moment. En plus du gel de l&#8217;embauche, Tesla a \u00e9galement d\u00e9clar\u00e9 que les \u00e9quipes devront proc\u00e9der \u00e0 des licenciements au cours du premier trimestre de 2023.<\/p>\n<p> &nbsp;<\/p>\n<p> On ne sait pas exactement quelle sera l&#8217;ampleur du gel des embauches, car Tesla pr\u00e9voit toujours de d\u00e9velopper certains sites de fabrication. Aucun autre d\u00e9tail n&#8217;a \u00e9t\u00e9 fourni pour l&#8217;instant.Ces mesures interviennent alors que l&#8217;action de Tesla a chut\u00e9 toute l&#8217;ann\u00e9e, bien que les r\u00e9sultats financiers de la soci\u00e9t\u00e9 aient atteint de nouveaux records<\/p>\n","protected":false},"excerpt":{"rendered":"<p>Tesla a inform\u00e9 ses employ\u00e9s qu&#8217;elle mettait en place un gel des embauches et a confirm\u00e9 qu&#8217;une autre vague de licenciements \u00e9tait pr\u00e9vue pour le trimestre prochain, selon une source famili\u00e8re avec le sujet. Musk en avait parl\u00e9 en juin dernier En juin dernier, Elon Musk avait demand\u00e9 aux dirigeants de Tesla de &#8220;mettre en [&hellip;]<\/p>\n","protected":false},"author":8,"featured_media":137342,"comment_status":"close","ping_status":"closed","sticky":false,"template":"","format":"standard","meta":{"_monsterinsights_skip_tracking":false,"_monsterinsights_sitenote_active":false,"_monsterinsights_sitenote_note":"","_monsterinsights_sitenote_category":0,"footnotes":""},"categories":[101],"tags":[],"yoast_head":"<!-- This site is optimized with the Yoast SEO plugin v23.2 - https:\/\/yoast.com\/wordpress\/plugins\/seo\/ -->\n<title>Tesla va geler les embauches et proc\u00e9der \u00e0 de nouveaux licenciements. - CanadaMotorJobs.com<\/title>\n<meta name=\"description\" content=\"Tesla va geler les embauches et proc\u00e9der \u00e0 de nouveaux licenciements. - Benoit Charette - Annuel automobile - CanadaMotorJobs.com.\" \/>\n<meta name=\"robots\" content=\"index, follow, max-snippet:-1, max-image-preview:large, max-video-preview:-1\" \/>\n<meta property=\"og:locale\" content=\"fr_CA\" \/>\n<meta property=\"og:type\" content=\"article\" \/>\n<meta property=\"og:title\" content=\"Tesla va geler les embauches et proc\u00e9der \u00e0 de nouveaux licenciements. - CanadaMotorJobs.com\" \/>\n<meta property=\"og:description\" content=\"Tesla va geler les embauches et proc\u00e9der \u00e0 de nouveaux licenciements. - Benoit Charette - Annuel automobile - CanadaMotorJobs.com.\" \/>\n<meta property=\"og:url\" content=\"https:\/\/news.canadamotorjobs.com\/fr\/tesla-va-geler-les-embauches-et-proceder-a-de-nouveaux-licenciements\/\" \/>\n<meta property=\"og:site_name\" content=\"CanadaMotorJobs.com\" \/>\n<meta property=\"article:publisher\" content=\"https:\/\/www.facebook.com\/canadamotorjobs\/\" \/>\n<meta property=\"article:published_time\" content=\"2022-12-21T13:56:52+00:00\" \/>\n<meta property=\"article:modified_time\" content=\"2022-12-21T14:02:26+00:00\" \/>\n<meta property=\"og:image\" content=\"https:\/\/news.canadamotorjobs.com\/wp-content\/uploads\/2022\/12\/Tesla-Emblem-1.png\" \/>\n\t<meta property=\"og:image:width\" content=\"3840\" \/>\n\t<meta property=\"og:image:height\" content=\"2160\" \/>\n\t<meta property=\"og:image:type\" content=\"image\/png\" \/>\n<meta name=\"author\" content=\"Benoit Charette\" \/>\n<meta name=\"twitter:card\" content=\"summary_large_image\" \/>\n<meta name=\"twitter:creator\" content=\"@canadamotorjobs\" \/>\n<meta name=\"twitter:site\" content=\"@canadamotorjobs\" \/>\n<meta name=\"twitter:label1\" content=\"\u00c9crit par\" \/>\n\t<meta name=\"twitter:data1\" content=\"Benoit Charette\" \/>\n\t<meta name=\"twitter:label2\" content=\"Estimation du temps de lecture\" \/>\n\t<meta name=\"twitter:data2\" content=\"1 minute\" \/>\n<!-- \/ Yoast SEO plugin. -->","yoast_head_json":{"title":"Tesla va geler les embauches et proc\u00e9der \u00e0 de nouveaux licenciements. - CanadaMotorJobs.com","description":"Tesla va geler les embauches et proc\u00e9der \u00e0 de nouveaux licenciements. - Benoit Charette - Annuel automobile - CanadaMotorJobs.com.","robots":{"index":"index","follow":"follow","max-snippet":"max-snippet:-1","max-image-preview":"max-image-preview:large","max-video-preview":"max-video-preview:-1"},"og_locale":"fr_CA","og_type":"article","og_title":"Tesla va geler les embauches et proc\u00e9der \u00e0 de nouveaux licenciements. - CanadaMotorJobs.com","og_description":"Tesla va geler les embauches et proc\u00e9der \u00e0 de nouveaux licenciements. - Benoit Charette - Annuel automobile - CanadaMotorJobs.com.","og_url":"https:\/\/news.canadamotorjobs.com\/fr\/tesla-va-geler-les-embauches-et-proceder-a-de-nouveaux-licenciements\/","og_site_name":"CanadaMotorJobs.com","article_publisher":"https:\/\/www.facebook.com\/canadamotorjobs\/","article_published_time":"2022-12-21T13:56:52+00:00","article_modified_time":"2022-12-21T14:02:26+00:00","og_image":[{"width":3840,"height":2160,"url":"https:\/\/news.canadamotorjobs.com\/wp-content\/uploads\/2022\/12\/Tesla-Emblem-1.png","type":"image\/png"}],"author":"Benoit Charette","twitter_card":"summary_large_image","twitter_creator":"@canadamotorjobs","twitter_site":"@canadamotorjobs","twitter_misc":{"\u00c9crit par":"Benoit Charette","Estimation du temps de lecture":"1 minute"},"schema":{"@context":"https:\/\/schema.org","@graph":[{"@type":"Article","@id":"https:\/\/news.canadamotorjobs.com\/fr\/tesla-va-geler-les-embauches-et-proceder-a-de-nouveaux-licenciements\/#article","isPartOf":{"@id":"https:\/\/news.canadamotorjobs.com\/fr\/tesla-va-geler-les-embauches-et-proceder-a-de-nouveaux-licenciements\/"},"author":{"name":"Benoit Charette","@id":"https:\/\/news.canadamotorjobs.com\/#\/schema\/person\/51793d1f87d44011d7bcc2ed99269a90"},"headline":"Tesla va geler les embauches et proc\u00e9der \u00e0 de nouveaux licenciements.","datePublished":"2022-12-21T13:56:52+00:00","dateModified":"2022-12-21T14:02:26+00:00","mainEntityOfPage":{"@id":"https:\/\/news.canadamotorjobs.com\/fr\/tesla-va-geler-les-embauches-et-proceder-a-de-nouveaux-licenciements\/"},"wordCount":285,"publisher":{"@id":"https:\/\/news.canadamotorjobs.com\/#organization"},"image":{"@id":"https:\/\/news.canadamotorjobs.com\/fr\/tesla-va-geler-les-embauches-et-proceder-a-de-nouveaux-licenciements\/#primaryimage"},"thumbnailUrl":"https:\/\/news.canadamotorjobs.com\/wp-content\/uploads\/2022\/12\/Tesla-Emblem-1.png","articleSection":["Annuel automobile"],"inLanguage":"fr-CA"},{"@type":"WebPage","@id":"https:\/\/news.canadamotorjobs.com\/fr\/tesla-va-geler-les-embauches-et-proceder-a-de-nouveaux-licenciements\/","url":"https:\/\/news.canadamotorjobs.com\/fr\/tesla-va-geler-les-embauches-et-proceder-a-de-nouveaux-licenciements\/","name":"Tesla va geler les embauches et proc\u00e9der \u00e0 de nouveaux licenciements. - CanadaMotorJobs.com","isPartOf":{"@id":"https:\/\/news.canadamotorjobs.com\/#website"},"primaryImageOfPage":{"@id":"https:\/\/news.canadamotorjobs.com\/fr\/tesla-va-geler-les-embauches-et-proceder-a-de-nouveaux-licenciements\/#primaryimage"},"image":{"@id":"https:\/\/news.canadamotorjobs.com\/fr\/tesla-va-geler-les-embauches-et-proceder-a-de-nouveaux-licenciements\/#primaryimage"},"thumbnailUrl":"https:\/\/news.canadamotorjobs.com\/wp-content\/uploads\/2022\/12\/Tesla-Emblem-1.png","datePublished":"2022-12-21T13:56:52+00:00","dateModified":"2022-12-21T14:02:26+00:00","description":"Tesla va geler les embauches et proc\u00e9der \u00e0 de nouveaux licenciements. - Benoit Charette - Annuel automobile - CanadaMotorJobs.com.","breadcrumb":{"@id":"https:\/\/news.canadamotorjobs.com\/fr\/tesla-va-geler-les-embauches-et-proceder-a-de-nouveaux-licenciements\/#breadcrumb"},"inLanguage":"fr-CA","potentialAction":[{"@type":"ReadAction","target":["https:\/\/news.canadamotorjobs.com\/fr\/tesla-va-geler-les-embauches-et-proceder-a-de-nouveaux-licenciements\/"]}]},{"@type":"ImageObject","inLanguage":"fr-CA","@id":"https:\/\/news.canadamotorjobs.com\/fr\/tesla-va-geler-les-embauches-et-proceder-a-de-nouveaux-licenciements\/#primaryimage","url":"https:\/\/news.canadamotorjobs.com\/wp-content\/uploads\/2022\/12\/Tesla-Emblem-1.png","contentUrl":"https:\/\/news.canadamotorjobs.com\/wp-content\/uploads\/2022\/12\/Tesla-Emblem-1.png","width":3840,"height":2160},{"@type":"BreadcrumbList","@id":"https:\/\/news.canadamotorjobs.com\/fr\/tesla-va-geler-les-embauches-et-proceder-a-de-nouveaux-licenciements\/#breadcrumb","itemListElement":[{"@type":"ListItem","position":1,"name":"Home","item":"https:\/\/news.canadamotorjobs.com\/fr\/blog\/"},{"@type":"ListItem","position":2,"name":"Tesla va geler les embauches et proc\u00e9der \u00e0 de nouveaux licenciements."}]},{"@type":"WebSite","@id":"https:\/\/news.canadamotorjobs.com\/#website","url":"https:\/\/news.canadamotorjobs.com\/","name":"CanadaMotorJobs.com","description":"Automotive Jobs","publisher":{"@id":"https:\/\/news.canadamotorjobs.com\/#organization"},"potentialAction":[{"@type":"SearchAction","target":{"@type":"EntryPoint","urlTemplate":"https:\/\/news.canadamotorjobs.com\/?s={search_term_string}"},"query-input":"required name=search_term_string"}],"inLanguage":"fr-CA"},{"@type":"Organization","@id":"https:\/\/news.canadamotorjobs.com\/#organization","name":"Canada Motor Jobs","url":"https:\/\/news.canadamotorjobs.com\/","logo":{"@type":"ImageObject","inLanguage":"fr-CA","@id":"https:\/\/news.canadamotorjobs.com\/#\/schema\/logo\/image\/","url":"https:\/\/news.canadamotorjobs.com\/wp-content\/uploads\/2022\/10\/logo-canada-motor-jobs-1.png","contentUrl":"https:\/\/news.canadamotorjobs.com\/wp-content\/uploads\/2022\/10\/logo-canada-motor-jobs-1.png","width":800,"height":400,"caption":"Canada Motor Jobs"},"image":{"@id":"https:\/\/news.canadamotorjobs.com\/#\/schema\/logo\/image\/"},"sameAs":["https:\/\/www.facebook.com\/canadamotorjobs\/","https:\/\/x.com\/canadamotorjobs","https:\/\/www.instagram.com\/canadamotorjobs\/","https:\/\/www.linkedin.com\/company\/canadamotorjobs"]},{"@type":"Person","@id":"https:\/\/news.canadamotorjobs.com\/#\/schema\/person\/51793d1f87d44011d7bcc2ed99269a90","name":"Benoit Charette","image":{"@type":"ImageObject","inLanguage":"fr-CA","@id":"https:\/\/news.canadamotorjobs.com\/#\/schema\/person\/image\/","url":"https:\/\/secure.gravatar.com\/avatar\/45f3d2eebcccd909668d7ce7ea7267b6?s=96&d=mm&r=g","contentUrl":"https:\/\/secure.gravatar.com\/avatar\/45f3d2eebcccd909668d7ce7ea7267b6?s=96&d=mm&r=g","caption":"Benoit Charette"},"description":"Benoit Charette \/ Propri\u00e9taire et r\u00e9dacteur en chef Benoit Charette pratique le journalisme automobile depuis bient\u00f4t 30 ans. Il a fait ses classes au c\u00f4t\u00e9 de Daniel H\u00e9raud et au Carnet de route de 1992 \u00e0 2001. Il est fondateur, copropri\u00e9taire et r\u00e9dacteur en chef de L\u2019Annuel de l\u2019automobile, qu\u2019il publie depuis 2001. Il a anim\u00e9 les \u00e9missions RPM et RPM+ sur V et les L\u00e9gendes de la route sur Historia. \u00c0 la radio depuis 1986, il reprend l\u2019antenne cette ann\u00e9e sur les ondes de Cogeco et participe pour la deuxi\u00e8me ann\u00e9e \u00e0 l\u2019\u00e9mission Passion Auto sur RDS en plus de mettre en ligne le site Web officiel de L\u2019Annuel de l\u2019automobile sur annuelauto.ca.","sameAs":["https:\/\/annuelauto.ca\/"],"url":"https:\/\/news.canadamotorjobs.com\/fr\/author\/benoit-charette\/"}]}},"_links":{"self":[{"href":"https:\/\/news.canadamotorjobs.com\/fr\/wp-json\/wp\/v2\/posts\/137338"}],"collection":[{"href":"https:\/\/news.canadamotorjobs.com\/fr\/wp-json\/wp\/v2\/posts"}],"about":[{"href":"https:\/\/news.canadamotorjobs.com\/fr\/wp-json\/wp\/v2\/types\/post"}],"author":[{"embeddable":true,"href":"https:\/\/news.canadamotorjobs.com\/fr\/wp-json\/wp\/v2\/users\/8"}],"replies":[{"embeddable":true,"href":"https:\/\/news.canadamotorjobs.com\/fr\/wp-json\/wp\/v2\/comments?post=137338"}],"version-history":[{"count":0,"href":"https:\/\/news.canadamotorjobs.com\/fr\/wp-json\/wp\/v2\/posts\/137338\/revisions"}],"wp:featuredmedia":[{"embeddable":true,"href":"https:\/\/news.canadamotorjobs.com\/fr\/wp-json\/wp\/v2\/media\/137342"}],"wp:attachment":[{"href":"https:\/\/news.canadamotorjobs.com\/fr\/wp-json\/wp\/v2\/media?parent=137338"}],"wp:term":[{"taxonomy":"category","embeddable":true,"href":"https:\/\/news.canadamotorjobs.com\/fr\/wp-json\/wp\/v2\/categories?post=137338"},{"taxonomy":"post_tag","embeddable":true,"href":"https:\/\/news.canadamotorjobs.com\/fr\/wp-json\/wp\/v2\/tags?post=137338"}],"curies":[{"name":"wp","href":"https:\/\/api.w.org\/{rel}","templated":true}]}}