{"id":137322,"date":"2022-12-20T14:13:58","date_gmt":"2022-12-20T19:13:58","guid":{"rendered":"https:\/\/news.canadamotorjobs.com\/porsche-commence-officiellement-a-produire-du-carburant-synthetique\/"},"modified":"2022-12-20T14:15:46","modified_gmt":"2022-12-20T19:15:46","slug":"porsche-commence-officiellement-a-produire-du-carburant-synthetique","status":"publish","type":"post","link":"https:\/\/news.canadamotorjobs.com\/fr\/porsche-commence-officiellement-a-produire-du-carburant-synthetique\/","title":{"rendered":"Porsche commence officiellement \u00e0 produire du carburant synth\u00e9tique"},"content":{"rendered":"<\/p>\n<p>La premi\u00e8re usine de production de eFuel se trouve au Chili et vient officiellement d\u2019ouvrir avec la production de ses premiers d\u2019essence carbo-neutre. L\u2019usine pilote de Haru Oni eFuels se trouve \u00e0 Punta Arenas, au Chili. Porsche est le seul constructeur automobile pour le moment \u00e0 investir massivement dans cette technologie. Le principe de base du carburant synth\u00e9tique (ou efuel) consiste \u00e0 cr\u00e9er de l&#8217;essence synth\u00e9tique en utilisant l&#8217;hydrog\u00e8ne de l&#8217;eau et le dioxyde de carbone d\u00e9j\u00e0 pr\u00e9sent dans l\u2019air. En utilisant le carbone d\u00e9j\u00e0 pr\u00e9sent dans l&#8217;atmosph\u00e8re, l&#8217;essence n&#8217;\u00e9met que le carbone utilis\u00e9 pour la cr\u00e9er, ni plus ni moins, ce qui donne une empreinte carbone nette nulle.<br \/> Des moteurs \u00e0 combustion interne plus propre<br \/> Bien que Porsche vise 80\u00a0% de v\u00e9hicules \u00e9lectriques vendus en 2030, le constructeur comprend que l&#8217;achat d&#8217;un nouveau v\u00e9hicule \u00e9lectrique ne signifie pas la disparition soudaine du v\u00e9hicule \u00e0 moteur \u00e0 combustion interne. Porsche estime qu\u2019il y a actuellement plus de 1,3 milliard de v\u00e9hicules \u00e0 moteur \u00e0 combustion dans le monde. Beaucoup d&#8217;entre eux seront sur les routes pendant des d\u00e9cennies encore, et les eFuels offrent aux propri\u00e9taires de voitures existantes une alternative presque neutre en carbone. C\u2019est une mani\u00e8re d\u2019am\u00e9liorer l\u2019empreinte carbone des voitures \u00e0 essence qui seront encore sur la route.<br \/> Pourquoi s\u2019installer au Chili\u2009?<br \/> Pour produire du carburant synth\u00e9tique, il faut r\u00e9colter l&#8217;hydrog\u00e8ne de l&#8217;eau par \u00e9lectrolyse. Il s&#8217;agit d&#8217;un processus \u00e0 forte intensit\u00e9 \u00e9nerg\u00e9tique, et la neutralit\u00e9 carbone du carburant d\u00e9pend fortement du fait que cette \u00e9tape du cycle<\/p>\n","protected":false},"excerpt":{"rendered":"<p>La premi\u00e8re usine de production de eFuel se trouve au Chili et vient officiellement d\u2019ouvrir avec la production de ses premiers d\u2019essence carbo-neutre. L\u2019usine pilote de Haru Oni eFuels se trouve \u00e0 Punta Arenas, au Chili. Porsche est le seul constructeur automobile pour le moment \u00e0 investir massivement dans cette technologie. Le principe de base [&hellip;]<\/p>\n","protected":false},"author":8,"featured_media":137326,"comment_status":"close","ping_status":"closed","sticky":false,"template":"","format":"standard","meta":{"_monsterinsights_skip_tracking":false,"_monsterinsights_sitenote_active":false,"_monsterinsights_sitenote_note":"","_monsterinsights_sitenote_category":0,"footnotes":""},"categories":[101],"tags":[],"yoast_head":"<!-- This site is optimized with the Yoast SEO plugin v23.2 - https:\/\/yoast.com\/wordpress\/plugins\/seo\/ -->\n<title>Porsche commence officiellement \u00e0 produire du carburant synth\u00e9tique - CanadaMotorJobs.com<\/title>\n<meta name=\"description\" content=\"Porsche commence officiellement \u00e0 produire du carburant synth\u00e9tique - Benoit Charette - Annuel automobile - CanadaMotorJobs.com.\" \/>\n<meta name=\"robots\" content=\"index, follow, max-snippet:-1, max-image-preview:large, max-video-preview:-1\" \/>\n<meta property=\"og:locale\" content=\"fr_CA\" \/>\n<meta property=\"og:type\" content=\"article\" \/>\n<meta property=\"og:title\" content=\"Porsche commence officiellement \u00e0 produire du carburant synth\u00e9tique - CanadaMotorJobs.com\" \/>\n<meta property=\"og:description\" content=\"Porsche commence officiellement \u00e0 produire du carburant synth\u00e9tique - Benoit Charette - Annuel automobile - CanadaMotorJobs.com.\" \/>\n<meta property=\"og:url\" content=\"https:\/\/news.canadamotorjobs.com\/fr\/porsche-commence-officiellement-a-produire-du-carburant-synthetique\/\" \/>\n<meta property=\"og:site_name\" content=\"CanadaMotorJobs.com\" \/>\n<meta property=\"article:publisher\" content=\"https:\/\/www.facebook.com\/canadamotorjobs\/\" \/>\n<meta property=\"article:published_time\" content=\"2022-12-20T19:13:58+00:00\" \/>\n<meta property=\"article:modified_time\" content=\"2022-12-20T19:15:46+00:00\" \/>\n<meta property=\"og:image\" content=\"https:\/\/news.canadamotorjobs.com\/wp-content\/uploads\/2022\/12\/952669-1.jpg\" \/>\n\t<meta property=\"og:image:width\" content=\"1600\" \/>\n\t<meta property=\"og:image:height\" content=\"1066\" \/>\n\t<meta property=\"og:image:type\" content=\"image\/jpeg\" \/>\n<meta name=\"author\" content=\"Benoit Charette\" \/>\n<meta name=\"twitter:card\" content=\"summary_large_image\" \/>\n<meta name=\"twitter:creator\" content=\"@canadamotorjobs\" \/>\n<meta name=\"twitter:site\" content=\"@canadamotorjobs\" \/>\n<meta name=\"twitter:label1\" content=\"\u00c9crit par\" \/>\n\t<meta name=\"twitter:data1\" content=\"Benoit Charette\" \/>\n\t<meta name=\"twitter:label2\" content=\"Estimation du temps de lecture\" \/>\n\t<meta name=\"twitter:data2\" content=\"1 minute\" \/>\n<!-- \/ Yoast SEO plugin. -->","yoast_head_json":{"title":"Porsche commence officiellement \u00e0 produire du carburant synth\u00e9tique - CanadaMotorJobs.com","description":"Porsche commence officiellement \u00e0 produire du carburant synth\u00e9tique - Benoit Charette - Annuel automobile - CanadaMotorJobs.com.","robots":{"index":"index","follow":"follow","max-snippet":"max-snippet:-1","max-image-preview":"max-image-preview:large","max-video-preview":"max-video-preview:-1"},"og_locale":"fr_CA","og_type":"article","og_title":"Porsche commence officiellement \u00e0 produire du carburant synth\u00e9tique - CanadaMotorJobs.com","og_description":"Porsche commence officiellement \u00e0 produire du carburant synth\u00e9tique - Benoit Charette - Annuel automobile - CanadaMotorJobs.com.","og_url":"https:\/\/news.canadamotorjobs.com\/fr\/porsche-commence-officiellement-a-produire-du-carburant-synthetique\/","og_site_name":"CanadaMotorJobs.com","article_publisher":"https:\/\/www.facebook.com\/canadamotorjobs\/","article_published_time":"2022-12-20T19:13:58+00:00","article_modified_time":"2022-12-20T19:15:46+00:00","og_image":[{"width":1600,"height":1066,"url":"https:\/\/news.canadamotorjobs.com\/wp-content\/uploads\/2022\/12\/952669-1.jpg","type":"image\/jpeg"}],"author":"Benoit Charette","twitter_card":"summary_large_image","twitter_creator":"@canadamotorjobs","twitter_site":"@canadamotorjobs","twitter_misc":{"\u00c9crit par":"Benoit Charette","Estimation du temps de lecture":"1 minute"},"schema":{"@context":"https:\/\/schema.org","@graph":[{"@type":"Article","@id":"https:\/\/news.canadamotorjobs.com\/fr\/porsche-commence-officiellement-a-produire-du-carburant-synthetique\/#article","isPartOf":{"@id":"https:\/\/news.canadamotorjobs.com\/fr\/porsche-commence-officiellement-a-produire-du-carburant-synthetique\/"},"author":{"name":"Benoit Charette","@id":"https:\/\/news.canadamotorjobs.com\/#\/schema\/person\/51793d1f87d44011d7bcc2ed99269a90"},"headline":"Porsche commence officiellement \u00e0 produire du carburant synth\u00e9tique","datePublished":"2022-12-20T19:13:58+00:00","dateModified":"2022-12-20T19:15:46+00:00","mainEntityOfPage":{"@id":"https:\/\/news.canadamotorjobs.com\/fr\/porsche-commence-officiellement-a-produire-du-carburant-synthetique\/"},"wordCount":291,"publisher":{"@id":"https:\/\/news.canadamotorjobs.com\/#organization"},"image":{"@id":"https:\/\/news.canadamotorjobs.com\/fr\/porsche-commence-officiellement-a-produire-du-carburant-synthetique\/#primaryimage"},"thumbnailUrl":"https:\/\/news.canadamotorjobs.com\/wp-content\/uploads\/2022\/12\/952669-1.jpg","articleSection":["Annuel automobile"],"inLanguage":"fr-CA"},{"@type":"WebPage","@id":"https:\/\/news.canadamotorjobs.com\/fr\/porsche-commence-officiellement-a-produire-du-carburant-synthetique\/","url":"https:\/\/news.canadamotorjobs.com\/fr\/porsche-commence-officiellement-a-produire-du-carburant-synthetique\/","name":"Porsche commence officiellement \u00e0 produire du carburant synth\u00e9tique - CanadaMotorJobs.com","isPartOf":{"@id":"https:\/\/news.canadamotorjobs.com\/#website"},"primaryImageOfPage":{"@id":"https:\/\/news.canadamotorjobs.com\/fr\/porsche-commence-officiellement-a-produire-du-carburant-synthetique\/#primaryimage"},"image":{"@id":"https:\/\/news.canadamotorjobs.com\/fr\/porsche-commence-officiellement-a-produire-du-carburant-synthetique\/#primaryimage"},"thumbnailUrl":"https:\/\/news.canadamotorjobs.com\/wp-content\/uploads\/2022\/12\/952669-1.jpg","datePublished":"2022-12-20T19:13:58+00:00","dateModified":"2022-12-20T19:15:46+00:00","description":"Porsche commence officiellement \u00e0 produire du carburant synth\u00e9tique - Benoit Charette - Annuel automobile - CanadaMotorJobs.com.","breadcrumb":{"@id":"https:\/\/news.canadamotorjobs.com\/fr\/porsche-commence-officiellement-a-produire-du-carburant-synthetique\/#breadcrumb"},"inLanguage":"fr-CA","potentialAction":[{"@type":"ReadAction","target":["https:\/\/news.canadamotorjobs.com\/fr\/porsche-commence-officiellement-a-produire-du-carburant-synthetique\/"]}]},{"@type":"ImageObject","inLanguage":"fr-CA","@id":"https:\/\/news.canadamotorjobs.com\/fr\/porsche-commence-officiellement-a-produire-du-carburant-synthetique\/#primaryimage","url":"https:\/\/news.canadamotorjobs.com\/wp-content\/uploads\/2022\/12\/952669-1.jpg","contentUrl":"https:\/\/news.canadamotorjobs.com\/wp-content\/uploads\/2022\/12\/952669-1.jpg","width":1600,"height":1066},{"@type":"BreadcrumbList","@id":"https:\/\/news.canadamotorjobs.com\/fr\/porsche-commence-officiellement-a-produire-du-carburant-synthetique\/#breadcrumb","itemListElement":[{"@type":"ListItem","position":1,"name":"Home","item":"https:\/\/news.canadamotorjobs.com\/fr\/blog\/"},{"@type":"ListItem","position":2,"name":"Porsche commence officiellement \u00e0 produire du carburant synth\u00e9tique"}]},{"@type":"WebSite","@id":"https:\/\/news.canadamotorjobs.com\/#website","url":"https:\/\/news.canadamotorjobs.com\/","name":"CanadaMotorJobs.com","description":"Automotive Jobs","publisher":{"@id":"https:\/\/news.canadamotorjobs.com\/#organization"},"potentialAction":[{"@type":"SearchAction","target":{"@type":"EntryPoint","urlTemplate":"https:\/\/news.canadamotorjobs.com\/?s={search_term_string}"},"query-input":"required name=search_term_string"}],"inLanguage":"fr-CA"},{"@type":"Organization","@id":"https:\/\/news.canadamotorjobs.com\/#organization","name":"Canada Motor Jobs","url":"https:\/\/news.canadamotorjobs.com\/","logo":{"@type":"ImageObject","inLanguage":"fr-CA","@id":"https:\/\/news.canadamotorjobs.com\/#\/schema\/logo\/image\/","url":"https:\/\/news.canadamotorjobs.com\/wp-content\/uploads\/2022\/10\/logo-canada-motor-jobs-1.png","contentUrl":"https:\/\/news.canadamotorjobs.com\/wp-content\/uploads\/2022\/10\/logo-canada-motor-jobs-1.png","width":800,"height":400,"caption":"Canada Motor Jobs"},"image":{"@id":"https:\/\/news.canadamotorjobs.com\/#\/schema\/logo\/image\/"},"sameAs":["https:\/\/www.facebook.com\/canadamotorjobs\/","https:\/\/x.com\/canadamotorjobs","https:\/\/www.instagram.com\/canadamotorjobs\/","https:\/\/www.linkedin.com\/company\/canadamotorjobs"]},{"@type":"Person","@id":"https:\/\/news.canadamotorjobs.com\/#\/schema\/person\/51793d1f87d44011d7bcc2ed99269a90","name":"Benoit Charette","image":{"@type":"ImageObject","inLanguage":"fr-CA","@id":"https:\/\/news.canadamotorjobs.com\/#\/schema\/person\/image\/","url":"https:\/\/secure.gravatar.com\/avatar\/45f3d2eebcccd909668d7ce7ea7267b6?s=96&d=mm&r=g","contentUrl":"https:\/\/secure.gravatar.com\/avatar\/45f3d2eebcccd909668d7ce7ea7267b6?s=96&d=mm&r=g","caption":"Benoit Charette"},"description":"Benoit Charette \/ Propri\u00e9taire et r\u00e9dacteur en chef Benoit Charette pratique le journalisme automobile depuis bient\u00f4t 30 ans. Il a fait ses classes au c\u00f4t\u00e9 de Daniel H\u00e9raud et au Carnet de route de 1992 \u00e0 2001. Il est fondateur, copropri\u00e9taire et r\u00e9dacteur en chef de L\u2019Annuel de l\u2019automobile, qu\u2019il publie depuis 2001. Il a anim\u00e9 les \u00e9missions RPM et RPM+ sur V et les L\u00e9gendes de la route sur Historia. \u00c0 la radio depuis 1986, il reprend l\u2019antenne cette ann\u00e9e sur les ondes de Cogeco et participe pour la deuxi\u00e8me ann\u00e9e \u00e0 l\u2019\u00e9mission Passion Auto sur RDS en plus de mettre en ligne le site Web officiel de L\u2019Annuel de l\u2019automobile sur annuelauto.ca.","sameAs":["https:\/\/annuelauto.ca\/"],"url":"https:\/\/news.canadamotorjobs.com\/fr\/author\/benoit-charette\/"}]}},"_links":{"self":[{"href":"https:\/\/news.canadamotorjobs.com\/fr\/wp-json\/wp\/v2\/posts\/137322"}],"collection":[{"href":"https:\/\/news.canadamotorjobs.com\/fr\/wp-json\/wp\/v2\/posts"}],"about":[{"href":"https:\/\/news.canadamotorjobs.com\/fr\/wp-json\/wp\/v2\/types\/post"}],"author":[{"embeddable":true,"href":"https:\/\/news.canadamotorjobs.com\/fr\/wp-json\/wp\/v2\/users\/8"}],"replies":[{"embeddable":true,"href":"https:\/\/news.canadamotorjobs.com\/fr\/wp-json\/wp\/v2\/comments?post=137322"}],"version-history":[{"count":0,"href":"https:\/\/news.canadamotorjobs.com\/fr\/wp-json\/wp\/v2\/posts\/137322\/revisions"}],"wp:featuredmedia":[{"embeddable":true,"href":"https:\/\/news.canadamotorjobs.com\/fr\/wp-json\/wp\/v2\/media\/137326"}],"wp:attachment":[{"href":"https:\/\/news.canadamotorjobs.com\/fr\/wp-json\/wp\/v2\/media?parent=137322"}],"wp:term":[{"taxonomy":"category","embeddable":true,"href":"https:\/\/news.canadamotorjobs.com\/fr\/wp-json\/wp\/v2\/categories?post=137322"},{"taxonomy":"post_tag","embeddable":true,"href":"https:\/\/news.canadamotorjobs.com\/fr\/wp-json\/wp\/v2\/tags?post=137322"}],"curies":[{"name":"wp","href":"https:\/\/api.w.org\/{rel}","templated":true}]}}