{"id":137314,"date":"2022-12-20T08:07:36","date_gmt":"2022-12-20T13:07:36","guid":{"rendered":"https:\/\/news.canadamotorjobs.com\/lawrence-stroll-augmente-sa-participation-dans-aston-martin-pour-bloquer-un-eventuel-rachat-par-geely\/"},"modified":"2022-12-20T08:15:21","modified_gmt":"2022-12-20T13:15:21","slug":"lawrence-stroll-augmente-sa-participation-dans-aston-martin-pour-bloquer-un-eventuel-rachat-par-geely","status":"publish","type":"post","link":"https:\/\/news.canadamotorjobs.com\/fr\/lawrence-stroll-augmente-sa-participation-dans-aston-martin-pour-bloquer-un-eventuel-rachat-par-geely\/","title":{"rendered":"Lawrence Stroll augmente sa participation dans Aston Martin pour bloquer un \u00e9ventuel rachat par Geely"},"content":{"rendered":"<\/p>\n<p>De 19 \u00e0 28\u00a0%<br \/> Le pr\u00e9sident de la soci\u00e9t\u00e9 britannique, et son groupe d&#8217;investissement Yew Tree portent le total des actions \u00e0 28,29\u00a0% apr\u00e8s avoir inject\u00e9 plus de 50 millions de livres sterling (82,7 millions de dollars canadiens). Le groupe porte dons ainsi sa participation dans l&#8217;entreprise \u00e0 28,29\u00a0% \u2014 contre 19\u00a0% environ plus t\u00f4t cette ann\u00e9e. On tente ainsi d&#8217;emp\u00eacher le constructeur automobile chinois Geely de faire une offre publique d&#8217;achat agressive.<br \/> Aston Martin en proie \u00e0 un rachat<br \/> Lors de son introduction en bourse en 2018, la valeur d\u2019Aston Martin se situait autour de 4 milliards de livres sterling. Quatre ans plus tard, cette m\u00eame valeur a chut\u00e9 \u00e0 1,2 milliard, ce qui en fait une cible id\u00e9ale pour des compagnies comme Geely qui recherche des bonnes occasions en automobile. Il faut aussi mentionn\u00e9 que Geely poss\u00e8de 7,6\u00a0% des actions d\u2019Aston-Martin et qu\u2019un co\u00fbt de transaction bas comme en ce moment est une occasion en or pour une prise de contr\u00f4le hostile.<br \/> Geely tr\u00e8s actif sur le march\u00e9<br \/> Geely a acquis sa participation dans Aston pour environ 66 millions de livres sterling au d\u00e9but de cette ann\u00e9e, lorsque le constructeur britannique de voitures de sport a \u00e9mis des actions suppl\u00e9mentaires pour lever environ 654 millions de livres sterling, principalement pour rembourser sa dette et r\u00e9duire le poids des paiements d&#8217;int\u00e9r\u00eats qu&#8217;il devait payer. Parmi les autres actionnaires importants figurent le Fonds d&#8217;investissement public saoudien (18,7\u00a0%) et Mercedes-Benz (9,7\u00a0%). Par la suite, le leader milliardaire de Geely, Li Shufu,<\/p>\n","protected":false},"excerpt":{"rendered":"<p>De 19 \u00e0 28\u00a0% Le pr\u00e9sident de la soci\u00e9t\u00e9 britannique, et son groupe d&#8217;investissement Yew Tree portent le total des actions \u00e0 28,29\u00a0% apr\u00e8s avoir inject\u00e9 plus de 50 millions de livres sterling (82,7 millions de dollars canadiens). Le groupe porte dons ainsi sa participation dans l&#8217;entreprise \u00e0 28,29\u00a0% \u2014 contre 19\u00a0% environ plus t\u00f4t [&hellip;]<\/p>\n","protected":false},"author":8,"featured_media":137318,"comment_status":"close","ping_status":"closed","sticky":false,"template":"","format":"standard","meta":{"_monsterinsights_skip_tracking":false,"_monsterinsights_sitenote_active":false,"_monsterinsights_sitenote_note":"","_monsterinsights_sitenote_category":0,"footnotes":""},"categories":[101],"tags":[],"yoast_head":"<!-- This site is optimized with the Yoast SEO plugin v23.2 - https:\/\/yoast.com\/wordpress\/plugins\/seo\/ -->\n<title>Lawrence Stroll augmente sa participation dans Aston Martin pour bloquer un \u00e9ventuel rachat par Geely - CanadaMotorJobs.com<\/title>\n<meta name=\"description\" content=\"Lawrence Stroll augmente sa participation dans Aston Martin pour bloquer un \u00e9ventuel rachat par Geely - Benoit Charette - Annuel automobile - CanadaMotorJobs.com.\" \/>\n<meta name=\"robots\" content=\"index, follow, max-snippet:-1, max-image-preview:large, max-video-preview:-1\" \/>\n<meta property=\"og:locale\" content=\"fr_CA\" \/>\n<meta property=\"og:type\" content=\"article\" \/>\n<meta property=\"og:title\" content=\"Lawrence Stroll augmente sa participation dans Aston Martin pour bloquer un \u00e9ventuel rachat par Geely - CanadaMotorJobs.com\" \/>\n<meta property=\"og:description\" content=\"Lawrence Stroll augmente sa participation dans Aston Martin pour bloquer un \u00e9ventuel rachat par Geely - Benoit Charette - Annuel automobile - CanadaMotorJobs.com.\" \/>\n<meta property=\"og:url\" content=\"https:\/\/news.canadamotorjobs.com\/fr\/lawrence-stroll-augmente-sa-participation-dans-aston-martin-pour-bloquer-un-eventuel-rachat-par-geely\/\" \/>\n<meta property=\"og:site_name\" content=\"CanadaMotorJobs.com\" \/>\n<meta property=\"article:publisher\" content=\"https:\/\/www.facebook.com\/canadamotorjobs\/\" \/>\n<meta property=\"article:published_time\" content=\"2022-12-20T13:07:36+00:00\" \/>\n<meta property=\"article:modified_time\" content=\"2022-12-20T13:15:21+00:00\" \/>\n<meta property=\"og:image\" content=\"https:\/\/news.canadamotorjobs.com\/wp-content\/uploads\/2022\/12\/lawrence-stroll-aston-martin-looks-to-camera-planetf1-1.jpg\" \/>\n\t<meta property=\"og:image:width\" content=\"1600\" \/>\n\t<meta property=\"og:image:height\" content=\"900\" \/>\n\t<meta property=\"og:image:type\" content=\"image\/jpeg\" \/>\n<meta name=\"author\" content=\"Benoit Charette\" \/>\n<meta name=\"twitter:card\" content=\"summary_large_image\" \/>\n<meta name=\"twitter:creator\" content=\"@canadamotorjobs\" \/>\n<meta name=\"twitter:site\" content=\"@canadamotorjobs\" \/>\n<meta name=\"twitter:label1\" content=\"\u00c9crit par\" \/>\n\t<meta name=\"twitter:data1\" content=\"Benoit Charette\" \/>\n\t<meta name=\"twitter:label2\" content=\"Estimation du temps de lecture\" \/>\n\t<meta name=\"twitter:data2\" content=\"1 minute\" \/>\n<!-- \/ Yoast SEO plugin. -->","yoast_head_json":{"title":"Lawrence Stroll augmente sa participation dans Aston Martin pour bloquer un \u00e9ventuel rachat par Geely - CanadaMotorJobs.com","description":"Lawrence Stroll augmente sa participation dans Aston Martin pour bloquer un \u00e9ventuel rachat par Geely - Benoit Charette - Annuel automobile - CanadaMotorJobs.com.","robots":{"index":"index","follow":"follow","max-snippet":"max-snippet:-1","max-image-preview":"max-image-preview:large","max-video-preview":"max-video-preview:-1"},"og_locale":"fr_CA","og_type":"article","og_title":"Lawrence Stroll augmente sa participation dans Aston Martin pour bloquer un \u00e9ventuel rachat par Geely - CanadaMotorJobs.com","og_description":"Lawrence Stroll augmente sa participation dans Aston Martin pour bloquer un \u00e9ventuel rachat par Geely - Benoit Charette - Annuel automobile - CanadaMotorJobs.com.","og_url":"https:\/\/news.canadamotorjobs.com\/fr\/lawrence-stroll-augmente-sa-participation-dans-aston-martin-pour-bloquer-un-eventuel-rachat-par-geely\/","og_site_name":"CanadaMotorJobs.com","article_publisher":"https:\/\/www.facebook.com\/canadamotorjobs\/","article_published_time":"2022-12-20T13:07:36+00:00","article_modified_time":"2022-12-20T13:15:21+00:00","og_image":[{"width":1600,"height":900,"url":"https:\/\/news.canadamotorjobs.com\/wp-content\/uploads\/2022\/12\/lawrence-stroll-aston-martin-looks-to-camera-planetf1-1.jpg","type":"image\/jpeg"}],"author":"Benoit Charette","twitter_card":"summary_large_image","twitter_creator":"@canadamotorjobs","twitter_site":"@canadamotorjobs","twitter_misc":{"\u00c9crit par":"Benoit Charette","Estimation du temps de lecture":"1 minute"},"schema":{"@context":"https:\/\/schema.org","@graph":[{"@type":"Article","@id":"https:\/\/news.canadamotorjobs.com\/fr\/lawrence-stroll-augmente-sa-participation-dans-aston-martin-pour-bloquer-un-eventuel-rachat-par-geely\/#article","isPartOf":{"@id":"https:\/\/news.canadamotorjobs.com\/fr\/lawrence-stroll-augmente-sa-participation-dans-aston-martin-pour-bloquer-un-eventuel-rachat-par-geely\/"},"author":{"name":"Benoit Charette","@id":"https:\/\/news.canadamotorjobs.com\/#\/schema\/person\/51793d1f87d44011d7bcc2ed99269a90"},"headline":"Lawrence Stroll augmente sa participation dans Aston Martin pour bloquer un \u00e9ventuel rachat par Geely","datePublished":"2022-12-20T13:07:36+00:00","dateModified":"2022-12-20T13:15:21+00:00","mainEntityOfPage":{"@id":"https:\/\/news.canadamotorjobs.com\/fr\/lawrence-stroll-augmente-sa-participation-dans-aston-martin-pour-bloquer-un-eventuel-rachat-par-geely\/"},"wordCount":272,"publisher":{"@id":"https:\/\/news.canadamotorjobs.com\/#organization"},"image":{"@id":"https:\/\/news.canadamotorjobs.com\/fr\/lawrence-stroll-augmente-sa-participation-dans-aston-martin-pour-bloquer-un-eventuel-rachat-par-geely\/#primaryimage"},"thumbnailUrl":"https:\/\/news.canadamotorjobs.com\/wp-content\/uploads\/2022\/12\/lawrence-stroll-aston-martin-looks-to-camera-planetf1-1.jpg","articleSection":["Annuel automobile"],"inLanguage":"fr-CA"},{"@type":"WebPage","@id":"https:\/\/news.canadamotorjobs.com\/fr\/lawrence-stroll-augmente-sa-participation-dans-aston-martin-pour-bloquer-un-eventuel-rachat-par-geely\/","url":"https:\/\/news.canadamotorjobs.com\/fr\/lawrence-stroll-augmente-sa-participation-dans-aston-martin-pour-bloquer-un-eventuel-rachat-par-geely\/","name":"Lawrence Stroll augmente sa participation dans Aston Martin pour bloquer un \u00e9ventuel rachat par Geely - CanadaMotorJobs.com","isPartOf":{"@id":"https:\/\/news.canadamotorjobs.com\/#website"},"primaryImageOfPage":{"@id":"https:\/\/news.canadamotorjobs.com\/fr\/lawrence-stroll-augmente-sa-participation-dans-aston-martin-pour-bloquer-un-eventuel-rachat-par-geely\/#primaryimage"},"image":{"@id":"https:\/\/news.canadamotorjobs.com\/fr\/lawrence-stroll-augmente-sa-participation-dans-aston-martin-pour-bloquer-un-eventuel-rachat-par-geely\/#primaryimage"},"thumbnailUrl":"https:\/\/news.canadamotorjobs.com\/wp-content\/uploads\/2022\/12\/lawrence-stroll-aston-martin-looks-to-camera-planetf1-1.jpg","datePublished":"2022-12-20T13:07:36+00:00","dateModified":"2022-12-20T13:15:21+00:00","description":"Lawrence Stroll augmente sa participation dans Aston Martin pour bloquer un \u00e9ventuel rachat par Geely - Benoit Charette - Annuel automobile - CanadaMotorJobs.com.","breadcrumb":{"@id":"https:\/\/news.canadamotorjobs.com\/fr\/lawrence-stroll-augmente-sa-participation-dans-aston-martin-pour-bloquer-un-eventuel-rachat-par-geely\/#breadcrumb"},"inLanguage":"fr-CA","potentialAction":[{"@type":"ReadAction","target":["https:\/\/news.canadamotorjobs.com\/fr\/lawrence-stroll-augmente-sa-participation-dans-aston-martin-pour-bloquer-un-eventuel-rachat-par-geely\/"]}]},{"@type":"ImageObject","inLanguage":"fr-CA","@id":"https:\/\/news.canadamotorjobs.com\/fr\/lawrence-stroll-augmente-sa-participation-dans-aston-martin-pour-bloquer-un-eventuel-rachat-par-geely\/#primaryimage","url":"https:\/\/news.canadamotorjobs.com\/wp-content\/uploads\/2022\/12\/lawrence-stroll-aston-martin-looks-to-camera-planetf1-1.jpg","contentUrl":"https:\/\/news.canadamotorjobs.com\/wp-content\/uploads\/2022\/12\/lawrence-stroll-aston-martin-looks-to-camera-planetf1-1.jpg","width":1600,"height":900},{"@type":"BreadcrumbList","@id":"https:\/\/news.canadamotorjobs.com\/fr\/lawrence-stroll-augmente-sa-participation-dans-aston-martin-pour-bloquer-un-eventuel-rachat-par-geely\/#breadcrumb","itemListElement":[{"@type":"ListItem","position":1,"name":"Home","item":"https:\/\/news.canadamotorjobs.com\/fr\/blog\/"},{"@type":"ListItem","position":2,"name":"Lawrence Stroll augmente sa participation dans Aston Martin pour bloquer un \u00e9ventuel rachat par Geely"}]},{"@type":"WebSite","@id":"https:\/\/news.canadamotorjobs.com\/#website","url":"https:\/\/news.canadamotorjobs.com\/","name":"CanadaMotorJobs.com","description":"Automotive Jobs","publisher":{"@id":"https:\/\/news.canadamotorjobs.com\/#organization"},"potentialAction":[{"@type":"SearchAction","target":{"@type":"EntryPoint","urlTemplate":"https:\/\/news.canadamotorjobs.com\/?s={search_term_string}"},"query-input":"required name=search_term_string"}],"inLanguage":"fr-CA"},{"@type":"Organization","@id":"https:\/\/news.canadamotorjobs.com\/#organization","name":"Canada Motor Jobs","url":"https:\/\/news.canadamotorjobs.com\/","logo":{"@type":"ImageObject","inLanguage":"fr-CA","@id":"https:\/\/news.canadamotorjobs.com\/#\/schema\/logo\/image\/","url":"https:\/\/news.canadamotorjobs.com\/wp-content\/uploads\/2022\/10\/logo-canada-motor-jobs-1.png","contentUrl":"https:\/\/news.canadamotorjobs.com\/wp-content\/uploads\/2022\/10\/logo-canada-motor-jobs-1.png","width":800,"height":400,"caption":"Canada Motor Jobs"},"image":{"@id":"https:\/\/news.canadamotorjobs.com\/#\/schema\/logo\/image\/"},"sameAs":["https:\/\/www.facebook.com\/canadamotorjobs\/","https:\/\/x.com\/canadamotorjobs","https:\/\/www.instagram.com\/canadamotorjobs\/","https:\/\/www.linkedin.com\/company\/canadamotorjobs"]},{"@type":"Person","@id":"https:\/\/news.canadamotorjobs.com\/#\/schema\/person\/51793d1f87d44011d7bcc2ed99269a90","name":"Benoit Charette","image":{"@type":"ImageObject","inLanguage":"fr-CA","@id":"https:\/\/news.canadamotorjobs.com\/#\/schema\/person\/image\/","url":"https:\/\/secure.gravatar.com\/avatar\/45f3d2eebcccd909668d7ce7ea7267b6?s=96&d=mm&r=g","contentUrl":"https:\/\/secure.gravatar.com\/avatar\/45f3d2eebcccd909668d7ce7ea7267b6?s=96&d=mm&r=g","caption":"Benoit Charette"},"description":"Benoit Charette \/ Propri\u00e9taire et r\u00e9dacteur en chef Benoit Charette pratique le journalisme automobile depuis bient\u00f4t 30 ans. Il a fait ses classes au c\u00f4t\u00e9 de Daniel H\u00e9raud et au Carnet de route de 1992 \u00e0 2001. Il est fondateur, copropri\u00e9taire et r\u00e9dacteur en chef de L\u2019Annuel de l\u2019automobile, qu\u2019il publie depuis 2001. Il a anim\u00e9 les \u00e9missions RPM et RPM+ sur V et les L\u00e9gendes de la route sur Historia. \u00c0 la radio depuis 1986, il reprend l\u2019antenne cette ann\u00e9e sur les ondes de Cogeco et participe pour la deuxi\u00e8me ann\u00e9e \u00e0 l\u2019\u00e9mission Passion Auto sur RDS en plus de mettre en ligne le site Web officiel de L\u2019Annuel de l\u2019automobile sur annuelauto.ca.","sameAs":["https:\/\/annuelauto.ca\/"],"url":"https:\/\/news.canadamotorjobs.com\/fr\/author\/benoit-charette\/"}]}},"_links":{"self":[{"href":"https:\/\/news.canadamotorjobs.com\/fr\/wp-json\/wp\/v2\/posts\/137314"}],"collection":[{"href":"https:\/\/news.canadamotorjobs.com\/fr\/wp-json\/wp\/v2\/posts"}],"about":[{"href":"https:\/\/news.canadamotorjobs.com\/fr\/wp-json\/wp\/v2\/types\/post"}],"author":[{"embeddable":true,"href":"https:\/\/news.canadamotorjobs.com\/fr\/wp-json\/wp\/v2\/users\/8"}],"replies":[{"embeddable":true,"href":"https:\/\/news.canadamotorjobs.com\/fr\/wp-json\/wp\/v2\/comments?post=137314"}],"version-history":[{"count":0,"href":"https:\/\/news.canadamotorjobs.com\/fr\/wp-json\/wp\/v2\/posts\/137314\/revisions"}],"wp:featuredmedia":[{"embeddable":true,"href":"https:\/\/news.canadamotorjobs.com\/fr\/wp-json\/wp\/v2\/media\/137318"}],"wp:attachment":[{"href":"https:\/\/news.canadamotorjobs.com\/fr\/wp-json\/wp\/v2\/media?parent=137314"}],"wp:term":[{"taxonomy":"category","embeddable":true,"href":"https:\/\/news.canadamotorjobs.com\/fr\/wp-json\/wp\/v2\/categories?post=137314"},{"taxonomy":"post_tag","embeddable":true,"href":"https:\/\/news.canadamotorjobs.com\/fr\/wp-json\/wp\/v2\/tags?post=137314"}],"curies":[{"name":"wp","href":"https:\/\/api.w.org\/{rel}","templated":true}]}}