{"id":137306,"date":"2022-12-20T07:02:52","date_gmt":"2022-12-20T12:02:52","guid":{"rendered":"https:\/\/news.canadamotorjobs.com\/un-tout-nouveau-kona-pour-2024\/"},"modified":"2022-12-20T07:13:59","modified_gmt":"2022-12-20T12:13:59","slug":"un-tout-nouveau-kona-pour-2024","status":"publish","type":"post","link":"https:\/\/news.canadamotorjobs.com\/fr\/un-tout-nouveau-kona-pour-2024\/","title":{"rendered":"Un tout nouveau Kona pour 2024"},"content":{"rendered":"<\/p>\n<p>Hyundai passe au DEL et du style avant-gardiste avec son Kona 2024, mais n\u2019abandonne pas ses versions \u00e0 essence.<br \/> Une 2e g\u00e9n\u00e9ration tr\u00e8s moderne<br \/> Le nouveau mod\u00e8le est un peu plus grand, l\u00e9g\u00e8rement plus agressif dans son design, et offrira des mod\u00e8les \u00e0 essence, hybride et \u00e9lectrique. Mais, rien sur le retour du Hyundai Kona N.<br \/> Plus de photos que de sp\u00e9cifications<br \/> L&#8217;annonce faite hier \u00e9tait partielle avec peu de d\u00e9tails, mais il y avait quelques rendus montrant le produit fini. Hyundai a pouss\u00e9 jusqu&#8217;au bout le concept de feux avant sur\u00e9lev\u00e9s ultraminces, en rempla\u00e7ant les ouvertures des feux de position par une seule et fine bande de DEL qui traverse le nez du v\u00e9hicule. Comme auparavant, les phares r\u00e9els sont situ\u00e9s plus bas dans le nez. Un mod\u00e8le \u00e0 essence \u00e9tait pr\u00e9sent\u00e9 avec une grande ouverture pour le refroidissement et une finition N-Line \u00e9tait expos\u00e9e avec la signature de cette marque. Le Kona Electric a une face avant essentiellement plate avec quelques feux de style pixel sous le support de la plaque d&#8217;immatriculation.<br \/> Presque aussi grand que le Tucson<br \/> De profil, le nouveau Kona ressemble beaucoup au Tucson, plus grand. \u00c0 l&#8217;arri\u00e8re, il est \u00e9quip\u00e9 d&#8217;une seule et fine bande lumineuse \u00e0 DEL, comme \u00e0 l&#8217;avant. Il est plus long de 150\u00a0mm (4 355\u00a0mm) et plus large de 25\u00a0mm. Un empattement suppl\u00e9mentaire de 60\u00a0mm devrait permettre d&#8217;offrir plus d&#8217;espace aux passagers \u00e0 l\u2019arri\u00e8re. Hyundai a commenc\u00e9 par le mod\u00e8le EV, puis a ajout\u00e9 des groupes motopropulseurs \u00e0 moteur \u00e0<\/p>\n","protected":false},"excerpt":{"rendered":"<p>Hyundai passe au DEL et du style avant-gardiste avec son Kona 2024, mais n\u2019abandonne pas ses versions \u00e0 essence. Une 2e g\u00e9n\u00e9ration tr\u00e8s moderne Le nouveau mod\u00e8le est un peu plus grand, l\u00e9g\u00e8rement plus agressif dans son design, et offrira des mod\u00e8les \u00e0 essence, hybride et \u00e9lectrique. Mais, rien sur le retour du Hyundai Kona [&hellip;]<\/p>\n","protected":false},"author":8,"featured_media":137310,"comment_status":"close","ping_status":"closed","sticky":false,"template":"","format":"standard","meta":{"_monsterinsights_skip_tracking":false,"_monsterinsights_sitenote_active":false,"_monsterinsights_sitenote_note":"","_monsterinsights_sitenote_category":0,"footnotes":""},"categories":[101],"tags":[],"yoast_head":"<!-- This site is optimized with the Yoast SEO plugin v23.2 - https:\/\/yoast.com\/wordpress\/plugins\/seo\/ -->\n<title>Un tout nouveau Kona pour 2024 - CanadaMotorJobs.com<\/title>\n<meta name=\"description\" content=\"Un tout nouveau Kona pour 2024 - Benoit Charette - Annuel automobile - CanadaMotorJobs.com.\" \/>\n<meta name=\"robots\" content=\"index, follow, max-snippet:-1, max-image-preview:large, max-video-preview:-1\" \/>\n<meta property=\"og:locale\" content=\"fr_CA\" \/>\n<meta property=\"og:type\" content=\"article\" \/>\n<meta property=\"og:title\" content=\"Un tout nouveau Kona pour 2024 - CanadaMotorJobs.com\" \/>\n<meta property=\"og:description\" content=\"Un tout nouveau Kona pour 2024 - Benoit Charette - Annuel automobile - CanadaMotorJobs.com.\" \/>\n<meta property=\"og:url\" content=\"https:\/\/news.canadamotorjobs.com\/fr\/un-tout-nouveau-kona-pour-2024\/\" \/>\n<meta property=\"og:site_name\" content=\"CanadaMotorJobs.com\" \/>\n<meta property=\"article:publisher\" content=\"https:\/\/www.facebook.com\/canadamotorjobs\/\" \/>\n<meta property=\"article:published_time\" content=\"2022-12-20T12:02:52+00:00\" \/>\n<meta property=\"article:modified_time\" content=\"2022-12-20T12:13:59+00:00\" \/>\n<meta property=\"og:image\" content=\"https:\/\/news.canadamotorjobs.com\/wp-content\/uploads\/2022\/12\/Large-53310-All-NewHyundaiKONAGetsBolderMoreDynamicEV-ledDesignwithUniqueStylingAcrossaRangeofPowertrains-1.jpg\" \/>\n\t<meta property=\"og:image:width\" content=\"1575\" \/>\n\t<meta property=\"og:image:height\" content=\"1000\" \/>\n\t<meta property=\"og:image:type\" content=\"image\/jpeg\" \/>\n<meta name=\"author\" content=\"Benoit Charette\" \/>\n<meta name=\"twitter:card\" content=\"summary_large_image\" \/>\n<meta name=\"twitter:creator\" content=\"@canadamotorjobs\" \/>\n<meta name=\"twitter:site\" content=\"@canadamotorjobs\" \/>\n<meta name=\"twitter:label1\" content=\"\u00c9crit par\" \/>\n\t<meta name=\"twitter:data1\" content=\"Benoit Charette\" \/>\n\t<meta name=\"twitter:label2\" content=\"Estimation du temps de lecture\" \/>\n\t<meta name=\"twitter:data2\" content=\"1 minute\" \/>\n<!-- \/ Yoast SEO plugin. -->","yoast_head_json":{"title":"Un tout nouveau Kona pour 2024 - CanadaMotorJobs.com","description":"Un tout nouveau Kona pour 2024 - Benoit Charette - Annuel automobile - CanadaMotorJobs.com.","robots":{"index":"index","follow":"follow","max-snippet":"max-snippet:-1","max-image-preview":"max-image-preview:large","max-video-preview":"max-video-preview:-1"},"og_locale":"fr_CA","og_type":"article","og_title":"Un tout nouveau Kona pour 2024 - CanadaMotorJobs.com","og_description":"Un tout nouveau Kona pour 2024 - Benoit Charette - Annuel automobile - CanadaMotorJobs.com.","og_url":"https:\/\/news.canadamotorjobs.com\/fr\/un-tout-nouveau-kona-pour-2024\/","og_site_name":"CanadaMotorJobs.com","article_publisher":"https:\/\/www.facebook.com\/canadamotorjobs\/","article_published_time":"2022-12-20T12:02:52+00:00","article_modified_time":"2022-12-20T12:13:59+00:00","og_image":[{"width":1575,"height":1000,"url":"https:\/\/news.canadamotorjobs.com\/wp-content\/uploads\/2022\/12\/Large-53310-All-NewHyundaiKONAGetsBolderMoreDynamicEV-ledDesignwithUniqueStylingAcrossaRangeofPowertrains-1.jpg","type":"image\/jpeg"}],"author":"Benoit Charette","twitter_card":"summary_large_image","twitter_creator":"@canadamotorjobs","twitter_site":"@canadamotorjobs","twitter_misc":{"\u00c9crit par":"Benoit Charette","Estimation du temps de lecture":"1 minute"},"schema":{"@context":"https:\/\/schema.org","@graph":[{"@type":"Article","@id":"https:\/\/news.canadamotorjobs.com\/fr\/un-tout-nouveau-kona-pour-2024\/#article","isPartOf":{"@id":"https:\/\/news.canadamotorjobs.com\/fr\/un-tout-nouveau-kona-pour-2024\/"},"author":{"name":"Benoit Charette","@id":"https:\/\/news.canadamotorjobs.com\/#\/schema\/person\/51793d1f87d44011d7bcc2ed99269a90"},"headline":"Un tout nouveau Kona pour 2024","datePublished":"2022-12-20T12:02:52+00:00","dateModified":"2022-12-20T12:13:59+00:00","mainEntityOfPage":{"@id":"https:\/\/news.canadamotorjobs.com\/fr\/un-tout-nouveau-kona-pour-2024\/"},"wordCount":276,"publisher":{"@id":"https:\/\/news.canadamotorjobs.com\/#organization"},"image":{"@id":"https:\/\/news.canadamotorjobs.com\/fr\/un-tout-nouveau-kona-pour-2024\/#primaryimage"},"thumbnailUrl":"https:\/\/news.canadamotorjobs.com\/wp-content\/uploads\/2022\/12\/Large-53310-All-NewHyundaiKONAGetsBolderMoreDynamicEV-ledDesignwithUniqueStylingAcrossaRangeofPowertrains-1.jpg","articleSection":["Annuel automobile"],"inLanguage":"fr-CA"},{"@type":"WebPage","@id":"https:\/\/news.canadamotorjobs.com\/fr\/un-tout-nouveau-kona-pour-2024\/","url":"https:\/\/news.canadamotorjobs.com\/fr\/un-tout-nouveau-kona-pour-2024\/","name":"Un tout nouveau Kona pour 2024 - CanadaMotorJobs.com","isPartOf":{"@id":"https:\/\/news.canadamotorjobs.com\/#website"},"primaryImageOfPage":{"@id":"https:\/\/news.canadamotorjobs.com\/fr\/un-tout-nouveau-kona-pour-2024\/#primaryimage"},"image":{"@id":"https:\/\/news.canadamotorjobs.com\/fr\/un-tout-nouveau-kona-pour-2024\/#primaryimage"},"thumbnailUrl":"https:\/\/news.canadamotorjobs.com\/wp-content\/uploads\/2022\/12\/Large-53310-All-NewHyundaiKONAGetsBolderMoreDynamicEV-ledDesignwithUniqueStylingAcrossaRangeofPowertrains-1.jpg","datePublished":"2022-12-20T12:02:52+00:00","dateModified":"2022-12-20T12:13:59+00:00","description":"Un tout nouveau Kona pour 2024 - Benoit Charette - Annuel automobile - CanadaMotorJobs.com.","breadcrumb":{"@id":"https:\/\/news.canadamotorjobs.com\/fr\/un-tout-nouveau-kona-pour-2024\/#breadcrumb"},"inLanguage":"fr-CA","potentialAction":[{"@type":"ReadAction","target":["https:\/\/news.canadamotorjobs.com\/fr\/un-tout-nouveau-kona-pour-2024\/"]}]},{"@type":"ImageObject","inLanguage":"fr-CA","@id":"https:\/\/news.canadamotorjobs.com\/fr\/un-tout-nouveau-kona-pour-2024\/#primaryimage","url":"https:\/\/news.canadamotorjobs.com\/wp-content\/uploads\/2022\/12\/Large-53310-All-NewHyundaiKONAGetsBolderMoreDynamicEV-ledDesignwithUniqueStylingAcrossaRangeofPowertrains-1.jpg","contentUrl":"https:\/\/news.canadamotorjobs.com\/wp-content\/uploads\/2022\/12\/Large-53310-All-NewHyundaiKONAGetsBolderMoreDynamicEV-ledDesignwithUniqueStylingAcrossaRangeofPowertrains-1.jpg","width":1575,"height":1000},{"@type":"BreadcrumbList","@id":"https:\/\/news.canadamotorjobs.com\/fr\/un-tout-nouveau-kona-pour-2024\/#breadcrumb","itemListElement":[{"@type":"ListItem","position":1,"name":"Home","item":"https:\/\/news.canadamotorjobs.com\/fr\/blog\/"},{"@type":"ListItem","position":2,"name":"Un tout nouveau Kona pour 2024"}]},{"@type":"WebSite","@id":"https:\/\/news.canadamotorjobs.com\/#website","url":"https:\/\/news.canadamotorjobs.com\/","name":"CanadaMotorJobs.com","description":"Automotive Jobs","publisher":{"@id":"https:\/\/news.canadamotorjobs.com\/#organization"},"potentialAction":[{"@type":"SearchAction","target":{"@type":"EntryPoint","urlTemplate":"https:\/\/news.canadamotorjobs.com\/?s={search_term_string}"},"query-input":"required name=search_term_string"}],"inLanguage":"fr-CA"},{"@type":"Organization","@id":"https:\/\/news.canadamotorjobs.com\/#organization","name":"Canada Motor Jobs","url":"https:\/\/news.canadamotorjobs.com\/","logo":{"@type":"ImageObject","inLanguage":"fr-CA","@id":"https:\/\/news.canadamotorjobs.com\/#\/schema\/logo\/image\/","url":"https:\/\/news.canadamotorjobs.com\/wp-content\/uploads\/2022\/10\/logo-canada-motor-jobs-1.png","contentUrl":"https:\/\/news.canadamotorjobs.com\/wp-content\/uploads\/2022\/10\/logo-canada-motor-jobs-1.png","width":800,"height":400,"caption":"Canada Motor Jobs"},"image":{"@id":"https:\/\/news.canadamotorjobs.com\/#\/schema\/logo\/image\/"},"sameAs":["https:\/\/www.facebook.com\/canadamotorjobs\/","https:\/\/x.com\/canadamotorjobs","https:\/\/www.instagram.com\/canadamotorjobs\/","https:\/\/www.linkedin.com\/company\/canadamotorjobs"]},{"@type":"Person","@id":"https:\/\/news.canadamotorjobs.com\/#\/schema\/person\/51793d1f87d44011d7bcc2ed99269a90","name":"Benoit Charette","image":{"@type":"ImageObject","inLanguage":"fr-CA","@id":"https:\/\/news.canadamotorjobs.com\/#\/schema\/person\/image\/","url":"https:\/\/secure.gravatar.com\/avatar\/45f3d2eebcccd909668d7ce7ea7267b6?s=96&d=mm&r=g","contentUrl":"https:\/\/secure.gravatar.com\/avatar\/45f3d2eebcccd909668d7ce7ea7267b6?s=96&d=mm&r=g","caption":"Benoit Charette"},"description":"Benoit Charette \/ Propri\u00e9taire et r\u00e9dacteur en chef Benoit Charette pratique le journalisme automobile depuis bient\u00f4t 30 ans. Il a fait ses classes au c\u00f4t\u00e9 de Daniel H\u00e9raud et au Carnet de route de 1992 \u00e0 2001. Il est fondateur, copropri\u00e9taire et r\u00e9dacteur en chef de L\u2019Annuel de l\u2019automobile, qu\u2019il publie depuis 2001. Il a anim\u00e9 les \u00e9missions RPM et RPM+ sur V et les L\u00e9gendes de la route sur Historia. \u00c0 la radio depuis 1986, il reprend l\u2019antenne cette ann\u00e9e sur les ondes de Cogeco et participe pour la deuxi\u00e8me ann\u00e9e \u00e0 l\u2019\u00e9mission Passion Auto sur RDS en plus de mettre en ligne le site Web officiel de L\u2019Annuel de l\u2019automobile sur annuelauto.ca.","sameAs":["https:\/\/annuelauto.ca\/"],"url":"https:\/\/news.canadamotorjobs.com\/fr\/author\/benoit-charette\/"}]}},"_links":{"self":[{"href":"https:\/\/news.canadamotorjobs.com\/fr\/wp-json\/wp\/v2\/posts\/137306"}],"collection":[{"href":"https:\/\/news.canadamotorjobs.com\/fr\/wp-json\/wp\/v2\/posts"}],"about":[{"href":"https:\/\/news.canadamotorjobs.com\/fr\/wp-json\/wp\/v2\/types\/post"}],"author":[{"embeddable":true,"href":"https:\/\/news.canadamotorjobs.com\/fr\/wp-json\/wp\/v2\/users\/8"}],"replies":[{"embeddable":true,"href":"https:\/\/news.canadamotorjobs.com\/fr\/wp-json\/wp\/v2\/comments?post=137306"}],"version-history":[{"count":0,"href":"https:\/\/news.canadamotorjobs.com\/fr\/wp-json\/wp\/v2\/posts\/137306\/revisions"}],"wp:featuredmedia":[{"embeddable":true,"href":"https:\/\/news.canadamotorjobs.com\/fr\/wp-json\/wp\/v2\/media\/137310"}],"wp:attachment":[{"href":"https:\/\/news.canadamotorjobs.com\/fr\/wp-json\/wp\/v2\/media?parent=137306"}],"wp:term":[{"taxonomy":"category","embeddable":true,"href":"https:\/\/news.canadamotorjobs.com\/fr\/wp-json\/wp\/v2\/categories?post=137306"},{"taxonomy":"post_tag","embeddable":true,"href":"https:\/\/news.canadamotorjobs.com\/fr\/wp-json\/wp\/v2\/tags?post=137306"}],"curies":[{"name":"wp","href":"https:\/\/api.w.org\/{rel}","templated":true}]}}