{"id":137298,"date":"2022-12-19T20:13:56","date_gmt":"2022-12-20T01:13:56","guid":{"rendered":"https:\/\/news.canadamotorjobs.com\/pravaig-defy-un-utilitaire-electrique-made-in-india\/"},"modified":"2022-12-19T20:44:43","modified_gmt":"2022-12-20T01:44:43","slug":"pravaig-defy-un-utilitaire-electrique-made-in-india","status":"publish","type":"post","link":"https:\/\/news.canadamotorjobs.com\/fr\/pravaig-defy-un-utilitaire-electrique-made-in-india\/","title":{"rendered":"Pravaig Defy, un utilitaire \u00e9lectrique \u00ab\u00a0Made in India\u00a0\u00bb"},"content":{"rendered":"<\/p>\n<p>Vous peinez \u00e0 vous rem\u00e9morer les noms de toutes ces nouvelles marques, comme <a href=\"https:\/\/annuelauto.ca\/vinfast-ouvre-sa-premiere-boutique-au-quebec\/\" target=\"_blank\" rel=\"noopener noreferrer\">VinFast<\/a>, Rivian, Ineos, <a href=\"https:\/\/annuelauto.ca\/lucid-motors-presente-un-modele-plus-abordable\/\" target=\"_blank\" rel=\"noopener noreferrer\">Lucid<\/a>, Faraday et Bollinger, qui ont fait leurs d\u00e9buts ces derni\u00e8res ann\u00e9es\u00a0? Eh bien, voici un autre nom que vous pouvez ajouter \u00e0 votre vocabulaire d\u00e8s maintenant\u00a0: Pravaig.\u00a0<\/p>\n<p> En lan\u00e7ant l\u2019utilitaire \u00e9lectrique Defy \u00e0 New\u00a0Delhi, le 25 novembre dernier, les dirigeants de Pravaig Dynamics ont annonc\u00e9 leur intention de le commercialiser en Am\u00e9rique du Nord et en Europe, dans un avenir toutefois encore ind\u00e9termin\u00e9.<br \/> Une silhouette famili\u00e8re<br \/> La silhouette anguleuse de sa carrosserie de 4,96\u00a0m rappelle le Range Rover Sport, qui est d\u2019ailleurs presque aussi long (4,95\u00a0m ). Le Defy s&#8217;en distingue toutefois par ses portes arri\u00e8re qui s&#8217;ouvrent \u00e0 contresens. De plus, en raison de la nature de sa motorisation, Pravaig le pr\u00e9sente tout naturellement comme un nouveau rival des BMW\u00a0iX, Jaguar\u00a0iPace, <a href=\"https:\/\/annuelauto.ca\/audi-q8-e-tron\/\" target=\"_blank\" rel=\"noopener noreferrer\">Audi<\/a> e-Tron, Mercedes-Benz\u00a0EQC et autres V\u00c9 du genre.<\/p>\n<p> Les deux moteurs \u00e9lectriques du Defy livrent 400\u00a0ch et 457\u00a0lb-pi de couple \u00e0 ses quatre roues. Autant de puissance autorise une acc\u00e9l\u00e9ration de 0 \u00e0 100\u00a0km\/h en 4,9\u00a0s et une vitesse de pointe de 210\u00a0km\/h. En outre, une batterie au lithium-ion de 90,9\u00a0kWh log\u00e9e au centre du ch\u00e2ssis lui assurerait une autonomie d\u00e9passant les 500\u00a0km, selon le constructeur.\u00a0<\/p>\n<p> Con\u00e7u pour affronter les routes parfois peu carrossables du pays de Gandhi, ce V\u00c9 a une garde au sol de 234\u00a0mm et une capacit\u00e9 de franchissement de 900\u00a0mm dans les plans d\u2019eau.\u00a0<\/p>\n<p> Pour rester dans le ton des \u00ab\u00a0v\u00e9hicules verts\u00a0\u00bb, son<\/p>\n","protected":false},"excerpt":{"rendered":"<p>Vous peinez \u00e0 vous rem\u00e9morer les noms de toutes ces nouvelles marques, comme VinFast, Rivian, Ineos, Lucid, Faraday et Bollinger, qui ont fait leurs d\u00e9buts ces derni\u00e8res ann\u00e9es\u00a0? Eh bien, voici un autre nom que vous pouvez ajouter \u00e0 votre vocabulaire d\u00e8s maintenant\u00a0: Pravaig.\u00a0 En lan\u00e7ant l\u2019utilitaire \u00e9lectrique Defy \u00e0 New\u00a0Delhi, le 25 novembre dernier, [&hellip;]<\/p>\n","protected":false},"author":8,"featured_media":137302,"comment_status":"close","ping_status":"closed","sticky":false,"template":"","format":"standard","meta":{"_monsterinsights_skip_tracking":false,"_monsterinsights_sitenote_active":false,"_monsterinsights_sitenote_note":"","_monsterinsights_sitenote_category":0,"footnotes":""},"categories":[101],"tags":[],"yoast_head":"<!-- This site is optimized with the Yoast SEO plugin v23.2 - https:\/\/yoast.com\/wordpress\/plugins\/seo\/ -->\n<title>Pravaig Defy, un utilitaire \u00e9lectrique \u00ab\u00a0Made in India\u00a0\u00bb - CanadaMotorJobs.com<\/title>\n<meta name=\"description\" content=\"Pravaig Defy, un utilitaire \u00e9lectrique \u00ab\u00a0Made in India\u00a0\u00bb - Benoit Charette - Annuel automobile - CanadaMotorJobs.com.\" \/>\n<meta name=\"robots\" content=\"index, follow, max-snippet:-1, max-image-preview:large, max-video-preview:-1\" \/>\n<meta property=\"og:locale\" content=\"fr_CA\" \/>\n<meta property=\"og:type\" content=\"article\" \/>\n<meta property=\"og:title\" content=\"Pravaig Defy, un utilitaire \u00e9lectrique \u00ab\u00a0Made in India\u00a0\u00bb - CanadaMotorJobs.com\" \/>\n<meta property=\"og:description\" content=\"Pravaig Defy, un utilitaire \u00e9lectrique \u00ab\u00a0Made in India\u00a0\u00bb - Benoit Charette - Annuel automobile - CanadaMotorJobs.com.\" \/>\n<meta property=\"og:url\" content=\"https:\/\/news.canadamotorjobs.com\/fr\/pravaig-defy-un-utilitaire-electrique-made-in-india\/\" \/>\n<meta property=\"og:site_name\" content=\"CanadaMotorJobs.com\" \/>\n<meta property=\"article:publisher\" content=\"https:\/\/www.facebook.com\/canadamotorjobs\/\" \/>\n<meta property=\"article:published_time\" content=\"2022-12-20T01:13:56+00:00\" \/>\n<meta property=\"article:modified_time\" content=\"2022-12-20T01:44:43+00:00\" \/>\n<meta property=\"og:image\" content=\"https:\/\/news.canadamotorjobs.com\/wp-content\/uploads\/2022\/12\/Pravaig-Defy-7-1.jpg\" \/>\n\t<meta property=\"og:image:width\" content=\"1500\" \/>\n\t<meta property=\"og:image:height\" content=\"1000\" \/>\n\t<meta property=\"og:image:type\" content=\"image\/jpeg\" \/>\n<meta name=\"author\" content=\"Benoit Charette\" \/>\n<meta name=\"twitter:card\" content=\"summary_large_image\" \/>\n<meta name=\"twitter:creator\" content=\"@canadamotorjobs\" \/>\n<meta name=\"twitter:site\" content=\"@canadamotorjobs\" \/>\n<meta name=\"twitter:label1\" content=\"\u00c9crit par\" \/>\n\t<meta name=\"twitter:data1\" content=\"Benoit Charette\" \/>\n\t<meta name=\"twitter:label2\" content=\"Estimation du temps de lecture\" \/>\n\t<meta name=\"twitter:data2\" content=\"1 minute\" \/>\n<!-- \/ Yoast SEO plugin. -->","yoast_head_json":{"title":"Pravaig Defy, un utilitaire \u00e9lectrique \u00ab\u00a0Made in India\u00a0\u00bb - CanadaMotorJobs.com","description":"Pravaig Defy, un utilitaire \u00e9lectrique \u00ab\u00a0Made in India\u00a0\u00bb - Benoit Charette - Annuel automobile - CanadaMotorJobs.com.","robots":{"index":"index","follow":"follow","max-snippet":"max-snippet:-1","max-image-preview":"max-image-preview:large","max-video-preview":"max-video-preview:-1"},"og_locale":"fr_CA","og_type":"article","og_title":"Pravaig Defy, un utilitaire \u00e9lectrique \u00ab\u00a0Made in India\u00a0\u00bb - CanadaMotorJobs.com","og_description":"Pravaig Defy, un utilitaire \u00e9lectrique \u00ab\u00a0Made in India\u00a0\u00bb - Benoit Charette - Annuel automobile - CanadaMotorJobs.com.","og_url":"https:\/\/news.canadamotorjobs.com\/fr\/pravaig-defy-un-utilitaire-electrique-made-in-india\/","og_site_name":"CanadaMotorJobs.com","article_publisher":"https:\/\/www.facebook.com\/canadamotorjobs\/","article_published_time":"2022-12-20T01:13:56+00:00","article_modified_time":"2022-12-20T01:44:43+00:00","og_image":[{"width":1500,"height":1000,"url":"https:\/\/news.canadamotorjobs.com\/wp-content\/uploads\/2022\/12\/Pravaig-Defy-7-1.jpg","type":"image\/jpeg"}],"author":"Benoit Charette","twitter_card":"summary_large_image","twitter_creator":"@canadamotorjobs","twitter_site":"@canadamotorjobs","twitter_misc":{"\u00c9crit par":"Benoit Charette","Estimation du temps de lecture":"1 minute"},"schema":{"@context":"https:\/\/schema.org","@graph":[{"@type":"Article","@id":"https:\/\/news.canadamotorjobs.com\/fr\/pravaig-defy-un-utilitaire-electrique-made-in-india\/#article","isPartOf":{"@id":"https:\/\/news.canadamotorjobs.com\/fr\/pravaig-defy-un-utilitaire-electrique-made-in-india\/"},"author":{"name":"Benoit Charette","@id":"https:\/\/news.canadamotorjobs.com\/#\/schema\/person\/51793d1f87d44011d7bcc2ed99269a90"},"headline":"Pravaig Defy, un utilitaire \u00e9lectrique \u00ab\u00a0Made in India\u00a0\u00bb","datePublished":"2022-12-20T01:13:56+00:00","dateModified":"2022-12-20T01:44:43+00:00","mainEntityOfPage":{"@id":"https:\/\/news.canadamotorjobs.com\/fr\/pravaig-defy-un-utilitaire-electrique-made-in-india\/"},"wordCount":274,"publisher":{"@id":"https:\/\/news.canadamotorjobs.com\/#organization"},"image":{"@id":"https:\/\/news.canadamotorjobs.com\/fr\/pravaig-defy-un-utilitaire-electrique-made-in-india\/#primaryimage"},"thumbnailUrl":"https:\/\/news.canadamotorjobs.com\/wp-content\/uploads\/2022\/12\/Pravaig-Defy-7-1.jpg","articleSection":["Annuel automobile"],"inLanguage":"fr-CA"},{"@type":"WebPage","@id":"https:\/\/news.canadamotorjobs.com\/fr\/pravaig-defy-un-utilitaire-electrique-made-in-india\/","url":"https:\/\/news.canadamotorjobs.com\/fr\/pravaig-defy-un-utilitaire-electrique-made-in-india\/","name":"Pravaig Defy, un utilitaire \u00e9lectrique \u00ab\u00a0Made in India\u00a0\u00bb - CanadaMotorJobs.com","isPartOf":{"@id":"https:\/\/news.canadamotorjobs.com\/#website"},"primaryImageOfPage":{"@id":"https:\/\/news.canadamotorjobs.com\/fr\/pravaig-defy-un-utilitaire-electrique-made-in-india\/#primaryimage"},"image":{"@id":"https:\/\/news.canadamotorjobs.com\/fr\/pravaig-defy-un-utilitaire-electrique-made-in-india\/#primaryimage"},"thumbnailUrl":"https:\/\/news.canadamotorjobs.com\/wp-content\/uploads\/2022\/12\/Pravaig-Defy-7-1.jpg","datePublished":"2022-12-20T01:13:56+00:00","dateModified":"2022-12-20T01:44:43+00:00","description":"Pravaig Defy, un utilitaire \u00e9lectrique \u00ab\u00a0Made in India\u00a0\u00bb - Benoit Charette - Annuel automobile - CanadaMotorJobs.com.","breadcrumb":{"@id":"https:\/\/news.canadamotorjobs.com\/fr\/pravaig-defy-un-utilitaire-electrique-made-in-india\/#breadcrumb"},"inLanguage":"fr-CA","potentialAction":[{"@type":"ReadAction","target":["https:\/\/news.canadamotorjobs.com\/fr\/pravaig-defy-un-utilitaire-electrique-made-in-india\/"]}]},{"@type":"ImageObject","inLanguage":"fr-CA","@id":"https:\/\/news.canadamotorjobs.com\/fr\/pravaig-defy-un-utilitaire-electrique-made-in-india\/#primaryimage","url":"https:\/\/news.canadamotorjobs.com\/wp-content\/uploads\/2022\/12\/Pravaig-Defy-7-1.jpg","contentUrl":"https:\/\/news.canadamotorjobs.com\/wp-content\/uploads\/2022\/12\/Pravaig-Defy-7-1.jpg","width":1500,"height":1000},{"@type":"BreadcrumbList","@id":"https:\/\/news.canadamotorjobs.com\/fr\/pravaig-defy-un-utilitaire-electrique-made-in-india\/#breadcrumb","itemListElement":[{"@type":"ListItem","position":1,"name":"Home","item":"https:\/\/news.canadamotorjobs.com\/fr\/blog\/"},{"@type":"ListItem","position":2,"name":"Pravaig Defy, un utilitaire \u00e9lectrique \u00ab\u00a0Made in India\u00a0\u00bb"}]},{"@type":"WebSite","@id":"https:\/\/news.canadamotorjobs.com\/#website","url":"https:\/\/news.canadamotorjobs.com\/","name":"CanadaMotorJobs.com","description":"Automotive Jobs","publisher":{"@id":"https:\/\/news.canadamotorjobs.com\/#organization"},"potentialAction":[{"@type":"SearchAction","target":{"@type":"EntryPoint","urlTemplate":"https:\/\/news.canadamotorjobs.com\/?s={search_term_string}"},"query-input":"required name=search_term_string"}],"inLanguage":"fr-CA"},{"@type":"Organization","@id":"https:\/\/news.canadamotorjobs.com\/#organization","name":"Canada Motor Jobs","url":"https:\/\/news.canadamotorjobs.com\/","logo":{"@type":"ImageObject","inLanguage":"fr-CA","@id":"https:\/\/news.canadamotorjobs.com\/#\/schema\/logo\/image\/","url":"https:\/\/news.canadamotorjobs.com\/wp-content\/uploads\/2022\/10\/logo-canada-motor-jobs-1.png","contentUrl":"https:\/\/news.canadamotorjobs.com\/wp-content\/uploads\/2022\/10\/logo-canada-motor-jobs-1.png","width":800,"height":400,"caption":"Canada Motor Jobs"},"image":{"@id":"https:\/\/news.canadamotorjobs.com\/#\/schema\/logo\/image\/"},"sameAs":["https:\/\/www.facebook.com\/canadamotorjobs\/","https:\/\/x.com\/canadamotorjobs","https:\/\/www.instagram.com\/canadamotorjobs\/","https:\/\/www.linkedin.com\/company\/canadamotorjobs"]},{"@type":"Person","@id":"https:\/\/news.canadamotorjobs.com\/#\/schema\/person\/51793d1f87d44011d7bcc2ed99269a90","name":"Benoit Charette","image":{"@type":"ImageObject","inLanguage":"fr-CA","@id":"https:\/\/news.canadamotorjobs.com\/#\/schema\/person\/image\/","url":"https:\/\/secure.gravatar.com\/avatar\/45f3d2eebcccd909668d7ce7ea7267b6?s=96&d=mm&r=g","contentUrl":"https:\/\/secure.gravatar.com\/avatar\/45f3d2eebcccd909668d7ce7ea7267b6?s=96&d=mm&r=g","caption":"Benoit Charette"},"description":"Benoit Charette \/ Propri\u00e9taire et r\u00e9dacteur en chef Benoit Charette pratique le journalisme automobile depuis bient\u00f4t 30 ans. Il a fait ses classes au c\u00f4t\u00e9 de Daniel H\u00e9raud et au Carnet de route de 1992 \u00e0 2001. Il est fondateur, copropri\u00e9taire et r\u00e9dacteur en chef de L\u2019Annuel de l\u2019automobile, qu\u2019il publie depuis 2001. Il a anim\u00e9 les \u00e9missions RPM et RPM+ sur V et les L\u00e9gendes de la route sur Historia. \u00c0 la radio depuis 1986, il reprend l\u2019antenne cette ann\u00e9e sur les ondes de Cogeco et participe pour la deuxi\u00e8me ann\u00e9e \u00e0 l\u2019\u00e9mission Passion Auto sur RDS en plus de mettre en ligne le site Web officiel de L\u2019Annuel de l\u2019automobile sur annuelauto.ca.","sameAs":["https:\/\/annuelauto.ca\/"],"url":"https:\/\/news.canadamotorjobs.com\/fr\/author\/benoit-charette\/"}]}},"_links":{"self":[{"href":"https:\/\/news.canadamotorjobs.com\/fr\/wp-json\/wp\/v2\/posts\/137298"}],"collection":[{"href":"https:\/\/news.canadamotorjobs.com\/fr\/wp-json\/wp\/v2\/posts"}],"about":[{"href":"https:\/\/news.canadamotorjobs.com\/fr\/wp-json\/wp\/v2\/types\/post"}],"author":[{"embeddable":true,"href":"https:\/\/news.canadamotorjobs.com\/fr\/wp-json\/wp\/v2\/users\/8"}],"replies":[{"embeddable":true,"href":"https:\/\/news.canadamotorjobs.com\/fr\/wp-json\/wp\/v2\/comments?post=137298"}],"version-history":[{"count":0,"href":"https:\/\/news.canadamotorjobs.com\/fr\/wp-json\/wp\/v2\/posts\/137298\/revisions"}],"wp:featuredmedia":[{"embeddable":true,"href":"https:\/\/news.canadamotorjobs.com\/fr\/wp-json\/wp\/v2\/media\/137302"}],"wp:attachment":[{"href":"https:\/\/news.canadamotorjobs.com\/fr\/wp-json\/wp\/v2\/media?parent=137298"}],"wp:term":[{"taxonomy":"category","embeddable":true,"href":"https:\/\/news.canadamotorjobs.com\/fr\/wp-json\/wp\/v2\/categories?post=137298"},{"taxonomy":"post_tag","embeddable":true,"href":"https:\/\/news.canadamotorjobs.com\/fr\/wp-json\/wp\/v2\/tags?post=137298"}],"curies":[{"name":"wp","href":"https:\/\/api.w.org\/{rel}","templated":true}]}}