{"id":137274,"date":"2022-12-19T06:50:16","date_gmt":"2022-12-19T11:50:16","guid":{"rendered":"https:\/\/news.canadamotorjobs.com\/audi-q8-e-tron\/"},"modified":"2022-12-19T06:59:57","modified_gmt":"2022-12-19T11:59:57","slug":"audi-q8-e-tron","status":"publish","type":"post","link":"https:\/\/news.canadamotorjobs.com\/fr\/audi-q8-e-tron\/","title":{"rendered":"Audi Q8 e-tron"},"content":{"rendered":"<\/p>\n<p>Lanzarote- \u00eeles Canaries- Espagne. C\u2019est sur l\u2019\u00eele volcanique de Lanzarote qu\u2019Audi a invit\u00e9 la presse internationale \u00e0 faire l\u2019essai d\u2019un autre Q8, \u00e9lectrique celui-l\u00e0. Il faudra d\u00e9sormais distinguer le Q8 et le Q8 55 e-tron qui va aussi offrir une version SQ8 e-tron. Un mod\u00e8le qui prend la rel\u00e8ve du VUS e-tron qui \u00e9tait arriv\u00e9 sans faire de bruit en 2017.<br \/> Une nouvelle version Sportback<br \/> Pour mettre les choses clairement, c\u2019est la 2e g\u00e9n\u00e9ration du VUS e-tron qui ajoute le vocable Q8 \u00e0 son nom et une variante Sportback qui s\u2019ajoute. Audi, comme tous les autres constructeurs ajoute \u00e0 son portefeuille un 6e mod\u00e8le \u00e9lectrique qui en comptera 20 d\u2019ici 2026.<br \/> Puissance et autonomie accrue<br \/> Au lieu de 12 bobines g\u00e9n\u00e9rant le champ \u00e9lectromagn\u00e9tique de premier e-tron, il y en a maintenant 14. Le moteur g\u00e9n\u00e8re donc un champ magn\u00e9tique plus puissant, ce qui permet d&#8217;augmenter le couple.\u00a0 Pour la version SQ8, vous avez droit \u00e0 un concept \u00e0 trois moteurs. Un moteur \u00e9lectrique de 166 chevaux \u00e0 l\u2019avant et deux moteurs \u00e9lectriques \u00e0 l\u2019arri\u00e8re, un pour chaque roue, chacun d\u00e9veloppant 131 chevaux. Le couple peut \u00eatre r\u00e9parti entre les roues par les deux moteurs \u00e9lectriques arri\u00e8re en une fraction de seconde. Il y a aussi la batterie qui est plus imposante. La batterie de 95\u00a0kW (brut) est remplac\u00e9e par une batterie de 114\u00a0kW qui en offre 106 utilisable. Ce qui permet la meilleure autonomie. Vous \u00eatre aussi en mesure de charger avec un maximum de 170\u00a0kW (au lieu de<\/p>\n","protected":false},"excerpt":{"rendered":"<p>Lanzarote- \u00eeles Canaries- Espagne. C\u2019est sur l\u2019\u00eele volcanique de Lanzarote qu\u2019Audi a invit\u00e9 la presse internationale \u00e0 faire l\u2019essai d\u2019un autre Q8, \u00e9lectrique celui-l\u00e0. Il faudra d\u00e9sormais distinguer le Q8 et le Q8 55 e-tron qui va aussi offrir une version SQ8 e-tron. Un mod\u00e8le qui prend la rel\u00e8ve du VUS e-tron qui \u00e9tait arriv\u00e9 [&hellip;]<\/p>\n","protected":false},"author":8,"featured_media":137278,"comment_status":"close","ping_status":"closed","sticky":false,"template":"","format":"standard","meta":{"_monsterinsights_skip_tracking":false,"_monsterinsights_sitenote_active":false,"_monsterinsights_sitenote_note":"","_monsterinsights_sitenote_category":0,"footnotes":""},"categories":[101],"tags":[],"yoast_head":"<!-- This site is optimized with the Yoast SEO plugin v23.2 - https:\/\/yoast.com\/wordpress\/plugins\/seo\/ -->\n<title>Audi Q8 e-tron - CanadaMotorJobs.com<\/title>\n<meta name=\"description\" content=\"Audi Q8 e-tron - Benoit Charette - Annuel automobile - CanadaMotorJobs.com.\" \/>\n<meta name=\"robots\" content=\"index, follow, max-snippet:-1, max-image-preview:large, max-video-preview:-1\" \/>\n<meta property=\"og:locale\" content=\"fr_CA\" \/>\n<meta property=\"og:type\" content=\"article\" \/>\n<meta property=\"og:title\" content=\"Audi Q8 e-tron - CanadaMotorJobs.com\" \/>\n<meta property=\"og:description\" content=\"Audi Q8 e-tron - Benoit Charette - Annuel automobile - CanadaMotorJobs.com.\" \/>\n<meta property=\"og:url\" content=\"https:\/\/news.canadamotorjobs.com\/fr\/audi-q8-e-tron\/\" \/>\n<meta property=\"og:site_name\" content=\"CanadaMotorJobs.com\" \/>\n<meta property=\"article:publisher\" content=\"https:\/\/www.facebook.com\/canadamotorjobs\/\" \/>\n<meta property=\"article:published_time\" content=\"2022-12-19T11:50:16+00:00\" \/>\n<meta property=\"article:modified_time\" content=\"2022-12-19T11:59:57+00:00\" \/>\n<meta property=\"og:image\" content=\"https:\/\/news.canadamotorjobs.com\/wp-content\/uploads\/2022\/12\/IMG_5998-1.jpg\" \/>\n\t<meta property=\"og:image:width\" content=\"1333\" \/>\n\t<meta property=\"og:image:height\" content=\"1000\" \/>\n\t<meta property=\"og:image:type\" content=\"image\/jpeg\" \/>\n<meta name=\"author\" content=\"Benoit Charette\" \/>\n<meta name=\"twitter:card\" content=\"summary_large_image\" \/>\n<meta name=\"twitter:creator\" content=\"@canadamotorjobs\" \/>\n<meta name=\"twitter:site\" content=\"@canadamotorjobs\" \/>\n<meta name=\"twitter:label1\" content=\"\u00c9crit par\" \/>\n\t<meta name=\"twitter:data1\" content=\"Benoit Charette\" \/>\n\t<meta name=\"twitter:label2\" content=\"Estimation du temps de lecture\" \/>\n\t<meta name=\"twitter:data2\" content=\"1 minute\" \/>\n<!-- \/ Yoast SEO plugin. -->","yoast_head_json":{"title":"Audi Q8 e-tron - CanadaMotorJobs.com","description":"Audi Q8 e-tron - Benoit Charette - Annuel automobile - CanadaMotorJobs.com.","robots":{"index":"index","follow":"follow","max-snippet":"max-snippet:-1","max-image-preview":"max-image-preview:large","max-video-preview":"max-video-preview:-1"},"og_locale":"fr_CA","og_type":"article","og_title":"Audi Q8 e-tron - CanadaMotorJobs.com","og_description":"Audi Q8 e-tron - Benoit Charette - Annuel automobile - CanadaMotorJobs.com.","og_url":"https:\/\/news.canadamotorjobs.com\/fr\/audi-q8-e-tron\/","og_site_name":"CanadaMotorJobs.com","article_publisher":"https:\/\/www.facebook.com\/canadamotorjobs\/","article_published_time":"2022-12-19T11:50:16+00:00","article_modified_time":"2022-12-19T11:59:57+00:00","og_image":[{"width":1333,"height":1000,"url":"https:\/\/news.canadamotorjobs.com\/wp-content\/uploads\/2022\/12\/IMG_5998-1.jpg","type":"image\/jpeg"}],"author":"Benoit Charette","twitter_card":"summary_large_image","twitter_creator":"@canadamotorjobs","twitter_site":"@canadamotorjobs","twitter_misc":{"\u00c9crit par":"Benoit Charette","Estimation du temps de lecture":"1 minute"},"schema":{"@context":"https:\/\/schema.org","@graph":[{"@type":"Article","@id":"https:\/\/news.canadamotorjobs.com\/fr\/audi-q8-e-tron\/#article","isPartOf":{"@id":"https:\/\/news.canadamotorjobs.com\/fr\/audi-q8-e-tron\/"},"author":{"name":"Benoit Charette","@id":"https:\/\/news.canadamotorjobs.com\/#\/schema\/person\/51793d1f87d44011d7bcc2ed99269a90"},"headline":"Audi Q8 e-tron","datePublished":"2022-12-19T11:50:16+00:00","dateModified":"2022-12-19T11:59:57+00:00","mainEntityOfPage":{"@id":"https:\/\/news.canadamotorjobs.com\/fr\/audi-q8-e-tron\/"},"wordCount":265,"publisher":{"@id":"https:\/\/news.canadamotorjobs.com\/#organization"},"image":{"@id":"https:\/\/news.canadamotorjobs.com\/fr\/audi-q8-e-tron\/#primaryimage"},"thumbnailUrl":"https:\/\/news.canadamotorjobs.com\/wp-content\/uploads\/2022\/12\/IMG_5998-1.jpg","articleSection":["Annuel automobile"],"inLanguage":"fr-CA"},{"@type":"WebPage","@id":"https:\/\/news.canadamotorjobs.com\/fr\/audi-q8-e-tron\/","url":"https:\/\/news.canadamotorjobs.com\/fr\/audi-q8-e-tron\/","name":"Audi Q8 e-tron - CanadaMotorJobs.com","isPartOf":{"@id":"https:\/\/news.canadamotorjobs.com\/#website"},"primaryImageOfPage":{"@id":"https:\/\/news.canadamotorjobs.com\/fr\/audi-q8-e-tron\/#primaryimage"},"image":{"@id":"https:\/\/news.canadamotorjobs.com\/fr\/audi-q8-e-tron\/#primaryimage"},"thumbnailUrl":"https:\/\/news.canadamotorjobs.com\/wp-content\/uploads\/2022\/12\/IMG_5998-1.jpg","datePublished":"2022-12-19T11:50:16+00:00","dateModified":"2022-12-19T11:59:57+00:00","description":"Audi Q8 e-tron - Benoit Charette - Annuel automobile - CanadaMotorJobs.com.","breadcrumb":{"@id":"https:\/\/news.canadamotorjobs.com\/fr\/audi-q8-e-tron\/#breadcrumb"},"inLanguage":"fr-CA","potentialAction":[{"@type":"ReadAction","target":["https:\/\/news.canadamotorjobs.com\/fr\/audi-q8-e-tron\/"]}]},{"@type":"ImageObject","inLanguage":"fr-CA","@id":"https:\/\/news.canadamotorjobs.com\/fr\/audi-q8-e-tron\/#primaryimage","url":"https:\/\/news.canadamotorjobs.com\/wp-content\/uploads\/2022\/12\/IMG_5998-1.jpg","contentUrl":"https:\/\/news.canadamotorjobs.com\/wp-content\/uploads\/2022\/12\/IMG_5998-1.jpg","width":1333,"height":1000},{"@type":"BreadcrumbList","@id":"https:\/\/news.canadamotorjobs.com\/fr\/audi-q8-e-tron\/#breadcrumb","itemListElement":[{"@type":"ListItem","position":1,"name":"Home","item":"https:\/\/news.canadamotorjobs.com\/fr\/blog\/"},{"@type":"ListItem","position":2,"name":"Audi Q8 e-tron"}]},{"@type":"WebSite","@id":"https:\/\/news.canadamotorjobs.com\/#website","url":"https:\/\/news.canadamotorjobs.com\/","name":"CanadaMotorJobs.com","description":"Automotive Jobs","publisher":{"@id":"https:\/\/news.canadamotorjobs.com\/#organization"},"potentialAction":[{"@type":"SearchAction","target":{"@type":"EntryPoint","urlTemplate":"https:\/\/news.canadamotorjobs.com\/?s={search_term_string}"},"query-input":"required name=search_term_string"}],"inLanguage":"fr-CA"},{"@type":"Organization","@id":"https:\/\/news.canadamotorjobs.com\/#organization","name":"Canada Motor Jobs","url":"https:\/\/news.canadamotorjobs.com\/","logo":{"@type":"ImageObject","inLanguage":"fr-CA","@id":"https:\/\/news.canadamotorjobs.com\/#\/schema\/logo\/image\/","url":"https:\/\/news.canadamotorjobs.com\/wp-content\/uploads\/2022\/10\/logo-canada-motor-jobs-1.png","contentUrl":"https:\/\/news.canadamotorjobs.com\/wp-content\/uploads\/2022\/10\/logo-canada-motor-jobs-1.png","width":800,"height":400,"caption":"Canada Motor Jobs"},"image":{"@id":"https:\/\/news.canadamotorjobs.com\/#\/schema\/logo\/image\/"},"sameAs":["https:\/\/www.facebook.com\/canadamotorjobs\/","https:\/\/x.com\/canadamotorjobs","https:\/\/www.instagram.com\/canadamotorjobs\/","https:\/\/www.linkedin.com\/company\/canadamotorjobs"]},{"@type":"Person","@id":"https:\/\/news.canadamotorjobs.com\/#\/schema\/person\/51793d1f87d44011d7bcc2ed99269a90","name":"Benoit Charette","image":{"@type":"ImageObject","inLanguage":"fr-CA","@id":"https:\/\/news.canadamotorjobs.com\/#\/schema\/person\/image\/","url":"https:\/\/secure.gravatar.com\/avatar\/45f3d2eebcccd909668d7ce7ea7267b6?s=96&d=mm&r=g","contentUrl":"https:\/\/secure.gravatar.com\/avatar\/45f3d2eebcccd909668d7ce7ea7267b6?s=96&d=mm&r=g","caption":"Benoit Charette"},"description":"Benoit Charette \/ Propri\u00e9taire et r\u00e9dacteur en chef Benoit Charette pratique le journalisme automobile depuis bient\u00f4t 30 ans. Il a fait ses classes au c\u00f4t\u00e9 de Daniel H\u00e9raud et au Carnet de route de 1992 \u00e0 2001. Il est fondateur, copropri\u00e9taire et r\u00e9dacteur en chef de L\u2019Annuel de l\u2019automobile, qu\u2019il publie depuis 2001. Il a anim\u00e9 les \u00e9missions RPM et RPM+ sur V et les L\u00e9gendes de la route sur Historia. \u00c0 la radio depuis 1986, il reprend l\u2019antenne cette ann\u00e9e sur les ondes de Cogeco et participe pour la deuxi\u00e8me ann\u00e9e \u00e0 l\u2019\u00e9mission Passion Auto sur RDS en plus de mettre en ligne le site Web officiel de L\u2019Annuel de l\u2019automobile sur annuelauto.ca.","sameAs":["https:\/\/annuelauto.ca\/"],"url":"https:\/\/news.canadamotorjobs.com\/fr\/author\/benoit-charette\/"}]}},"_links":{"self":[{"href":"https:\/\/news.canadamotorjobs.com\/fr\/wp-json\/wp\/v2\/posts\/137274"}],"collection":[{"href":"https:\/\/news.canadamotorjobs.com\/fr\/wp-json\/wp\/v2\/posts"}],"about":[{"href":"https:\/\/news.canadamotorjobs.com\/fr\/wp-json\/wp\/v2\/types\/post"}],"author":[{"embeddable":true,"href":"https:\/\/news.canadamotorjobs.com\/fr\/wp-json\/wp\/v2\/users\/8"}],"replies":[{"embeddable":true,"href":"https:\/\/news.canadamotorjobs.com\/fr\/wp-json\/wp\/v2\/comments?post=137274"}],"version-history":[{"count":0,"href":"https:\/\/news.canadamotorjobs.com\/fr\/wp-json\/wp\/v2\/posts\/137274\/revisions"}],"wp:featuredmedia":[{"embeddable":true,"href":"https:\/\/news.canadamotorjobs.com\/fr\/wp-json\/wp\/v2\/media\/137278"}],"wp:attachment":[{"href":"https:\/\/news.canadamotorjobs.com\/fr\/wp-json\/wp\/v2\/media?parent=137274"}],"wp:term":[{"taxonomy":"category","embeddable":true,"href":"https:\/\/news.canadamotorjobs.com\/fr\/wp-json\/wp\/v2\/categories?post=137274"},{"taxonomy":"post_tag","embeddable":true,"href":"https:\/\/news.canadamotorjobs.com\/fr\/wp-json\/wp\/v2\/tags?post=137274"}],"curies":[{"name":"wp","href":"https:\/\/api.w.org\/{rel}","templated":true}]}}