{"id":137266,"date":"2022-12-18T08:24:54","date_gmt":"2022-12-18T13:24:54","guid":{"rendered":"https:\/\/news.canadamotorjobs.com\/que-restera-t-il-de-plaisant-a-conduire-dans-10-ans\/"},"modified":"2022-12-18T08:28:38","modified_gmt":"2022-12-18T13:28:38","slug":"que-restera-t-il-de-plaisant-a-conduire-dans-10-ans","status":"publish","type":"post","link":"https:\/\/news.canadamotorjobs.com\/fr\/que-restera-t-il-de-plaisant-a-conduire-dans-10-ans\/","title":{"rendered":"Que restera-t-il de plaisant \u00e0 conduire dans 10 ans ?"},"content":{"rendered":"<\/p>\n<p>Chaque jour qui passe ajoute un nouveau VUS sur la route. De plus, depuis deux ans ces nouveaux VUS sont en g\u00e9n\u00e9ral partiellement ou totalement \u00e9lectriques. Le VUS est le nouvel Eldorado automobile. Il reste de moins en moins d\u2019espace pour les voitures sport ou simplement une voiture qui inspire une certaine envie de conduire.<br \/> Et si on regarde un peu plus loin<br \/> La plupart des constructeurs automobiles ont abandonn\u00e9 tout espoir de remettre sur la route l&#8217;\u00e9ternelle berline \u00e0 quatre portes, \u00e0 l&#8217;exception de Toyota, Honda et de quelques autres constructeurs asiatiques avec une mince chance de r\u00e9ussite. Quelles sont les chances de voir des mod\u00e8les comme La Mustang, la Camaro et le duo Charger\/Challenger sur la route encore quelques ann\u00e9es. Restera-t-il des petites sportives abordables qui ne sont pas \u00e9lectriques pour les amateurs. Les constructeurs coupent dans tous les mod\u00e8les qui ne sont pas rentables. Les petites sportives n\u2019ont jamais \u00e9t\u00e9 rentables, mais appr\u00e9ci\u00e9es des amateurs.<br \/> Laisser de c\u00f4t\u00e9 un segment important de l\u2019automobile<br \/> Sans aller dans les sportives extr\u00eames qui appartiennent \u00e0 une petite poign\u00e9e de privil\u00e9gi\u00e9s que va-t-il se passer avec des mod\u00e8les comme la MX-5, la MINI Cooper, la Mustang, la BMW S\u00e9rie 2 et 3, l\u2019Audi TT et plein d\u2019autres petites voitures plaisantes et amusantes \u00e0 conduire. Sommes-nous condamn\u00e9s dans quelques ann\u00e9es \u00e0 \u00eatre dans l\u2019obligation de faire l\u2019achat d\u2019un VUS \u00e9lectrique au nom de l\u2019environnement o\u00f9 au contraire de cette fr\u00e9n\u00e9sie qui a lieu en ce moment, il va y avoir une place<\/p>\n","protected":false},"excerpt":{"rendered":"<p>Chaque jour qui passe ajoute un nouveau VUS sur la route. De plus, depuis deux ans ces nouveaux VUS sont en g\u00e9n\u00e9ral partiellement ou totalement \u00e9lectriques. Le VUS est le nouvel Eldorado automobile. Il reste de moins en moins d\u2019espace pour les voitures sport ou simplement une voiture qui inspire une certaine envie de conduire. [&hellip;]<\/p>\n","protected":false},"author":8,"featured_media":137270,"comment_status":"close","ping_status":"closed","sticky":false,"template":"","format":"standard","meta":{"_monsterinsights_skip_tracking":false,"_monsterinsights_sitenote_active":false,"_monsterinsights_sitenote_note":"","_monsterinsights_sitenote_category":0,"footnotes":""},"categories":[101],"tags":[],"yoast_head":"<!-- This site is optimized with the Yoast SEO plugin v23.2 - https:\/\/yoast.com\/wordpress\/plugins\/seo\/ -->\n<title>Que restera-t-il de plaisant \u00e0 conduire dans 10 ans ? - CanadaMotorJobs.com<\/title>\n<meta name=\"description\" content=\"Que restera-t-il de plaisant \u00e0 conduire dans 10 ans ? - Benoit Charette - Annuel automobile - CanadaMotorJobs.com.\" \/>\n<meta name=\"robots\" content=\"index, follow, max-snippet:-1, max-image-preview:large, max-video-preview:-1\" \/>\n<meta property=\"og:locale\" content=\"fr_CA\" \/>\n<meta property=\"og:type\" content=\"article\" \/>\n<meta property=\"og:title\" content=\"Que restera-t-il de plaisant \u00e0 conduire dans 10 ans ? - CanadaMotorJobs.com\" \/>\n<meta property=\"og:description\" content=\"Que restera-t-il de plaisant \u00e0 conduire dans 10 ans ? - Benoit Charette - Annuel automobile - CanadaMotorJobs.com.\" \/>\n<meta property=\"og:url\" content=\"https:\/\/news.canadamotorjobs.com\/fr\/que-restera-t-il-de-plaisant-a-conduire-dans-10-ans\/\" \/>\n<meta property=\"og:site_name\" content=\"CanadaMotorJobs.com\" \/>\n<meta property=\"article:publisher\" content=\"https:\/\/www.facebook.com\/canadamotorjobs\/\" \/>\n<meta property=\"article:published_time\" content=\"2022-12-18T13:24:54+00:00\" \/>\n<meta property=\"article:modified_time\" content=\"2022-12-18T13:28:38+00:00\" \/>\n<meta property=\"og:image\" content=\"https:\/\/news.canadamotorjobs.com\/wp-content\/uploads\/2022\/12\/maz_mx5_01-1.jpg\" \/>\n\t<meta property=\"og:image:width\" content=\"1024\" \/>\n\t<meta property=\"og:image:height\" content=\"683\" \/>\n\t<meta property=\"og:image:type\" content=\"image\/jpeg\" \/>\n<meta name=\"author\" content=\"Benoit Charette\" \/>\n<meta name=\"twitter:card\" content=\"summary_large_image\" \/>\n<meta name=\"twitter:creator\" content=\"@canadamotorjobs\" \/>\n<meta name=\"twitter:site\" content=\"@canadamotorjobs\" \/>\n<meta name=\"twitter:label1\" content=\"\u00c9crit par\" \/>\n\t<meta name=\"twitter:data1\" content=\"Benoit Charette\" \/>\n\t<meta name=\"twitter:label2\" content=\"Estimation du temps de lecture\" \/>\n\t<meta name=\"twitter:data2\" content=\"1 minute\" \/>\n<!-- \/ Yoast SEO plugin. -->","yoast_head_json":{"title":"Que restera-t-il de plaisant \u00e0 conduire dans 10 ans ? - CanadaMotorJobs.com","description":"Que restera-t-il de plaisant \u00e0 conduire dans 10 ans ? - Benoit Charette - Annuel automobile - CanadaMotorJobs.com.","robots":{"index":"index","follow":"follow","max-snippet":"max-snippet:-1","max-image-preview":"max-image-preview:large","max-video-preview":"max-video-preview:-1"},"og_locale":"fr_CA","og_type":"article","og_title":"Que restera-t-il de plaisant \u00e0 conduire dans 10 ans ? - CanadaMotorJobs.com","og_description":"Que restera-t-il de plaisant \u00e0 conduire dans 10 ans ? - Benoit Charette - Annuel automobile - CanadaMotorJobs.com.","og_url":"https:\/\/news.canadamotorjobs.com\/fr\/que-restera-t-il-de-plaisant-a-conduire-dans-10-ans\/","og_site_name":"CanadaMotorJobs.com","article_publisher":"https:\/\/www.facebook.com\/canadamotorjobs\/","article_published_time":"2022-12-18T13:24:54+00:00","article_modified_time":"2022-12-18T13:28:38+00:00","og_image":[{"width":1024,"height":683,"url":"https:\/\/news.canadamotorjobs.com\/wp-content\/uploads\/2022\/12\/maz_mx5_01-1.jpg","type":"image\/jpeg"}],"author":"Benoit Charette","twitter_card":"summary_large_image","twitter_creator":"@canadamotorjobs","twitter_site":"@canadamotorjobs","twitter_misc":{"\u00c9crit par":"Benoit Charette","Estimation du temps de lecture":"1 minute"},"schema":{"@context":"https:\/\/schema.org","@graph":[{"@type":"Article","@id":"https:\/\/news.canadamotorjobs.com\/fr\/que-restera-t-il-de-plaisant-a-conduire-dans-10-ans\/#article","isPartOf":{"@id":"https:\/\/news.canadamotorjobs.com\/fr\/que-restera-t-il-de-plaisant-a-conduire-dans-10-ans\/"},"author":{"name":"Benoit Charette","@id":"https:\/\/news.canadamotorjobs.com\/#\/schema\/person\/51793d1f87d44011d7bcc2ed99269a90"},"headline":"Que restera-t-il de plaisant \u00e0 conduire dans 10 ans ?","datePublished":"2022-12-18T13:24:54+00:00","dateModified":"2022-12-18T13:28:38+00:00","mainEntityOfPage":{"@id":"https:\/\/news.canadamotorjobs.com\/fr\/que-restera-t-il-de-plaisant-a-conduire-dans-10-ans\/"},"wordCount":281,"publisher":{"@id":"https:\/\/news.canadamotorjobs.com\/#organization"},"image":{"@id":"https:\/\/news.canadamotorjobs.com\/fr\/que-restera-t-il-de-plaisant-a-conduire-dans-10-ans\/#primaryimage"},"thumbnailUrl":"https:\/\/news.canadamotorjobs.com\/wp-content\/uploads\/2022\/12\/maz_mx5_01-1.jpg","articleSection":["Annuel automobile"],"inLanguage":"fr-CA"},{"@type":"WebPage","@id":"https:\/\/news.canadamotorjobs.com\/fr\/que-restera-t-il-de-plaisant-a-conduire-dans-10-ans\/","url":"https:\/\/news.canadamotorjobs.com\/fr\/que-restera-t-il-de-plaisant-a-conduire-dans-10-ans\/","name":"Que restera-t-il de plaisant \u00e0 conduire dans 10 ans ? - CanadaMotorJobs.com","isPartOf":{"@id":"https:\/\/news.canadamotorjobs.com\/#website"},"primaryImageOfPage":{"@id":"https:\/\/news.canadamotorjobs.com\/fr\/que-restera-t-il-de-plaisant-a-conduire-dans-10-ans\/#primaryimage"},"image":{"@id":"https:\/\/news.canadamotorjobs.com\/fr\/que-restera-t-il-de-plaisant-a-conduire-dans-10-ans\/#primaryimage"},"thumbnailUrl":"https:\/\/news.canadamotorjobs.com\/wp-content\/uploads\/2022\/12\/maz_mx5_01-1.jpg","datePublished":"2022-12-18T13:24:54+00:00","dateModified":"2022-12-18T13:28:38+00:00","description":"Que restera-t-il de plaisant \u00e0 conduire dans 10 ans ? - Benoit Charette - Annuel automobile - CanadaMotorJobs.com.","breadcrumb":{"@id":"https:\/\/news.canadamotorjobs.com\/fr\/que-restera-t-il-de-plaisant-a-conduire-dans-10-ans\/#breadcrumb"},"inLanguage":"fr-CA","potentialAction":[{"@type":"ReadAction","target":["https:\/\/news.canadamotorjobs.com\/fr\/que-restera-t-il-de-plaisant-a-conduire-dans-10-ans\/"]}]},{"@type":"ImageObject","inLanguage":"fr-CA","@id":"https:\/\/news.canadamotorjobs.com\/fr\/que-restera-t-il-de-plaisant-a-conduire-dans-10-ans\/#primaryimage","url":"https:\/\/news.canadamotorjobs.com\/wp-content\/uploads\/2022\/12\/maz_mx5_01-1.jpg","contentUrl":"https:\/\/news.canadamotorjobs.com\/wp-content\/uploads\/2022\/12\/maz_mx5_01-1.jpg","width":1024,"height":683},{"@type":"BreadcrumbList","@id":"https:\/\/news.canadamotorjobs.com\/fr\/que-restera-t-il-de-plaisant-a-conduire-dans-10-ans\/#breadcrumb","itemListElement":[{"@type":"ListItem","position":1,"name":"Home","item":"https:\/\/news.canadamotorjobs.com\/fr\/blog\/"},{"@type":"ListItem","position":2,"name":"Que restera-t-il de plaisant \u00e0 conduire dans 10 ans ?"}]},{"@type":"WebSite","@id":"https:\/\/news.canadamotorjobs.com\/#website","url":"https:\/\/news.canadamotorjobs.com\/","name":"CanadaMotorJobs.com","description":"Automotive Jobs","publisher":{"@id":"https:\/\/news.canadamotorjobs.com\/#organization"},"potentialAction":[{"@type":"SearchAction","target":{"@type":"EntryPoint","urlTemplate":"https:\/\/news.canadamotorjobs.com\/?s={search_term_string}"},"query-input":"required name=search_term_string"}],"inLanguage":"fr-CA"},{"@type":"Organization","@id":"https:\/\/news.canadamotorjobs.com\/#organization","name":"Canada Motor Jobs","url":"https:\/\/news.canadamotorjobs.com\/","logo":{"@type":"ImageObject","inLanguage":"fr-CA","@id":"https:\/\/news.canadamotorjobs.com\/#\/schema\/logo\/image\/","url":"https:\/\/news.canadamotorjobs.com\/wp-content\/uploads\/2022\/10\/logo-canada-motor-jobs-1.png","contentUrl":"https:\/\/news.canadamotorjobs.com\/wp-content\/uploads\/2022\/10\/logo-canada-motor-jobs-1.png","width":800,"height":400,"caption":"Canada Motor Jobs"},"image":{"@id":"https:\/\/news.canadamotorjobs.com\/#\/schema\/logo\/image\/"},"sameAs":["https:\/\/www.facebook.com\/canadamotorjobs\/","https:\/\/x.com\/canadamotorjobs","https:\/\/www.instagram.com\/canadamotorjobs\/","https:\/\/www.linkedin.com\/company\/canadamotorjobs"]},{"@type":"Person","@id":"https:\/\/news.canadamotorjobs.com\/#\/schema\/person\/51793d1f87d44011d7bcc2ed99269a90","name":"Benoit Charette","image":{"@type":"ImageObject","inLanguage":"fr-CA","@id":"https:\/\/news.canadamotorjobs.com\/#\/schema\/person\/image\/","url":"https:\/\/secure.gravatar.com\/avatar\/45f3d2eebcccd909668d7ce7ea7267b6?s=96&d=mm&r=g","contentUrl":"https:\/\/secure.gravatar.com\/avatar\/45f3d2eebcccd909668d7ce7ea7267b6?s=96&d=mm&r=g","caption":"Benoit Charette"},"description":"Benoit Charette \/ Propri\u00e9taire et r\u00e9dacteur en chef Benoit Charette pratique le journalisme automobile depuis bient\u00f4t 30 ans. Il a fait ses classes au c\u00f4t\u00e9 de Daniel H\u00e9raud et au Carnet de route de 1992 \u00e0 2001. Il est fondateur, copropri\u00e9taire et r\u00e9dacteur en chef de L\u2019Annuel de l\u2019automobile, qu\u2019il publie depuis 2001. Il a anim\u00e9 les \u00e9missions RPM et RPM+ sur V et les L\u00e9gendes de la route sur Historia. \u00c0 la radio depuis 1986, il reprend l\u2019antenne cette ann\u00e9e sur les ondes de Cogeco et participe pour la deuxi\u00e8me ann\u00e9e \u00e0 l\u2019\u00e9mission Passion Auto sur RDS en plus de mettre en ligne le site Web officiel de L\u2019Annuel de l\u2019automobile sur annuelauto.ca.","sameAs":["https:\/\/annuelauto.ca\/"],"url":"https:\/\/news.canadamotorjobs.com\/fr\/author\/benoit-charette\/"}]}},"_links":{"self":[{"href":"https:\/\/news.canadamotorjobs.com\/fr\/wp-json\/wp\/v2\/posts\/137266"}],"collection":[{"href":"https:\/\/news.canadamotorjobs.com\/fr\/wp-json\/wp\/v2\/posts"}],"about":[{"href":"https:\/\/news.canadamotorjobs.com\/fr\/wp-json\/wp\/v2\/types\/post"}],"author":[{"embeddable":true,"href":"https:\/\/news.canadamotorjobs.com\/fr\/wp-json\/wp\/v2\/users\/8"}],"replies":[{"embeddable":true,"href":"https:\/\/news.canadamotorjobs.com\/fr\/wp-json\/wp\/v2\/comments?post=137266"}],"version-history":[{"count":0,"href":"https:\/\/news.canadamotorjobs.com\/fr\/wp-json\/wp\/v2\/posts\/137266\/revisions"}],"wp:featuredmedia":[{"embeddable":true,"href":"https:\/\/news.canadamotorjobs.com\/fr\/wp-json\/wp\/v2\/media\/137270"}],"wp:attachment":[{"href":"https:\/\/news.canadamotorjobs.com\/fr\/wp-json\/wp\/v2\/media?parent=137266"}],"wp:term":[{"taxonomy":"category","embeddable":true,"href":"https:\/\/news.canadamotorjobs.com\/fr\/wp-json\/wp\/v2\/categories?post=137266"},{"taxonomy":"post_tag","embeddable":true,"href":"https:\/\/news.canadamotorjobs.com\/fr\/wp-json\/wp\/v2\/tags?post=137266"}],"curies":[{"name":"wp","href":"https:\/\/api.w.org\/{rel}","templated":true}]}}