{"id":137250,"date":"2022-12-16T10:27:44","date_gmt":"2022-12-16T15:27:44","guid":{"rendered":"https:\/\/news.canadamotorjobs.com\/une-mine-de-lithium-sera-en-production-au-quebec-en-2023\/"},"modified":"2022-12-16T10:29:04","modified_gmt":"2022-12-16T15:29:04","slug":"une-mine-de-lithium-sera-en-production-au-quebec-en-2023","status":"publish","type":"post","link":"https:\/\/news.canadamotorjobs.com\/fr\/une-mine-de-lithium-sera-en-production-au-quebec-en-2023\/","title":{"rendered":"Une mine de Lithium sera en production au Qu\u00e9bec en 2023"},"content":{"rendered":"<\/p>\n<p>C\u2019est dans la r\u00e9gion de Val-d\u2019Or que Sayona Mining commencera la production de Lithium \u00e0 ciel ouvert en 2023. Cela en fait pour le moment le seul site canadien produisant activement ce m\u00e9tal tant recherch\u00e9 pour les batteries.<br \/> Feu vert du gouvernement canadien<br \/> Le minist\u00e8re canadien des P\u00eaches et des Oc\u00e9ans a donn\u00e9 le feu vert \u00e0 cette compagnie originaire de l\u2019Australie, qui pourra commencer \u00e0 produire du concentr\u00e9 de spodum\u00e8ne riche en lithium au cours du premier semestre de 2023, pr\u00e8s de Val-d\u2019Or.<br \/> Sayona deviendra le seul producteur de concentr\u00e9 de lithium au Canada.<br \/> Le prix en hausse du Lithium a permis de relancer la mine<br \/> La mine avait d\u00e9j\u00e0 d\u00e9marr\u00e9 en 2018 sous un autre propri\u00e9taire, avant que la faiblesse des prix du lithium n&#8217;interrompe les op\u00e9rations et ne pousse le pr\u00e9c\u00e9dent propri\u00e9taire \u00e0 se placer sous la protection de la loi sur les cr\u00e9anciers l&#8217;ann\u00e9e suivante. Sayona a achet\u00e9 le projet en 2021, conjointement avec la soci\u00e9t\u00e9 am\u00e9ricaine Piedmont Lithium Inc. et l&#8217;a regroup\u00e9 dans une coentreprise baptis\u00e9e Sayona Qu\u00e9bec. Sayona contr\u00f4le 75 pour cent de la coentreprise, tandis que Piedmont d\u00e9tient les 25 pour cent restants.<br \/> Une grosse d\u00e9pense de relance<br \/> Avec l&#8217;explosion de la demande de lithium sur le march\u00e9 des batteries de v\u00e9hicules \u00e9lectriques, les deux soci\u00e9t\u00e9s ont convenu en juin dernier de d\u00e9penser 98 millions de dollars pour red\u00e9marrer et moderniser la mine, en plus des 400 millions de dollars environ d\u00e9pens\u00e9s pour le d\u00e9veloppement par les anciens propri\u00e9taires.<br \/> Un actionnaire qui sera<\/p>\n","protected":false},"excerpt":{"rendered":"<p>C\u2019est dans la r\u00e9gion de Val-d\u2019Or que Sayona Mining commencera la production de Lithium \u00e0 ciel ouvert en 2023. Cela en fait pour le moment le seul site canadien produisant activement ce m\u00e9tal tant recherch\u00e9 pour les batteries. Feu vert du gouvernement canadien Le minist\u00e8re canadien des P\u00eaches et des Oc\u00e9ans a donn\u00e9 le feu [&hellip;]<\/p>\n","protected":false},"author":8,"featured_media":137254,"comment_status":"close","ping_status":"closed","sticky":false,"template":"","format":"standard","meta":{"_monsterinsights_skip_tracking":false,"_monsterinsights_sitenote_active":false,"_monsterinsights_sitenote_note":"","_monsterinsights_sitenote_category":0,"footnotes":""},"categories":[101],"tags":[],"yoast_head":"<!-- This site is optimized with the Yoast SEO plugin v23.2 - https:\/\/yoast.com\/wordpress\/plugins\/seo\/ -->\n<title>Une mine de Lithium sera en production au Qu\u00e9bec en 2023 - CanadaMotorJobs.com<\/title>\n<meta name=\"description\" content=\"Une mine de Lithium sera en production au Qu\u00e9bec en 2023 - Benoit Charette - Annuel automobile - CanadaMotorJobs.com.\" \/>\n<meta name=\"robots\" content=\"index, follow, max-snippet:-1, max-image-preview:large, max-video-preview:-1\" \/>\n<meta property=\"og:locale\" content=\"fr_CA\" \/>\n<meta property=\"og:type\" content=\"article\" \/>\n<meta property=\"og:title\" content=\"Une mine de Lithium sera en production au Qu\u00e9bec en 2023 - CanadaMotorJobs.com\" \/>\n<meta property=\"og:description\" content=\"Une mine de Lithium sera en production au Qu\u00e9bec en 2023 - Benoit Charette - Annuel automobile - CanadaMotorJobs.com.\" \/>\n<meta property=\"og:url\" content=\"https:\/\/news.canadamotorjobs.com\/fr\/une-mine-de-lithium-sera-en-production-au-quebec-en-2023\/\" \/>\n<meta property=\"og:site_name\" content=\"CanadaMotorJobs.com\" \/>\n<meta property=\"article:publisher\" content=\"https:\/\/www.facebook.com\/canadamotorjobs\/\" \/>\n<meta property=\"article:published_time\" content=\"2022-12-16T15:27:44+00:00\" \/>\n<meta property=\"article:modified_time\" content=\"2022-12-16T15:29:04+00:00\" \/>\n<meta property=\"og:image\" content=\"https:\/\/news.canadamotorjobs.com\/wp-content\/uploads\/2022\/12\/lithium-am-rique-du-nord-lan-la-corne-jpg-1.jpg\" \/>\n\t<meta property=\"og:image:width\" content=\"2500\" \/>\n\t<meta property=\"og:image:height\" content=\"1667\" \/>\n\t<meta property=\"og:image:type\" content=\"image\/jpeg\" \/>\n<meta name=\"author\" content=\"Benoit Charette\" \/>\n<meta name=\"twitter:card\" content=\"summary_large_image\" \/>\n<meta name=\"twitter:creator\" content=\"@canadamotorjobs\" \/>\n<meta name=\"twitter:site\" content=\"@canadamotorjobs\" \/>\n<meta name=\"twitter:label1\" content=\"\u00c9crit par\" \/>\n\t<meta name=\"twitter:data1\" content=\"Benoit Charette\" \/>\n\t<meta name=\"twitter:label2\" content=\"Estimation du temps de lecture\" \/>\n\t<meta name=\"twitter:data2\" content=\"1 minute\" \/>\n<!-- \/ Yoast SEO plugin. -->","yoast_head_json":{"title":"Une mine de Lithium sera en production au Qu\u00e9bec en 2023 - CanadaMotorJobs.com","description":"Une mine de Lithium sera en production au Qu\u00e9bec en 2023 - Benoit Charette - Annuel automobile - CanadaMotorJobs.com.","robots":{"index":"index","follow":"follow","max-snippet":"max-snippet:-1","max-image-preview":"max-image-preview:large","max-video-preview":"max-video-preview:-1"},"og_locale":"fr_CA","og_type":"article","og_title":"Une mine de Lithium sera en production au Qu\u00e9bec en 2023 - CanadaMotorJobs.com","og_description":"Une mine de Lithium sera en production au Qu\u00e9bec en 2023 - Benoit Charette - Annuel automobile - CanadaMotorJobs.com.","og_url":"https:\/\/news.canadamotorjobs.com\/fr\/une-mine-de-lithium-sera-en-production-au-quebec-en-2023\/","og_site_name":"CanadaMotorJobs.com","article_publisher":"https:\/\/www.facebook.com\/canadamotorjobs\/","article_published_time":"2022-12-16T15:27:44+00:00","article_modified_time":"2022-12-16T15:29:04+00:00","og_image":[{"width":2500,"height":1667,"url":"https:\/\/news.canadamotorjobs.com\/wp-content\/uploads\/2022\/12\/lithium-am-rique-du-nord-lan-la-corne-jpg-1.jpg","type":"image\/jpeg"}],"author":"Benoit Charette","twitter_card":"summary_large_image","twitter_creator":"@canadamotorjobs","twitter_site":"@canadamotorjobs","twitter_misc":{"\u00c9crit par":"Benoit Charette","Estimation du temps de lecture":"1 minute"},"schema":{"@context":"https:\/\/schema.org","@graph":[{"@type":"Article","@id":"https:\/\/news.canadamotorjobs.com\/fr\/une-mine-de-lithium-sera-en-production-au-quebec-en-2023\/#article","isPartOf":{"@id":"https:\/\/news.canadamotorjobs.com\/fr\/une-mine-de-lithium-sera-en-production-au-quebec-en-2023\/"},"author":{"name":"Benoit Charette","@id":"https:\/\/news.canadamotorjobs.com\/#\/schema\/person\/51793d1f87d44011d7bcc2ed99269a90"},"headline":"Une mine de Lithium sera en production au Qu\u00e9bec en 2023","datePublished":"2022-12-16T15:27:44+00:00","dateModified":"2022-12-16T15:29:04+00:00","mainEntityOfPage":{"@id":"https:\/\/news.canadamotorjobs.com\/fr\/une-mine-de-lithium-sera-en-production-au-quebec-en-2023\/"},"wordCount":289,"publisher":{"@id":"https:\/\/news.canadamotorjobs.com\/#organization"},"image":{"@id":"https:\/\/news.canadamotorjobs.com\/fr\/une-mine-de-lithium-sera-en-production-au-quebec-en-2023\/#primaryimage"},"thumbnailUrl":"https:\/\/news.canadamotorjobs.com\/wp-content\/uploads\/2022\/12\/lithium-am-rique-du-nord-lan-la-corne-jpg-1.jpg","articleSection":["Annuel automobile"],"inLanguage":"fr-CA"},{"@type":"WebPage","@id":"https:\/\/news.canadamotorjobs.com\/fr\/une-mine-de-lithium-sera-en-production-au-quebec-en-2023\/","url":"https:\/\/news.canadamotorjobs.com\/fr\/une-mine-de-lithium-sera-en-production-au-quebec-en-2023\/","name":"Une mine de Lithium sera en production au Qu\u00e9bec en 2023 - CanadaMotorJobs.com","isPartOf":{"@id":"https:\/\/news.canadamotorjobs.com\/#website"},"primaryImageOfPage":{"@id":"https:\/\/news.canadamotorjobs.com\/fr\/une-mine-de-lithium-sera-en-production-au-quebec-en-2023\/#primaryimage"},"image":{"@id":"https:\/\/news.canadamotorjobs.com\/fr\/une-mine-de-lithium-sera-en-production-au-quebec-en-2023\/#primaryimage"},"thumbnailUrl":"https:\/\/news.canadamotorjobs.com\/wp-content\/uploads\/2022\/12\/lithium-am-rique-du-nord-lan-la-corne-jpg-1.jpg","datePublished":"2022-12-16T15:27:44+00:00","dateModified":"2022-12-16T15:29:04+00:00","description":"Une mine de Lithium sera en production au Qu\u00e9bec en 2023 - Benoit Charette - Annuel automobile - CanadaMotorJobs.com.","breadcrumb":{"@id":"https:\/\/news.canadamotorjobs.com\/fr\/une-mine-de-lithium-sera-en-production-au-quebec-en-2023\/#breadcrumb"},"inLanguage":"fr-CA","potentialAction":[{"@type":"ReadAction","target":["https:\/\/news.canadamotorjobs.com\/fr\/une-mine-de-lithium-sera-en-production-au-quebec-en-2023\/"]}]},{"@type":"ImageObject","inLanguage":"fr-CA","@id":"https:\/\/news.canadamotorjobs.com\/fr\/une-mine-de-lithium-sera-en-production-au-quebec-en-2023\/#primaryimage","url":"https:\/\/news.canadamotorjobs.com\/wp-content\/uploads\/2022\/12\/lithium-am-rique-du-nord-lan-la-corne-jpg-1.jpg","contentUrl":"https:\/\/news.canadamotorjobs.com\/wp-content\/uploads\/2022\/12\/lithium-am-rique-du-nord-lan-la-corne-jpg-1.jpg","width":2500,"height":1667},{"@type":"BreadcrumbList","@id":"https:\/\/news.canadamotorjobs.com\/fr\/une-mine-de-lithium-sera-en-production-au-quebec-en-2023\/#breadcrumb","itemListElement":[{"@type":"ListItem","position":1,"name":"Home","item":"https:\/\/news.canadamotorjobs.com\/fr\/blog\/"},{"@type":"ListItem","position":2,"name":"Une mine de Lithium sera en production au Qu\u00e9bec en 2023"}]},{"@type":"WebSite","@id":"https:\/\/news.canadamotorjobs.com\/#website","url":"https:\/\/news.canadamotorjobs.com\/","name":"CanadaMotorJobs.com","description":"Automotive Jobs","publisher":{"@id":"https:\/\/news.canadamotorjobs.com\/#organization"},"potentialAction":[{"@type":"SearchAction","target":{"@type":"EntryPoint","urlTemplate":"https:\/\/news.canadamotorjobs.com\/?s={search_term_string}"},"query-input":"required name=search_term_string"}],"inLanguage":"fr-CA"},{"@type":"Organization","@id":"https:\/\/news.canadamotorjobs.com\/#organization","name":"Canada Motor Jobs","url":"https:\/\/news.canadamotorjobs.com\/","logo":{"@type":"ImageObject","inLanguage":"fr-CA","@id":"https:\/\/news.canadamotorjobs.com\/#\/schema\/logo\/image\/","url":"https:\/\/news.canadamotorjobs.com\/wp-content\/uploads\/2022\/10\/logo-canada-motor-jobs-1.png","contentUrl":"https:\/\/news.canadamotorjobs.com\/wp-content\/uploads\/2022\/10\/logo-canada-motor-jobs-1.png","width":800,"height":400,"caption":"Canada Motor Jobs"},"image":{"@id":"https:\/\/news.canadamotorjobs.com\/#\/schema\/logo\/image\/"},"sameAs":["https:\/\/www.facebook.com\/canadamotorjobs\/","https:\/\/x.com\/canadamotorjobs","https:\/\/www.instagram.com\/canadamotorjobs\/","https:\/\/www.linkedin.com\/company\/canadamotorjobs"]},{"@type":"Person","@id":"https:\/\/news.canadamotorjobs.com\/#\/schema\/person\/51793d1f87d44011d7bcc2ed99269a90","name":"Benoit Charette","image":{"@type":"ImageObject","inLanguage":"fr-CA","@id":"https:\/\/news.canadamotorjobs.com\/#\/schema\/person\/image\/","url":"https:\/\/secure.gravatar.com\/avatar\/45f3d2eebcccd909668d7ce7ea7267b6?s=96&d=mm&r=g","contentUrl":"https:\/\/secure.gravatar.com\/avatar\/45f3d2eebcccd909668d7ce7ea7267b6?s=96&d=mm&r=g","caption":"Benoit Charette"},"description":"Benoit Charette \/ Propri\u00e9taire et r\u00e9dacteur en chef Benoit Charette pratique le journalisme automobile depuis bient\u00f4t 30 ans. Il a fait ses classes au c\u00f4t\u00e9 de Daniel H\u00e9raud et au Carnet de route de 1992 \u00e0 2001. Il est fondateur, copropri\u00e9taire et r\u00e9dacteur en chef de L\u2019Annuel de l\u2019automobile, qu\u2019il publie depuis 2001. Il a anim\u00e9 les \u00e9missions RPM et RPM+ sur V et les L\u00e9gendes de la route sur Historia. \u00c0 la radio depuis 1986, il reprend l\u2019antenne cette ann\u00e9e sur les ondes de Cogeco et participe pour la deuxi\u00e8me ann\u00e9e \u00e0 l\u2019\u00e9mission Passion Auto sur RDS en plus de mettre en ligne le site Web officiel de L\u2019Annuel de l\u2019automobile sur annuelauto.ca.","sameAs":["https:\/\/annuelauto.ca\/"],"url":"https:\/\/news.canadamotorjobs.com\/fr\/author\/benoit-charette\/"}]}},"_links":{"self":[{"href":"https:\/\/news.canadamotorjobs.com\/fr\/wp-json\/wp\/v2\/posts\/137250"}],"collection":[{"href":"https:\/\/news.canadamotorjobs.com\/fr\/wp-json\/wp\/v2\/posts"}],"about":[{"href":"https:\/\/news.canadamotorjobs.com\/fr\/wp-json\/wp\/v2\/types\/post"}],"author":[{"embeddable":true,"href":"https:\/\/news.canadamotorjobs.com\/fr\/wp-json\/wp\/v2\/users\/8"}],"replies":[{"embeddable":true,"href":"https:\/\/news.canadamotorjobs.com\/fr\/wp-json\/wp\/v2\/comments?post=137250"}],"version-history":[{"count":0,"href":"https:\/\/news.canadamotorjobs.com\/fr\/wp-json\/wp\/v2\/posts\/137250\/revisions"}],"wp:featuredmedia":[{"embeddable":true,"href":"https:\/\/news.canadamotorjobs.com\/fr\/wp-json\/wp\/v2\/media\/137254"}],"wp:attachment":[{"href":"https:\/\/news.canadamotorjobs.com\/fr\/wp-json\/wp\/v2\/media?parent=137250"}],"wp:term":[{"taxonomy":"category","embeddable":true,"href":"https:\/\/news.canadamotorjobs.com\/fr\/wp-json\/wp\/v2\/categories?post=137250"},{"taxonomy":"post_tag","embeddable":true,"href":"https:\/\/news.canadamotorjobs.com\/fr\/wp-json\/wp\/v2\/tags?post=137250"}],"curies":[{"name":"wp","href":"https:\/\/api.w.org\/{rel}","templated":true}]}}