{"id":137185,"date":"2022-12-13T14:30:47","date_gmt":"2022-12-13T19:30:47","guid":{"rendered":"https:\/\/news.canadamotorjobs.com\/cadillac-annule-la-hausse-de-prix-prevue-pour-le-lyriq-2024\/"},"modified":"2022-12-13T14:43:46","modified_gmt":"2022-12-13T19:43:46","slug":"cadillac-annule-la-hausse-de-prix-prevue-pour-le-lyriq-2024","status":"publish","type":"post","link":"https:\/\/news.canadamotorjobs.com\/fr\/cadillac-annule-la-hausse-de-prix-prevue-pour-le-lyriq-2024\/","title":{"rendered":"Cadillac annule la hausse de prix pr\u00e9vue pour le Lyriq 2024"},"content":{"rendered":"<\/p>\n<p>La popularit\u00e9 des v\u00e9hicules \u00e9lectriques ne se d\u00e9ment pas et les constructeurs en profitent. Dans le cas du Lyriq, Cadillac a d\u00e9j\u00e0 \u00e9coul\u00e9 tous ses exemplaires mill\u00e9sim\u00e9s 2023 et prend d\u00e9j\u00e0 les pr\u00e9commandes pour l\u2019\u00e9dition 2024. Or, le prix de vente du VUS \u00e9lectrique de luxe, qui a \u00e9t\u00e9 fix\u00e9 \u00e0 environ 68 000 $ pour le mod\u00e8le 2023, devait bondir en 2024.<\/p>\n<p> On n\u2019a pas le prix exact, mais il \u00e9tait question d\u2019une hausse d\u2019au moins 10 000\u00a0$ pour le mod\u00e8le d\u2019entr\u00e9e de gamme, si on se fie aux chiffres qui circulaient plus t\u00f4t cette semaine dans les m\u00e9dias sp\u00e9cialis\u00e9s am\u00e9ricains. Chez nos voisins du sud, le prix de d\u00e9tail du Lyriq \u00e0 deux roues motrices devait passer de 63 000\u00a0$ \u00e0 plus de 70 000\u00a0$.<\/p>\n<p> Or, la nouvelle est doublement bonne, car il semble non seulement que cette hausse de prix n\u2019aura pas lieu, mais General Motors pourrait m\u00eame r\u00e9duire le prix de d\u00e9tail du Lyriq pour l\u2019ann\u00e9e-mod\u00e8le\u00a02024. Encore l\u00e0, on doit se rabattre sur les chiffres am\u00e9ricains, mais plut\u00f4t que 63 000\u00a0$US, le mod\u00e8le d\u2019entr\u00e9e de gamme aux \u00c9tats-Unis pourrait ne co\u00fbter que 60 000\u00a0$US en 2024. Le Lyriq \u00e0 deux moteurs et \u00e0 quatre roues motrices co\u00fbterait 64 000\u00a0$US.<\/p>\n<p> On ne peut pas convertir tr\u00e8s exactement ces prix en valeurs canadiennes, \u00e9tant donn\u00e9 que ce n\u2019est pas seulement une question de taux de change, mais un Lyriq qui se vend 3000$ moins cher aux \u00c9tats-Unis pourrait co\u00fbter de 3000 \u00e0 5000\u00a0$ moins cher<\/p>\n","protected":false},"excerpt":{"rendered":"<p>La popularit\u00e9 des v\u00e9hicules \u00e9lectriques ne se d\u00e9ment pas et les constructeurs en profitent. Dans le cas du Lyriq, Cadillac a d\u00e9j\u00e0 \u00e9coul\u00e9 tous ses exemplaires mill\u00e9sim\u00e9s 2023 et prend d\u00e9j\u00e0 les pr\u00e9commandes pour l\u2019\u00e9dition 2024. Or, le prix de vente du VUS \u00e9lectrique de luxe, qui a \u00e9t\u00e9 fix\u00e9 \u00e0 environ 68 000 $ [&hellip;]<\/p>\n","protected":false},"author":8,"featured_media":137189,"comment_status":"close","ping_status":"closed","sticky":false,"template":"","format":"standard","meta":{"_monsterinsights_skip_tracking":false,"_monsterinsights_sitenote_active":false,"_monsterinsights_sitenote_note":"","_monsterinsights_sitenote_category":0,"footnotes":""},"categories":[101],"tags":[],"yoast_head":"<!-- This site is optimized with the Yoast SEO plugin v23.2 - https:\/\/yoast.com\/wordpress\/plugins\/seo\/ -->\n<title>Cadillac annule la hausse de prix pr\u00e9vue pour le Lyriq 2024 - CanadaMotorJobs.com<\/title>\n<meta name=\"description\" content=\"Cadillac annule la hausse de prix pr\u00e9vue pour le Lyriq 2024 - Benoit Charette - Annuel automobile - CanadaMotorJobs.com.\" \/>\n<meta name=\"robots\" content=\"index, follow, max-snippet:-1, max-image-preview:large, max-video-preview:-1\" \/>\n<meta property=\"og:locale\" content=\"fr_CA\" \/>\n<meta property=\"og:type\" content=\"article\" \/>\n<meta property=\"og:title\" content=\"Cadillac annule la hausse de prix pr\u00e9vue pour le Lyriq 2024 - CanadaMotorJobs.com\" \/>\n<meta property=\"og:description\" content=\"Cadillac annule la hausse de prix pr\u00e9vue pour le Lyriq 2024 - Benoit Charette - Annuel automobile - CanadaMotorJobs.com.\" \/>\n<meta property=\"og:url\" content=\"https:\/\/news.canadamotorjobs.com\/fr\/cadillac-annule-la-hausse-de-prix-prevue-pour-le-lyriq-2024\/\" \/>\n<meta property=\"og:site_name\" content=\"CanadaMotorJobs.com\" \/>\n<meta property=\"article:publisher\" content=\"https:\/\/www.facebook.com\/canadamotorjobs\/\" \/>\n<meta property=\"article:published_time\" content=\"2022-12-13T19:30:47+00:00\" \/>\n<meta property=\"article:modified_time\" content=\"2022-12-13T19:43:46+00:00\" \/>\n<meta property=\"og:image\" content=\"https:\/\/news.canadamotorjobs.com\/wp-content\/uploads\/2022\/12\/IMG_5553-1024x768-1-1.jpg\" \/>\n\t<meta property=\"og:image:width\" content=\"1024\" \/>\n\t<meta property=\"og:image:height\" content=\"768\" \/>\n\t<meta property=\"og:image:type\" content=\"image\/jpeg\" \/>\n<meta name=\"author\" content=\"Benoit Charette\" \/>\n<meta name=\"twitter:card\" content=\"summary_large_image\" \/>\n<meta name=\"twitter:creator\" content=\"@canadamotorjobs\" \/>\n<meta name=\"twitter:site\" content=\"@canadamotorjobs\" \/>\n<meta name=\"twitter:label1\" content=\"\u00c9crit par\" \/>\n\t<meta name=\"twitter:data1\" content=\"Benoit Charette\" \/>\n\t<meta name=\"twitter:label2\" content=\"Estimation du temps de lecture\" \/>\n\t<meta name=\"twitter:data2\" content=\"1 minute\" \/>\n<!-- \/ Yoast SEO plugin. -->","yoast_head_json":{"title":"Cadillac annule la hausse de prix pr\u00e9vue pour le Lyriq 2024 - CanadaMotorJobs.com","description":"Cadillac annule la hausse de prix pr\u00e9vue pour le Lyriq 2024 - Benoit Charette - Annuel automobile - CanadaMotorJobs.com.","robots":{"index":"index","follow":"follow","max-snippet":"max-snippet:-1","max-image-preview":"max-image-preview:large","max-video-preview":"max-video-preview:-1"},"og_locale":"fr_CA","og_type":"article","og_title":"Cadillac annule la hausse de prix pr\u00e9vue pour le Lyriq 2024 - CanadaMotorJobs.com","og_description":"Cadillac annule la hausse de prix pr\u00e9vue pour le Lyriq 2024 - Benoit Charette - Annuel automobile - CanadaMotorJobs.com.","og_url":"https:\/\/news.canadamotorjobs.com\/fr\/cadillac-annule-la-hausse-de-prix-prevue-pour-le-lyriq-2024\/","og_site_name":"CanadaMotorJobs.com","article_publisher":"https:\/\/www.facebook.com\/canadamotorjobs\/","article_published_time":"2022-12-13T19:30:47+00:00","article_modified_time":"2022-12-13T19:43:46+00:00","og_image":[{"width":1024,"height":768,"url":"https:\/\/news.canadamotorjobs.com\/wp-content\/uploads\/2022\/12\/IMG_5553-1024x768-1-1.jpg","type":"image\/jpeg"}],"author":"Benoit Charette","twitter_card":"summary_large_image","twitter_creator":"@canadamotorjobs","twitter_site":"@canadamotorjobs","twitter_misc":{"\u00c9crit par":"Benoit Charette","Estimation du temps de lecture":"1 minute"},"schema":{"@context":"https:\/\/schema.org","@graph":[{"@type":"Article","@id":"https:\/\/news.canadamotorjobs.com\/fr\/cadillac-annule-la-hausse-de-prix-prevue-pour-le-lyriq-2024\/#article","isPartOf":{"@id":"https:\/\/news.canadamotorjobs.com\/fr\/cadillac-annule-la-hausse-de-prix-prevue-pour-le-lyriq-2024\/"},"author":{"name":"Benoit Charette","@id":"https:\/\/news.canadamotorjobs.com\/#\/schema\/person\/51793d1f87d44011d7bcc2ed99269a90"},"headline":"Cadillac annule la hausse de prix pr\u00e9vue pour le Lyriq 2024","datePublished":"2022-12-13T19:30:47+00:00","dateModified":"2022-12-13T19:43:46+00:00","mainEntityOfPage":{"@id":"https:\/\/news.canadamotorjobs.com\/fr\/cadillac-annule-la-hausse-de-prix-prevue-pour-le-lyriq-2024\/"},"wordCount":270,"publisher":{"@id":"https:\/\/news.canadamotorjobs.com\/#organization"},"image":{"@id":"https:\/\/news.canadamotorjobs.com\/fr\/cadillac-annule-la-hausse-de-prix-prevue-pour-le-lyriq-2024\/#primaryimage"},"thumbnailUrl":"https:\/\/news.canadamotorjobs.com\/wp-content\/uploads\/2022\/12\/IMG_5553-1024x768-1-1.jpg","articleSection":["Annuel automobile"],"inLanguage":"fr-CA"},{"@type":"WebPage","@id":"https:\/\/news.canadamotorjobs.com\/fr\/cadillac-annule-la-hausse-de-prix-prevue-pour-le-lyriq-2024\/","url":"https:\/\/news.canadamotorjobs.com\/fr\/cadillac-annule-la-hausse-de-prix-prevue-pour-le-lyriq-2024\/","name":"Cadillac annule la hausse de prix pr\u00e9vue pour le Lyriq 2024 - CanadaMotorJobs.com","isPartOf":{"@id":"https:\/\/news.canadamotorjobs.com\/#website"},"primaryImageOfPage":{"@id":"https:\/\/news.canadamotorjobs.com\/fr\/cadillac-annule-la-hausse-de-prix-prevue-pour-le-lyriq-2024\/#primaryimage"},"image":{"@id":"https:\/\/news.canadamotorjobs.com\/fr\/cadillac-annule-la-hausse-de-prix-prevue-pour-le-lyriq-2024\/#primaryimage"},"thumbnailUrl":"https:\/\/news.canadamotorjobs.com\/wp-content\/uploads\/2022\/12\/IMG_5553-1024x768-1-1.jpg","datePublished":"2022-12-13T19:30:47+00:00","dateModified":"2022-12-13T19:43:46+00:00","description":"Cadillac annule la hausse de prix pr\u00e9vue pour le Lyriq 2024 - Benoit Charette - Annuel automobile - CanadaMotorJobs.com.","breadcrumb":{"@id":"https:\/\/news.canadamotorjobs.com\/fr\/cadillac-annule-la-hausse-de-prix-prevue-pour-le-lyriq-2024\/#breadcrumb"},"inLanguage":"fr-CA","potentialAction":[{"@type":"ReadAction","target":["https:\/\/news.canadamotorjobs.com\/fr\/cadillac-annule-la-hausse-de-prix-prevue-pour-le-lyriq-2024\/"]}]},{"@type":"ImageObject","inLanguage":"fr-CA","@id":"https:\/\/news.canadamotorjobs.com\/fr\/cadillac-annule-la-hausse-de-prix-prevue-pour-le-lyriq-2024\/#primaryimage","url":"https:\/\/news.canadamotorjobs.com\/wp-content\/uploads\/2022\/12\/IMG_5553-1024x768-1-1.jpg","contentUrl":"https:\/\/news.canadamotorjobs.com\/wp-content\/uploads\/2022\/12\/IMG_5553-1024x768-1-1.jpg","width":1024,"height":768},{"@type":"BreadcrumbList","@id":"https:\/\/news.canadamotorjobs.com\/fr\/cadillac-annule-la-hausse-de-prix-prevue-pour-le-lyriq-2024\/#breadcrumb","itemListElement":[{"@type":"ListItem","position":1,"name":"Home","item":"https:\/\/news.canadamotorjobs.com\/fr\/blog\/"},{"@type":"ListItem","position":2,"name":"Cadillac annule la hausse de prix pr\u00e9vue pour le Lyriq 2024"}]},{"@type":"WebSite","@id":"https:\/\/news.canadamotorjobs.com\/#website","url":"https:\/\/news.canadamotorjobs.com\/","name":"CanadaMotorJobs.com","description":"Automotive Jobs","publisher":{"@id":"https:\/\/news.canadamotorjobs.com\/#organization"},"potentialAction":[{"@type":"SearchAction","target":{"@type":"EntryPoint","urlTemplate":"https:\/\/news.canadamotorjobs.com\/?s={search_term_string}"},"query-input":"required name=search_term_string"}],"inLanguage":"fr-CA"},{"@type":"Organization","@id":"https:\/\/news.canadamotorjobs.com\/#organization","name":"Canada Motor Jobs","url":"https:\/\/news.canadamotorjobs.com\/","logo":{"@type":"ImageObject","inLanguage":"fr-CA","@id":"https:\/\/news.canadamotorjobs.com\/#\/schema\/logo\/image\/","url":"https:\/\/news.canadamotorjobs.com\/wp-content\/uploads\/2022\/10\/logo-canada-motor-jobs-1.png","contentUrl":"https:\/\/news.canadamotorjobs.com\/wp-content\/uploads\/2022\/10\/logo-canada-motor-jobs-1.png","width":800,"height":400,"caption":"Canada Motor Jobs"},"image":{"@id":"https:\/\/news.canadamotorjobs.com\/#\/schema\/logo\/image\/"},"sameAs":["https:\/\/www.facebook.com\/canadamotorjobs\/","https:\/\/x.com\/canadamotorjobs","https:\/\/www.instagram.com\/canadamotorjobs\/","https:\/\/www.linkedin.com\/company\/canadamotorjobs"]},{"@type":"Person","@id":"https:\/\/news.canadamotorjobs.com\/#\/schema\/person\/51793d1f87d44011d7bcc2ed99269a90","name":"Benoit Charette","image":{"@type":"ImageObject","inLanguage":"fr-CA","@id":"https:\/\/news.canadamotorjobs.com\/#\/schema\/person\/image\/","url":"https:\/\/secure.gravatar.com\/avatar\/45f3d2eebcccd909668d7ce7ea7267b6?s=96&d=mm&r=g","contentUrl":"https:\/\/secure.gravatar.com\/avatar\/45f3d2eebcccd909668d7ce7ea7267b6?s=96&d=mm&r=g","caption":"Benoit Charette"},"description":"Benoit Charette \/ Propri\u00e9taire et r\u00e9dacteur en chef Benoit Charette pratique le journalisme automobile depuis bient\u00f4t 30 ans. Il a fait ses classes au c\u00f4t\u00e9 de Daniel H\u00e9raud et au Carnet de route de 1992 \u00e0 2001. Il est fondateur, copropri\u00e9taire et r\u00e9dacteur en chef de L\u2019Annuel de l\u2019automobile, qu\u2019il publie depuis 2001. Il a anim\u00e9 les \u00e9missions RPM et RPM+ sur V et les L\u00e9gendes de la route sur Historia. \u00c0 la radio depuis 1986, il reprend l\u2019antenne cette ann\u00e9e sur les ondes de Cogeco et participe pour la deuxi\u00e8me ann\u00e9e \u00e0 l\u2019\u00e9mission Passion Auto sur RDS en plus de mettre en ligne le site Web officiel de L\u2019Annuel de l\u2019automobile sur annuelauto.ca.","sameAs":["https:\/\/annuelauto.ca\/"],"url":"https:\/\/news.canadamotorjobs.com\/fr\/author\/benoit-charette\/"}]}},"_links":{"self":[{"href":"https:\/\/news.canadamotorjobs.com\/fr\/wp-json\/wp\/v2\/posts\/137185"}],"collection":[{"href":"https:\/\/news.canadamotorjobs.com\/fr\/wp-json\/wp\/v2\/posts"}],"about":[{"href":"https:\/\/news.canadamotorjobs.com\/fr\/wp-json\/wp\/v2\/types\/post"}],"author":[{"embeddable":true,"href":"https:\/\/news.canadamotorjobs.com\/fr\/wp-json\/wp\/v2\/users\/8"}],"replies":[{"embeddable":true,"href":"https:\/\/news.canadamotorjobs.com\/fr\/wp-json\/wp\/v2\/comments?post=137185"}],"version-history":[{"count":0,"href":"https:\/\/news.canadamotorjobs.com\/fr\/wp-json\/wp\/v2\/posts\/137185\/revisions"}],"wp:featuredmedia":[{"embeddable":true,"href":"https:\/\/news.canadamotorjobs.com\/fr\/wp-json\/wp\/v2\/media\/137189"}],"wp:attachment":[{"href":"https:\/\/news.canadamotorjobs.com\/fr\/wp-json\/wp\/v2\/media?parent=137185"}],"wp:term":[{"taxonomy":"category","embeddable":true,"href":"https:\/\/news.canadamotorjobs.com\/fr\/wp-json\/wp\/v2\/categories?post=137185"},{"taxonomy":"post_tag","embeddable":true,"href":"https:\/\/news.canadamotorjobs.com\/fr\/wp-json\/wp\/v2\/tags?post=137185"}],"curies":[{"name":"wp","href":"https:\/\/api.w.org\/{rel}","templated":true}]}}