{"id":137177,"date":"2022-12-13T11:37:50","date_gmt":"2022-12-13T16:37:50","guid":{"rendered":"https:\/\/news.canadamotorjobs.com\/les-petits-vus-familiaux-protegent-mal-leur-banquette-arriere-selon-liihs\/"},"modified":"2022-12-13T11:44:06","modified_gmt":"2022-12-13T16:44:06","slug":"les-petits-vus-familiaux-protegent-mal-leur-banquette-arriere-selon-liihs","status":"publish","type":"post","link":"https:\/\/news.canadamotorjobs.com\/fr\/les-petits-vus-familiaux-protegent-mal-leur-banquette-arriere-selon-liihs\/","title":{"rendered":"Les petits VUS familiaux prot\u00e8gent mal leur banquette arri\u00e8re selon l\u2019IIHS"},"content":{"rendered":"<\/p>\n<p>Seulement 2 des 15 mod\u00e8les de petits VUS familiaux en vente en Am\u00e9rique du Nord ces jours-ci ont r\u00e9colt\u00e9 la note de \u00ab\u00a0Bonne\u00a0\u00bb aux plus r\u00e9cents tests de collision frontale effectu\u00e9s par l\u2019IIHS, l\u2019institut am\u00e9ricain de la s\u00e9curit\u00e9 routi\u00e8re. \u00c7a devrait peut-\u00eatre faire r\u00e9fl\u00e9chir les parents qui cherchent justement un v\u00e9hicule plus spacieux pour loger leurs enfants et les bagages\u2026<\/p>\n<p> \u00c9videmment, on n\u2019a pas besoin de revisiter la question de la popularit\u00e9 des VUS. On le sait. \u00c7a se vend vite. Et pas toujours pour les bonnes raisons. On entend beaucoup parler de leur utilit\u00e9 et de leur niveau plus \u00e9lev\u00e9 de s\u00e9curit\u00e9, \u00e9tant donn\u00e9 justement que leur seuil semble souvent plus \u00e9lev\u00e9 que celui d\u2019une berline et que la position de conduite est aussi plus \u00e9lev\u00e9e que celle d\u2019une voiture.<\/p>\n<p> Tout \u00e7a mis ensemble, \u00e7a a donn\u00e9 l\u2019id\u00e9e \u00e0 l\u2019IIHS de revoir son test de collision frontale pour inclure un mannequin de plus \u00e0 bord. En plus du conducteur et du passager avant, on trouvait donc cette ann\u00e9e pour la premi\u00e8re fois un mannequin assis sur la banquette, \u00e0 l\u2019arri\u00e8re.<\/p>\n<p> Et vous aurez compris que ce pauvre mannequin a pay\u00e9 le prix de cette collision frontale simul\u00e9e par l\u2019institut. Le contexte est inchang\u00e9 par rapport au test sans occupant \u00e0 l\u2019arri\u00e8re\u00a0: le v\u00e9hicule est envoy\u00e9 vers une barri\u00e8re \u00e0 une vitesse de 40 milles\/heures, soit 64 km\/h. Il la percute aux trois quarts, ce qui cr\u00e9e un d\u00e9placement lat\u00e9ral du v\u00e9hicule suite \u00e0 l\u2019impact.<\/p>\n<p> Et<\/p>\n","protected":false},"excerpt":{"rendered":"<p>Seulement 2 des 15 mod\u00e8les de petits VUS familiaux en vente en Am\u00e9rique du Nord ces jours-ci ont r\u00e9colt\u00e9 la note de \u00ab\u00a0Bonne\u00a0\u00bb aux plus r\u00e9cents tests de collision frontale effectu\u00e9s par l\u2019IIHS, l\u2019institut am\u00e9ricain de la s\u00e9curit\u00e9 routi\u00e8re. \u00c7a devrait peut-\u00eatre faire r\u00e9fl\u00e9chir les parents qui cherchent justement un v\u00e9hicule plus spacieux pour loger [&hellip;]<\/p>\n","protected":false},"author":8,"featured_media":137181,"comment_status":"close","ping_status":"closed","sticky":false,"template":"","format":"standard","meta":{"_monsterinsights_skip_tracking":false,"_monsterinsights_sitenote_active":false,"_monsterinsights_sitenote_note":"","_monsterinsights_sitenote_category":0,"footnotes":""},"categories":[101],"tags":[],"yoast_head":"<!-- This site is optimized with the Yoast SEO plugin v23.2 - https:\/\/yoast.com\/wordpress\/plugins\/seo\/ -->\n<title>Les petits VUS familiaux prot\u00e8gent mal leur banquette arri\u00e8re selon l\u2019IIHS - CanadaMotorJobs.com<\/title>\n<meta name=\"description\" content=\"Les petits VUS familiaux prot\u00e8gent mal leur banquette arri\u00e8re selon l\u2019IIHS - Benoit Charette - Annuel automobile - CanadaMotorJobs.com.\" \/>\n<meta name=\"robots\" content=\"index, follow, max-snippet:-1, max-image-preview:large, max-video-preview:-1\" \/>\n<meta property=\"og:locale\" content=\"fr_CA\" \/>\n<meta property=\"og:type\" content=\"article\" \/>\n<meta property=\"og:title\" content=\"Les petits VUS familiaux prot\u00e8gent mal leur banquette arri\u00e8re selon l\u2019IIHS - CanadaMotorJobs.com\" \/>\n<meta property=\"og:description\" content=\"Les petits VUS familiaux prot\u00e8gent mal leur banquette arri\u00e8re selon l\u2019IIHS - Benoit Charette - Annuel automobile - CanadaMotorJobs.com.\" \/>\n<meta property=\"og:url\" content=\"https:\/\/news.canadamotorjobs.com\/fr\/les-petits-vus-familiaux-protegent-mal-leur-banquette-arriere-selon-liihs\/\" \/>\n<meta property=\"og:site_name\" content=\"CanadaMotorJobs.com\" \/>\n<meta property=\"article:publisher\" content=\"https:\/\/www.facebook.com\/canadamotorjobs\/\" \/>\n<meta property=\"article:published_time\" content=\"2022-12-13T16:37:50+00:00\" \/>\n<meta property=\"article:modified_time\" content=\"2022-12-13T16:44:06+00:00\" \/>\n<meta property=\"og:image\" content=\"https:\/\/news.canadamotorjobs.com\/wp-content\/uploads\/2022\/12\/maxresdefault-1.jpg\" \/>\n\t<meta property=\"og:image:width\" content=\"1280\" \/>\n\t<meta property=\"og:image:height\" content=\"720\" \/>\n\t<meta property=\"og:image:type\" content=\"image\/jpeg\" \/>\n<meta name=\"author\" content=\"Benoit Charette\" \/>\n<meta name=\"twitter:card\" content=\"summary_large_image\" \/>\n<meta name=\"twitter:creator\" content=\"@canadamotorjobs\" \/>\n<meta name=\"twitter:site\" content=\"@canadamotorjobs\" \/>\n<meta name=\"twitter:label1\" content=\"\u00c9crit par\" \/>\n\t<meta name=\"twitter:data1\" content=\"Benoit Charette\" \/>\n\t<meta name=\"twitter:label2\" content=\"Estimation du temps de lecture\" \/>\n\t<meta name=\"twitter:data2\" content=\"1 minute\" \/>\n<!-- \/ Yoast SEO plugin. -->","yoast_head_json":{"title":"Les petits VUS familiaux prot\u00e8gent mal leur banquette arri\u00e8re selon l\u2019IIHS - CanadaMotorJobs.com","description":"Les petits VUS familiaux prot\u00e8gent mal leur banquette arri\u00e8re selon l\u2019IIHS - Benoit Charette - Annuel automobile - CanadaMotorJobs.com.","robots":{"index":"index","follow":"follow","max-snippet":"max-snippet:-1","max-image-preview":"max-image-preview:large","max-video-preview":"max-video-preview:-1"},"og_locale":"fr_CA","og_type":"article","og_title":"Les petits VUS familiaux prot\u00e8gent mal leur banquette arri\u00e8re selon l\u2019IIHS - CanadaMotorJobs.com","og_description":"Les petits VUS familiaux prot\u00e8gent mal leur banquette arri\u00e8re selon l\u2019IIHS - Benoit Charette - Annuel automobile - CanadaMotorJobs.com.","og_url":"https:\/\/news.canadamotorjobs.com\/fr\/les-petits-vus-familiaux-protegent-mal-leur-banquette-arriere-selon-liihs\/","og_site_name":"CanadaMotorJobs.com","article_publisher":"https:\/\/www.facebook.com\/canadamotorjobs\/","article_published_time":"2022-12-13T16:37:50+00:00","article_modified_time":"2022-12-13T16:44:06+00:00","og_image":[{"width":1280,"height":720,"url":"https:\/\/news.canadamotorjobs.com\/wp-content\/uploads\/2022\/12\/maxresdefault-1.jpg","type":"image\/jpeg"}],"author":"Benoit Charette","twitter_card":"summary_large_image","twitter_creator":"@canadamotorjobs","twitter_site":"@canadamotorjobs","twitter_misc":{"\u00c9crit par":"Benoit Charette","Estimation du temps de lecture":"1 minute"},"schema":{"@context":"https:\/\/schema.org","@graph":[{"@type":"Article","@id":"https:\/\/news.canadamotorjobs.com\/fr\/les-petits-vus-familiaux-protegent-mal-leur-banquette-arriere-selon-liihs\/#article","isPartOf":{"@id":"https:\/\/news.canadamotorjobs.com\/fr\/les-petits-vus-familiaux-protegent-mal-leur-banquette-arriere-selon-liihs\/"},"author":{"name":"Benoit Charette","@id":"https:\/\/news.canadamotorjobs.com\/#\/schema\/person\/51793d1f87d44011d7bcc2ed99269a90"},"headline":"Les petits VUS familiaux prot\u00e8gent mal leur banquette arri\u00e8re selon l\u2019IIHS","datePublished":"2022-12-13T16:37:50+00:00","dateModified":"2022-12-13T16:44:06+00:00","mainEntityOfPage":{"@id":"https:\/\/news.canadamotorjobs.com\/fr\/les-petits-vus-familiaux-protegent-mal-leur-banquette-arriere-selon-liihs\/"},"wordCount":289,"publisher":{"@id":"https:\/\/news.canadamotorjobs.com\/#organization"},"image":{"@id":"https:\/\/news.canadamotorjobs.com\/fr\/les-petits-vus-familiaux-protegent-mal-leur-banquette-arriere-selon-liihs\/#primaryimage"},"thumbnailUrl":"https:\/\/news.canadamotorjobs.com\/wp-content\/uploads\/2022\/12\/maxresdefault-1.jpg","articleSection":["Annuel automobile"],"inLanguage":"fr-CA"},{"@type":"WebPage","@id":"https:\/\/news.canadamotorjobs.com\/fr\/les-petits-vus-familiaux-protegent-mal-leur-banquette-arriere-selon-liihs\/","url":"https:\/\/news.canadamotorjobs.com\/fr\/les-petits-vus-familiaux-protegent-mal-leur-banquette-arriere-selon-liihs\/","name":"Les petits VUS familiaux prot\u00e8gent mal leur banquette arri\u00e8re selon l\u2019IIHS - CanadaMotorJobs.com","isPartOf":{"@id":"https:\/\/news.canadamotorjobs.com\/#website"},"primaryImageOfPage":{"@id":"https:\/\/news.canadamotorjobs.com\/fr\/les-petits-vus-familiaux-protegent-mal-leur-banquette-arriere-selon-liihs\/#primaryimage"},"image":{"@id":"https:\/\/news.canadamotorjobs.com\/fr\/les-petits-vus-familiaux-protegent-mal-leur-banquette-arriere-selon-liihs\/#primaryimage"},"thumbnailUrl":"https:\/\/news.canadamotorjobs.com\/wp-content\/uploads\/2022\/12\/maxresdefault-1.jpg","datePublished":"2022-12-13T16:37:50+00:00","dateModified":"2022-12-13T16:44:06+00:00","description":"Les petits VUS familiaux prot\u00e8gent mal leur banquette arri\u00e8re selon l\u2019IIHS - Benoit Charette - Annuel automobile - CanadaMotorJobs.com.","breadcrumb":{"@id":"https:\/\/news.canadamotorjobs.com\/fr\/les-petits-vus-familiaux-protegent-mal-leur-banquette-arriere-selon-liihs\/#breadcrumb"},"inLanguage":"fr-CA","potentialAction":[{"@type":"ReadAction","target":["https:\/\/news.canadamotorjobs.com\/fr\/les-petits-vus-familiaux-protegent-mal-leur-banquette-arriere-selon-liihs\/"]}]},{"@type":"ImageObject","inLanguage":"fr-CA","@id":"https:\/\/news.canadamotorjobs.com\/fr\/les-petits-vus-familiaux-protegent-mal-leur-banquette-arriere-selon-liihs\/#primaryimage","url":"https:\/\/news.canadamotorjobs.com\/wp-content\/uploads\/2022\/12\/maxresdefault-1.jpg","contentUrl":"https:\/\/news.canadamotorjobs.com\/wp-content\/uploads\/2022\/12\/maxresdefault-1.jpg","width":1280,"height":720},{"@type":"BreadcrumbList","@id":"https:\/\/news.canadamotorjobs.com\/fr\/les-petits-vus-familiaux-protegent-mal-leur-banquette-arriere-selon-liihs\/#breadcrumb","itemListElement":[{"@type":"ListItem","position":1,"name":"Home","item":"https:\/\/news.canadamotorjobs.com\/fr\/blog\/"},{"@type":"ListItem","position":2,"name":"Les petits VUS familiaux prot\u00e8gent mal leur banquette arri\u00e8re selon l\u2019IIHS"}]},{"@type":"WebSite","@id":"https:\/\/news.canadamotorjobs.com\/#website","url":"https:\/\/news.canadamotorjobs.com\/","name":"CanadaMotorJobs.com","description":"Automotive Jobs","publisher":{"@id":"https:\/\/news.canadamotorjobs.com\/#organization"},"potentialAction":[{"@type":"SearchAction","target":{"@type":"EntryPoint","urlTemplate":"https:\/\/news.canadamotorjobs.com\/?s={search_term_string}"},"query-input":"required name=search_term_string"}],"inLanguage":"fr-CA"},{"@type":"Organization","@id":"https:\/\/news.canadamotorjobs.com\/#organization","name":"Canada Motor Jobs","url":"https:\/\/news.canadamotorjobs.com\/","logo":{"@type":"ImageObject","inLanguage":"fr-CA","@id":"https:\/\/news.canadamotorjobs.com\/#\/schema\/logo\/image\/","url":"https:\/\/news.canadamotorjobs.com\/wp-content\/uploads\/2022\/10\/logo-canada-motor-jobs-1.png","contentUrl":"https:\/\/news.canadamotorjobs.com\/wp-content\/uploads\/2022\/10\/logo-canada-motor-jobs-1.png","width":800,"height":400,"caption":"Canada Motor Jobs"},"image":{"@id":"https:\/\/news.canadamotorjobs.com\/#\/schema\/logo\/image\/"},"sameAs":["https:\/\/www.facebook.com\/canadamotorjobs\/","https:\/\/x.com\/canadamotorjobs","https:\/\/www.instagram.com\/canadamotorjobs\/","https:\/\/www.linkedin.com\/company\/canadamotorjobs"]},{"@type":"Person","@id":"https:\/\/news.canadamotorjobs.com\/#\/schema\/person\/51793d1f87d44011d7bcc2ed99269a90","name":"Benoit Charette","image":{"@type":"ImageObject","inLanguage":"fr-CA","@id":"https:\/\/news.canadamotorjobs.com\/#\/schema\/person\/image\/","url":"https:\/\/secure.gravatar.com\/avatar\/45f3d2eebcccd909668d7ce7ea7267b6?s=96&d=mm&r=g","contentUrl":"https:\/\/secure.gravatar.com\/avatar\/45f3d2eebcccd909668d7ce7ea7267b6?s=96&d=mm&r=g","caption":"Benoit Charette"},"description":"Benoit Charette \/ Propri\u00e9taire et r\u00e9dacteur en chef Benoit Charette pratique le journalisme automobile depuis bient\u00f4t 30 ans. Il a fait ses classes au c\u00f4t\u00e9 de Daniel H\u00e9raud et au Carnet de route de 1992 \u00e0 2001. Il est fondateur, copropri\u00e9taire et r\u00e9dacteur en chef de L\u2019Annuel de l\u2019automobile, qu\u2019il publie depuis 2001. Il a anim\u00e9 les \u00e9missions RPM et RPM+ sur V et les L\u00e9gendes de la route sur Historia. \u00c0 la radio depuis 1986, il reprend l\u2019antenne cette ann\u00e9e sur les ondes de Cogeco et participe pour la deuxi\u00e8me ann\u00e9e \u00e0 l\u2019\u00e9mission Passion Auto sur RDS en plus de mettre en ligne le site Web officiel de L\u2019Annuel de l\u2019automobile sur annuelauto.ca.","sameAs":["https:\/\/annuelauto.ca\/"],"url":"https:\/\/news.canadamotorjobs.com\/fr\/author\/benoit-charette\/"}]}},"_links":{"self":[{"href":"https:\/\/news.canadamotorjobs.com\/fr\/wp-json\/wp\/v2\/posts\/137177"}],"collection":[{"href":"https:\/\/news.canadamotorjobs.com\/fr\/wp-json\/wp\/v2\/posts"}],"about":[{"href":"https:\/\/news.canadamotorjobs.com\/fr\/wp-json\/wp\/v2\/types\/post"}],"author":[{"embeddable":true,"href":"https:\/\/news.canadamotorjobs.com\/fr\/wp-json\/wp\/v2\/users\/8"}],"replies":[{"embeddable":true,"href":"https:\/\/news.canadamotorjobs.com\/fr\/wp-json\/wp\/v2\/comments?post=137177"}],"version-history":[{"count":0,"href":"https:\/\/news.canadamotorjobs.com\/fr\/wp-json\/wp\/v2\/posts\/137177\/revisions"}],"wp:featuredmedia":[{"embeddable":true,"href":"https:\/\/news.canadamotorjobs.com\/fr\/wp-json\/wp\/v2\/media\/137181"}],"wp:attachment":[{"href":"https:\/\/news.canadamotorjobs.com\/fr\/wp-json\/wp\/v2\/media?parent=137177"}],"wp:term":[{"taxonomy":"category","embeddable":true,"href":"https:\/\/news.canadamotorjobs.com\/fr\/wp-json\/wp\/v2\/categories?post=137177"},{"taxonomy":"post_tag","embeddable":true,"href":"https:\/\/news.canadamotorjobs.com\/fr\/wp-json\/wp\/v2\/tags?post=137177"}],"curies":[{"name":"wp","href":"https:\/\/api.w.org\/{rel}","templated":true}]}}