{"id":137145,"date":"2022-12-12T08:26:21","date_gmt":"2022-12-12T13:26:21","guid":{"rendered":"https:\/\/news.canadamotorjobs.com\/voici-la-buick-encore-gx-2024\/"},"modified":"2022-12-12T08:28:56","modified_gmt":"2022-12-12T13:28:56","slug":"voici-la-buick-encore-gx-2024","status":"publish","type":"post","link":"https:\/\/news.canadamotorjobs.com\/fr\/voici-la-buick-encore-gx-2024\/","title":{"rendered":"Voici la Buick Encore GX 2024"},"content":{"rendered":"<\/p>\n<p>Ce mod\u00e8le a \u00e9t\u00e9 surpris en pleine rue, sans camouflage. On reconna\u00eet le nouveau logo de Buick sur le capot et le style plus moderne qui emprunte quelques d\u00e9tails au concept Wildcat. Le nouveau Encore GX devrait arriver quelque part d\u2019ici l\u2019\u00e9t\u00e9\u00a02023.<br \/> Un style plus mature<br \/> Les changements visuels se concentrent sur la partie avant, qui semble nettement plus moderne que l&#8217;actuel Buick Encore GX. Le mod\u00e8le sous-compact a fait ses d\u00e9buts en 2019, ce qui fait de 2023 le moment id\u00e9al pour une mise \u00e0 jour \u00e0 mi-cycle de vie. Il adopte des phares DEL plus minces avec des unit\u00e9s d&#8217;\u00e9clairage suppl\u00e9mentaires mont\u00e9es sur les prises d&#8217;air du pare-chocs. Le nez pointu est d\u00e9pourvu de calandre et arbore fi\u00e8rement le nouveau logo \u00e0 trois boucliers de Buick. Le parechoc se fait tr\u00e8s discret et les pourtours de la calandre sont chrom\u00e9s.<br \/> Un format quoi ne bouge pas beaucoup<br \/> Le profil reste inchang\u00e9, \u00e0 part de nouvelles options pour les dessins de roues et les couleurs ext\u00e9rieures. Les changements \u00e0 l&#8217;arri\u00e8re se limitent au nouvel embl\u00e8me et au lettrage Buick \u00e9tal\u00e9 sur le hayon. Le Buick Encore GX 2024 devrait reprendre la gamme de groupes motopropulseurs du mod\u00e8le actuel, comprenant des moteurs turbocompress\u00e9s \u00e0 trois cylindres de 1,2 litre et 1,3 litre d\u00e9veloppant respectivement 137 et 155 chevaux. Tous deux sont associ\u00e9s \u00e0 une bo\u00eete de vitesses CVT qui transmet la puissance aux roues avant, tandis qu&#8217;une option AWD avec une bo\u00eete automatique \u00e0 neuf rapports est propos\u00e9e pour le<\/p>\n","protected":false},"excerpt":{"rendered":"<p>Ce mod\u00e8le a \u00e9t\u00e9 surpris en pleine rue, sans camouflage. On reconna\u00eet le nouveau logo de Buick sur le capot et le style plus moderne qui emprunte quelques d\u00e9tails au concept Wildcat. Le nouveau Encore GX devrait arriver quelque part d\u2019ici l\u2019\u00e9t\u00e9\u00a02023. Un style plus mature Les changements visuels se concentrent sur la partie avant, [&hellip;]<\/p>\n","protected":false},"author":8,"featured_media":137149,"comment_status":"close","ping_status":"closed","sticky":false,"template":"","format":"standard","meta":{"_monsterinsights_skip_tracking":false,"_monsterinsights_sitenote_active":false,"_monsterinsights_sitenote_note":"","_monsterinsights_sitenote_category":0,"footnotes":""},"categories":[101],"tags":[],"yoast_head":"<!-- This site is optimized with the Yoast SEO plugin v23.2 - https:\/\/yoast.com\/wordpress\/plugins\/seo\/ -->\n<title>Voici la Buick Encore GX 2024 - CanadaMotorJobs.com<\/title>\n<meta name=\"description\" content=\"Voici la Buick Encore GX 2024 - Benoit Charette - Annuel automobile - CanadaMotorJobs.com.\" \/>\n<meta name=\"robots\" content=\"index, follow, max-snippet:-1, max-image-preview:large, max-video-preview:-1\" \/>\n<meta property=\"og:locale\" content=\"fr_CA\" \/>\n<meta property=\"og:type\" content=\"article\" \/>\n<meta property=\"og:title\" content=\"Voici la Buick Encore GX 2024 - CanadaMotorJobs.com\" \/>\n<meta property=\"og:description\" content=\"Voici la Buick Encore GX 2024 - Benoit Charette - Annuel automobile - CanadaMotorJobs.com.\" \/>\n<meta property=\"og:url\" content=\"https:\/\/news.canadamotorjobs.com\/fr\/voici-la-buick-encore-gx-2024\/\" \/>\n<meta property=\"og:site_name\" content=\"CanadaMotorJobs.com\" \/>\n<meta property=\"article:publisher\" content=\"https:\/\/www.facebook.com\/canadamotorjobs\/\" \/>\n<meta property=\"article:published_time\" content=\"2022-12-12T13:26:21+00:00\" \/>\n<meta property=\"article:modified_time\" content=\"2022-12-12T13:28:56+00:00\" \/>\n<meta property=\"og:image\" content=\"https:\/\/news.canadamotorjobs.com\/wp-content\/uploads\/2022\/12\/Buick-Encore-GX-Scoop-4-1.jpg\" \/>\n\t<meta property=\"og:image:width\" content=\"1920\" \/>\n\t<meta property=\"og:image:height\" content=\"1280\" \/>\n\t<meta property=\"og:image:type\" content=\"image\/jpeg\" \/>\n<meta name=\"author\" content=\"Benoit Charette\" \/>\n<meta name=\"twitter:card\" content=\"summary_large_image\" \/>\n<meta name=\"twitter:creator\" content=\"@canadamotorjobs\" \/>\n<meta name=\"twitter:site\" content=\"@canadamotorjobs\" \/>\n<meta name=\"twitter:label1\" content=\"\u00c9crit par\" \/>\n\t<meta name=\"twitter:data1\" content=\"Benoit Charette\" \/>\n\t<meta name=\"twitter:label2\" content=\"Estimation du temps de lecture\" \/>\n\t<meta name=\"twitter:data2\" content=\"1 minute\" \/>\n<!-- \/ Yoast SEO plugin. -->","yoast_head_json":{"title":"Voici la Buick Encore GX 2024 - CanadaMotorJobs.com","description":"Voici la Buick Encore GX 2024 - Benoit Charette - Annuel automobile - CanadaMotorJobs.com.","robots":{"index":"index","follow":"follow","max-snippet":"max-snippet:-1","max-image-preview":"max-image-preview:large","max-video-preview":"max-video-preview:-1"},"og_locale":"fr_CA","og_type":"article","og_title":"Voici la Buick Encore GX 2024 - CanadaMotorJobs.com","og_description":"Voici la Buick Encore GX 2024 - Benoit Charette - Annuel automobile - CanadaMotorJobs.com.","og_url":"https:\/\/news.canadamotorjobs.com\/fr\/voici-la-buick-encore-gx-2024\/","og_site_name":"CanadaMotorJobs.com","article_publisher":"https:\/\/www.facebook.com\/canadamotorjobs\/","article_published_time":"2022-12-12T13:26:21+00:00","article_modified_time":"2022-12-12T13:28:56+00:00","og_image":[{"width":1920,"height":1280,"url":"https:\/\/news.canadamotorjobs.com\/wp-content\/uploads\/2022\/12\/Buick-Encore-GX-Scoop-4-1.jpg","type":"image\/jpeg"}],"author":"Benoit Charette","twitter_card":"summary_large_image","twitter_creator":"@canadamotorjobs","twitter_site":"@canadamotorjobs","twitter_misc":{"\u00c9crit par":"Benoit Charette","Estimation du temps de lecture":"1 minute"},"schema":{"@context":"https:\/\/schema.org","@graph":[{"@type":"Article","@id":"https:\/\/news.canadamotorjobs.com\/fr\/voici-la-buick-encore-gx-2024\/#article","isPartOf":{"@id":"https:\/\/news.canadamotorjobs.com\/fr\/voici-la-buick-encore-gx-2024\/"},"author":{"name":"Benoit Charette","@id":"https:\/\/news.canadamotorjobs.com\/#\/schema\/person\/51793d1f87d44011d7bcc2ed99269a90"},"headline":"Voici la Buick Encore GX 2024","datePublished":"2022-12-12T13:26:21+00:00","dateModified":"2022-12-12T13:28:56+00:00","mainEntityOfPage":{"@id":"https:\/\/news.canadamotorjobs.com\/fr\/voici-la-buick-encore-gx-2024\/"},"wordCount":270,"publisher":{"@id":"https:\/\/news.canadamotorjobs.com\/#organization"},"image":{"@id":"https:\/\/news.canadamotorjobs.com\/fr\/voici-la-buick-encore-gx-2024\/#primaryimage"},"thumbnailUrl":"https:\/\/news.canadamotorjobs.com\/wp-content\/uploads\/2022\/12\/Buick-Encore-GX-Scoop-4-1.jpg","articleSection":["Annuel automobile"],"inLanguage":"fr-CA"},{"@type":"WebPage","@id":"https:\/\/news.canadamotorjobs.com\/fr\/voici-la-buick-encore-gx-2024\/","url":"https:\/\/news.canadamotorjobs.com\/fr\/voici-la-buick-encore-gx-2024\/","name":"Voici la Buick Encore GX 2024 - CanadaMotorJobs.com","isPartOf":{"@id":"https:\/\/news.canadamotorjobs.com\/#website"},"primaryImageOfPage":{"@id":"https:\/\/news.canadamotorjobs.com\/fr\/voici-la-buick-encore-gx-2024\/#primaryimage"},"image":{"@id":"https:\/\/news.canadamotorjobs.com\/fr\/voici-la-buick-encore-gx-2024\/#primaryimage"},"thumbnailUrl":"https:\/\/news.canadamotorjobs.com\/wp-content\/uploads\/2022\/12\/Buick-Encore-GX-Scoop-4-1.jpg","datePublished":"2022-12-12T13:26:21+00:00","dateModified":"2022-12-12T13:28:56+00:00","description":"Voici la Buick Encore GX 2024 - Benoit Charette - Annuel automobile - CanadaMotorJobs.com.","breadcrumb":{"@id":"https:\/\/news.canadamotorjobs.com\/fr\/voici-la-buick-encore-gx-2024\/#breadcrumb"},"inLanguage":"fr-CA","potentialAction":[{"@type":"ReadAction","target":["https:\/\/news.canadamotorjobs.com\/fr\/voici-la-buick-encore-gx-2024\/"]}]},{"@type":"ImageObject","inLanguage":"fr-CA","@id":"https:\/\/news.canadamotorjobs.com\/fr\/voici-la-buick-encore-gx-2024\/#primaryimage","url":"https:\/\/news.canadamotorjobs.com\/wp-content\/uploads\/2022\/12\/Buick-Encore-GX-Scoop-4-1.jpg","contentUrl":"https:\/\/news.canadamotorjobs.com\/wp-content\/uploads\/2022\/12\/Buick-Encore-GX-Scoop-4-1.jpg","width":1920,"height":1280},{"@type":"BreadcrumbList","@id":"https:\/\/news.canadamotorjobs.com\/fr\/voici-la-buick-encore-gx-2024\/#breadcrumb","itemListElement":[{"@type":"ListItem","position":1,"name":"Home","item":"https:\/\/news.canadamotorjobs.com\/fr\/blog\/"},{"@type":"ListItem","position":2,"name":"Voici la Buick Encore GX 2024"}]},{"@type":"WebSite","@id":"https:\/\/news.canadamotorjobs.com\/#website","url":"https:\/\/news.canadamotorjobs.com\/","name":"CanadaMotorJobs.com","description":"Automotive Jobs","publisher":{"@id":"https:\/\/news.canadamotorjobs.com\/#organization"},"potentialAction":[{"@type":"SearchAction","target":{"@type":"EntryPoint","urlTemplate":"https:\/\/news.canadamotorjobs.com\/?s={search_term_string}"},"query-input":"required name=search_term_string"}],"inLanguage":"fr-CA"},{"@type":"Organization","@id":"https:\/\/news.canadamotorjobs.com\/#organization","name":"Canada Motor Jobs","url":"https:\/\/news.canadamotorjobs.com\/","logo":{"@type":"ImageObject","inLanguage":"fr-CA","@id":"https:\/\/news.canadamotorjobs.com\/#\/schema\/logo\/image\/","url":"https:\/\/news.canadamotorjobs.com\/wp-content\/uploads\/2022\/10\/logo-canada-motor-jobs-1.png","contentUrl":"https:\/\/news.canadamotorjobs.com\/wp-content\/uploads\/2022\/10\/logo-canada-motor-jobs-1.png","width":800,"height":400,"caption":"Canada Motor Jobs"},"image":{"@id":"https:\/\/news.canadamotorjobs.com\/#\/schema\/logo\/image\/"},"sameAs":["https:\/\/www.facebook.com\/canadamotorjobs\/","https:\/\/x.com\/canadamotorjobs","https:\/\/www.instagram.com\/canadamotorjobs\/","https:\/\/www.linkedin.com\/company\/canadamotorjobs"]},{"@type":"Person","@id":"https:\/\/news.canadamotorjobs.com\/#\/schema\/person\/51793d1f87d44011d7bcc2ed99269a90","name":"Benoit Charette","image":{"@type":"ImageObject","inLanguage":"fr-CA","@id":"https:\/\/news.canadamotorjobs.com\/#\/schema\/person\/image\/","url":"https:\/\/secure.gravatar.com\/avatar\/45f3d2eebcccd909668d7ce7ea7267b6?s=96&d=mm&r=g","contentUrl":"https:\/\/secure.gravatar.com\/avatar\/45f3d2eebcccd909668d7ce7ea7267b6?s=96&d=mm&r=g","caption":"Benoit Charette"},"description":"Benoit Charette \/ Propri\u00e9taire et r\u00e9dacteur en chef Benoit Charette pratique le journalisme automobile depuis bient\u00f4t 30 ans. Il a fait ses classes au c\u00f4t\u00e9 de Daniel H\u00e9raud et au Carnet de route de 1992 \u00e0 2001. Il est fondateur, copropri\u00e9taire et r\u00e9dacteur en chef de L\u2019Annuel de l\u2019automobile, qu\u2019il publie depuis 2001. Il a anim\u00e9 les \u00e9missions RPM et RPM+ sur V et les L\u00e9gendes de la route sur Historia. \u00c0 la radio depuis 1986, il reprend l\u2019antenne cette ann\u00e9e sur les ondes de Cogeco et participe pour la deuxi\u00e8me ann\u00e9e \u00e0 l\u2019\u00e9mission Passion Auto sur RDS en plus de mettre en ligne le site Web officiel de L\u2019Annuel de l\u2019automobile sur annuelauto.ca.","sameAs":["https:\/\/annuelauto.ca\/"],"url":"https:\/\/news.canadamotorjobs.com\/fr\/author\/benoit-charette\/"}]}},"_links":{"self":[{"href":"https:\/\/news.canadamotorjobs.com\/fr\/wp-json\/wp\/v2\/posts\/137145"}],"collection":[{"href":"https:\/\/news.canadamotorjobs.com\/fr\/wp-json\/wp\/v2\/posts"}],"about":[{"href":"https:\/\/news.canadamotorjobs.com\/fr\/wp-json\/wp\/v2\/types\/post"}],"author":[{"embeddable":true,"href":"https:\/\/news.canadamotorjobs.com\/fr\/wp-json\/wp\/v2\/users\/8"}],"replies":[{"embeddable":true,"href":"https:\/\/news.canadamotorjobs.com\/fr\/wp-json\/wp\/v2\/comments?post=137145"}],"version-history":[{"count":0,"href":"https:\/\/news.canadamotorjobs.com\/fr\/wp-json\/wp\/v2\/posts\/137145\/revisions"}],"wp:featuredmedia":[{"embeddable":true,"href":"https:\/\/news.canadamotorjobs.com\/fr\/wp-json\/wp\/v2\/media\/137149"}],"wp:attachment":[{"href":"https:\/\/news.canadamotorjobs.com\/fr\/wp-json\/wp\/v2\/media?parent=137145"}],"wp:term":[{"taxonomy":"category","embeddable":true,"href":"https:\/\/news.canadamotorjobs.com\/fr\/wp-json\/wp\/v2\/categories?post=137145"},{"taxonomy":"post_tag","embeddable":true,"href":"https:\/\/news.canadamotorjobs.com\/fr\/wp-json\/wp\/v2\/tags?post=137145"}],"curies":[{"name":"wp","href":"https:\/\/api.w.org\/{rel}","templated":true}]}}