{"id":137129,"date":"2022-12-11T16:10:57","date_gmt":"2022-12-11T21:10:57","guid":{"rendered":"https:\/\/news.canadamotorjobs.com\/vendre-une-voiture-electrique-pour-les-mauvaises-raisons\/"},"modified":"2022-12-11T16:14:06","modified_gmt":"2022-12-11T21:14:06","slug":"vendre-une-voiture-electrique-pour-les-mauvaises-raisons","status":"publish","type":"post","link":"https:\/\/news.canadamotorjobs.com\/fr\/vendre-une-voiture-electrique-pour-les-mauvaises-raisons\/","title":{"rendered":"Vendre une voiture \u00e9lectrique pour les mauvaises raisons"},"content":{"rendered":"<\/p>\n<p>L\u2019industrie automobile prend un virage, mais il semble que les constructeurs ne semblent pas vouloir changer la mani\u00e8re de vendre un v\u00e9hicule. Depuis toujours, le performance vend au m\u00eame titre que le sexe et les scandales. Lors du lancement du GMC Hummer, GM avait m\u00eame install\u00e9 une petite piste d\u2019acc\u00e9l\u00e9ration avec l\u2019arbre-de-No\u00ebl et une ligne d\u2019arriv\u00e9e. Le but de l\u2019exercice \u00e9tait de d\u00e9montrer que malgr\u00e9 son poids qui d\u00e9passe\u00a0les 4 000\u00a0kg, le Hummer est capable de faire un 0-100\u00a0km\/h en trois secondes. On voit depuis peu des versions de performance de v\u00e9hicules. Est-ce que quelqu\u2019un peut m\u2019expliquer le raisonnement derri\u00e8re cette approche. Ne devrait-on pas acheter un v\u00e9hicule \u00e9lectrique pour son autonomie ou est-ce trop banal comme argument de vente\u2009?<br \/> Plus rapide qu\u2019une Ferrari<br \/> Est-ce bien sage de vendre de la performance \u00e0 Monsieur et Madame tout le monde sp\u00e9cialement dans un v\u00e9hicule \u00e9lectrique qui poss\u00e8de une force d\u2019acc\u00e9l\u00e9ration foudroyante. Il n\u2019y a que du couple dans un v\u00e9hicule \u00e9lectrique. Toute la puissance est disponible instantan\u00e9ment et pas de changements de vitesse pour vous ralentir. Il faut solidement s\u2019accrocher au volant lorsque vous appuyez \u00e0 fond. Croyez-moi, ce genre de performance n\u2019est pas \u00e0 la port\u00e9e de tous et pourtant, nous avons droit \u00e0 des mod\u00e8les comme le Kia EV6 GT de 576 chevaux, le Ioniq 5 N qui va arriver avec la m\u00eame configuration, un Hummer qui offre 1 000\u00a0lb-pi de couple et qui consomme autant d\u2019\u00e9lectricit\u00e9 que le mod\u00e8le \u00e0 explosion consommait de l\u2019essence.<br \/> N&#8217;importe qui peut aller<\/p>\n","protected":false},"excerpt":{"rendered":"<p>L\u2019industrie automobile prend un virage, mais il semble que les constructeurs ne semblent pas vouloir changer la mani\u00e8re de vendre un v\u00e9hicule. Depuis toujours, le performance vend au m\u00eame titre que le sexe et les scandales. Lors du lancement du GMC Hummer, GM avait m\u00eame install\u00e9 une petite piste d\u2019acc\u00e9l\u00e9ration avec l\u2019arbre-de-No\u00ebl et une ligne [&hellip;]<\/p>\n","protected":false},"author":8,"featured_media":137133,"comment_status":"close","ping_status":"closed","sticky":false,"template":"","format":"standard","meta":{"_monsterinsights_skip_tracking":false,"_monsterinsights_sitenote_active":false,"_monsterinsights_sitenote_note":"","_monsterinsights_sitenote_category":0,"footnotes":""},"categories":[101],"tags":[],"yoast_head":"<!-- This site is optimized with the Yoast SEO plugin v23.2 - https:\/\/yoast.com\/wordpress\/plugins\/seo\/ -->\n<title>Vendre une voiture \u00e9lectrique pour les mauvaises raisons - CanadaMotorJobs.com<\/title>\n<meta name=\"description\" content=\"Vendre une voiture \u00e9lectrique pour les mauvaises raisons - Benoit Charette - Annuel automobile - CanadaMotorJobs.com.\" \/>\n<meta name=\"robots\" content=\"index, follow, max-snippet:-1, max-image-preview:large, max-video-preview:-1\" \/>\n<meta property=\"og:locale\" content=\"fr_CA\" \/>\n<meta property=\"og:type\" content=\"article\" \/>\n<meta property=\"og:title\" content=\"Vendre une voiture \u00e9lectrique pour les mauvaises raisons - CanadaMotorJobs.com\" \/>\n<meta property=\"og:description\" content=\"Vendre une voiture \u00e9lectrique pour les mauvaises raisons - Benoit Charette - Annuel automobile - CanadaMotorJobs.com.\" \/>\n<meta property=\"og:url\" content=\"https:\/\/news.canadamotorjobs.com\/fr\/vendre-une-voiture-electrique-pour-les-mauvaises-raisons\/\" \/>\n<meta property=\"og:site_name\" content=\"CanadaMotorJobs.com\" \/>\n<meta property=\"article:publisher\" content=\"https:\/\/www.facebook.com\/canadamotorjobs\/\" \/>\n<meta property=\"article:published_time\" content=\"2022-12-11T21:10:57+00:00\" \/>\n<meta property=\"article:modified_time\" content=\"2022-12-11T21:14:06+00:00\" \/>\n<meta property=\"og:image\" content=\"https:\/\/news.canadamotorjobs.com\/wp-content\/uploads\/2022\/12\/2022-GMC-HUMMER-EV-0611-1024x683-1-1.jpg\" \/>\n\t<meta property=\"og:image:width\" content=\"1024\" \/>\n\t<meta property=\"og:image:height\" content=\"683\" \/>\n\t<meta property=\"og:image:type\" content=\"image\/jpeg\" \/>\n<meta name=\"author\" content=\"Benoit Charette\" \/>\n<meta name=\"twitter:card\" content=\"summary_large_image\" \/>\n<meta name=\"twitter:creator\" content=\"@canadamotorjobs\" \/>\n<meta name=\"twitter:site\" content=\"@canadamotorjobs\" \/>\n<meta name=\"twitter:label1\" content=\"\u00c9crit par\" \/>\n\t<meta name=\"twitter:data1\" content=\"Benoit Charette\" \/>\n\t<meta name=\"twitter:label2\" content=\"Estimation du temps de lecture\" \/>\n\t<meta name=\"twitter:data2\" content=\"1 minute\" \/>\n<!-- \/ Yoast SEO plugin. -->","yoast_head_json":{"title":"Vendre une voiture \u00e9lectrique pour les mauvaises raisons - CanadaMotorJobs.com","description":"Vendre une voiture \u00e9lectrique pour les mauvaises raisons - Benoit Charette - Annuel automobile - CanadaMotorJobs.com.","robots":{"index":"index","follow":"follow","max-snippet":"max-snippet:-1","max-image-preview":"max-image-preview:large","max-video-preview":"max-video-preview:-1"},"og_locale":"fr_CA","og_type":"article","og_title":"Vendre une voiture \u00e9lectrique pour les mauvaises raisons - CanadaMotorJobs.com","og_description":"Vendre une voiture \u00e9lectrique pour les mauvaises raisons - Benoit Charette - Annuel automobile - CanadaMotorJobs.com.","og_url":"https:\/\/news.canadamotorjobs.com\/fr\/vendre-une-voiture-electrique-pour-les-mauvaises-raisons\/","og_site_name":"CanadaMotorJobs.com","article_publisher":"https:\/\/www.facebook.com\/canadamotorjobs\/","article_published_time":"2022-12-11T21:10:57+00:00","article_modified_time":"2022-12-11T21:14:06+00:00","og_image":[{"width":1024,"height":683,"url":"https:\/\/news.canadamotorjobs.com\/wp-content\/uploads\/2022\/12\/2022-GMC-HUMMER-EV-0611-1024x683-1-1.jpg","type":"image\/jpeg"}],"author":"Benoit Charette","twitter_card":"summary_large_image","twitter_creator":"@canadamotorjobs","twitter_site":"@canadamotorjobs","twitter_misc":{"\u00c9crit par":"Benoit Charette","Estimation du temps de lecture":"1 minute"},"schema":{"@context":"https:\/\/schema.org","@graph":[{"@type":"Article","@id":"https:\/\/news.canadamotorjobs.com\/fr\/vendre-une-voiture-electrique-pour-les-mauvaises-raisons\/#article","isPartOf":{"@id":"https:\/\/news.canadamotorjobs.com\/fr\/vendre-une-voiture-electrique-pour-les-mauvaises-raisons\/"},"author":{"name":"Benoit Charette","@id":"https:\/\/news.canadamotorjobs.com\/#\/schema\/person\/51793d1f87d44011d7bcc2ed99269a90"},"headline":"Vendre une voiture \u00e9lectrique pour les mauvaises raisons","datePublished":"2022-12-11T21:10:57+00:00","dateModified":"2022-12-11T21:14:06+00:00","mainEntityOfPage":{"@id":"https:\/\/news.canadamotorjobs.com\/fr\/vendre-une-voiture-electrique-pour-les-mauvaises-raisons\/"},"wordCount":291,"publisher":{"@id":"https:\/\/news.canadamotorjobs.com\/#organization"},"image":{"@id":"https:\/\/news.canadamotorjobs.com\/fr\/vendre-une-voiture-electrique-pour-les-mauvaises-raisons\/#primaryimage"},"thumbnailUrl":"https:\/\/news.canadamotorjobs.com\/wp-content\/uploads\/2022\/12\/2022-GMC-HUMMER-EV-0611-1024x683-1-1.jpg","articleSection":["Annuel automobile"],"inLanguage":"fr-CA"},{"@type":"WebPage","@id":"https:\/\/news.canadamotorjobs.com\/fr\/vendre-une-voiture-electrique-pour-les-mauvaises-raisons\/","url":"https:\/\/news.canadamotorjobs.com\/fr\/vendre-une-voiture-electrique-pour-les-mauvaises-raisons\/","name":"Vendre une voiture \u00e9lectrique pour les mauvaises raisons - CanadaMotorJobs.com","isPartOf":{"@id":"https:\/\/news.canadamotorjobs.com\/#website"},"primaryImageOfPage":{"@id":"https:\/\/news.canadamotorjobs.com\/fr\/vendre-une-voiture-electrique-pour-les-mauvaises-raisons\/#primaryimage"},"image":{"@id":"https:\/\/news.canadamotorjobs.com\/fr\/vendre-une-voiture-electrique-pour-les-mauvaises-raisons\/#primaryimage"},"thumbnailUrl":"https:\/\/news.canadamotorjobs.com\/wp-content\/uploads\/2022\/12\/2022-GMC-HUMMER-EV-0611-1024x683-1-1.jpg","datePublished":"2022-12-11T21:10:57+00:00","dateModified":"2022-12-11T21:14:06+00:00","description":"Vendre une voiture \u00e9lectrique pour les mauvaises raisons - Benoit Charette - Annuel automobile - CanadaMotorJobs.com.","breadcrumb":{"@id":"https:\/\/news.canadamotorjobs.com\/fr\/vendre-une-voiture-electrique-pour-les-mauvaises-raisons\/#breadcrumb"},"inLanguage":"fr-CA","potentialAction":[{"@type":"ReadAction","target":["https:\/\/news.canadamotorjobs.com\/fr\/vendre-une-voiture-electrique-pour-les-mauvaises-raisons\/"]}]},{"@type":"ImageObject","inLanguage":"fr-CA","@id":"https:\/\/news.canadamotorjobs.com\/fr\/vendre-une-voiture-electrique-pour-les-mauvaises-raisons\/#primaryimage","url":"https:\/\/news.canadamotorjobs.com\/wp-content\/uploads\/2022\/12\/2022-GMC-HUMMER-EV-0611-1024x683-1-1.jpg","contentUrl":"https:\/\/news.canadamotorjobs.com\/wp-content\/uploads\/2022\/12\/2022-GMC-HUMMER-EV-0611-1024x683-1-1.jpg","width":1024,"height":683},{"@type":"BreadcrumbList","@id":"https:\/\/news.canadamotorjobs.com\/fr\/vendre-une-voiture-electrique-pour-les-mauvaises-raisons\/#breadcrumb","itemListElement":[{"@type":"ListItem","position":1,"name":"Home","item":"https:\/\/news.canadamotorjobs.com\/fr\/blog\/"},{"@type":"ListItem","position":2,"name":"Vendre une voiture \u00e9lectrique pour les mauvaises raisons"}]},{"@type":"WebSite","@id":"https:\/\/news.canadamotorjobs.com\/#website","url":"https:\/\/news.canadamotorjobs.com\/","name":"CanadaMotorJobs.com","description":"Automotive Jobs","publisher":{"@id":"https:\/\/news.canadamotorjobs.com\/#organization"},"potentialAction":[{"@type":"SearchAction","target":{"@type":"EntryPoint","urlTemplate":"https:\/\/news.canadamotorjobs.com\/?s={search_term_string}"},"query-input":"required name=search_term_string"}],"inLanguage":"fr-CA"},{"@type":"Organization","@id":"https:\/\/news.canadamotorjobs.com\/#organization","name":"Canada Motor Jobs","url":"https:\/\/news.canadamotorjobs.com\/","logo":{"@type":"ImageObject","inLanguage":"fr-CA","@id":"https:\/\/news.canadamotorjobs.com\/#\/schema\/logo\/image\/","url":"https:\/\/news.canadamotorjobs.com\/wp-content\/uploads\/2022\/10\/logo-canada-motor-jobs-1.png","contentUrl":"https:\/\/news.canadamotorjobs.com\/wp-content\/uploads\/2022\/10\/logo-canada-motor-jobs-1.png","width":800,"height":400,"caption":"Canada Motor Jobs"},"image":{"@id":"https:\/\/news.canadamotorjobs.com\/#\/schema\/logo\/image\/"},"sameAs":["https:\/\/www.facebook.com\/canadamotorjobs\/","https:\/\/x.com\/canadamotorjobs","https:\/\/www.instagram.com\/canadamotorjobs\/","https:\/\/www.linkedin.com\/company\/canadamotorjobs"]},{"@type":"Person","@id":"https:\/\/news.canadamotorjobs.com\/#\/schema\/person\/51793d1f87d44011d7bcc2ed99269a90","name":"Benoit Charette","image":{"@type":"ImageObject","inLanguage":"fr-CA","@id":"https:\/\/news.canadamotorjobs.com\/#\/schema\/person\/image\/","url":"https:\/\/secure.gravatar.com\/avatar\/45f3d2eebcccd909668d7ce7ea7267b6?s=96&d=mm&r=g","contentUrl":"https:\/\/secure.gravatar.com\/avatar\/45f3d2eebcccd909668d7ce7ea7267b6?s=96&d=mm&r=g","caption":"Benoit Charette"},"description":"Benoit Charette \/ Propri\u00e9taire et r\u00e9dacteur en chef Benoit Charette pratique le journalisme automobile depuis bient\u00f4t 30 ans. Il a fait ses classes au c\u00f4t\u00e9 de Daniel H\u00e9raud et au Carnet de route de 1992 \u00e0 2001. Il est fondateur, copropri\u00e9taire et r\u00e9dacteur en chef de L\u2019Annuel de l\u2019automobile, qu\u2019il publie depuis 2001. Il a anim\u00e9 les \u00e9missions RPM et RPM+ sur V et les L\u00e9gendes de la route sur Historia. \u00c0 la radio depuis 1986, il reprend l\u2019antenne cette ann\u00e9e sur les ondes de Cogeco et participe pour la deuxi\u00e8me ann\u00e9e \u00e0 l\u2019\u00e9mission Passion Auto sur RDS en plus de mettre en ligne le site Web officiel de L\u2019Annuel de l\u2019automobile sur annuelauto.ca.","sameAs":["https:\/\/annuelauto.ca\/"],"url":"https:\/\/news.canadamotorjobs.com\/fr\/author\/benoit-charette\/"}]}},"_links":{"self":[{"href":"https:\/\/news.canadamotorjobs.com\/fr\/wp-json\/wp\/v2\/posts\/137129"}],"collection":[{"href":"https:\/\/news.canadamotorjobs.com\/fr\/wp-json\/wp\/v2\/posts"}],"about":[{"href":"https:\/\/news.canadamotorjobs.com\/fr\/wp-json\/wp\/v2\/types\/post"}],"author":[{"embeddable":true,"href":"https:\/\/news.canadamotorjobs.com\/fr\/wp-json\/wp\/v2\/users\/8"}],"replies":[{"embeddable":true,"href":"https:\/\/news.canadamotorjobs.com\/fr\/wp-json\/wp\/v2\/comments?post=137129"}],"version-history":[{"count":0,"href":"https:\/\/news.canadamotorjobs.com\/fr\/wp-json\/wp\/v2\/posts\/137129\/revisions"}],"wp:featuredmedia":[{"embeddable":true,"href":"https:\/\/news.canadamotorjobs.com\/fr\/wp-json\/wp\/v2\/media\/137133"}],"wp:attachment":[{"href":"https:\/\/news.canadamotorjobs.com\/fr\/wp-json\/wp\/v2\/media?parent=137129"}],"wp:term":[{"taxonomy":"category","embeddable":true,"href":"https:\/\/news.canadamotorjobs.com\/fr\/wp-json\/wp\/v2\/categories?post=137129"},{"taxonomy":"post_tag","embeddable":true,"href":"https:\/\/news.canadamotorjobs.com\/fr\/wp-json\/wp\/v2\/tags?post=137129"}],"curies":[{"name":"wp","href":"https:\/\/api.w.org\/{rel}","templated":true}]}}