{"id":137105,"date":"2022-12-10T10:16:57","date_gmt":"2022-12-10T15:16:57","guid":{"rendered":"https:\/\/news.canadamotorjobs.com\/subaru-rappelle-des-modeles-ascent-de-2019-a-2022-pour-un-risque-potentiel-dincendie\/"},"modified":"2022-12-10T10:28:48","modified_gmt":"2022-12-10T15:28:48","slug":"subaru-rappelle-des-modeles-ascent-de-2019-a-2022-pour-un-risque-potentiel-dincendie","status":"publish","type":"post","link":"https:\/\/news.canadamotorjobs.com\/fr\/subaru-rappelle-des-modeles-ascent-de-2019-a-2022-pour-un-risque-potentiel-dincendie\/","title":{"rendered":"Subaru rappelle des mod\u00e8les Ascent de 2019 \u00e0 2022 pour un risque potentiel d\u2019incendie"},"content":{"rendered":"<\/p>\n<p>Subaru of America a annonc\u00e9 un rappel de s\u00e9curit\u00e9 sur certains v\u00e9hicules Subaru Ascent des ann\u00e9es mod\u00e8les 2019-2022. Subaru annonce ce rappel pour encourager les propri\u00e9taires des v\u00e9hicules concern\u00e9s \u00e0 contacter un d\u00e9taillant Subaru autoris\u00e9 d\u00e8s qu&#8217;ils re\u00e7oivent la notification de ce rappel de Subaru of America.<br \/> Un boulon qui peut cr\u00e9er un incendie<br \/> Le boulon de mise \u00e0 la terre qui fixe la borne de mise \u00e0 la terre de l&#8217;\u00e9l\u00e9ment chauffant \u00e0 coefficient de temp\u00e9rature positif (CTP) peut avoir \u00e9t\u00e9 mal fix\u00e9 pendant la production du v\u00e9hicule. Cette situation peut entra\u00eener la fusion de la borne de mise \u00e0 la terre et des composants environnants, ce qui augmente le risque d&#8217;incendie lorsque l&#8217;\u00e9l\u00e9ment chauffant \u00e0 coefficient de temp\u00e9rature positif fonctionne.\u00a0 Aucun accident ni aucune blessure n&#8217;ont \u00e9t\u00e9 signal\u00e9s en raison de ce probl\u00e8me.<br \/> Un remplacement du boulon est n\u00e9cessaire<br \/> Pour tous les v\u00e9hicules potentiellement concern\u00e9s, les d\u00e9taillants Subaru remplaceront les boulons de mise \u00e0 la terre de l&#8217;\u00e9l\u00e9ment chauffant PTC et remplaceront le fil de mise \u00e0 la terre et le support de connecteur si n\u00e9cessaire.\u00a0 Un petit pourcentage de v\u00e9hicules, estim\u00e9 \u00e0 0,6 %, n\u00e9cessitera le remplacement du fil de terre et du connecteur.\u00a0 L&#8217;inspection et la r\u00e9paration seront effectu\u00e9es sans frais pour le client.<br \/> Laisser votre v\u00e9hicule dehors si possible<br \/> Jusqu&#8217;\u00e0 ce que l&#8217;inspection et la r\u00e9paration soient effectu\u00e9es par un concessionnaire Subaru, il est conseill\u00e9 aux clients de garer leur v\u00e9hicule loin des garages, des abris de voiture ou d&#8217;autres structures, et d&#8217;\u00e9viter de laisser<\/p>\n","protected":false},"excerpt":{"rendered":"<p>Subaru of America a annonc\u00e9 un rappel de s\u00e9curit\u00e9 sur certains v\u00e9hicules Subaru Ascent des ann\u00e9es mod\u00e8les 2019-2022. Subaru annonce ce rappel pour encourager les propri\u00e9taires des v\u00e9hicules concern\u00e9s \u00e0 contacter un d\u00e9taillant Subaru autoris\u00e9 d\u00e8s qu&#8217;ils re\u00e7oivent la notification de ce rappel de Subaru of America. Un boulon qui peut cr\u00e9er un incendie Le [&hellip;]<\/p>\n","protected":false},"author":8,"featured_media":137109,"comment_status":"close","ping_status":"closed","sticky":false,"template":"","format":"standard","meta":{"_monsterinsights_skip_tracking":false,"_monsterinsights_sitenote_active":false,"_monsterinsights_sitenote_note":"","_monsterinsights_sitenote_category":0,"footnotes":""},"categories":[101],"tags":[],"yoast_head":"<!-- This site is optimized with the Yoast SEO plugin v23.2 - https:\/\/yoast.com\/wordpress\/plugins\/seo\/ -->\n<title>Subaru rappelle des mod\u00e8les Ascent de 2019 \u00e0 2022 pour un risque potentiel d\u2019incendie - CanadaMotorJobs.com<\/title>\n<meta name=\"description\" content=\"Subaru rappelle des mod\u00e8les Ascent de 2019 \u00e0 2022 pour un risque potentiel d\u2019incendie - Benoit Charette - Annuel automobile - CanadaMotorJobs.com.\" \/>\n<meta name=\"robots\" content=\"index, follow, max-snippet:-1, max-image-preview:large, max-video-preview:-1\" \/>\n<meta property=\"og:locale\" content=\"fr_CA\" \/>\n<meta property=\"og:type\" content=\"article\" \/>\n<meta property=\"og:title\" content=\"Subaru rappelle des mod\u00e8les Ascent de 2019 \u00e0 2022 pour un risque potentiel d\u2019incendie - CanadaMotorJobs.com\" \/>\n<meta property=\"og:description\" content=\"Subaru rappelle des mod\u00e8les Ascent de 2019 \u00e0 2022 pour un risque potentiel d\u2019incendie - Benoit Charette - Annuel automobile - CanadaMotorJobs.com.\" \/>\n<meta property=\"og:url\" content=\"https:\/\/news.canadamotorjobs.com\/fr\/subaru-rappelle-des-modeles-ascent-de-2019-a-2022-pour-un-risque-potentiel-dincendie\/\" \/>\n<meta property=\"og:site_name\" content=\"CanadaMotorJobs.com\" \/>\n<meta property=\"article:publisher\" content=\"https:\/\/www.facebook.com\/canadamotorjobs\/\" \/>\n<meta property=\"article:published_time\" content=\"2022-12-10T15:16:57+00:00\" \/>\n<meta property=\"article:modified_time\" content=\"2022-12-10T15:28:48+00:00\" \/>\n<meta property=\"og:image\" content=\"https:\/\/news.canadamotorjobs.com\/wp-content\/uploads\/2022\/12\/sub-asc-01-1.jpg\" \/>\n\t<meta property=\"og:image:width\" content=\"1024\" \/>\n\t<meta property=\"og:image:height\" content=\"630\" \/>\n\t<meta property=\"og:image:type\" content=\"image\/jpeg\" \/>\n<meta name=\"author\" content=\"Benoit Charette\" \/>\n<meta name=\"twitter:card\" content=\"summary_large_image\" \/>\n<meta name=\"twitter:creator\" content=\"@canadamotorjobs\" \/>\n<meta name=\"twitter:site\" content=\"@canadamotorjobs\" \/>\n<meta name=\"twitter:label1\" content=\"\u00c9crit par\" \/>\n\t<meta name=\"twitter:data1\" content=\"Benoit Charette\" \/>\n\t<meta name=\"twitter:label2\" content=\"Estimation du temps de lecture\" \/>\n\t<meta name=\"twitter:data2\" content=\"1 minute\" \/>\n<!-- \/ Yoast SEO plugin. -->","yoast_head_json":{"title":"Subaru rappelle des mod\u00e8les Ascent de 2019 \u00e0 2022 pour un risque potentiel d\u2019incendie - CanadaMotorJobs.com","description":"Subaru rappelle des mod\u00e8les Ascent de 2019 \u00e0 2022 pour un risque potentiel d\u2019incendie - Benoit Charette - Annuel automobile - CanadaMotorJobs.com.","robots":{"index":"index","follow":"follow","max-snippet":"max-snippet:-1","max-image-preview":"max-image-preview:large","max-video-preview":"max-video-preview:-1"},"og_locale":"fr_CA","og_type":"article","og_title":"Subaru rappelle des mod\u00e8les Ascent de 2019 \u00e0 2022 pour un risque potentiel d\u2019incendie - CanadaMotorJobs.com","og_description":"Subaru rappelle des mod\u00e8les Ascent de 2019 \u00e0 2022 pour un risque potentiel d\u2019incendie - Benoit Charette - Annuel automobile - CanadaMotorJobs.com.","og_url":"https:\/\/news.canadamotorjobs.com\/fr\/subaru-rappelle-des-modeles-ascent-de-2019-a-2022-pour-un-risque-potentiel-dincendie\/","og_site_name":"CanadaMotorJobs.com","article_publisher":"https:\/\/www.facebook.com\/canadamotorjobs\/","article_published_time":"2022-12-10T15:16:57+00:00","article_modified_time":"2022-12-10T15:28:48+00:00","og_image":[{"width":1024,"height":630,"url":"https:\/\/news.canadamotorjobs.com\/wp-content\/uploads\/2022\/12\/sub-asc-01-1.jpg","type":"image\/jpeg"}],"author":"Benoit Charette","twitter_card":"summary_large_image","twitter_creator":"@canadamotorjobs","twitter_site":"@canadamotorjobs","twitter_misc":{"\u00c9crit par":"Benoit Charette","Estimation du temps de lecture":"1 minute"},"schema":{"@context":"https:\/\/schema.org","@graph":[{"@type":"Article","@id":"https:\/\/news.canadamotorjobs.com\/fr\/subaru-rappelle-des-modeles-ascent-de-2019-a-2022-pour-un-risque-potentiel-dincendie\/#article","isPartOf":{"@id":"https:\/\/news.canadamotorjobs.com\/fr\/subaru-rappelle-des-modeles-ascent-de-2019-a-2022-pour-un-risque-potentiel-dincendie\/"},"author":{"name":"Benoit Charette","@id":"https:\/\/news.canadamotorjobs.com\/#\/schema\/person\/51793d1f87d44011d7bcc2ed99269a90"},"headline":"Subaru rappelle des mod\u00e8les Ascent de 2019 \u00e0 2022 pour un risque potentiel d\u2019incendie","datePublished":"2022-12-10T15:16:57+00:00","dateModified":"2022-12-10T15:28:48+00:00","mainEntityOfPage":{"@id":"https:\/\/news.canadamotorjobs.com\/fr\/subaru-rappelle-des-modeles-ascent-de-2019-a-2022-pour-un-risque-potentiel-dincendie\/"},"wordCount":295,"publisher":{"@id":"https:\/\/news.canadamotorjobs.com\/#organization"},"image":{"@id":"https:\/\/news.canadamotorjobs.com\/fr\/subaru-rappelle-des-modeles-ascent-de-2019-a-2022-pour-un-risque-potentiel-dincendie\/#primaryimage"},"thumbnailUrl":"https:\/\/news.canadamotorjobs.com\/wp-content\/uploads\/2022\/12\/sub-asc-01-1.jpg","articleSection":["Annuel automobile"],"inLanguage":"fr-CA"},{"@type":"WebPage","@id":"https:\/\/news.canadamotorjobs.com\/fr\/subaru-rappelle-des-modeles-ascent-de-2019-a-2022-pour-un-risque-potentiel-dincendie\/","url":"https:\/\/news.canadamotorjobs.com\/fr\/subaru-rappelle-des-modeles-ascent-de-2019-a-2022-pour-un-risque-potentiel-dincendie\/","name":"Subaru rappelle des mod\u00e8les Ascent de 2019 \u00e0 2022 pour un risque potentiel d\u2019incendie - CanadaMotorJobs.com","isPartOf":{"@id":"https:\/\/news.canadamotorjobs.com\/#website"},"primaryImageOfPage":{"@id":"https:\/\/news.canadamotorjobs.com\/fr\/subaru-rappelle-des-modeles-ascent-de-2019-a-2022-pour-un-risque-potentiel-dincendie\/#primaryimage"},"image":{"@id":"https:\/\/news.canadamotorjobs.com\/fr\/subaru-rappelle-des-modeles-ascent-de-2019-a-2022-pour-un-risque-potentiel-dincendie\/#primaryimage"},"thumbnailUrl":"https:\/\/news.canadamotorjobs.com\/wp-content\/uploads\/2022\/12\/sub-asc-01-1.jpg","datePublished":"2022-12-10T15:16:57+00:00","dateModified":"2022-12-10T15:28:48+00:00","description":"Subaru rappelle des mod\u00e8les Ascent de 2019 \u00e0 2022 pour un risque potentiel d\u2019incendie - Benoit Charette - Annuel automobile - CanadaMotorJobs.com.","breadcrumb":{"@id":"https:\/\/news.canadamotorjobs.com\/fr\/subaru-rappelle-des-modeles-ascent-de-2019-a-2022-pour-un-risque-potentiel-dincendie\/#breadcrumb"},"inLanguage":"fr-CA","potentialAction":[{"@type":"ReadAction","target":["https:\/\/news.canadamotorjobs.com\/fr\/subaru-rappelle-des-modeles-ascent-de-2019-a-2022-pour-un-risque-potentiel-dincendie\/"]}]},{"@type":"ImageObject","inLanguage":"fr-CA","@id":"https:\/\/news.canadamotorjobs.com\/fr\/subaru-rappelle-des-modeles-ascent-de-2019-a-2022-pour-un-risque-potentiel-dincendie\/#primaryimage","url":"https:\/\/news.canadamotorjobs.com\/wp-content\/uploads\/2022\/12\/sub-asc-01-1.jpg","contentUrl":"https:\/\/news.canadamotorjobs.com\/wp-content\/uploads\/2022\/12\/sub-asc-01-1.jpg","width":1024,"height":630},{"@type":"BreadcrumbList","@id":"https:\/\/news.canadamotorjobs.com\/fr\/subaru-rappelle-des-modeles-ascent-de-2019-a-2022-pour-un-risque-potentiel-dincendie\/#breadcrumb","itemListElement":[{"@type":"ListItem","position":1,"name":"Home","item":"https:\/\/news.canadamotorjobs.com\/fr\/blog\/"},{"@type":"ListItem","position":2,"name":"Subaru rappelle des mod\u00e8les Ascent de 2019 \u00e0 2022 pour un risque potentiel d\u2019incendie"}]},{"@type":"WebSite","@id":"https:\/\/news.canadamotorjobs.com\/#website","url":"https:\/\/news.canadamotorjobs.com\/","name":"CanadaMotorJobs.com","description":"Automotive Jobs","publisher":{"@id":"https:\/\/news.canadamotorjobs.com\/#organization"},"potentialAction":[{"@type":"SearchAction","target":{"@type":"EntryPoint","urlTemplate":"https:\/\/news.canadamotorjobs.com\/?s={search_term_string}"},"query-input":"required name=search_term_string"}],"inLanguage":"fr-CA"},{"@type":"Organization","@id":"https:\/\/news.canadamotorjobs.com\/#organization","name":"Canada Motor Jobs","url":"https:\/\/news.canadamotorjobs.com\/","logo":{"@type":"ImageObject","inLanguage":"fr-CA","@id":"https:\/\/news.canadamotorjobs.com\/#\/schema\/logo\/image\/","url":"https:\/\/news.canadamotorjobs.com\/wp-content\/uploads\/2022\/10\/logo-canada-motor-jobs-1.png","contentUrl":"https:\/\/news.canadamotorjobs.com\/wp-content\/uploads\/2022\/10\/logo-canada-motor-jobs-1.png","width":800,"height":400,"caption":"Canada Motor Jobs"},"image":{"@id":"https:\/\/news.canadamotorjobs.com\/#\/schema\/logo\/image\/"},"sameAs":["https:\/\/www.facebook.com\/canadamotorjobs\/","https:\/\/x.com\/canadamotorjobs","https:\/\/www.instagram.com\/canadamotorjobs\/","https:\/\/www.linkedin.com\/company\/canadamotorjobs"]},{"@type":"Person","@id":"https:\/\/news.canadamotorjobs.com\/#\/schema\/person\/51793d1f87d44011d7bcc2ed99269a90","name":"Benoit Charette","image":{"@type":"ImageObject","inLanguage":"fr-CA","@id":"https:\/\/news.canadamotorjobs.com\/#\/schema\/person\/image\/","url":"https:\/\/secure.gravatar.com\/avatar\/45f3d2eebcccd909668d7ce7ea7267b6?s=96&d=mm&r=g","contentUrl":"https:\/\/secure.gravatar.com\/avatar\/45f3d2eebcccd909668d7ce7ea7267b6?s=96&d=mm&r=g","caption":"Benoit Charette"},"description":"Benoit Charette \/ Propri\u00e9taire et r\u00e9dacteur en chef Benoit Charette pratique le journalisme automobile depuis bient\u00f4t 30 ans. Il a fait ses classes au c\u00f4t\u00e9 de Daniel H\u00e9raud et au Carnet de route de 1992 \u00e0 2001. Il est fondateur, copropri\u00e9taire et r\u00e9dacteur en chef de L\u2019Annuel de l\u2019automobile, qu\u2019il publie depuis 2001. Il a anim\u00e9 les \u00e9missions RPM et RPM+ sur V et les L\u00e9gendes de la route sur Historia. \u00c0 la radio depuis 1986, il reprend l\u2019antenne cette ann\u00e9e sur les ondes de Cogeco et participe pour la deuxi\u00e8me ann\u00e9e \u00e0 l\u2019\u00e9mission Passion Auto sur RDS en plus de mettre en ligne le site Web officiel de L\u2019Annuel de l\u2019automobile sur annuelauto.ca.","sameAs":["https:\/\/annuelauto.ca\/"],"url":"https:\/\/news.canadamotorjobs.com\/fr\/author\/benoit-charette\/"}]}},"_links":{"self":[{"href":"https:\/\/news.canadamotorjobs.com\/fr\/wp-json\/wp\/v2\/posts\/137105"}],"collection":[{"href":"https:\/\/news.canadamotorjobs.com\/fr\/wp-json\/wp\/v2\/posts"}],"about":[{"href":"https:\/\/news.canadamotorjobs.com\/fr\/wp-json\/wp\/v2\/types\/post"}],"author":[{"embeddable":true,"href":"https:\/\/news.canadamotorjobs.com\/fr\/wp-json\/wp\/v2\/users\/8"}],"replies":[{"embeddable":true,"href":"https:\/\/news.canadamotorjobs.com\/fr\/wp-json\/wp\/v2\/comments?post=137105"}],"version-history":[{"count":0,"href":"https:\/\/news.canadamotorjobs.com\/fr\/wp-json\/wp\/v2\/posts\/137105\/revisions"}],"wp:featuredmedia":[{"embeddable":true,"href":"https:\/\/news.canadamotorjobs.com\/fr\/wp-json\/wp\/v2\/media\/137109"}],"wp:attachment":[{"href":"https:\/\/news.canadamotorjobs.com\/fr\/wp-json\/wp\/v2\/media?parent=137105"}],"wp:term":[{"taxonomy":"category","embeddable":true,"href":"https:\/\/news.canadamotorjobs.com\/fr\/wp-json\/wp\/v2\/categories?post=137105"},{"taxonomy":"post_tag","embeddable":true,"href":"https:\/\/news.canadamotorjobs.com\/fr\/wp-json\/wp\/v2\/tags?post=137105"}],"curies":[{"name":"wp","href":"https:\/\/api.w.org\/{rel}","templated":true}]}}