{"id":137089,"date":"2022-12-10T09:26:15","date_gmt":"2022-12-10T14:26:15","guid":{"rendered":"https:\/\/news.canadamotorjobs.com\/gm-sassocie-a-la-quebecoise-flo-pour-installer-40-000-bornes-de-recharge-au-canada-et-aux-etats-unis\/"},"modified":"2022-12-10T09:31:01","modified_gmt":"2022-12-10T14:31:01","slug":"gm-sassocie-a-la-quebecoise-flo-pour-installer-40-000-bornes-de-recharge-au-canada-et-aux-etats-unis","status":"publish","type":"post","link":"https:\/\/news.canadamotorjobs.com\/fr\/gm-sassocie-a-la-quebecoise-flo-pour-installer-40-000-bornes-de-recharge-au-canada-et-aux-etats-unis\/","title":{"rendered":"GM s\u2019associe \u00e0 la qu\u00e9b\u00e9coise FLO pour installer 40\u00a0000 bornes de recharge au Canada et aux \u00c9tats-Unis"},"content":{"rendered":"<\/p>\n<p>General Motors a bien l\u2019intention d\u2019honorer sa promesse de ne vendre que des v\u00e9hicules d\u2019ici 2035. Pour ce faire, le g\u00e9ant am\u00e9ricain a annonc\u00e9 hier vouloir installer pas moins de 40\u00a0000 bornes de recharge de niveau 2 aux \u00c9tats-Unis et au Canada gr\u00e2ce \u00e0 l&#8217;extension de son programme de recharge communautaire pour les concessionnaires.<br \/> Pas seulement pour les clients GM<br \/> Ce programme a \u00e9t\u00e9 annonc\u00e9 \u00e0 la fin de l&#8217;ann\u00e9e derni\u00e8re et, \u00e0 ce jour, pr\u00e8s de 1 000 concessionnaires y ont adh\u00e9r\u00e9. Toutefois, les premi\u00e8res bornes de recharge communautaires ont \u00e9t\u00e9 install\u00e9es uniquement dans le Michigan et le Wisconsin. Le programme \u00e9tait initialement r\u00e9serv\u00e9 aux concessionnaires Chevrolet, mais il devrait \u00eatre \u00e9tendu aux concessionnaires Buick, GMC et Cadillac en janvier prochain. Le programme vise \u00e0 \u00e9tendre plus largement le r\u00e9seau de recharge, notamment dans les zones rurales et urbaines souvent oubli\u00e9es o\u00f9 la recharge des V\u00c9 est actuellement tr\u00e8s limit\u00e9e, voire inexistante. Les stations seront \u00e9galement ouvertes aux clients non GM.<br \/> Un concessionnaire GM \u00e0 moins de 15\u00a0km de la maison<br \/> \u00c0 l\u2019\u00e9chelle nord-am\u00e9ricaine, 90\u00a0% de la population vit \u00e0 moins de 15\u00a0km d\u2019un concessionnaire GM. GM qui se dit d\u00e9j\u00e0 tr\u00e8s impliqu\u00e9 dans les activit\u00e9s communautaires ajoute avec ce r\u00e9seau de recharge accessible \u00e0 tous, une corde \u00e0 son arc. Ils sont bien plac\u00e9s pour d\u00e9terminer les emplacements qui \u00e9largissent l&#8217;acc\u00e8s \u00e0 la recharge des V\u00c9, notamment dans les petites entreprises, les lieux de divertissement, les \u00e9coles et d&#8217;autres destinations populaires.<br \/> Une compagnie qu\u00e9b\u00e9coise comme partenaire<br \/> GM s&#8217;est<\/p>\n","protected":false},"excerpt":{"rendered":"<p>General Motors a bien l\u2019intention d\u2019honorer sa promesse de ne vendre que des v\u00e9hicules d\u2019ici 2035. Pour ce faire, le g\u00e9ant am\u00e9ricain a annonc\u00e9 hier vouloir installer pas moins de 40\u00a0000 bornes de recharge de niveau 2 aux \u00c9tats-Unis et au Canada gr\u00e2ce \u00e0 l&#8217;extension de son programme de recharge communautaire pour les concessionnaires. Pas [&hellip;]<\/p>\n","protected":false},"author":8,"featured_media":137093,"comment_status":"close","ping_status":"closed","sticky":false,"template":"","format":"standard","meta":{"_monsterinsights_skip_tracking":false,"_monsterinsights_sitenote_active":false,"_monsterinsights_sitenote_note":"","_monsterinsights_sitenote_category":0,"footnotes":""},"categories":[101],"tags":[],"yoast_head":"<!-- This site is optimized with the Yoast SEO plugin v23.2 - https:\/\/yoast.com\/wordpress\/plugins\/seo\/ -->\n<title>GM s\u2019associe \u00e0 la qu\u00e9b\u00e9coise FLO pour installer 40\u00a0000 bornes de recharge au Canada et aux \u00c9tats-Unis - CanadaMotorJobs.com<\/title>\n<meta name=\"description\" content=\"GM s\u2019associe \u00e0 la qu\u00e9b\u00e9coise FLO pour installer 40\u00a0000 bornes de recharge au Canada et aux \u00c9tats-Unis - Benoit Charette - Annuel automobile - CanadaMotorJobs.com.\" \/>\n<meta name=\"robots\" content=\"index, follow, max-snippet:-1, max-image-preview:large, max-video-preview:-1\" \/>\n<meta property=\"og:locale\" content=\"fr_CA\" \/>\n<meta property=\"og:type\" content=\"article\" \/>\n<meta property=\"og:title\" content=\"GM s\u2019associe \u00e0 la qu\u00e9b\u00e9coise FLO pour installer 40\u00a0000 bornes de recharge au Canada et aux \u00c9tats-Unis - CanadaMotorJobs.com\" \/>\n<meta property=\"og:description\" content=\"GM s\u2019associe \u00e0 la qu\u00e9b\u00e9coise FLO pour installer 40\u00a0000 bornes de recharge au Canada et aux \u00c9tats-Unis - Benoit Charette - Annuel automobile - CanadaMotorJobs.com.\" \/>\n<meta property=\"og:url\" content=\"https:\/\/news.canadamotorjobs.com\/fr\/gm-sassocie-a-la-quebecoise-flo-pour-installer-40-000-bornes-de-recharge-au-canada-et-aux-etats-unis\/\" \/>\n<meta property=\"og:site_name\" content=\"CanadaMotorJobs.com\" \/>\n<meta property=\"article:publisher\" content=\"https:\/\/www.facebook.com\/canadamotorjobs\/\" \/>\n<meta property=\"article:published_time\" content=\"2022-12-10T14:26:15+00:00\" \/>\n<meta property=\"article:modified_time\" content=\"2022-12-10T14:31:01+00:00\" \/>\n<meta property=\"og:image\" content=\"https:\/\/news.canadamotorjobs.com\/wp-content\/uploads\/2022\/12\/Plug-NYC-Curbside-Electric-Vehicle-EV-Chargers-DOT-ConEdison-Pilot-NYC1-1.jpg\" \/>\n\t<meta property=\"og:image:width\" content=\"800\" \/>\n\t<meta property=\"og:image:height\" content=\"600\" \/>\n\t<meta property=\"og:image:type\" content=\"image\/jpeg\" \/>\n<meta name=\"author\" content=\"Benoit Charette\" \/>\n<meta name=\"twitter:card\" content=\"summary_large_image\" \/>\n<meta name=\"twitter:creator\" content=\"@canadamotorjobs\" \/>\n<meta name=\"twitter:site\" content=\"@canadamotorjobs\" \/>\n<meta name=\"twitter:label1\" content=\"\u00c9crit par\" \/>\n\t<meta name=\"twitter:data1\" content=\"Benoit Charette\" \/>\n\t<meta name=\"twitter:label2\" content=\"Estimation du temps de lecture\" \/>\n\t<meta name=\"twitter:data2\" content=\"1 minute\" \/>\n<!-- \/ Yoast SEO plugin. -->","yoast_head_json":{"title":"GM s\u2019associe \u00e0 la qu\u00e9b\u00e9coise FLO pour installer 40\u00a0000 bornes de recharge au Canada et aux \u00c9tats-Unis - CanadaMotorJobs.com","description":"GM s\u2019associe \u00e0 la qu\u00e9b\u00e9coise FLO pour installer 40\u00a0000 bornes de recharge au Canada et aux \u00c9tats-Unis - Benoit Charette - Annuel automobile - CanadaMotorJobs.com.","robots":{"index":"index","follow":"follow","max-snippet":"max-snippet:-1","max-image-preview":"max-image-preview:large","max-video-preview":"max-video-preview:-1"},"og_locale":"fr_CA","og_type":"article","og_title":"GM s\u2019associe \u00e0 la qu\u00e9b\u00e9coise FLO pour installer 40\u00a0000 bornes de recharge au Canada et aux \u00c9tats-Unis - CanadaMotorJobs.com","og_description":"GM s\u2019associe \u00e0 la qu\u00e9b\u00e9coise FLO pour installer 40\u00a0000 bornes de recharge au Canada et aux \u00c9tats-Unis - Benoit Charette - Annuel automobile - CanadaMotorJobs.com.","og_url":"https:\/\/news.canadamotorjobs.com\/fr\/gm-sassocie-a-la-quebecoise-flo-pour-installer-40-000-bornes-de-recharge-au-canada-et-aux-etats-unis\/","og_site_name":"CanadaMotorJobs.com","article_publisher":"https:\/\/www.facebook.com\/canadamotorjobs\/","article_published_time":"2022-12-10T14:26:15+00:00","article_modified_time":"2022-12-10T14:31:01+00:00","og_image":[{"width":800,"height":600,"url":"https:\/\/news.canadamotorjobs.com\/wp-content\/uploads\/2022\/12\/Plug-NYC-Curbside-Electric-Vehicle-EV-Chargers-DOT-ConEdison-Pilot-NYC1-1.jpg","type":"image\/jpeg"}],"author":"Benoit Charette","twitter_card":"summary_large_image","twitter_creator":"@canadamotorjobs","twitter_site":"@canadamotorjobs","twitter_misc":{"\u00c9crit par":"Benoit Charette","Estimation du temps de lecture":"1 minute"},"schema":{"@context":"https:\/\/schema.org","@graph":[{"@type":"Article","@id":"https:\/\/news.canadamotorjobs.com\/fr\/gm-sassocie-a-la-quebecoise-flo-pour-installer-40-000-bornes-de-recharge-au-canada-et-aux-etats-unis\/#article","isPartOf":{"@id":"https:\/\/news.canadamotorjobs.com\/fr\/gm-sassocie-a-la-quebecoise-flo-pour-installer-40-000-bornes-de-recharge-au-canada-et-aux-etats-unis\/"},"author":{"name":"Benoit Charette","@id":"https:\/\/news.canadamotorjobs.com\/#\/schema\/person\/51793d1f87d44011d7bcc2ed99269a90"},"headline":"GM s\u2019associe \u00e0 la qu\u00e9b\u00e9coise FLO pour installer 40\u00a0000 bornes de recharge au Canada et aux \u00c9tats-Unis","datePublished":"2022-12-10T14:26:15+00:00","dateModified":"2022-12-10T14:31:01+00:00","mainEntityOfPage":{"@id":"https:\/\/news.canadamotorjobs.com\/fr\/gm-sassocie-a-la-quebecoise-flo-pour-installer-40-000-bornes-de-recharge-au-canada-et-aux-etats-unis\/"},"wordCount":287,"publisher":{"@id":"https:\/\/news.canadamotorjobs.com\/#organization"},"image":{"@id":"https:\/\/news.canadamotorjobs.com\/fr\/gm-sassocie-a-la-quebecoise-flo-pour-installer-40-000-bornes-de-recharge-au-canada-et-aux-etats-unis\/#primaryimage"},"thumbnailUrl":"https:\/\/news.canadamotorjobs.com\/wp-content\/uploads\/2022\/12\/Plug-NYC-Curbside-Electric-Vehicle-EV-Chargers-DOT-ConEdison-Pilot-NYC1-1.jpg","articleSection":["Annuel automobile"],"inLanguage":"fr-CA"},{"@type":"WebPage","@id":"https:\/\/news.canadamotorjobs.com\/fr\/gm-sassocie-a-la-quebecoise-flo-pour-installer-40-000-bornes-de-recharge-au-canada-et-aux-etats-unis\/","url":"https:\/\/news.canadamotorjobs.com\/fr\/gm-sassocie-a-la-quebecoise-flo-pour-installer-40-000-bornes-de-recharge-au-canada-et-aux-etats-unis\/","name":"GM s\u2019associe \u00e0 la qu\u00e9b\u00e9coise FLO pour installer 40\u00a0000 bornes de recharge au Canada et aux \u00c9tats-Unis - CanadaMotorJobs.com","isPartOf":{"@id":"https:\/\/news.canadamotorjobs.com\/#website"},"primaryImageOfPage":{"@id":"https:\/\/news.canadamotorjobs.com\/fr\/gm-sassocie-a-la-quebecoise-flo-pour-installer-40-000-bornes-de-recharge-au-canada-et-aux-etats-unis\/#primaryimage"},"image":{"@id":"https:\/\/news.canadamotorjobs.com\/fr\/gm-sassocie-a-la-quebecoise-flo-pour-installer-40-000-bornes-de-recharge-au-canada-et-aux-etats-unis\/#primaryimage"},"thumbnailUrl":"https:\/\/news.canadamotorjobs.com\/wp-content\/uploads\/2022\/12\/Plug-NYC-Curbside-Electric-Vehicle-EV-Chargers-DOT-ConEdison-Pilot-NYC1-1.jpg","datePublished":"2022-12-10T14:26:15+00:00","dateModified":"2022-12-10T14:31:01+00:00","description":"GM s\u2019associe \u00e0 la qu\u00e9b\u00e9coise FLO pour installer 40\u00a0000 bornes de recharge au Canada et aux \u00c9tats-Unis - Benoit Charette - Annuel automobile - CanadaMotorJobs.com.","breadcrumb":{"@id":"https:\/\/news.canadamotorjobs.com\/fr\/gm-sassocie-a-la-quebecoise-flo-pour-installer-40-000-bornes-de-recharge-au-canada-et-aux-etats-unis\/#breadcrumb"},"inLanguage":"fr-CA","potentialAction":[{"@type":"ReadAction","target":["https:\/\/news.canadamotorjobs.com\/fr\/gm-sassocie-a-la-quebecoise-flo-pour-installer-40-000-bornes-de-recharge-au-canada-et-aux-etats-unis\/"]}]},{"@type":"ImageObject","inLanguage":"fr-CA","@id":"https:\/\/news.canadamotorjobs.com\/fr\/gm-sassocie-a-la-quebecoise-flo-pour-installer-40-000-bornes-de-recharge-au-canada-et-aux-etats-unis\/#primaryimage","url":"https:\/\/news.canadamotorjobs.com\/wp-content\/uploads\/2022\/12\/Plug-NYC-Curbside-Electric-Vehicle-EV-Chargers-DOT-ConEdison-Pilot-NYC1-1.jpg","contentUrl":"https:\/\/news.canadamotorjobs.com\/wp-content\/uploads\/2022\/12\/Plug-NYC-Curbside-Electric-Vehicle-EV-Chargers-DOT-ConEdison-Pilot-NYC1-1.jpg","width":800,"height":600},{"@type":"BreadcrumbList","@id":"https:\/\/news.canadamotorjobs.com\/fr\/gm-sassocie-a-la-quebecoise-flo-pour-installer-40-000-bornes-de-recharge-au-canada-et-aux-etats-unis\/#breadcrumb","itemListElement":[{"@type":"ListItem","position":1,"name":"Home","item":"https:\/\/news.canadamotorjobs.com\/fr\/blog\/"},{"@type":"ListItem","position":2,"name":"GM s\u2019associe \u00e0 la qu\u00e9b\u00e9coise FLO pour installer 40\u00a0000 bornes de recharge au Canada et aux \u00c9tats-Unis"}]},{"@type":"WebSite","@id":"https:\/\/news.canadamotorjobs.com\/#website","url":"https:\/\/news.canadamotorjobs.com\/","name":"CanadaMotorJobs.com","description":"Automotive Jobs","publisher":{"@id":"https:\/\/news.canadamotorjobs.com\/#organization"},"potentialAction":[{"@type":"SearchAction","target":{"@type":"EntryPoint","urlTemplate":"https:\/\/news.canadamotorjobs.com\/?s={search_term_string}"},"query-input":"required name=search_term_string"}],"inLanguage":"fr-CA"},{"@type":"Organization","@id":"https:\/\/news.canadamotorjobs.com\/#organization","name":"Canada Motor Jobs","url":"https:\/\/news.canadamotorjobs.com\/","logo":{"@type":"ImageObject","inLanguage":"fr-CA","@id":"https:\/\/news.canadamotorjobs.com\/#\/schema\/logo\/image\/","url":"https:\/\/news.canadamotorjobs.com\/wp-content\/uploads\/2022\/10\/logo-canada-motor-jobs-1.png","contentUrl":"https:\/\/news.canadamotorjobs.com\/wp-content\/uploads\/2022\/10\/logo-canada-motor-jobs-1.png","width":800,"height":400,"caption":"Canada Motor Jobs"},"image":{"@id":"https:\/\/news.canadamotorjobs.com\/#\/schema\/logo\/image\/"},"sameAs":["https:\/\/www.facebook.com\/canadamotorjobs\/","https:\/\/x.com\/canadamotorjobs","https:\/\/www.instagram.com\/canadamotorjobs\/","https:\/\/www.linkedin.com\/company\/canadamotorjobs"]},{"@type":"Person","@id":"https:\/\/news.canadamotorjobs.com\/#\/schema\/person\/51793d1f87d44011d7bcc2ed99269a90","name":"Benoit Charette","image":{"@type":"ImageObject","inLanguage":"fr-CA","@id":"https:\/\/news.canadamotorjobs.com\/#\/schema\/person\/image\/","url":"https:\/\/secure.gravatar.com\/avatar\/45f3d2eebcccd909668d7ce7ea7267b6?s=96&d=mm&r=g","contentUrl":"https:\/\/secure.gravatar.com\/avatar\/45f3d2eebcccd909668d7ce7ea7267b6?s=96&d=mm&r=g","caption":"Benoit Charette"},"description":"Benoit Charette \/ Propri\u00e9taire et r\u00e9dacteur en chef Benoit Charette pratique le journalisme automobile depuis bient\u00f4t 30 ans. Il a fait ses classes au c\u00f4t\u00e9 de Daniel H\u00e9raud et au Carnet de route de 1992 \u00e0 2001. Il est fondateur, copropri\u00e9taire et r\u00e9dacteur en chef de L\u2019Annuel de l\u2019automobile, qu\u2019il publie depuis 2001. Il a anim\u00e9 les \u00e9missions RPM et RPM+ sur V et les L\u00e9gendes de la route sur Historia. \u00c0 la radio depuis 1986, il reprend l\u2019antenne cette ann\u00e9e sur les ondes de Cogeco et participe pour la deuxi\u00e8me ann\u00e9e \u00e0 l\u2019\u00e9mission Passion Auto sur RDS en plus de mettre en ligne le site Web officiel de L\u2019Annuel de l\u2019automobile sur annuelauto.ca.","sameAs":["https:\/\/annuelauto.ca\/"],"url":"https:\/\/news.canadamotorjobs.com\/fr\/author\/benoit-charette\/"}]}},"_links":{"self":[{"href":"https:\/\/news.canadamotorjobs.com\/fr\/wp-json\/wp\/v2\/posts\/137089"}],"collection":[{"href":"https:\/\/news.canadamotorjobs.com\/fr\/wp-json\/wp\/v2\/posts"}],"about":[{"href":"https:\/\/news.canadamotorjobs.com\/fr\/wp-json\/wp\/v2\/types\/post"}],"author":[{"embeddable":true,"href":"https:\/\/news.canadamotorjobs.com\/fr\/wp-json\/wp\/v2\/users\/8"}],"replies":[{"embeddable":true,"href":"https:\/\/news.canadamotorjobs.com\/fr\/wp-json\/wp\/v2\/comments?post=137089"}],"version-history":[{"count":0,"href":"https:\/\/news.canadamotorjobs.com\/fr\/wp-json\/wp\/v2\/posts\/137089\/revisions"}],"wp:featuredmedia":[{"embeddable":true,"href":"https:\/\/news.canadamotorjobs.com\/fr\/wp-json\/wp\/v2\/media\/137093"}],"wp:attachment":[{"href":"https:\/\/news.canadamotorjobs.com\/fr\/wp-json\/wp\/v2\/media?parent=137089"}],"wp:term":[{"taxonomy":"category","embeddable":true,"href":"https:\/\/news.canadamotorjobs.com\/fr\/wp-json\/wp\/v2\/categories?post=137089"},{"taxonomy":"post_tag","embeddable":true,"href":"https:\/\/news.canadamotorjobs.com\/fr\/wp-json\/wp\/v2\/tags?post=137089"}],"curies":[{"name":"wp","href":"https:\/\/api.w.org\/{rel}","templated":true}]}}