{"id":137081,"date":"2022-12-09T16:11:09","date_gmt":"2022-12-09T21:11:09","guid":{"rendered":"https:\/\/news.canadamotorjobs.com\/stellantis-met-indefiniment-a-larret-lusine-dassemblage-de-belvidere-en-illinois\/"},"modified":"2022-12-09T16:14:03","modified_gmt":"2022-12-09T21:14:03","slug":"stellantis-met-indefiniment-a-larret-lusine-dassemblage-de-belvidere-en-illinois","status":"publish","type":"post","link":"https:\/\/news.canadamotorjobs.com\/fr\/stellantis-met-indefiniment-a-larret-lusine-dassemblage-de-belvidere-en-illinois\/","title":{"rendered":"Stellantis met ind\u00e9finiment \u00e0 l\u2019arr\u00eat l\u2019usine d\u2019assemblage de Belvidere en Illinois"},"content":{"rendered":"<\/p>\n<p>La nouvelle est tomb\u00e9e comme un coup de masse aujourd\u2019hui alors que Stellantis a annonc\u00e9 qu&#8217;elle allait mettre \u00e0 l&#8217;arr\u00eat pour une dur\u00e9e ind\u00e9termin\u00e9e son usine de Jeep Cherokee \u00e0 Belvidere, dans l&#8217;Illinois, en f\u00e9vrier prochain. Stellantis note un certain nombres de facteurs qui ont motiv\u00e9 cette d\u00e9cision tels que la pand\u00e9mie actuelle de COVID-19 et la p\u00e9nurie mondiale de puces \u00e9lectroniques, mais le d\u00e9fi le plus important est l&#8217;augmentation des co\u00fbts li\u00e9s \u00e0 l&#8217;\u00e9lectrification du march\u00e9 automobile&#8221;, a d\u00e9clar\u00e9 Stellantis dans un communiqu\u00e9.<br \/> Les syndicats qualifient cette d\u00e9cision de grossi\u00e8re erreur<br \/> L&#8217;entreprise a d\u00e9clar\u00e9 que les travailleurs seront licenci\u00e9s pour une dur\u00e9e ind\u00e9termin\u00e9e, mais qu&#8217;elle fera &#8220;tout son possible&#8221; pour les placer dans d&#8217;autres postes \u00e0 temps plein d\u00e8s qu&#8217;ils seront disponibles. Stellantis a indiqu\u00e9 qu&#8217;elle s&#8217;effor\u00e7ait \u00e9galement &#8220;d&#8217;identifier d&#8217;autres possibilit\u00e9s de r\u00e9affecter l&#8217;usine de Belvidere&#8221;.L&#8217;avenir de l&#8217;usine sera probablement l&#8217;une des questions cl\u00e9s lors des n\u00e9gociations contractuelles de l&#8217;ann\u00e9e prochaine avec le syndicat de travailleurs de l&#8217;UAW.<br \/> Un avenir qui vacillait depuis plusieurs mois<br \/> Le sort de l&#8217;usine \u00e9tait incertain depuis un certain temps, les travailleurs ayant d\u00fb faire face \u00e0 des temps d&#8217;arr\u00eat et \u00e0 de nombreux licenciements. Des usines comme Belvidere qui ont un certain \u00e2ge et n\u2019ont pas pris le virage \u00e9lectrique seront-elles aussi menac\u00e9es. La transition vers l&#8217;\u00e9lectrification cr\u00e9e \u00e9galement des opportunit\u00e9s pour de nouveaux produits. Mais, de toute \u00e9vidence, la chance ne sourit pas \u00e0 tous.<\/p>\n<p> &nbsp;<\/p>\n<p> Avec des renseignements d\u2019Automotive News<\/p>\n<p>Le texte <a rel=\"nofollow\" href=\"https:\/\/annuelauto.ca\/stellantis-met-indefiniment-a-larret-lusine-dassemblage-de-belvidere-en-illinois\/\">Stellantis met ind\u00e9finiment \u00e0 l&rsquo;arr\u00eat l&rsquo;usine d&rsquo;assemblage de<\/p>\n<p><\/a><\/p>\n","protected":false},"excerpt":{"rendered":"<p>La nouvelle est tomb\u00e9e comme un coup de masse aujourd\u2019hui alors que Stellantis a annonc\u00e9 qu&#8217;elle allait mettre \u00e0 l&#8217;arr\u00eat pour une dur\u00e9e ind\u00e9termin\u00e9e son usine de Jeep Cherokee \u00e0 Belvidere, dans l&#8217;Illinois, en f\u00e9vrier prochain. Stellantis note un certain nombres de facteurs qui ont motiv\u00e9 cette d\u00e9cision tels que la pand\u00e9mie actuelle de COVID-19 [&hellip;]<\/p>\n","protected":false},"author":8,"featured_media":137085,"comment_status":"close","ping_status":"closed","sticky":false,"template":"","format":"standard","meta":{"_monsterinsights_skip_tracking":false,"_monsterinsights_sitenote_active":false,"_monsterinsights_sitenote_note":"","_monsterinsights_sitenote_category":0,"footnotes":""},"categories":[101],"tags":[],"yoast_head":"<!-- This site is optimized with the Yoast SEO plugin v23.2 - https:\/\/yoast.com\/wordpress\/plugins\/seo\/ -->\n<title>Stellantis met ind\u00e9finiment \u00e0 l\u2019arr\u00eat l\u2019usine d\u2019assemblage de Belvidere en Illinois - CanadaMotorJobs.com<\/title>\n<meta name=\"description\" content=\"Stellantis met ind\u00e9finiment \u00e0 l\u2019arr\u00eat l\u2019usine d\u2019assemblage de Belvidere en Illinois - Benoit Charette - Annuel automobile - CanadaMotorJobs.com.\" \/>\n<meta name=\"robots\" content=\"index, follow, max-snippet:-1, max-image-preview:large, max-video-preview:-1\" \/>\n<meta property=\"og:locale\" content=\"fr_CA\" \/>\n<meta property=\"og:type\" content=\"article\" \/>\n<meta property=\"og:title\" content=\"Stellantis met ind\u00e9finiment \u00e0 l\u2019arr\u00eat l\u2019usine d\u2019assemblage de Belvidere en Illinois - CanadaMotorJobs.com\" \/>\n<meta property=\"og:description\" content=\"Stellantis met ind\u00e9finiment \u00e0 l\u2019arr\u00eat l\u2019usine d\u2019assemblage de Belvidere en Illinois - Benoit Charette - Annuel automobile - CanadaMotorJobs.com.\" \/>\n<meta property=\"og:url\" content=\"https:\/\/news.canadamotorjobs.com\/fr\/stellantis-met-indefiniment-a-larret-lusine-dassemblage-de-belvidere-en-illinois\/\" \/>\n<meta property=\"og:site_name\" content=\"CanadaMotorJobs.com\" \/>\n<meta property=\"article:publisher\" content=\"https:\/\/www.facebook.com\/canadamotorjobs\/\" \/>\n<meta property=\"article:published_time\" content=\"2022-12-09T21:11:09+00:00\" \/>\n<meta property=\"article:modified_time\" content=\"2022-12-09T21:14:03+00:00\" \/>\n<meta property=\"og:image\" content=\"https:\/\/news.canadamotorjobs.com\/wp-content\/uploads\/2022\/12\/cc6e19e8-cd57-40a2-a5d2-1b3a34558a6a-1.jpg\" \/>\n\t<meta property=\"og:image:width\" content=\"1280\" \/>\n\t<meta property=\"og:image:height\" content=\"720\" \/>\n\t<meta property=\"og:image:type\" content=\"image\/jpeg\" \/>\n<meta name=\"author\" content=\"Benoit Charette\" \/>\n<meta name=\"twitter:card\" content=\"summary_large_image\" \/>\n<meta name=\"twitter:creator\" content=\"@canadamotorjobs\" \/>\n<meta name=\"twitter:site\" content=\"@canadamotorjobs\" \/>\n<meta name=\"twitter:label1\" content=\"\u00c9crit par\" \/>\n\t<meta name=\"twitter:data1\" content=\"Benoit Charette\" \/>\n\t<meta name=\"twitter:label2\" content=\"Estimation du temps de lecture\" \/>\n\t<meta name=\"twitter:data2\" content=\"1 minute\" \/>\n<!-- \/ Yoast SEO plugin. -->","yoast_head_json":{"title":"Stellantis met ind\u00e9finiment \u00e0 l\u2019arr\u00eat l\u2019usine d\u2019assemblage de Belvidere en Illinois - CanadaMotorJobs.com","description":"Stellantis met ind\u00e9finiment \u00e0 l\u2019arr\u00eat l\u2019usine d\u2019assemblage de Belvidere en Illinois - Benoit Charette - Annuel automobile - CanadaMotorJobs.com.","robots":{"index":"index","follow":"follow","max-snippet":"max-snippet:-1","max-image-preview":"max-image-preview:large","max-video-preview":"max-video-preview:-1"},"og_locale":"fr_CA","og_type":"article","og_title":"Stellantis met ind\u00e9finiment \u00e0 l\u2019arr\u00eat l\u2019usine d\u2019assemblage de Belvidere en Illinois - CanadaMotorJobs.com","og_description":"Stellantis met ind\u00e9finiment \u00e0 l\u2019arr\u00eat l\u2019usine d\u2019assemblage de Belvidere en Illinois - Benoit Charette - Annuel automobile - CanadaMotorJobs.com.","og_url":"https:\/\/news.canadamotorjobs.com\/fr\/stellantis-met-indefiniment-a-larret-lusine-dassemblage-de-belvidere-en-illinois\/","og_site_name":"CanadaMotorJobs.com","article_publisher":"https:\/\/www.facebook.com\/canadamotorjobs\/","article_published_time":"2022-12-09T21:11:09+00:00","article_modified_time":"2022-12-09T21:14:03+00:00","og_image":[{"width":1280,"height":720,"url":"https:\/\/news.canadamotorjobs.com\/wp-content\/uploads\/2022\/12\/cc6e19e8-cd57-40a2-a5d2-1b3a34558a6a-1.jpg","type":"image\/jpeg"}],"author":"Benoit Charette","twitter_card":"summary_large_image","twitter_creator":"@canadamotorjobs","twitter_site":"@canadamotorjobs","twitter_misc":{"\u00c9crit par":"Benoit Charette","Estimation du temps de lecture":"1 minute"},"schema":{"@context":"https:\/\/schema.org","@graph":[{"@type":"Article","@id":"https:\/\/news.canadamotorjobs.com\/fr\/stellantis-met-indefiniment-a-larret-lusine-dassemblage-de-belvidere-en-illinois\/#article","isPartOf":{"@id":"https:\/\/news.canadamotorjobs.com\/fr\/stellantis-met-indefiniment-a-larret-lusine-dassemblage-de-belvidere-en-illinois\/"},"author":{"name":"Benoit Charette","@id":"https:\/\/news.canadamotorjobs.com\/#\/schema\/person\/51793d1f87d44011d7bcc2ed99269a90"},"headline":"Stellantis met ind\u00e9finiment \u00e0 l\u2019arr\u00eat l\u2019usine d\u2019assemblage de Belvidere en Illinois","datePublished":"2022-12-09T21:11:09+00:00","dateModified":"2022-12-09T21:14:03+00:00","mainEntityOfPage":{"@id":"https:\/\/news.canadamotorjobs.com\/fr\/stellantis-met-indefiniment-a-larret-lusine-dassemblage-de-belvidere-en-illinois\/"},"wordCount":320,"publisher":{"@id":"https:\/\/news.canadamotorjobs.com\/#organization"},"image":{"@id":"https:\/\/news.canadamotorjobs.com\/fr\/stellantis-met-indefiniment-a-larret-lusine-dassemblage-de-belvidere-en-illinois\/#primaryimage"},"thumbnailUrl":"https:\/\/news.canadamotorjobs.com\/wp-content\/uploads\/2022\/12\/cc6e19e8-cd57-40a2-a5d2-1b3a34558a6a-1.jpg","articleSection":["Annuel automobile"],"inLanguage":"fr-CA"},{"@type":"WebPage","@id":"https:\/\/news.canadamotorjobs.com\/fr\/stellantis-met-indefiniment-a-larret-lusine-dassemblage-de-belvidere-en-illinois\/","url":"https:\/\/news.canadamotorjobs.com\/fr\/stellantis-met-indefiniment-a-larret-lusine-dassemblage-de-belvidere-en-illinois\/","name":"Stellantis met ind\u00e9finiment \u00e0 l\u2019arr\u00eat l\u2019usine d\u2019assemblage de Belvidere en Illinois - CanadaMotorJobs.com","isPartOf":{"@id":"https:\/\/news.canadamotorjobs.com\/#website"},"primaryImageOfPage":{"@id":"https:\/\/news.canadamotorjobs.com\/fr\/stellantis-met-indefiniment-a-larret-lusine-dassemblage-de-belvidere-en-illinois\/#primaryimage"},"image":{"@id":"https:\/\/news.canadamotorjobs.com\/fr\/stellantis-met-indefiniment-a-larret-lusine-dassemblage-de-belvidere-en-illinois\/#primaryimage"},"thumbnailUrl":"https:\/\/news.canadamotorjobs.com\/wp-content\/uploads\/2022\/12\/cc6e19e8-cd57-40a2-a5d2-1b3a34558a6a-1.jpg","datePublished":"2022-12-09T21:11:09+00:00","dateModified":"2022-12-09T21:14:03+00:00","description":"Stellantis met ind\u00e9finiment \u00e0 l\u2019arr\u00eat l\u2019usine d\u2019assemblage de Belvidere en Illinois - Benoit Charette - Annuel automobile - CanadaMotorJobs.com.","breadcrumb":{"@id":"https:\/\/news.canadamotorjobs.com\/fr\/stellantis-met-indefiniment-a-larret-lusine-dassemblage-de-belvidere-en-illinois\/#breadcrumb"},"inLanguage":"fr-CA","potentialAction":[{"@type":"ReadAction","target":["https:\/\/news.canadamotorjobs.com\/fr\/stellantis-met-indefiniment-a-larret-lusine-dassemblage-de-belvidere-en-illinois\/"]}]},{"@type":"ImageObject","inLanguage":"fr-CA","@id":"https:\/\/news.canadamotorjobs.com\/fr\/stellantis-met-indefiniment-a-larret-lusine-dassemblage-de-belvidere-en-illinois\/#primaryimage","url":"https:\/\/news.canadamotorjobs.com\/wp-content\/uploads\/2022\/12\/cc6e19e8-cd57-40a2-a5d2-1b3a34558a6a-1.jpg","contentUrl":"https:\/\/news.canadamotorjobs.com\/wp-content\/uploads\/2022\/12\/cc6e19e8-cd57-40a2-a5d2-1b3a34558a6a-1.jpg","width":1280,"height":720},{"@type":"BreadcrumbList","@id":"https:\/\/news.canadamotorjobs.com\/fr\/stellantis-met-indefiniment-a-larret-lusine-dassemblage-de-belvidere-en-illinois\/#breadcrumb","itemListElement":[{"@type":"ListItem","position":1,"name":"Home","item":"https:\/\/news.canadamotorjobs.com\/fr\/blog\/"},{"@type":"ListItem","position":2,"name":"Stellantis met ind\u00e9finiment \u00e0 l\u2019arr\u00eat l\u2019usine d\u2019assemblage de Belvidere en Illinois"}]},{"@type":"WebSite","@id":"https:\/\/news.canadamotorjobs.com\/#website","url":"https:\/\/news.canadamotorjobs.com\/","name":"CanadaMotorJobs.com","description":"Automotive Jobs","publisher":{"@id":"https:\/\/news.canadamotorjobs.com\/#organization"},"potentialAction":[{"@type":"SearchAction","target":{"@type":"EntryPoint","urlTemplate":"https:\/\/news.canadamotorjobs.com\/?s={search_term_string}"},"query-input":"required name=search_term_string"}],"inLanguage":"fr-CA"},{"@type":"Organization","@id":"https:\/\/news.canadamotorjobs.com\/#organization","name":"Canada Motor Jobs","url":"https:\/\/news.canadamotorjobs.com\/","logo":{"@type":"ImageObject","inLanguage":"fr-CA","@id":"https:\/\/news.canadamotorjobs.com\/#\/schema\/logo\/image\/","url":"https:\/\/news.canadamotorjobs.com\/wp-content\/uploads\/2022\/10\/logo-canada-motor-jobs-1.png","contentUrl":"https:\/\/news.canadamotorjobs.com\/wp-content\/uploads\/2022\/10\/logo-canada-motor-jobs-1.png","width":800,"height":400,"caption":"Canada Motor Jobs"},"image":{"@id":"https:\/\/news.canadamotorjobs.com\/#\/schema\/logo\/image\/"},"sameAs":["https:\/\/www.facebook.com\/canadamotorjobs\/","https:\/\/x.com\/canadamotorjobs","https:\/\/www.instagram.com\/canadamotorjobs\/","https:\/\/www.linkedin.com\/company\/canadamotorjobs"]},{"@type":"Person","@id":"https:\/\/news.canadamotorjobs.com\/#\/schema\/person\/51793d1f87d44011d7bcc2ed99269a90","name":"Benoit Charette","image":{"@type":"ImageObject","inLanguage":"fr-CA","@id":"https:\/\/news.canadamotorjobs.com\/#\/schema\/person\/image\/","url":"https:\/\/secure.gravatar.com\/avatar\/45f3d2eebcccd909668d7ce7ea7267b6?s=96&d=mm&r=g","contentUrl":"https:\/\/secure.gravatar.com\/avatar\/45f3d2eebcccd909668d7ce7ea7267b6?s=96&d=mm&r=g","caption":"Benoit Charette"},"description":"Benoit Charette \/ Propri\u00e9taire et r\u00e9dacteur en chef Benoit Charette pratique le journalisme automobile depuis bient\u00f4t 30 ans. Il a fait ses classes au c\u00f4t\u00e9 de Daniel H\u00e9raud et au Carnet de route de 1992 \u00e0 2001. Il est fondateur, copropri\u00e9taire et r\u00e9dacteur en chef de L\u2019Annuel de l\u2019automobile, qu\u2019il publie depuis 2001. Il a anim\u00e9 les \u00e9missions RPM et RPM+ sur V et les L\u00e9gendes de la route sur Historia. \u00c0 la radio depuis 1986, il reprend l\u2019antenne cette ann\u00e9e sur les ondes de Cogeco et participe pour la deuxi\u00e8me ann\u00e9e \u00e0 l\u2019\u00e9mission Passion Auto sur RDS en plus de mettre en ligne le site Web officiel de L\u2019Annuel de l\u2019automobile sur annuelauto.ca.","sameAs":["https:\/\/annuelauto.ca\/"],"url":"https:\/\/news.canadamotorjobs.com\/fr\/author\/benoit-charette\/"}]}},"_links":{"self":[{"href":"https:\/\/news.canadamotorjobs.com\/fr\/wp-json\/wp\/v2\/posts\/137081"}],"collection":[{"href":"https:\/\/news.canadamotorjobs.com\/fr\/wp-json\/wp\/v2\/posts"}],"about":[{"href":"https:\/\/news.canadamotorjobs.com\/fr\/wp-json\/wp\/v2\/types\/post"}],"author":[{"embeddable":true,"href":"https:\/\/news.canadamotorjobs.com\/fr\/wp-json\/wp\/v2\/users\/8"}],"replies":[{"embeddable":true,"href":"https:\/\/news.canadamotorjobs.com\/fr\/wp-json\/wp\/v2\/comments?post=137081"}],"version-history":[{"count":0,"href":"https:\/\/news.canadamotorjobs.com\/fr\/wp-json\/wp\/v2\/posts\/137081\/revisions"}],"wp:featuredmedia":[{"embeddable":true,"href":"https:\/\/news.canadamotorjobs.com\/fr\/wp-json\/wp\/v2\/media\/137085"}],"wp:attachment":[{"href":"https:\/\/news.canadamotorjobs.com\/fr\/wp-json\/wp\/v2\/media?parent=137081"}],"wp:term":[{"taxonomy":"category","embeddable":true,"href":"https:\/\/news.canadamotorjobs.com\/fr\/wp-json\/wp\/v2\/categories?post=137081"},{"taxonomy":"post_tag","embeddable":true,"href":"https:\/\/news.canadamotorjobs.com\/fr\/wp-json\/wp\/v2\/tags?post=137081"}],"curies":[{"name":"wp","href":"https:\/\/api.w.org\/{rel}","templated":true}]}}