{"id":137063,"date":"2022-12-09T07:58:29","date_gmt":"2022-12-09T12:58:29","guid":{"rendered":"https:\/\/news.canadamotorjobs.com\/une-entreprise-canadienne-lance-une-moto-electrique-qui-se-transforme-en-motoneige\/"},"modified":"2022-12-09T09:07:25","modified_gmt":"2022-12-09T14:07:25","slug":"une-entreprise-canadienne-lance-une-moto-electrique-qui-se-transforme-en-motoneige","status":"publish","type":"post","link":"https:\/\/news.canadamotorjobs.com\/fr\/une-entreprise-canadienne-lance-une-moto-electrique-qui-se-transforme-en-motoneige\/","title":{"rendered":"Une entreprise canadienne lance une moto \u00e9lectrique qui se transforme en motoneige"},"content":{"rendered":"<p>Le nombre de v\u00e9hicules de loisirs \u00e9lectriques est en forte hausse, mais la compagnie canadienne Daymak vient de mettre en march\u00e9 un \u00e9trange et amusant v\u00e9hicule baptis\u00e9 le Daymak Combat. Ce v\u00e9hicule \u00e9lectrique multifonction peut passer de moto durant la belle saison \u00e0 motoneige durant l\u2019hiver. Une mani\u00e8re peu orthodoxe de rentabiliser ce genre de jouet qui se vend assez cher.<\/p>\n<h3>Tout est dans les chenilles<\/h3>\n<p>Ce passage d\u2019un v\u00e9hicule \u00e0 un autre est rendu possible gr\u00e2ce \u00e0 un ensemble astucieux de chenilles et de fixations pour skis qui peuvent \u00eatre chang\u00e9es en hiver pour jouer dans la poudreuse fra\u00eeche. Puis, lorsque le printemps arrive et que le temps est \u00e0 nouveau propice aux deux-roues, les roues se remettent en place pour la gloire de la moto.<\/p>\n<h3>Son domaine est dans les grands espaces, pas sur la route<\/h3>\n<p>D\u00e9velopp\u00e9 et test\u00e9 dans les vastes espaces canadiens, le Combat, peu importe sa configuration, n\u2019est pas fait pour la route. Il n&#8217;est m\u00eame pas pr\u00e9vu qu&#8217;il soit autoris\u00e9 \u00e0 circuler sur la voie publique, et il est donc plus destin\u00e9 \u00e0 \u00eatre utilis\u00e9 sur des terrains priv\u00e9s o\u00f9 les vastes plaines et bois\u00e9s.<\/p>\n<h3>Une bonne puissance au bout des doigts<\/h3>\n<p>Le Daymak Combat est \u00e9quip\u00e9 d&#8217;un moteur de 5 000 W qui culmine en fait \u00e0 pr\u00e8s de 14\u00a0000 W (un peu moins de 19 chevaux). La moto est \u00e9quip\u00e9e d&#8217;une batterie de 4,8\u00a0kWh dans le cadre, ce qui correspond \u00e0 la capacit\u00e9 d&#8217;un certain nombre d&#8217;autres motos \u00e9lectriques l\u00e9g\u00e8res apparues r\u00e9cemment<\/p>\n","protected":false},"excerpt":{"rendered":"<p>Le nombre de v\u00e9hicules de loisirs \u00e9lectriques est en forte hausse, mais la compagnie canadienne Daymak vient de mettre en march\u00e9 un \u00e9trange et amusant v\u00e9hicule baptis\u00e9 le Daymak Combat. Ce v\u00e9hicule \u00e9lectrique multifonction peut passer de moto durant la belle saison \u00e0 motoneige durant l\u2019hiver. Une mani\u00e8re peu orthodoxe de rentabiliser ce genre de [&hellip;]<\/p>\n","protected":false},"author":8,"featured_media":137067,"comment_status":"close","ping_status":"closed","sticky":false,"template":"","format":"standard","meta":{"_monsterinsights_skip_tracking":false,"_monsterinsights_sitenote_active":false,"_monsterinsights_sitenote_note":"","_monsterinsights_sitenote_category":0,"footnotes":""},"categories":[101],"tags":[],"yoast_head":"<!-- This site is optimized with the Yoast SEO plugin v23.2 - https:\/\/yoast.com\/wordpress\/plugins\/seo\/ -->\n<title>Une entreprise canadienne lance une moto \u00e9lectrique qui se transforme en motoneige - CanadaMotorJobs.com<\/title>\n<meta name=\"description\" content=\"Une entreprise canadienne lance une moto \u00e9lectrique qui se transforme en motoneige - Benoit Charette - Annuel automobile - CanadaMotorJobs.com.\" \/>\n<meta name=\"robots\" content=\"index, follow, max-snippet:-1, max-image-preview:large, max-video-preview:-1\" \/>\n<meta property=\"og:locale\" content=\"fr_CA\" \/>\n<meta property=\"og:type\" content=\"article\" \/>\n<meta property=\"og:title\" content=\"Une entreprise canadienne lance une moto \u00e9lectrique qui se transforme en motoneige - CanadaMotorJobs.com\" \/>\n<meta property=\"og:description\" content=\"Une entreprise canadienne lance une moto \u00e9lectrique qui se transforme en motoneige - Benoit Charette - Annuel automobile - CanadaMotorJobs.com.\" \/>\n<meta property=\"og:url\" content=\"https:\/\/news.canadamotorjobs.com\/fr\/une-entreprise-canadienne-lance-une-moto-electrique-qui-se-transforme-en-motoneige\/\" \/>\n<meta property=\"og:site_name\" content=\"CanadaMotorJobs.com\" \/>\n<meta property=\"article:publisher\" content=\"https:\/\/www.facebook.com\/canadamotorjobs\/\" \/>\n<meta property=\"article:published_time\" content=\"2022-12-09T12:58:29+00:00\" \/>\n<meta property=\"article:modified_time\" content=\"2022-12-09T14:07:25+00:00\" \/>\n<meta property=\"og:image\" content=\"https:\/\/news.canadamotorjobs.com\/wp-content\/uploads\/2022\/12\/combatebike-1.jpg\" \/>\n\t<meta property=\"og:image:width\" content=\"1440\" \/>\n\t<meta property=\"og:image:height\" content=\"605\" \/>\n\t<meta property=\"og:image:type\" content=\"image\/jpeg\" \/>\n<meta name=\"author\" content=\"Benoit Charette\" \/>\n<meta name=\"twitter:card\" content=\"summary_large_image\" \/>\n<meta name=\"twitter:creator\" content=\"@canadamotorjobs\" \/>\n<meta name=\"twitter:site\" content=\"@canadamotorjobs\" \/>\n<meta name=\"twitter:label1\" content=\"\u00c9crit par\" \/>\n\t<meta name=\"twitter:data1\" content=\"Benoit Charette\" \/>\n\t<meta name=\"twitter:label2\" content=\"Estimation du temps de lecture\" \/>\n\t<meta name=\"twitter:data2\" content=\"2 minutes\" \/>\n<!-- \/ Yoast SEO plugin. -->","yoast_head_json":{"title":"Une entreprise canadienne lance une moto \u00e9lectrique qui se transforme en motoneige - CanadaMotorJobs.com","description":"Une entreprise canadienne lance une moto \u00e9lectrique qui se transforme en motoneige - Benoit Charette - Annuel automobile - CanadaMotorJobs.com.","robots":{"index":"index","follow":"follow","max-snippet":"max-snippet:-1","max-image-preview":"max-image-preview:large","max-video-preview":"max-video-preview:-1"},"og_locale":"fr_CA","og_type":"article","og_title":"Une entreprise canadienne lance une moto \u00e9lectrique qui se transforme en motoneige - CanadaMotorJobs.com","og_description":"Une entreprise canadienne lance une moto \u00e9lectrique qui se transforme en motoneige - Benoit Charette - Annuel automobile - CanadaMotorJobs.com.","og_url":"https:\/\/news.canadamotorjobs.com\/fr\/une-entreprise-canadienne-lance-une-moto-electrique-qui-se-transforme-en-motoneige\/","og_site_name":"CanadaMotorJobs.com","article_publisher":"https:\/\/www.facebook.com\/canadamotorjobs\/","article_published_time":"2022-12-09T12:58:29+00:00","article_modified_time":"2022-12-09T14:07:25+00:00","og_image":[{"width":1440,"height":605,"url":"https:\/\/news.canadamotorjobs.com\/wp-content\/uploads\/2022\/12\/combatebike-1.jpg","type":"image\/jpeg"}],"author":"Benoit Charette","twitter_card":"summary_large_image","twitter_creator":"@canadamotorjobs","twitter_site":"@canadamotorjobs","twitter_misc":{"\u00c9crit par":"Benoit Charette","Estimation du temps de lecture":"2 minutes"},"schema":{"@context":"https:\/\/schema.org","@graph":[{"@type":"Article","@id":"https:\/\/news.canadamotorjobs.com\/fr\/une-entreprise-canadienne-lance-une-moto-electrique-qui-se-transforme-en-motoneige\/#article","isPartOf":{"@id":"https:\/\/news.canadamotorjobs.com\/fr\/une-entreprise-canadienne-lance-une-moto-electrique-qui-se-transforme-en-motoneige\/"},"author":{"name":"Benoit Charette","@id":"https:\/\/news.canadamotorjobs.com\/#\/schema\/person\/51793d1f87d44011d7bcc2ed99269a90"},"headline":"Une entreprise canadienne lance une moto \u00e9lectrique qui se transforme en motoneige","datePublished":"2022-12-09T12:58:29+00:00","dateModified":"2022-12-09T14:07:25+00:00","mainEntityOfPage":{"@id":"https:\/\/news.canadamotorjobs.com\/fr\/une-entreprise-canadienne-lance-une-moto-electrique-qui-se-transforme-en-motoneige\/"},"wordCount":277,"publisher":{"@id":"https:\/\/news.canadamotorjobs.com\/#organization"},"image":{"@id":"https:\/\/news.canadamotorjobs.com\/fr\/une-entreprise-canadienne-lance-une-moto-electrique-qui-se-transforme-en-motoneige\/#primaryimage"},"thumbnailUrl":"https:\/\/news.canadamotorjobs.com\/wp-content\/uploads\/2022\/12\/combatebike-1.jpg","articleSection":["Annuel automobile"],"inLanguage":"fr-CA"},{"@type":"WebPage","@id":"https:\/\/news.canadamotorjobs.com\/fr\/une-entreprise-canadienne-lance-une-moto-electrique-qui-se-transforme-en-motoneige\/","url":"https:\/\/news.canadamotorjobs.com\/fr\/une-entreprise-canadienne-lance-une-moto-electrique-qui-se-transforme-en-motoneige\/","name":"Une entreprise canadienne lance une moto \u00e9lectrique qui se transforme en motoneige - CanadaMotorJobs.com","isPartOf":{"@id":"https:\/\/news.canadamotorjobs.com\/#website"},"primaryImageOfPage":{"@id":"https:\/\/news.canadamotorjobs.com\/fr\/une-entreprise-canadienne-lance-une-moto-electrique-qui-se-transforme-en-motoneige\/#primaryimage"},"image":{"@id":"https:\/\/news.canadamotorjobs.com\/fr\/une-entreprise-canadienne-lance-une-moto-electrique-qui-se-transforme-en-motoneige\/#primaryimage"},"thumbnailUrl":"https:\/\/news.canadamotorjobs.com\/wp-content\/uploads\/2022\/12\/combatebike-1.jpg","datePublished":"2022-12-09T12:58:29+00:00","dateModified":"2022-12-09T14:07:25+00:00","description":"Une entreprise canadienne lance une moto \u00e9lectrique qui se transforme en motoneige - Benoit Charette - Annuel automobile - CanadaMotorJobs.com.","breadcrumb":{"@id":"https:\/\/news.canadamotorjobs.com\/fr\/une-entreprise-canadienne-lance-une-moto-electrique-qui-se-transforme-en-motoneige\/#breadcrumb"},"inLanguage":"fr-CA","potentialAction":[{"@type":"ReadAction","target":["https:\/\/news.canadamotorjobs.com\/fr\/une-entreprise-canadienne-lance-une-moto-electrique-qui-se-transforme-en-motoneige\/"]}]},{"@type":"ImageObject","inLanguage":"fr-CA","@id":"https:\/\/news.canadamotorjobs.com\/fr\/une-entreprise-canadienne-lance-une-moto-electrique-qui-se-transforme-en-motoneige\/#primaryimage","url":"https:\/\/news.canadamotorjobs.com\/wp-content\/uploads\/2022\/12\/combatebike-1.jpg","contentUrl":"https:\/\/news.canadamotorjobs.com\/wp-content\/uploads\/2022\/12\/combatebike-1.jpg","width":1440,"height":605},{"@type":"BreadcrumbList","@id":"https:\/\/news.canadamotorjobs.com\/fr\/une-entreprise-canadienne-lance-une-moto-electrique-qui-se-transforme-en-motoneige\/#breadcrumb","itemListElement":[{"@type":"ListItem","position":1,"name":"Home","item":"https:\/\/news.canadamotorjobs.com\/fr\/blog\/"},{"@type":"ListItem","position":2,"name":"Une entreprise canadienne lance une moto \u00e9lectrique qui se transforme en motoneige"}]},{"@type":"WebSite","@id":"https:\/\/news.canadamotorjobs.com\/#website","url":"https:\/\/news.canadamotorjobs.com\/","name":"CanadaMotorJobs.com","description":"Automotive Jobs","publisher":{"@id":"https:\/\/news.canadamotorjobs.com\/#organization"},"potentialAction":[{"@type":"SearchAction","target":{"@type":"EntryPoint","urlTemplate":"https:\/\/news.canadamotorjobs.com\/?s={search_term_string}"},"query-input":"required name=search_term_string"}],"inLanguage":"fr-CA"},{"@type":"Organization","@id":"https:\/\/news.canadamotorjobs.com\/#organization","name":"Canada Motor Jobs","url":"https:\/\/news.canadamotorjobs.com\/","logo":{"@type":"ImageObject","inLanguage":"fr-CA","@id":"https:\/\/news.canadamotorjobs.com\/#\/schema\/logo\/image\/","url":"https:\/\/news.canadamotorjobs.com\/wp-content\/uploads\/2022\/10\/logo-canada-motor-jobs-1.png","contentUrl":"https:\/\/news.canadamotorjobs.com\/wp-content\/uploads\/2022\/10\/logo-canada-motor-jobs-1.png","width":800,"height":400,"caption":"Canada Motor Jobs"},"image":{"@id":"https:\/\/news.canadamotorjobs.com\/#\/schema\/logo\/image\/"},"sameAs":["https:\/\/www.facebook.com\/canadamotorjobs\/","https:\/\/x.com\/canadamotorjobs","https:\/\/www.instagram.com\/canadamotorjobs\/","https:\/\/www.linkedin.com\/company\/canadamotorjobs"]},{"@type":"Person","@id":"https:\/\/news.canadamotorjobs.com\/#\/schema\/person\/51793d1f87d44011d7bcc2ed99269a90","name":"Benoit Charette","image":{"@type":"ImageObject","inLanguage":"fr-CA","@id":"https:\/\/news.canadamotorjobs.com\/#\/schema\/person\/image\/","url":"https:\/\/secure.gravatar.com\/avatar\/45f3d2eebcccd909668d7ce7ea7267b6?s=96&d=mm&r=g","contentUrl":"https:\/\/secure.gravatar.com\/avatar\/45f3d2eebcccd909668d7ce7ea7267b6?s=96&d=mm&r=g","caption":"Benoit Charette"},"description":"Benoit Charette \/ Propri\u00e9taire et r\u00e9dacteur en chef Benoit Charette pratique le journalisme automobile depuis bient\u00f4t 30 ans. Il a fait ses classes au c\u00f4t\u00e9 de Daniel H\u00e9raud et au Carnet de route de 1992 \u00e0 2001. Il est fondateur, copropri\u00e9taire et r\u00e9dacteur en chef de L\u2019Annuel de l\u2019automobile, qu\u2019il publie depuis 2001. Il a anim\u00e9 les \u00e9missions RPM et RPM+ sur V et les L\u00e9gendes de la route sur Historia. \u00c0 la radio depuis 1986, il reprend l\u2019antenne cette ann\u00e9e sur les ondes de Cogeco et participe pour la deuxi\u00e8me ann\u00e9e \u00e0 l\u2019\u00e9mission Passion Auto sur RDS en plus de mettre en ligne le site Web officiel de L\u2019Annuel de l\u2019automobile sur annuelauto.ca.","sameAs":["https:\/\/annuelauto.ca\/"],"url":"https:\/\/news.canadamotorjobs.com\/fr\/author\/benoit-charette\/"}]}},"_links":{"self":[{"href":"https:\/\/news.canadamotorjobs.com\/fr\/wp-json\/wp\/v2\/posts\/137063"}],"collection":[{"href":"https:\/\/news.canadamotorjobs.com\/fr\/wp-json\/wp\/v2\/posts"}],"about":[{"href":"https:\/\/news.canadamotorjobs.com\/fr\/wp-json\/wp\/v2\/types\/post"}],"author":[{"embeddable":true,"href":"https:\/\/news.canadamotorjobs.com\/fr\/wp-json\/wp\/v2\/users\/8"}],"replies":[{"embeddable":true,"href":"https:\/\/news.canadamotorjobs.com\/fr\/wp-json\/wp\/v2\/comments?post=137063"}],"version-history":[{"count":0,"href":"https:\/\/news.canadamotorjobs.com\/fr\/wp-json\/wp\/v2\/posts\/137063\/revisions"}],"wp:featuredmedia":[{"embeddable":true,"href":"https:\/\/news.canadamotorjobs.com\/fr\/wp-json\/wp\/v2\/media\/137067"}],"wp:attachment":[{"href":"https:\/\/news.canadamotorjobs.com\/fr\/wp-json\/wp\/v2\/media?parent=137063"}],"wp:term":[{"taxonomy":"category","embeddable":true,"href":"https:\/\/news.canadamotorjobs.com\/fr\/wp-json\/wp\/v2\/categories?post=137063"},{"taxonomy":"post_tag","embeddable":true,"href":"https:\/\/news.canadamotorjobs.com\/fr\/wp-json\/wp\/v2\/tags?post=137063"}],"curies":[{"name":"wp","href":"https:\/\/api.w.org\/{rel}","templated":true}]}}