{"id":137047,"date":"2022-12-09T02:59:20","date_gmt":"2022-12-09T07:59:20","guid":{"rendered":"https:\/\/news.canadamotorjobs.com\/une-enquete-est-ouverte-pour-pres-de-400-000-ram-hd\/"},"modified":"2022-12-09T03:00:08","modified_gmt":"2022-12-09T08:00:08","slug":"une-enquete-est-ouverte-pour-pres-de-400-000-ram-hd","status":"publish","type":"post","link":"https:\/\/news.canadamotorjobs.com\/fr\/une-enquete-est-ouverte-pour-pres-de-400-000-ram-hd\/","title":{"rendered":"Une enqu\u00eate est ouverte pour pr\u00e8s de 400\u00a0000 Ram HD"},"content":{"rendered":"<\/p>\n<p>La NHTSA (National Highway Traffic Safety Administration) a officiellement ouvert une enqu\u00eate sur les camionnettes RAM HD de 2017 et 2018. Au total, elle a re\u00e7u 134 rapports de consommateurs concernant une perte intermittente ou permanente de la performance de freinage. Si l&#8217;enqu\u00eate conduite \u00e0 un rappel complet, il pourrait concerner 390\u00a0077 camions.<br \/> Un probl\u00e8me sur les mod\u00e8les 2500 et 3500<br \/> Selon le r\u00e9sum\u00e9 d&#8217;information d\u00e9pos\u00e9 par la NHTSA, le probl\u00e8me se produit sur les RAM 2500 et 3500. Il se produit \u00e0 un rythme r\u00e9gulier parmi les mod\u00e8les 2017 et 2018, \u00e0 diff\u00e9rentes vitesses, et le probl\u00e8me est parfois difficile \u00e0 percevoir. De nombreux propri\u00e9taires signalent qu&#8217;un remplacement complet de l&#8217;unit\u00e9 de commande hydraulique (HCU) et du module du syst\u00e8me de freinage antiblocage (ABS) semble corriger le probl\u00e8me, mais \u00e0 quel prix.<br \/> Un probl\u00e8me d\u00e9licat<br \/> Ces deux composants travaillent ensemble pour g\u00e9rer les forces de freinage lors des arr\u00eats d&#8217;urgence. Parfois, l&#8217;ABS semble tomber en panne et d\u00e9clencher un avertissement, tandis que d&#8217;autres fois, c&#8217;est le HCU qui est en cause. Parfois, c&#8217;est les deux et les propri\u00e9taires disent qu&#8217;il faut des mois pour obtenir des pi\u00e8ces. De toute \u00e9vidence, le probl\u00e8me est si constant que les propri\u00e9taires signalent que les concessionnaires le consid\u00e8rent comme un &#8220;probl\u00e8me connu&#8221;.<br \/> Plusieurs cas document\u00e9s<br \/> Les d\u00e9faillances ont \u00e9t\u00e9 document\u00e9es entre 10\u00a0000 et 200\u00a0000\u00a0km. De nombreux propri\u00e9taires font \u00e9tat de factures de r\u00e9paration d\u00e9passant largement les 1 000 $. Ce n&#8217;est pas non plus la seule enqu\u00eate active sur les probl\u00e8mes des m\u00eames<\/p>\n","protected":false},"excerpt":{"rendered":"<p>La NHTSA (National Highway Traffic Safety Administration) a officiellement ouvert une enqu\u00eate sur les camionnettes RAM HD de 2017 et 2018. Au total, elle a re\u00e7u 134 rapports de consommateurs concernant une perte intermittente ou permanente de la performance de freinage. Si l&#8217;enqu\u00eate conduite \u00e0 un rappel complet, il pourrait concerner 390\u00a0077 camions. Un probl\u00e8me [&hellip;]<\/p>\n","protected":false},"author":8,"featured_media":137051,"comment_status":"close","ping_status":"closed","sticky":false,"template":"","format":"standard","meta":{"_monsterinsights_skip_tracking":false,"_monsterinsights_sitenote_active":false,"_monsterinsights_sitenote_note":"","_monsterinsights_sitenote_category":0,"footnotes":""},"categories":[101],"tags":[],"yoast_head":"<!-- This site is optimized with the Yoast SEO plugin v23.2 - https:\/\/yoast.com\/wordpress\/plugins\/seo\/ -->\n<title>Une enqu\u00eate est ouverte pour pr\u00e8s de 400\u00a0000 Ram HD - CanadaMotorJobs.com<\/title>\n<meta name=\"description\" content=\"Une enqu\u00eate est ouverte pour pr\u00e8s de 400\u00a0000 Ram HD - Benoit Charette - Annuel automobile - CanadaMotorJobs.com.\" \/>\n<meta name=\"robots\" content=\"index, follow, max-snippet:-1, max-image-preview:large, max-video-preview:-1\" \/>\n<meta property=\"og:locale\" content=\"fr_CA\" \/>\n<meta property=\"og:type\" content=\"article\" \/>\n<meta property=\"og:title\" content=\"Une enqu\u00eate est ouverte pour pr\u00e8s de 400\u00a0000 Ram HD - CanadaMotorJobs.com\" \/>\n<meta property=\"og:description\" content=\"Une enqu\u00eate est ouverte pour pr\u00e8s de 400\u00a0000 Ram HD - Benoit Charette - Annuel automobile - CanadaMotorJobs.com.\" \/>\n<meta property=\"og:url\" content=\"https:\/\/news.canadamotorjobs.com\/fr\/une-enquete-est-ouverte-pour-pres-de-400-000-ram-hd\/\" \/>\n<meta property=\"og:site_name\" content=\"CanadaMotorJobs.com\" \/>\n<meta property=\"article:publisher\" content=\"https:\/\/www.facebook.com\/canadamotorjobs\/\" \/>\n<meta property=\"article:published_time\" content=\"2022-12-09T07:59:20+00:00\" \/>\n<meta property=\"article:modified_time\" content=\"2022-12-09T08:00:08+00:00\" \/>\n<meta property=\"og:image\" content=\"https:\/\/news.canadamotorjobs.com\/wp-content\/uploads\/2022\/12\/51094-scaled-1-1.jpg\" \/>\n\t<meta property=\"og:image:width\" content=\"2560\" \/>\n\t<meta property=\"og:image:height\" content=\"1707\" \/>\n\t<meta property=\"og:image:type\" content=\"image\/jpeg\" \/>\n<meta name=\"author\" content=\"Benoit Charette\" \/>\n<meta name=\"twitter:card\" content=\"summary_large_image\" \/>\n<meta name=\"twitter:creator\" content=\"@canadamotorjobs\" \/>\n<meta name=\"twitter:site\" content=\"@canadamotorjobs\" \/>\n<meta name=\"twitter:label1\" content=\"\u00c9crit par\" \/>\n\t<meta name=\"twitter:data1\" content=\"Benoit Charette\" \/>\n\t<meta name=\"twitter:label2\" content=\"Estimation du temps de lecture\" \/>\n\t<meta name=\"twitter:data2\" content=\"1 minute\" \/>\n<!-- \/ Yoast SEO plugin. -->","yoast_head_json":{"title":"Une enqu\u00eate est ouverte pour pr\u00e8s de 400\u00a0000 Ram HD - CanadaMotorJobs.com","description":"Une enqu\u00eate est ouverte pour pr\u00e8s de 400\u00a0000 Ram HD - Benoit Charette - Annuel automobile - CanadaMotorJobs.com.","robots":{"index":"index","follow":"follow","max-snippet":"max-snippet:-1","max-image-preview":"max-image-preview:large","max-video-preview":"max-video-preview:-1"},"og_locale":"fr_CA","og_type":"article","og_title":"Une enqu\u00eate est ouverte pour pr\u00e8s de 400\u00a0000 Ram HD - CanadaMotorJobs.com","og_description":"Une enqu\u00eate est ouverte pour pr\u00e8s de 400\u00a0000 Ram HD - Benoit Charette - Annuel automobile - CanadaMotorJobs.com.","og_url":"https:\/\/news.canadamotorjobs.com\/fr\/une-enquete-est-ouverte-pour-pres-de-400-000-ram-hd\/","og_site_name":"CanadaMotorJobs.com","article_publisher":"https:\/\/www.facebook.com\/canadamotorjobs\/","article_published_time":"2022-12-09T07:59:20+00:00","article_modified_time":"2022-12-09T08:00:08+00:00","og_image":[{"width":2560,"height":1707,"url":"https:\/\/news.canadamotorjobs.com\/wp-content\/uploads\/2022\/12\/51094-scaled-1-1.jpg","type":"image\/jpeg"}],"author":"Benoit Charette","twitter_card":"summary_large_image","twitter_creator":"@canadamotorjobs","twitter_site":"@canadamotorjobs","twitter_misc":{"\u00c9crit par":"Benoit Charette","Estimation du temps de lecture":"1 minute"},"schema":{"@context":"https:\/\/schema.org","@graph":[{"@type":"Article","@id":"https:\/\/news.canadamotorjobs.com\/fr\/une-enquete-est-ouverte-pour-pres-de-400-000-ram-hd\/#article","isPartOf":{"@id":"https:\/\/news.canadamotorjobs.com\/fr\/une-enquete-est-ouverte-pour-pres-de-400-000-ram-hd\/"},"author":{"name":"Benoit Charette","@id":"https:\/\/news.canadamotorjobs.com\/#\/schema\/person\/51793d1f87d44011d7bcc2ed99269a90"},"headline":"Une enqu\u00eate est ouverte pour pr\u00e8s de 400\u00a0000 Ram HD","datePublished":"2022-12-09T07:59:20+00:00","dateModified":"2022-12-09T08:00:08+00:00","mainEntityOfPage":{"@id":"https:\/\/news.canadamotorjobs.com\/fr\/une-enquete-est-ouverte-pour-pres-de-400-000-ram-hd\/"},"wordCount":288,"publisher":{"@id":"https:\/\/news.canadamotorjobs.com\/#organization"},"image":{"@id":"https:\/\/news.canadamotorjobs.com\/fr\/une-enquete-est-ouverte-pour-pres-de-400-000-ram-hd\/#primaryimage"},"thumbnailUrl":"https:\/\/news.canadamotorjobs.com\/wp-content\/uploads\/2022\/12\/51094-scaled-1-1.jpg","articleSection":["Annuel automobile"],"inLanguage":"fr-CA"},{"@type":"WebPage","@id":"https:\/\/news.canadamotorjobs.com\/fr\/une-enquete-est-ouverte-pour-pres-de-400-000-ram-hd\/","url":"https:\/\/news.canadamotorjobs.com\/fr\/une-enquete-est-ouverte-pour-pres-de-400-000-ram-hd\/","name":"Une enqu\u00eate est ouverte pour pr\u00e8s de 400\u00a0000 Ram HD - CanadaMotorJobs.com","isPartOf":{"@id":"https:\/\/news.canadamotorjobs.com\/#website"},"primaryImageOfPage":{"@id":"https:\/\/news.canadamotorjobs.com\/fr\/une-enquete-est-ouverte-pour-pres-de-400-000-ram-hd\/#primaryimage"},"image":{"@id":"https:\/\/news.canadamotorjobs.com\/fr\/une-enquete-est-ouverte-pour-pres-de-400-000-ram-hd\/#primaryimage"},"thumbnailUrl":"https:\/\/news.canadamotorjobs.com\/wp-content\/uploads\/2022\/12\/51094-scaled-1-1.jpg","datePublished":"2022-12-09T07:59:20+00:00","dateModified":"2022-12-09T08:00:08+00:00","description":"Une enqu\u00eate est ouverte pour pr\u00e8s de 400\u00a0000 Ram HD - Benoit Charette - Annuel automobile - CanadaMotorJobs.com.","breadcrumb":{"@id":"https:\/\/news.canadamotorjobs.com\/fr\/une-enquete-est-ouverte-pour-pres-de-400-000-ram-hd\/#breadcrumb"},"inLanguage":"fr-CA","potentialAction":[{"@type":"ReadAction","target":["https:\/\/news.canadamotorjobs.com\/fr\/une-enquete-est-ouverte-pour-pres-de-400-000-ram-hd\/"]}]},{"@type":"ImageObject","inLanguage":"fr-CA","@id":"https:\/\/news.canadamotorjobs.com\/fr\/une-enquete-est-ouverte-pour-pres-de-400-000-ram-hd\/#primaryimage","url":"https:\/\/news.canadamotorjobs.com\/wp-content\/uploads\/2022\/12\/51094-scaled-1-1.jpg","contentUrl":"https:\/\/news.canadamotorjobs.com\/wp-content\/uploads\/2022\/12\/51094-scaled-1-1.jpg","width":2560,"height":1707},{"@type":"BreadcrumbList","@id":"https:\/\/news.canadamotorjobs.com\/fr\/une-enquete-est-ouverte-pour-pres-de-400-000-ram-hd\/#breadcrumb","itemListElement":[{"@type":"ListItem","position":1,"name":"Home","item":"https:\/\/news.canadamotorjobs.com\/fr\/blog\/"},{"@type":"ListItem","position":2,"name":"Une enqu\u00eate est ouverte pour pr\u00e8s de 400\u00a0000 Ram HD"}]},{"@type":"WebSite","@id":"https:\/\/news.canadamotorjobs.com\/#website","url":"https:\/\/news.canadamotorjobs.com\/","name":"CanadaMotorJobs.com","description":"Automotive Jobs","publisher":{"@id":"https:\/\/news.canadamotorjobs.com\/#organization"},"potentialAction":[{"@type":"SearchAction","target":{"@type":"EntryPoint","urlTemplate":"https:\/\/news.canadamotorjobs.com\/?s={search_term_string}"},"query-input":"required name=search_term_string"}],"inLanguage":"fr-CA"},{"@type":"Organization","@id":"https:\/\/news.canadamotorjobs.com\/#organization","name":"Canada Motor Jobs","url":"https:\/\/news.canadamotorjobs.com\/","logo":{"@type":"ImageObject","inLanguage":"fr-CA","@id":"https:\/\/news.canadamotorjobs.com\/#\/schema\/logo\/image\/","url":"https:\/\/news.canadamotorjobs.com\/wp-content\/uploads\/2022\/10\/logo-canada-motor-jobs-1.png","contentUrl":"https:\/\/news.canadamotorjobs.com\/wp-content\/uploads\/2022\/10\/logo-canada-motor-jobs-1.png","width":800,"height":400,"caption":"Canada Motor Jobs"},"image":{"@id":"https:\/\/news.canadamotorjobs.com\/#\/schema\/logo\/image\/"},"sameAs":["https:\/\/www.facebook.com\/canadamotorjobs\/","https:\/\/x.com\/canadamotorjobs","https:\/\/www.instagram.com\/canadamotorjobs\/","https:\/\/www.linkedin.com\/company\/canadamotorjobs"]},{"@type":"Person","@id":"https:\/\/news.canadamotorjobs.com\/#\/schema\/person\/51793d1f87d44011d7bcc2ed99269a90","name":"Benoit Charette","image":{"@type":"ImageObject","inLanguage":"fr-CA","@id":"https:\/\/news.canadamotorjobs.com\/#\/schema\/person\/image\/","url":"https:\/\/secure.gravatar.com\/avatar\/45f3d2eebcccd909668d7ce7ea7267b6?s=96&d=mm&r=g","contentUrl":"https:\/\/secure.gravatar.com\/avatar\/45f3d2eebcccd909668d7ce7ea7267b6?s=96&d=mm&r=g","caption":"Benoit Charette"},"description":"Benoit Charette \/ Propri\u00e9taire et r\u00e9dacteur en chef Benoit Charette pratique le journalisme automobile depuis bient\u00f4t 30 ans. Il a fait ses classes au c\u00f4t\u00e9 de Daniel H\u00e9raud et au Carnet de route de 1992 \u00e0 2001. Il est fondateur, copropri\u00e9taire et r\u00e9dacteur en chef de L\u2019Annuel de l\u2019automobile, qu\u2019il publie depuis 2001. Il a anim\u00e9 les \u00e9missions RPM et RPM+ sur V et les L\u00e9gendes de la route sur Historia. \u00c0 la radio depuis 1986, il reprend l\u2019antenne cette ann\u00e9e sur les ondes de Cogeco et participe pour la deuxi\u00e8me ann\u00e9e \u00e0 l\u2019\u00e9mission Passion Auto sur RDS en plus de mettre en ligne le site Web officiel de L\u2019Annuel de l\u2019automobile sur annuelauto.ca.","sameAs":["https:\/\/annuelauto.ca\/"],"url":"https:\/\/news.canadamotorjobs.com\/fr\/author\/benoit-charette\/"}]}},"_links":{"self":[{"href":"https:\/\/news.canadamotorjobs.com\/fr\/wp-json\/wp\/v2\/posts\/137047"}],"collection":[{"href":"https:\/\/news.canadamotorjobs.com\/fr\/wp-json\/wp\/v2\/posts"}],"about":[{"href":"https:\/\/news.canadamotorjobs.com\/fr\/wp-json\/wp\/v2\/types\/post"}],"author":[{"embeddable":true,"href":"https:\/\/news.canadamotorjobs.com\/fr\/wp-json\/wp\/v2\/users\/8"}],"replies":[{"embeddable":true,"href":"https:\/\/news.canadamotorjobs.com\/fr\/wp-json\/wp\/v2\/comments?post=137047"}],"version-history":[{"count":0,"href":"https:\/\/news.canadamotorjobs.com\/fr\/wp-json\/wp\/v2\/posts\/137047\/revisions"}],"wp:featuredmedia":[{"embeddable":true,"href":"https:\/\/news.canadamotorjobs.com\/fr\/wp-json\/wp\/v2\/media\/137051"}],"wp:attachment":[{"href":"https:\/\/news.canadamotorjobs.com\/fr\/wp-json\/wp\/v2\/media?parent=137047"}],"wp:term":[{"taxonomy":"category","embeddable":true,"href":"https:\/\/news.canadamotorjobs.com\/fr\/wp-json\/wp\/v2\/categories?post=137047"},{"taxonomy":"post_tag","embeddable":true,"href":"https:\/\/news.canadamotorjobs.com\/fr\/wp-json\/wp\/v2\/tags?post=137047"}],"curies":[{"name":"wp","href":"https:\/\/api.w.org\/{rel}","templated":true}]}}