{"id":137039,"date":"2022-12-08T10:25:48","date_gmt":"2022-12-08T15:25:48","guid":{"rendered":"https:\/\/news.canadamotorjobs.com\/plus-de-17-million-de-honda-cr-v-et-hr-v-font-lobjet-dune-enquete-en-raison-du-grippage-des-differentiels-arriere\/"},"modified":"2022-12-08T10:30:22","modified_gmt":"2022-12-08T15:30:22","slug":"plus-de-17-million-de-honda-cr-v-et-hr-v-font-lobjet-dune-enquete-en-raison-du-grippage-des-differentiels-arriere","status":"publish","type":"post","link":"https:\/\/news.canadamotorjobs.com\/fr\/plus-de-17-million-de-honda-cr-v-et-hr-v-font-lobjet-dune-enquete-en-raison-du-grippage-des-differentiels-arriere\/","title":{"rendered":"Plus de 1,7 million de Honda CR-V et HR-V font l\u2019objet d\u2019une enqu\u00eate en raison du grippage des diff\u00e9rentiels arri\u00e8re"},"content":{"rendered":"<\/p>\n<p>Honda fait d\u00e9sormais l&#8217;objet d&#8217;une enqu\u00eate concernant deux probl\u00e8mes de s\u00e9curit\u00e9 potentiels aux \u00c9tats-Unis qui traverseront aussi la fronti\u00e8re chez nous. Un probl\u00e8me qui entra\u00eene le blocage des roues arri\u00e8re ou la perte soudaine de puissance du v\u00e9hicule pour les HR-V et CR-V de 2018 \u00e0 2022. Cette enqu\u00eate pourrait se transformer en rappel si un d\u00e9faut de fabrication est constat\u00e9.<br \/> Une enqu\u00eate men\u00e9e par le gouvernement am\u00e9ricain<br \/> Il y aurait au total un peu plus de 1,7 million de v\u00e9hicules qui seraient concern\u00e9s. Selon les enqu\u00eateurs, les diff\u00e9rentiels arri\u00e8re des versions \u00e0 transmission int\u00e9grale de ces deux mod\u00e8les pourraient se bloquer soudainement pendant la conduite, ce qui arr\u00eaterait le v\u00e9hicule et le rendrait impossible \u00e0 conduire.<br \/> Un s\u00e9rieux probl\u00e8me de s\u00e9curit\u00e9<br \/> Si ce probl\u00e8me se produit \u00e0 grande vitesse, par exemple sur l&#8217;autoroute, cela pourrait \u00eatre dangereux, car le blocage des roues arri\u00e8re pourrait entra\u00eener une perte de contr\u00f4le et un accident. En outre, le rapport pr\u00e9liminaire sugg\u00e8re que le blocage soudain du diff\u00e9rentiel arri\u00e8re pourrait entra\u00eener la rupture de l&#8217;arbre de transmission arri\u00e8re, laissant ainsi le v\u00e9hicule avec presque aucune puissance allant aux roues.<br \/> La cause du probl\u00e8me<br \/> Selon les premi\u00e8res constatations, ce probl\u00e8me est caus\u00e9 par une fuite d&#8217;un joint d&#8217;\u00e9tanch\u00e9it\u00e9 qui peut laisser l&#8217;huile du diff\u00e9rentiel s&#8217;ass\u00e9cher, entra\u00eenant ainsi sa destruction par friction. Un rappel n&#8217;a pas encore \u00e9t\u00e9 annonc\u00e9, mais il pourrait y en avoir un si les enqu\u00eateurs d\u00e9terminent que le joint fuit en raison d&#8217;un d\u00e9faut de fabrication, car ce probl\u00e8me pose des<\/p>\n","protected":false},"excerpt":{"rendered":"<p>Honda fait d\u00e9sormais l&#8217;objet d&#8217;une enqu\u00eate concernant deux probl\u00e8mes de s\u00e9curit\u00e9 potentiels aux \u00c9tats-Unis qui traverseront aussi la fronti\u00e8re chez nous. Un probl\u00e8me qui entra\u00eene le blocage des roues arri\u00e8re ou la perte soudaine de puissance du v\u00e9hicule pour les HR-V et CR-V de 2018 \u00e0 2022. Cette enqu\u00eate pourrait se transformer en rappel si [&hellip;]<\/p>\n","protected":false},"author":8,"featured_media":137043,"comment_status":"close","ping_status":"closed","sticky":false,"template":"","format":"standard","meta":{"_monsterinsights_skip_tracking":false,"_monsterinsights_sitenote_active":false,"_monsterinsights_sitenote_note":"","_monsterinsights_sitenote_category":0,"footnotes":""},"categories":[101],"tags":[],"yoast_head":"<!-- This site is optimized with the Yoast SEO plugin v23.2 - https:\/\/yoast.com\/wordpress\/plugins\/seo\/ -->\n<title>Plus de 1,7 million de Honda CR-V et HR-V font l\u2019objet d\u2019une enqu\u00eate en raison du grippage des diff\u00e9rentiels arri\u00e8re - CanadaMotorJobs.com<\/title>\n<meta name=\"description\" content=\"Plus de 1,7 million de Honda CR-V et HR-V font l\u2019objet d\u2019une enqu\u00eate en raison du grippage des diff\u00e9rentiels arri\u00e8re - Benoit Charette - Annuel automobile - CanadaMotorJobs.com.\" \/>\n<meta name=\"robots\" content=\"index, follow, max-snippet:-1, max-image-preview:large, max-video-preview:-1\" \/>\n<meta property=\"og:locale\" content=\"fr_CA\" \/>\n<meta property=\"og:type\" content=\"article\" \/>\n<meta property=\"og:title\" content=\"Plus de 1,7 million de Honda CR-V et HR-V font l\u2019objet d\u2019une enqu\u00eate en raison du grippage des diff\u00e9rentiels arri\u00e8re - CanadaMotorJobs.com\" \/>\n<meta property=\"og:description\" content=\"Plus de 1,7 million de Honda CR-V et HR-V font l\u2019objet d\u2019une enqu\u00eate en raison du grippage des diff\u00e9rentiels arri\u00e8re - Benoit Charette - Annuel automobile - CanadaMotorJobs.com.\" \/>\n<meta property=\"og:url\" content=\"https:\/\/news.canadamotorjobs.com\/fr\/plus-de-17-million-de-honda-cr-v-et-hr-v-font-lobjet-dune-enquete-en-raison-du-grippage-des-differentiels-arriere\/\" \/>\n<meta property=\"og:site_name\" content=\"CanadaMotorJobs.com\" \/>\n<meta property=\"article:publisher\" content=\"https:\/\/www.facebook.com\/canadamotorjobs\/\" \/>\n<meta property=\"article:published_time\" content=\"2022-12-08T15:25:48+00:00\" \/>\n<meta property=\"article:modified_time\" content=\"2022-12-08T15:30:22+00:00\" \/>\n<meta property=\"og:image\" content=\"https:\/\/news.canadamotorjobs.com\/wp-content\/uploads\/2022\/12\/PG2HvjVNcgd3f3vuW8xLoWAvDZS8cbbwVhyFZMmi-1.jpg\" \/>\n\t<meta property=\"og:image:width\" content=\"1400\" \/>\n\t<meta property=\"og:image:height\" content=\"500\" \/>\n\t<meta property=\"og:image:type\" content=\"image\/jpeg\" \/>\n<meta name=\"author\" content=\"Benoit Charette\" \/>\n<meta name=\"twitter:card\" content=\"summary_large_image\" \/>\n<meta name=\"twitter:creator\" content=\"@canadamotorjobs\" \/>\n<meta name=\"twitter:site\" content=\"@canadamotorjobs\" \/>\n<meta name=\"twitter:label1\" content=\"\u00c9crit par\" \/>\n\t<meta name=\"twitter:data1\" content=\"Benoit Charette\" \/>\n\t<meta name=\"twitter:label2\" content=\"Estimation du temps de lecture\" \/>\n\t<meta name=\"twitter:data2\" content=\"1 minute\" \/>\n<!-- \/ Yoast SEO plugin. -->","yoast_head_json":{"title":"Plus de 1,7 million de Honda CR-V et HR-V font l\u2019objet d\u2019une enqu\u00eate en raison du grippage des diff\u00e9rentiels arri\u00e8re - CanadaMotorJobs.com","description":"Plus de 1,7 million de Honda CR-V et HR-V font l\u2019objet d\u2019une enqu\u00eate en raison du grippage des diff\u00e9rentiels arri\u00e8re - Benoit Charette - Annuel automobile - CanadaMotorJobs.com.","robots":{"index":"index","follow":"follow","max-snippet":"max-snippet:-1","max-image-preview":"max-image-preview:large","max-video-preview":"max-video-preview:-1"},"og_locale":"fr_CA","og_type":"article","og_title":"Plus de 1,7 million de Honda CR-V et HR-V font l\u2019objet d\u2019une enqu\u00eate en raison du grippage des diff\u00e9rentiels arri\u00e8re - CanadaMotorJobs.com","og_description":"Plus de 1,7 million de Honda CR-V et HR-V font l\u2019objet d\u2019une enqu\u00eate en raison du grippage des diff\u00e9rentiels arri\u00e8re - Benoit Charette - Annuel automobile - CanadaMotorJobs.com.","og_url":"https:\/\/news.canadamotorjobs.com\/fr\/plus-de-17-million-de-honda-cr-v-et-hr-v-font-lobjet-dune-enquete-en-raison-du-grippage-des-differentiels-arriere\/","og_site_name":"CanadaMotorJobs.com","article_publisher":"https:\/\/www.facebook.com\/canadamotorjobs\/","article_published_time":"2022-12-08T15:25:48+00:00","article_modified_time":"2022-12-08T15:30:22+00:00","og_image":[{"width":1400,"height":500,"url":"https:\/\/news.canadamotorjobs.com\/wp-content\/uploads\/2022\/12\/PG2HvjVNcgd3f3vuW8xLoWAvDZS8cbbwVhyFZMmi-1.jpg","type":"image\/jpeg"}],"author":"Benoit Charette","twitter_card":"summary_large_image","twitter_creator":"@canadamotorjobs","twitter_site":"@canadamotorjobs","twitter_misc":{"\u00c9crit par":"Benoit Charette","Estimation du temps de lecture":"1 minute"},"schema":{"@context":"https:\/\/schema.org","@graph":[{"@type":"Article","@id":"https:\/\/news.canadamotorjobs.com\/fr\/plus-de-17-million-de-honda-cr-v-et-hr-v-font-lobjet-dune-enquete-en-raison-du-grippage-des-differentiels-arriere\/#article","isPartOf":{"@id":"https:\/\/news.canadamotorjobs.com\/fr\/plus-de-17-million-de-honda-cr-v-et-hr-v-font-lobjet-dune-enquete-en-raison-du-grippage-des-differentiels-arriere\/"},"author":{"name":"Benoit Charette","@id":"https:\/\/news.canadamotorjobs.com\/#\/schema\/person\/51793d1f87d44011d7bcc2ed99269a90"},"headline":"Plus de 1,7 million de Honda CR-V et HR-V font l\u2019objet d\u2019une enqu\u00eate en raison du grippage des diff\u00e9rentiels arri\u00e8re","datePublished":"2022-12-08T15:25:48+00:00","dateModified":"2022-12-08T15:30:22+00:00","mainEntityOfPage":{"@id":"https:\/\/news.canadamotorjobs.com\/fr\/plus-de-17-million-de-honda-cr-v-et-hr-v-font-lobjet-dune-enquete-en-raison-du-grippage-des-differentiels-arriere\/"},"wordCount":325,"publisher":{"@id":"https:\/\/news.canadamotorjobs.com\/#organization"},"image":{"@id":"https:\/\/news.canadamotorjobs.com\/fr\/plus-de-17-million-de-honda-cr-v-et-hr-v-font-lobjet-dune-enquete-en-raison-du-grippage-des-differentiels-arriere\/#primaryimage"},"thumbnailUrl":"https:\/\/news.canadamotorjobs.com\/wp-content\/uploads\/2022\/12\/PG2HvjVNcgd3f3vuW8xLoWAvDZS8cbbwVhyFZMmi-1.jpg","articleSection":["Annuel automobile"],"inLanguage":"fr-CA"},{"@type":"WebPage","@id":"https:\/\/news.canadamotorjobs.com\/fr\/plus-de-17-million-de-honda-cr-v-et-hr-v-font-lobjet-dune-enquete-en-raison-du-grippage-des-differentiels-arriere\/","url":"https:\/\/news.canadamotorjobs.com\/fr\/plus-de-17-million-de-honda-cr-v-et-hr-v-font-lobjet-dune-enquete-en-raison-du-grippage-des-differentiels-arriere\/","name":"Plus de 1,7 million de Honda CR-V et HR-V font l\u2019objet d\u2019une enqu\u00eate en raison du grippage des diff\u00e9rentiels arri\u00e8re - CanadaMotorJobs.com","isPartOf":{"@id":"https:\/\/news.canadamotorjobs.com\/#website"},"primaryImageOfPage":{"@id":"https:\/\/news.canadamotorjobs.com\/fr\/plus-de-17-million-de-honda-cr-v-et-hr-v-font-lobjet-dune-enquete-en-raison-du-grippage-des-differentiels-arriere\/#primaryimage"},"image":{"@id":"https:\/\/news.canadamotorjobs.com\/fr\/plus-de-17-million-de-honda-cr-v-et-hr-v-font-lobjet-dune-enquete-en-raison-du-grippage-des-differentiels-arriere\/#primaryimage"},"thumbnailUrl":"https:\/\/news.canadamotorjobs.com\/wp-content\/uploads\/2022\/12\/PG2HvjVNcgd3f3vuW8xLoWAvDZS8cbbwVhyFZMmi-1.jpg","datePublished":"2022-12-08T15:25:48+00:00","dateModified":"2022-12-08T15:30:22+00:00","description":"Plus de 1,7 million de Honda CR-V et HR-V font l\u2019objet d\u2019une enqu\u00eate en raison du grippage des diff\u00e9rentiels arri\u00e8re - Benoit Charette - Annuel automobile - CanadaMotorJobs.com.","breadcrumb":{"@id":"https:\/\/news.canadamotorjobs.com\/fr\/plus-de-17-million-de-honda-cr-v-et-hr-v-font-lobjet-dune-enquete-en-raison-du-grippage-des-differentiels-arriere\/#breadcrumb"},"inLanguage":"fr-CA","potentialAction":[{"@type":"ReadAction","target":["https:\/\/news.canadamotorjobs.com\/fr\/plus-de-17-million-de-honda-cr-v-et-hr-v-font-lobjet-dune-enquete-en-raison-du-grippage-des-differentiels-arriere\/"]}]},{"@type":"ImageObject","inLanguage":"fr-CA","@id":"https:\/\/news.canadamotorjobs.com\/fr\/plus-de-17-million-de-honda-cr-v-et-hr-v-font-lobjet-dune-enquete-en-raison-du-grippage-des-differentiels-arriere\/#primaryimage","url":"https:\/\/news.canadamotorjobs.com\/wp-content\/uploads\/2022\/12\/PG2HvjVNcgd3f3vuW8xLoWAvDZS8cbbwVhyFZMmi-1.jpg","contentUrl":"https:\/\/news.canadamotorjobs.com\/wp-content\/uploads\/2022\/12\/PG2HvjVNcgd3f3vuW8xLoWAvDZS8cbbwVhyFZMmi-1.jpg","width":1400,"height":500},{"@type":"BreadcrumbList","@id":"https:\/\/news.canadamotorjobs.com\/fr\/plus-de-17-million-de-honda-cr-v-et-hr-v-font-lobjet-dune-enquete-en-raison-du-grippage-des-differentiels-arriere\/#breadcrumb","itemListElement":[{"@type":"ListItem","position":1,"name":"Home","item":"https:\/\/news.canadamotorjobs.com\/fr\/blog\/"},{"@type":"ListItem","position":2,"name":"Plus de 1,7 million de Honda CR-V et HR-V font l\u2019objet d\u2019une enqu\u00eate en raison du grippage des diff\u00e9rentiels arri\u00e8re"}]},{"@type":"WebSite","@id":"https:\/\/news.canadamotorjobs.com\/#website","url":"https:\/\/news.canadamotorjobs.com\/","name":"CanadaMotorJobs.com","description":"Automotive Jobs","publisher":{"@id":"https:\/\/news.canadamotorjobs.com\/#organization"},"potentialAction":[{"@type":"SearchAction","target":{"@type":"EntryPoint","urlTemplate":"https:\/\/news.canadamotorjobs.com\/?s={search_term_string}"},"query-input":"required name=search_term_string"}],"inLanguage":"fr-CA"},{"@type":"Organization","@id":"https:\/\/news.canadamotorjobs.com\/#organization","name":"Canada Motor Jobs","url":"https:\/\/news.canadamotorjobs.com\/","logo":{"@type":"ImageObject","inLanguage":"fr-CA","@id":"https:\/\/news.canadamotorjobs.com\/#\/schema\/logo\/image\/","url":"https:\/\/news.canadamotorjobs.com\/wp-content\/uploads\/2022\/10\/logo-canada-motor-jobs-1.png","contentUrl":"https:\/\/news.canadamotorjobs.com\/wp-content\/uploads\/2022\/10\/logo-canada-motor-jobs-1.png","width":800,"height":400,"caption":"Canada Motor Jobs"},"image":{"@id":"https:\/\/news.canadamotorjobs.com\/#\/schema\/logo\/image\/"},"sameAs":["https:\/\/www.facebook.com\/canadamotorjobs\/","https:\/\/x.com\/canadamotorjobs","https:\/\/www.instagram.com\/canadamotorjobs\/","https:\/\/www.linkedin.com\/company\/canadamotorjobs"]},{"@type":"Person","@id":"https:\/\/news.canadamotorjobs.com\/#\/schema\/person\/51793d1f87d44011d7bcc2ed99269a90","name":"Benoit Charette","image":{"@type":"ImageObject","inLanguage":"fr-CA","@id":"https:\/\/news.canadamotorjobs.com\/#\/schema\/person\/image\/","url":"https:\/\/secure.gravatar.com\/avatar\/45f3d2eebcccd909668d7ce7ea7267b6?s=96&d=mm&r=g","contentUrl":"https:\/\/secure.gravatar.com\/avatar\/45f3d2eebcccd909668d7ce7ea7267b6?s=96&d=mm&r=g","caption":"Benoit Charette"},"description":"Benoit Charette \/ Propri\u00e9taire et r\u00e9dacteur en chef Benoit Charette pratique le journalisme automobile depuis bient\u00f4t 30 ans. Il a fait ses classes au c\u00f4t\u00e9 de Daniel H\u00e9raud et au Carnet de route de 1992 \u00e0 2001. Il est fondateur, copropri\u00e9taire et r\u00e9dacteur en chef de L\u2019Annuel de l\u2019automobile, qu\u2019il publie depuis 2001. Il a anim\u00e9 les \u00e9missions RPM et RPM+ sur V et les L\u00e9gendes de la route sur Historia. \u00c0 la radio depuis 1986, il reprend l\u2019antenne cette ann\u00e9e sur les ondes de Cogeco et participe pour la deuxi\u00e8me ann\u00e9e \u00e0 l\u2019\u00e9mission Passion Auto sur RDS en plus de mettre en ligne le site Web officiel de L\u2019Annuel de l\u2019automobile sur annuelauto.ca.","sameAs":["https:\/\/annuelauto.ca\/"],"url":"https:\/\/news.canadamotorjobs.com\/fr\/author\/benoit-charette\/"}]}},"_links":{"self":[{"href":"https:\/\/news.canadamotorjobs.com\/fr\/wp-json\/wp\/v2\/posts\/137039"}],"collection":[{"href":"https:\/\/news.canadamotorjobs.com\/fr\/wp-json\/wp\/v2\/posts"}],"about":[{"href":"https:\/\/news.canadamotorjobs.com\/fr\/wp-json\/wp\/v2\/types\/post"}],"author":[{"embeddable":true,"href":"https:\/\/news.canadamotorjobs.com\/fr\/wp-json\/wp\/v2\/users\/8"}],"replies":[{"embeddable":true,"href":"https:\/\/news.canadamotorjobs.com\/fr\/wp-json\/wp\/v2\/comments?post=137039"}],"version-history":[{"count":0,"href":"https:\/\/news.canadamotorjobs.com\/fr\/wp-json\/wp\/v2\/posts\/137039\/revisions"}],"wp:featuredmedia":[{"embeddable":true,"href":"https:\/\/news.canadamotorjobs.com\/fr\/wp-json\/wp\/v2\/media\/137043"}],"wp:attachment":[{"href":"https:\/\/news.canadamotorjobs.com\/fr\/wp-json\/wp\/v2\/media?parent=137039"}],"wp:term":[{"taxonomy":"category","embeddable":true,"href":"https:\/\/news.canadamotorjobs.com\/fr\/wp-json\/wp\/v2\/categories?post=137039"},{"taxonomy":"post_tag","embeddable":true,"href":"https:\/\/news.canadamotorjobs.com\/fr\/wp-json\/wp\/v2\/tags?post=137039"}],"curies":[{"name":"wp","href":"https:\/\/api.w.org\/{rel}","templated":true}]}}