{"id":137031,"date":"2022-12-08T09:24:52","date_gmt":"2022-12-08T14:24:52","guid":{"rendered":"https:\/\/news.canadamotorjobs.com\/les-noms-camaro-et-escalade-sont-les-prochains-modeles-sur-la-liste-des-vehicules-de-gm\/"},"modified":"2022-12-08T09:29:54","modified_gmt":"2022-12-08T14:29:54","slug":"les-noms-camaro-et-escalade-sont-les-prochains-modeles-sur-la-liste-des-vehicules-de-gm","status":"publish","type":"post","link":"https:\/\/news.canadamotorjobs.com\/fr\/les-noms-camaro-et-escalade-sont-les-prochains-modeles-sur-la-liste-des-vehicules-de-gm\/","title":{"rendered":"Les noms Camaro et Escalade sont les prochains mod\u00e8les sur la liste des v\u00e9hicules de GM"},"content":{"rendered":"<\/p>\n<p>Pour ceux qui doutaient encore que General Motors prenait la chose \u00e9lectrique au s\u00e9rieux, les divisions Chevrolet et Cadillac sont sur le point de transformer des ic\u00f4nes \u00e0 essence en mod\u00e8le \u00e9lectrique. Des sources au sein du GM Tech Center ont d\u00e9clar\u00e9 \u00e0 Car and Driver la semaine derni\u00e8re que la Corvette recevrait sa propre marque EV, avec un coup\u00e9 quatre portes \u00e9lectrique et des variantes VUS.<br \/> La plateforme Ultium comme moteur de changement<br \/> La plateforme Ultium de GM sera la cl\u00e9 de cette transition, avec des groupes de batteries allant jusqu&#8217;\u00e0 800V et des capacit\u00e9s de charge rapides de 350kw. Les ing\u00e9nieurs \u00e0 l&#8217;origine de la plate-forme EV l&#8217;ont con\u00e7ue avec des cellules de type poche qui peuvent \u00eatre empil\u00e9es verticalement ou horizontalement pour une flexibilit\u00e9 et des performances maximales sans sacrifier l&#8217;\u00e9nergie ou l&#8217;espace.<br \/> Il suffit ensuite de greffer un ch\u00e2ssis<br \/> Lors du d\u00e9voilement des nouvelles batteries de GM, la PDG Mary Barra a d\u00e9clar\u00e9 :<br \/> Ce que nous avons fait, c&#8217;est construire une strat\u00e9gie multimarques et multisegments pour les VE avec des \u00e9conomies d&#8217;\u00e9chelle. Nous sommes en train de transformer les deux prochaines marques en lice pour des retomb\u00e9es \u00e9lectriques, \u00e0 savoir la Chevrolet Camaro et la Cadillac Escalade.<br \/> \u00c0 l\u2019image de la Corvette<br \/> Tout comme GM va faire avec la Corvette qui va devenir une marque multiproduit, GM va faire la m\u00eame chose avec la Camaro et L\u2019Escalade. Une marque Escalade pourrait inclure un VUS \u00e0 trois rang\u00e9es plus petite que le mod\u00e8le \u00e0 essence actuel<\/p>\n","protected":false},"excerpt":{"rendered":"<p>Pour ceux qui doutaient encore que General Motors prenait la chose \u00e9lectrique au s\u00e9rieux, les divisions Chevrolet et Cadillac sont sur le point de transformer des ic\u00f4nes \u00e0 essence en mod\u00e8le \u00e9lectrique. Des sources au sein du GM Tech Center ont d\u00e9clar\u00e9 \u00e0 Car and Driver la semaine derni\u00e8re que la Corvette recevrait sa propre [&hellip;]<\/p>\n","protected":false},"author":8,"featured_media":137035,"comment_status":"close","ping_status":"closed","sticky":false,"template":"","format":"standard","meta":{"_monsterinsights_skip_tracking":false,"_monsterinsights_sitenote_active":false,"_monsterinsights_sitenote_note":"","_monsterinsights_sitenote_category":0,"footnotes":""},"categories":[101],"tags":[],"yoast_head":"<!-- This site is optimized with the Yoast SEO plugin v23.2 - https:\/\/yoast.com\/wordpress\/plugins\/seo\/ -->\n<title>Les noms Camaro et Escalade sont les prochains mod\u00e8les sur la liste des v\u00e9hicules de GM - CanadaMotorJobs.com<\/title>\n<meta name=\"description\" content=\"Les noms Camaro et Escalade sont les prochains mod\u00e8les sur la liste des v\u00e9hicules de GM - Benoit Charette - Annuel automobile - CanadaMotorJobs.com.\" \/>\n<meta name=\"robots\" content=\"index, follow, max-snippet:-1, max-image-preview:large, max-video-preview:-1\" \/>\n<meta property=\"og:locale\" content=\"fr_CA\" \/>\n<meta property=\"og:type\" content=\"article\" \/>\n<meta property=\"og:title\" content=\"Les noms Camaro et Escalade sont les prochains mod\u00e8les sur la liste des v\u00e9hicules de GM - CanadaMotorJobs.com\" \/>\n<meta property=\"og:description\" content=\"Les noms Camaro et Escalade sont les prochains mod\u00e8les sur la liste des v\u00e9hicules de GM - Benoit Charette - Annuel automobile - CanadaMotorJobs.com.\" \/>\n<meta property=\"og:url\" content=\"https:\/\/news.canadamotorjobs.com\/fr\/les-noms-camaro-et-escalade-sont-les-prochains-modeles-sur-la-liste-des-vehicules-de-gm\/\" \/>\n<meta property=\"og:site_name\" content=\"CanadaMotorJobs.com\" \/>\n<meta property=\"article:publisher\" content=\"https:\/\/www.facebook.com\/canadamotorjobs\/\" \/>\n<meta property=\"article:published_time\" content=\"2022-12-08T14:24:52+00:00\" \/>\n<meta property=\"article:modified_time\" content=\"2022-12-08T14:29:54+00:00\" \/>\n<meta property=\"og:image\" content=\"https:\/\/news.canadamotorjobs.com\/wp-content\/uploads\/2022\/12\/2023-Cadillac-Escalade-V-001-1.jpg\" \/>\n\t<meta property=\"og:image:width\" content=\"1333\" \/>\n\t<meta property=\"og:image:height\" content=\"1000\" \/>\n\t<meta property=\"og:image:type\" content=\"image\/jpeg\" \/>\n<meta name=\"author\" content=\"Benoit Charette\" \/>\n<meta name=\"twitter:card\" content=\"summary_large_image\" \/>\n<meta name=\"twitter:creator\" content=\"@canadamotorjobs\" \/>\n<meta name=\"twitter:site\" content=\"@canadamotorjobs\" \/>\n<meta name=\"twitter:label1\" content=\"\u00c9crit par\" \/>\n\t<meta name=\"twitter:data1\" content=\"Benoit Charette\" \/>\n\t<meta name=\"twitter:label2\" content=\"Estimation du temps de lecture\" \/>\n\t<meta name=\"twitter:data2\" content=\"1 minute\" \/>\n<!-- \/ Yoast SEO plugin. -->","yoast_head_json":{"title":"Les noms Camaro et Escalade sont les prochains mod\u00e8les sur la liste des v\u00e9hicules de GM - CanadaMotorJobs.com","description":"Les noms Camaro et Escalade sont les prochains mod\u00e8les sur la liste des v\u00e9hicules de GM - Benoit Charette - Annuel automobile - CanadaMotorJobs.com.","robots":{"index":"index","follow":"follow","max-snippet":"max-snippet:-1","max-image-preview":"max-image-preview:large","max-video-preview":"max-video-preview:-1"},"og_locale":"fr_CA","og_type":"article","og_title":"Les noms Camaro et Escalade sont les prochains mod\u00e8les sur la liste des v\u00e9hicules de GM - CanadaMotorJobs.com","og_description":"Les noms Camaro et Escalade sont les prochains mod\u00e8les sur la liste des v\u00e9hicules de GM - Benoit Charette - Annuel automobile - CanadaMotorJobs.com.","og_url":"https:\/\/news.canadamotorjobs.com\/fr\/les-noms-camaro-et-escalade-sont-les-prochains-modeles-sur-la-liste-des-vehicules-de-gm\/","og_site_name":"CanadaMotorJobs.com","article_publisher":"https:\/\/www.facebook.com\/canadamotorjobs\/","article_published_time":"2022-12-08T14:24:52+00:00","article_modified_time":"2022-12-08T14:29:54+00:00","og_image":[{"width":1333,"height":1000,"url":"https:\/\/news.canadamotorjobs.com\/wp-content\/uploads\/2022\/12\/2023-Cadillac-Escalade-V-001-1.jpg","type":"image\/jpeg"}],"author":"Benoit Charette","twitter_card":"summary_large_image","twitter_creator":"@canadamotorjobs","twitter_site":"@canadamotorjobs","twitter_misc":{"\u00c9crit par":"Benoit Charette","Estimation du temps de lecture":"1 minute"},"schema":{"@context":"https:\/\/schema.org","@graph":[{"@type":"Article","@id":"https:\/\/news.canadamotorjobs.com\/fr\/les-noms-camaro-et-escalade-sont-les-prochains-modeles-sur-la-liste-des-vehicules-de-gm\/#article","isPartOf":{"@id":"https:\/\/news.canadamotorjobs.com\/fr\/les-noms-camaro-et-escalade-sont-les-prochains-modeles-sur-la-liste-des-vehicules-de-gm\/"},"author":{"name":"Benoit Charette","@id":"https:\/\/news.canadamotorjobs.com\/#\/schema\/person\/51793d1f87d44011d7bcc2ed99269a90"},"headline":"Les noms Camaro et Escalade sont les prochains mod\u00e8les sur la liste des v\u00e9hicules de GM","datePublished":"2022-12-08T14:24:52+00:00","dateModified":"2022-12-08T14:29:54+00:00","mainEntityOfPage":{"@id":"https:\/\/news.canadamotorjobs.com\/fr\/les-noms-camaro-et-escalade-sont-les-prochains-modeles-sur-la-liste-des-vehicules-de-gm\/"},"wordCount":285,"publisher":{"@id":"https:\/\/news.canadamotorjobs.com\/#organization"},"image":{"@id":"https:\/\/news.canadamotorjobs.com\/fr\/les-noms-camaro-et-escalade-sont-les-prochains-modeles-sur-la-liste-des-vehicules-de-gm\/#primaryimage"},"thumbnailUrl":"https:\/\/news.canadamotorjobs.com\/wp-content\/uploads\/2022\/12\/2023-Cadillac-Escalade-V-001-1.jpg","articleSection":["Annuel automobile"],"inLanguage":"fr-CA"},{"@type":"WebPage","@id":"https:\/\/news.canadamotorjobs.com\/fr\/les-noms-camaro-et-escalade-sont-les-prochains-modeles-sur-la-liste-des-vehicules-de-gm\/","url":"https:\/\/news.canadamotorjobs.com\/fr\/les-noms-camaro-et-escalade-sont-les-prochains-modeles-sur-la-liste-des-vehicules-de-gm\/","name":"Les noms Camaro et Escalade sont les prochains mod\u00e8les sur la liste des v\u00e9hicules de GM - CanadaMotorJobs.com","isPartOf":{"@id":"https:\/\/news.canadamotorjobs.com\/#website"},"primaryImageOfPage":{"@id":"https:\/\/news.canadamotorjobs.com\/fr\/les-noms-camaro-et-escalade-sont-les-prochains-modeles-sur-la-liste-des-vehicules-de-gm\/#primaryimage"},"image":{"@id":"https:\/\/news.canadamotorjobs.com\/fr\/les-noms-camaro-et-escalade-sont-les-prochains-modeles-sur-la-liste-des-vehicules-de-gm\/#primaryimage"},"thumbnailUrl":"https:\/\/news.canadamotorjobs.com\/wp-content\/uploads\/2022\/12\/2023-Cadillac-Escalade-V-001-1.jpg","datePublished":"2022-12-08T14:24:52+00:00","dateModified":"2022-12-08T14:29:54+00:00","description":"Les noms Camaro et Escalade sont les prochains mod\u00e8les sur la liste des v\u00e9hicules de GM - Benoit Charette - Annuel automobile - CanadaMotorJobs.com.","breadcrumb":{"@id":"https:\/\/news.canadamotorjobs.com\/fr\/les-noms-camaro-et-escalade-sont-les-prochains-modeles-sur-la-liste-des-vehicules-de-gm\/#breadcrumb"},"inLanguage":"fr-CA","potentialAction":[{"@type":"ReadAction","target":["https:\/\/news.canadamotorjobs.com\/fr\/les-noms-camaro-et-escalade-sont-les-prochains-modeles-sur-la-liste-des-vehicules-de-gm\/"]}]},{"@type":"ImageObject","inLanguage":"fr-CA","@id":"https:\/\/news.canadamotorjobs.com\/fr\/les-noms-camaro-et-escalade-sont-les-prochains-modeles-sur-la-liste-des-vehicules-de-gm\/#primaryimage","url":"https:\/\/news.canadamotorjobs.com\/wp-content\/uploads\/2022\/12\/2023-Cadillac-Escalade-V-001-1.jpg","contentUrl":"https:\/\/news.canadamotorjobs.com\/wp-content\/uploads\/2022\/12\/2023-Cadillac-Escalade-V-001-1.jpg","width":1333,"height":1000},{"@type":"BreadcrumbList","@id":"https:\/\/news.canadamotorjobs.com\/fr\/les-noms-camaro-et-escalade-sont-les-prochains-modeles-sur-la-liste-des-vehicules-de-gm\/#breadcrumb","itemListElement":[{"@type":"ListItem","position":1,"name":"Home","item":"https:\/\/news.canadamotorjobs.com\/fr\/blog\/"},{"@type":"ListItem","position":2,"name":"Les noms Camaro et Escalade sont les prochains mod\u00e8les sur la liste des v\u00e9hicules de GM"}]},{"@type":"WebSite","@id":"https:\/\/news.canadamotorjobs.com\/#website","url":"https:\/\/news.canadamotorjobs.com\/","name":"CanadaMotorJobs.com","description":"Automotive Jobs","publisher":{"@id":"https:\/\/news.canadamotorjobs.com\/#organization"},"potentialAction":[{"@type":"SearchAction","target":{"@type":"EntryPoint","urlTemplate":"https:\/\/news.canadamotorjobs.com\/?s={search_term_string}"},"query-input":"required name=search_term_string"}],"inLanguage":"fr-CA"},{"@type":"Organization","@id":"https:\/\/news.canadamotorjobs.com\/#organization","name":"Canada Motor Jobs","url":"https:\/\/news.canadamotorjobs.com\/","logo":{"@type":"ImageObject","inLanguage":"fr-CA","@id":"https:\/\/news.canadamotorjobs.com\/#\/schema\/logo\/image\/","url":"https:\/\/news.canadamotorjobs.com\/wp-content\/uploads\/2022\/10\/logo-canada-motor-jobs-1.png","contentUrl":"https:\/\/news.canadamotorjobs.com\/wp-content\/uploads\/2022\/10\/logo-canada-motor-jobs-1.png","width":800,"height":400,"caption":"Canada Motor Jobs"},"image":{"@id":"https:\/\/news.canadamotorjobs.com\/#\/schema\/logo\/image\/"},"sameAs":["https:\/\/www.facebook.com\/canadamotorjobs\/","https:\/\/x.com\/canadamotorjobs","https:\/\/www.instagram.com\/canadamotorjobs\/","https:\/\/www.linkedin.com\/company\/canadamotorjobs"]},{"@type":"Person","@id":"https:\/\/news.canadamotorjobs.com\/#\/schema\/person\/51793d1f87d44011d7bcc2ed99269a90","name":"Benoit Charette","image":{"@type":"ImageObject","inLanguage":"fr-CA","@id":"https:\/\/news.canadamotorjobs.com\/#\/schema\/person\/image\/","url":"https:\/\/secure.gravatar.com\/avatar\/45f3d2eebcccd909668d7ce7ea7267b6?s=96&d=mm&r=g","contentUrl":"https:\/\/secure.gravatar.com\/avatar\/45f3d2eebcccd909668d7ce7ea7267b6?s=96&d=mm&r=g","caption":"Benoit Charette"},"description":"Benoit Charette \/ Propri\u00e9taire et r\u00e9dacteur en chef Benoit Charette pratique le journalisme automobile depuis bient\u00f4t 30 ans. Il a fait ses classes au c\u00f4t\u00e9 de Daniel H\u00e9raud et au Carnet de route de 1992 \u00e0 2001. Il est fondateur, copropri\u00e9taire et r\u00e9dacteur en chef de L\u2019Annuel de l\u2019automobile, qu\u2019il publie depuis 2001. Il a anim\u00e9 les \u00e9missions RPM et RPM+ sur V et les L\u00e9gendes de la route sur Historia. \u00c0 la radio depuis 1986, il reprend l\u2019antenne cette ann\u00e9e sur les ondes de Cogeco et participe pour la deuxi\u00e8me ann\u00e9e \u00e0 l\u2019\u00e9mission Passion Auto sur RDS en plus de mettre en ligne le site Web officiel de L\u2019Annuel de l\u2019automobile sur annuelauto.ca.","sameAs":["https:\/\/annuelauto.ca\/"],"url":"https:\/\/news.canadamotorjobs.com\/fr\/author\/benoit-charette\/"}]}},"_links":{"self":[{"href":"https:\/\/news.canadamotorjobs.com\/fr\/wp-json\/wp\/v2\/posts\/137031"}],"collection":[{"href":"https:\/\/news.canadamotorjobs.com\/fr\/wp-json\/wp\/v2\/posts"}],"about":[{"href":"https:\/\/news.canadamotorjobs.com\/fr\/wp-json\/wp\/v2\/types\/post"}],"author":[{"embeddable":true,"href":"https:\/\/news.canadamotorjobs.com\/fr\/wp-json\/wp\/v2\/users\/8"}],"replies":[{"embeddable":true,"href":"https:\/\/news.canadamotorjobs.com\/fr\/wp-json\/wp\/v2\/comments?post=137031"}],"version-history":[{"count":0,"href":"https:\/\/news.canadamotorjobs.com\/fr\/wp-json\/wp\/v2\/posts\/137031\/revisions"}],"wp:featuredmedia":[{"embeddable":true,"href":"https:\/\/news.canadamotorjobs.com\/fr\/wp-json\/wp\/v2\/media\/137035"}],"wp:attachment":[{"href":"https:\/\/news.canadamotorjobs.com\/fr\/wp-json\/wp\/v2\/media?parent=137031"}],"wp:term":[{"taxonomy":"category","embeddable":true,"href":"https:\/\/news.canadamotorjobs.com\/fr\/wp-json\/wp\/v2\/categories?post=137031"},{"taxonomy":"post_tag","embeddable":true,"href":"https:\/\/news.canadamotorjobs.com\/fr\/wp-json\/wp\/v2\/tags?post=137031"}],"curies":[{"name":"wp","href":"https:\/\/api.w.org\/{rel}","templated":true}]}}