{"id":137023,"date":"2022-12-08T08:25:33","date_gmt":"2022-12-08T13:25:33","guid":{"rendered":"https:\/\/news.canadamotorjobs.com\/elon-musk-aurait-nomme-un-nouveau-pdg-pour-tesla\/"},"modified":"2022-12-08T08:30:06","modified_gmt":"2022-12-08T13:30:06","slug":"elon-musk-aurait-nomme-un-nouveau-pdg-pour-tesla","status":"publish","type":"post","link":"https:\/\/news.canadamotorjobs.com\/fr\/elon-musk-aurait-nomme-un-nouveau-pdg-pour-tesla\/","title":{"rendered":"Elon Musk aurait nomm\u00e9 un nouveau PDG pour Tesla"},"content":{"rendered":"<\/p>\n<p>Selon un rapport publi\u00e9 par <em>PingWest<\/em>, le PDG de Tesla, Elon Musk, a d\u00e9cid\u00e9 de promouvoir le pr\u00e9sident de Tesla Chine &#8211;\u00a0Tom Zhu Xiaotong\u00a0&#8211; au poste de PDG mondial du constructeur automobile \u00e9lectrique.\u00a0Tesla n\u2019a pas confirm\u00e9 cette nouvelle.<br \/> Une rel\u00e8ve n\u00e9cessaire<br \/> Ce n\u2019est un secret pour personne, le fondateur et PDG Elon Musk cherche depuis quelques mois un rempla\u00e7ant pour son si\u00e8ge de grand patron de la marque automobile, question d\u2019avoir du temps pour g\u00e9rer ses autres entreprises. Musk vient de faire un premier pas dans cette direction en nommant, Tom Zhu, le pr\u00e9sident de Tesla en Chine, pour l&#8217;aider \u00e0 diriger la nouvelle usine du constructeur automobile \u00e0 Austin, au Texas<br \/> Un petit pas \u00e0 franchir pour diriger le reste des op\u00e9rations<br \/> Zhu, qui a rejoint Tesla en 2014 et dirige les op\u00e9rations de Tesla en Asie-Pacifique, est \u00e0 Austin cette semaine. Il a amen\u00e9 avec lui une partie de son \u00e9quipe d&#8217;ing\u00e9nieurs de Chine pour l&#8217;aider \u00e0 superviser la mont\u00e9e en puissance de Giga Texas, a indiqu\u00e9 le rapport, citant des personnes famili\u00e8res avec la question. L\u2019Usine de Tesla en Chine est la plus productive des usines Tesla sur la plan\u00e8te et c\u2019est gr\u00e2ce \u00e0 l\u2019\u00e9quipe de Zhu. Musk aimerait bien que cette m\u00eame recette s\u2019applique pour le Texas, La Californie et surtout la nouvelle usine de Berlin qui peine \u00e0 trouver son rythme de production.<br \/> Une \u00e9tape importante au Texas<br \/> Giga Texas, qui a ouvert ses portes au d\u00e9but de l&#8217;ann\u00e9e, fabrique le Model Y et produira<\/p>\n","protected":false},"excerpt":{"rendered":"<p>Selon un rapport publi\u00e9 par PingWest, le PDG de Tesla, Elon Musk, a d\u00e9cid\u00e9 de promouvoir le pr\u00e9sident de Tesla Chine &#8211;\u00a0Tom Zhu Xiaotong\u00a0&#8211; au poste de PDG mondial du constructeur automobile \u00e9lectrique.\u00a0Tesla n\u2019a pas confirm\u00e9 cette nouvelle. Une rel\u00e8ve n\u00e9cessaire Ce n\u2019est un secret pour personne, le fondateur et PDG Elon Musk cherche depuis [&hellip;]<\/p>\n","protected":false},"author":8,"featured_media":137027,"comment_status":"close","ping_status":"closed","sticky":false,"template":"","format":"standard","meta":{"_monsterinsights_skip_tracking":false,"_monsterinsights_sitenote_active":false,"_monsterinsights_sitenote_note":"","_monsterinsights_sitenote_category":0,"footnotes":""},"categories":[101],"tags":[],"yoast_head":"<!-- This site is optimized with the Yoast SEO plugin v23.2 - https:\/\/yoast.com\/wordpress\/plugins\/seo\/ -->\n<title>Elon Musk aurait nomm\u00e9 un nouveau PDG pour Tesla - CanadaMotorJobs.com<\/title>\n<meta name=\"description\" content=\"Elon Musk aurait nomm\u00e9 un nouveau PDG pour Tesla - Benoit Charette - Annuel automobile - CanadaMotorJobs.com.\" \/>\n<meta name=\"robots\" content=\"index, follow, max-snippet:-1, max-image-preview:large, max-video-preview:-1\" \/>\n<meta property=\"og:locale\" content=\"fr_CA\" \/>\n<meta property=\"og:type\" content=\"article\" \/>\n<meta property=\"og:title\" content=\"Elon Musk aurait nomm\u00e9 un nouveau PDG pour Tesla - CanadaMotorJobs.com\" \/>\n<meta property=\"og:description\" content=\"Elon Musk aurait nomm\u00e9 un nouveau PDG pour Tesla - Benoit Charette - Annuel automobile - CanadaMotorJobs.com.\" \/>\n<meta property=\"og:url\" content=\"https:\/\/news.canadamotorjobs.com\/fr\/elon-musk-aurait-nomme-un-nouveau-pdg-pour-tesla\/\" \/>\n<meta property=\"og:site_name\" content=\"CanadaMotorJobs.com\" \/>\n<meta property=\"article:publisher\" content=\"https:\/\/www.facebook.com\/canadamotorjobs\/\" \/>\n<meta property=\"article:published_time\" content=\"2022-12-08T13:25:33+00:00\" \/>\n<meta property=\"article:modified_time\" content=\"2022-12-08T13:30:06+00:00\" \/>\n<meta property=\"og:image\" content=\"https:\/\/news.canadamotorjobs.com\/wp-content\/uploads\/2022\/12\/20221208142540frontPhoto-1.jpg\" \/>\n\t<meta property=\"og:image:width\" content=\"1000\" \/>\n\t<meta property=\"og:image:height\" content=\"564\" \/>\n\t<meta property=\"og:image:type\" content=\"image\/jpeg\" \/>\n<meta name=\"author\" content=\"Benoit Charette\" \/>\n<meta name=\"twitter:card\" content=\"summary_large_image\" \/>\n<meta name=\"twitter:creator\" content=\"@canadamotorjobs\" \/>\n<meta name=\"twitter:site\" content=\"@canadamotorjobs\" \/>\n<meta name=\"twitter:label1\" content=\"\u00c9crit par\" \/>\n\t<meta name=\"twitter:data1\" content=\"Benoit Charette\" \/>\n\t<meta name=\"twitter:label2\" content=\"Estimation du temps de lecture\" \/>\n\t<meta name=\"twitter:data2\" content=\"1 minute\" \/>\n<!-- \/ Yoast SEO plugin. -->","yoast_head_json":{"title":"Elon Musk aurait nomm\u00e9 un nouveau PDG pour Tesla - CanadaMotorJobs.com","description":"Elon Musk aurait nomm\u00e9 un nouveau PDG pour Tesla - Benoit Charette - Annuel automobile - CanadaMotorJobs.com.","robots":{"index":"index","follow":"follow","max-snippet":"max-snippet:-1","max-image-preview":"max-image-preview:large","max-video-preview":"max-video-preview:-1"},"og_locale":"fr_CA","og_type":"article","og_title":"Elon Musk aurait nomm\u00e9 un nouveau PDG pour Tesla - CanadaMotorJobs.com","og_description":"Elon Musk aurait nomm\u00e9 un nouveau PDG pour Tesla - Benoit Charette - Annuel automobile - CanadaMotorJobs.com.","og_url":"https:\/\/news.canadamotorjobs.com\/fr\/elon-musk-aurait-nomme-un-nouveau-pdg-pour-tesla\/","og_site_name":"CanadaMotorJobs.com","article_publisher":"https:\/\/www.facebook.com\/canadamotorjobs\/","article_published_time":"2022-12-08T13:25:33+00:00","article_modified_time":"2022-12-08T13:30:06+00:00","og_image":[{"width":1000,"height":564,"url":"https:\/\/news.canadamotorjobs.com\/wp-content\/uploads\/2022\/12\/20221208142540frontPhoto-1.jpg","type":"image\/jpeg"}],"author":"Benoit Charette","twitter_card":"summary_large_image","twitter_creator":"@canadamotorjobs","twitter_site":"@canadamotorjobs","twitter_misc":{"\u00c9crit par":"Benoit Charette","Estimation du temps de lecture":"1 minute"},"schema":{"@context":"https:\/\/schema.org","@graph":[{"@type":"Article","@id":"https:\/\/news.canadamotorjobs.com\/fr\/elon-musk-aurait-nomme-un-nouveau-pdg-pour-tesla\/#article","isPartOf":{"@id":"https:\/\/news.canadamotorjobs.com\/fr\/elon-musk-aurait-nomme-un-nouveau-pdg-pour-tesla\/"},"author":{"name":"Benoit Charette","@id":"https:\/\/news.canadamotorjobs.com\/#\/schema\/person\/51793d1f87d44011d7bcc2ed99269a90"},"headline":"Elon Musk aurait nomm\u00e9 un nouveau PDG pour Tesla","datePublished":"2022-12-08T13:25:33+00:00","dateModified":"2022-12-08T13:30:06+00:00","mainEntityOfPage":{"@id":"https:\/\/news.canadamotorjobs.com\/fr\/elon-musk-aurait-nomme-un-nouveau-pdg-pour-tesla\/"},"wordCount":283,"publisher":{"@id":"https:\/\/news.canadamotorjobs.com\/#organization"},"image":{"@id":"https:\/\/news.canadamotorjobs.com\/fr\/elon-musk-aurait-nomme-un-nouveau-pdg-pour-tesla\/#primaryimage"},"thumbnailUrl":"https:\/\/news.canadamotorjobs.com\/wp-content\/uploads\/2022\/12\/20221208142540frontPhoto-1.jpg","articleSection":["Annuel automobile"],"inLanguage":"fr-CA"},{"@type":"WebPage","@id":"https:\/\/news.canadamotorjobs.com\/fr\/elon-musk-aurait-nomme-un-nouveau-pdg-pour-tesla\/","url":"https:\/\/news.canadamotorjobs.com\/fr\/elon-musk-aurait-nomme-un-nouveau-pdg-pour-tesla\/","name":"Elon Musk aurait nomm\u00e9 un nouveau PDG pour Tesla - CanadaMotorJobs.com","isPartOf":{"@id":"https:\/\/news.canadamotorjobs.com\/#website"},"primaryImageOfPage":{"@id":"https:\/\/news.canadamotorjobs.com\/fr\/elon-musk-aurait-nomme-un-nouveau-pdg-pour-tesla\/#primaryimage"},"image":{"@id":"https:\/\/news.canadamotorjobs.com\/fr\/elon-musk-aurait-nomme-un-nouveau-pdg-pour-tesla\/#primaryimage"},"thumbnailUrl":"https:\/\/news.canadamotorjobs.com\/wp-content\/uploads\/2022\/12\/20221208142540frontPhoto-1.jpg","datePublished":"2022-12-08T13:25:33+00:00","dateModified":"2022-12-08T13:30:06+00:00","description":"Elon Musk aurait nomm\u00e9 un nouveau PDG pour Tesla - Benoit Charette - Annuel automobile - CanadaMotorJobs.com.","breadcrumb":{"@id":"https:\/\/news.canadamotorjobs.com\/fr\/elon-musk-aurait-nomme-un-nouveau-pdg-pour-tesla\/#breadcrumb"},"inLanguage":"fr-CA","potentialAction":[{"@type":"ReadAction","target":["https:\/\/news.canadamotorjobs.com\/fr\/elon-musk-aurait-nomme-un-nouveau-pdg-pour-tesla\/"]}]},{"@type":"ImageObject","inLanguage":"fr-CA","@id":"https:\/\/news.canadamotorjobs.com\/fr\/elon-musk-aurait-nomme-un-nouveau-pdg-pour-tesla\/#primaryimage","url":"https:\/\/news.canadamotorjobs.com\/wp-content\/uploads\/2022\/12\/20221208142540frontPhoto-1.jpg","contentUrl":"https:\/\/news.canadamotorjobs.com\/wp-content\/uploads\/2022\/12\/20221208142540frontPhoto-1.jpg","width":1000,"height":564},{"@type":"BreadcrumbList","@id":"https:\/\/news.canadamotorjobs.com\/fr\/elon-musk-aurait-nomme-un-nouveau-pdg-pour-tesla\/#breadcrumb","itemListElement":[{"@type":"ListItem","position":1,"name":"Home","item":"https:\/\/news.canadamotorjobs.com\/fr\/blog\/"},{"@type":"ListItem","position":2,"name":"Elon Musk aurait nomm\u00e9 un nouveau PDG pour Tesla"}]},{"@type":"WebSite","@id":"https:\/\/news.canadamotorjobs.com\/#website","url":"https:\/\/news.canadamotorjobs.com\/","name":"CanadaMotorJobs.com","description":"Automotive Jobs","publisher":{"@id":"https:\/\/news.canadamotorjobs.com\/#organization"},"potentialAction":[{"@type":"SearchAction","target":{"@type":"EntryPoint","urlTemplate":"https:\/\/news.canadamotorjobs.com\/?s={search_term_string}"},"query-input":"required name=search_term_string"}],"inLanguage":"fr-CA"},{"@type":"Organization","@id":"https:\/\/news.canadamotorjobs.com\/#organization","name":"Canada Motor Jobs","url":"https:\/\/news.canadamotorjobs.com\/","logo":{"@type":"ImageObject","inLanguage":"fr-CA","@id":"https:\/\/news.canadamotorjobs.com\/#\/schema\/logo\/image\/","url":"https:\/\/news.canadamotorjobs.com\/wp-content\/uploads\/2022\/10\/logo-canada-motor-jobs-1.png","contentUrl":"https:\/\/news.canadamotorjobs.com\/wp-content\/uploads\/2022\/10\/logo-canada-motor-jobs-1.png","width":800,"height":400,"caption":"Canada Motor Jobs"},"image":{"@id":"https:\/\/news.canadamotorjobs.com\/#\/schema\/logo\/image\/"},"sameAs":["https:\/\/www.facebook.com\/canadamotorjobs\/","https:\/\/x.com\/canadamotorjobs","https:\/\/www.instagram.com\/canadamotorjobs\/","https:\/\/www.linkedin.com\/company\/canadamotorjobs"]},{"@type":"Person","@id":"https:\/\/news.canadamotorjobs.com\/#\/schema\/person\/51793d1f87d44011d7bcc2ed99269a90","name":"Benoit Charette","image":{"@type":"ImageObject","inLanguage":"fr-CA","@id":"https:\/\/news.canadamotorjobs.com\/#\/schema\/person\/image\/","url":"https:\/\/secure.gravatar.com\/avatar\/45f3d2eebcccd909668d7ce7ea7267b6?s=96&d=mm&r=g","contentUrl":"https:\/\/secure.gravatar.com\/avatar\/45f3d2eebcccd909668d7ce7ea7267b6?s=96&d=mm&r=g","caption":"Benoit Charette"},"description":"Benoit Charette \/ Propri\u00e9taire et r\u00e9dacteur en chef Benoit Charette pratique le journalisme automobile depuis bient\u00f4t 30 ans. Il a fait ses classes au c\u00f4t\u00e9 de Daniel H\u00e9raud et au Carnet de route de 1992 \u00e0 2001. Il est fondateur, copropri\u00e9taire et r\u00e9dacteur en chef de L\u2019Annuel de l\u2019automobile, qu\u2019il publie depuis 2001. Il a anim\u00e9 les \u00e9missions RPM et RPM+ sur V et les L\u00e9gendes de la route sur Historia. \u00c0 la radio depuis 1986, il reprend l\u2019antenne cette ann\u00e9e sur les ondes de Cogeco et participe pour la deuxi\u00e8me ann\u00e9e \u00e0 l\u2019\u00e9mission Passion Auto sur RDS en plus de mettre en ligne le site Web officiel de L\u2019Annuel de l\u2019automobile sur annuelauto.ca.","sameAs":["https:\/\/annuelauto.ca\/"],"url":"https:\/\/news.canadamotorjobs.com\/fr\/author\/benoit-charette\/"}]}},"_links":{"self":[{"href":"https:\/\/news.canadamotorjobs.com\/fr\/wp-json\/wp\/v2\/posts\/137023"}],"collection":[{"href":"https:\/\/news.canadamotorjobs.com\/fr\/wp-json\/wp\/v2\/posts"}],"about":[{"href":"https:\/\/news.canadamotorjobs.com\/fr\/wp-json\/wp\/v2\/types\/post"}],"author":[{"embeddable":true,"href":"https:\/\/news.canadamotorjobs.com\/fr\/wp-json\/wp\/v2\/users\/8"}],"replies":[{"embeddable":true,"href":"https:\/\/news.canadamotorjobs.com\/fr\/wp-json\/wp\/v2\/comments?post=137023"}],"version-history":[{"count":0,"href":"https:\/\/news.canadamotorjobs.com\/fr\/wp-json\/wp\/v2\/posts\/137023\/revisions"}],"wp:featuredmedia":[{"embeddable":true,"href":"https:\/\/news.canadamotorjobs.com\/fr\/wp-json\/wp\/v2\/media\/137027"}],"wp:attachment":[{"href":"https:\/\/news.canadamotorjobs.com\/fr\/wp-json\/wp\/v2\/media?parent=137023"}],"wp:term":[{"taxonomy":"category","embeddable":true,"href":"https:\/\/news.canadamotorjobs.com\/fr\/wp-json\/wp\/v2\/categories?post=137023"},{"taxonomy":"post_tag","embeddable":true,"href":"https:\/\/news.canadamotorjobs.com\/fr\/wp-json\/wp\/v2\/tags?post=137023"}],"curies":[{"name":"wp","href":"https:\/\/api.w.org\/{rel}","templated":true}]}}