{"id":137015,"date":"2022-12-07T13:16:09","date_gmt":"2022-12-07T18:16:09","guid":{"rendered":"https:\/\/news.canadamotorjobs.com\/volkswagen-va-remplacer-la-golf-et-le-tiguan-par-des-variantes-electriques-dici-2025\/"},"modified":"2022-12-07T13:29:55","modified_gmt":"2022-12-07T18:29:55","slug":"volkswagen-va-remplacer-la-golf-et-le-tiguan-par-des-variantes-electriques-dici-2025","status":"publish","type":"post","link":"https:\/\/news.canadamotorjobs.com\/fr\/volkswagen-va-remplacer-la-golf-et-le-tiguan-par-des-variantes-electriques-dici-2025\/","title":{"rendered":"Volkswagen va remplacer la Golf et le Tiguan par des variantes \u00e9lectriques d\u2019ici 2025"},"content":{"rendered":"<\/p>\n<p>Volkswagen a annonc\u00e9 de nouveaux plans pour son usine principale de Wolfsburg, o\u00f9 sont assembl\u00e9s la Golf et le Tiguan. Le constructeur automobile allemand investira un demi-million d&#8217;euros pour transformer l&#8217;usine en un site de production exclusivement d\u00e9di\u00e9 aux v\u00e9hicules \u00e9lectriques. Le mod\u00e8le ID.3 sera le premier produit. Il sera suivi par un VUS compact \u00e9lectrique qui remplacera le Tiguan \u00e0 une date qui n\u2019est pas encore d\u00e9termin\u00e9e.<br \/> On p\u00e8se sur l\u2019acc\u00e9l\u00e9rateur<br \/> Depuis le d\u00e9part de son ancien PDG, Herbert Diess, le groupe Volkswagen a revu certaines priorit\u00e9s et remis en cause certains projets comme une deuxi\u00e8me usine \u00e0 Wolfsburg et le projet Trinity. Le nouveau patron de la marque, Thomas Sch\u00e4fer, veut concentrer ses efforts et faire mieux avec ce que la compagnie poss\u00e8de d\u00e9j\u00e0. Si le projet Trinity est toujours d&#8217;actualit\u00e9, il a \u00e9t\u00e9 retard\u00e9 jusqu&#8217;en 2028 au moins, date \u00e0 laquelle il pourrait ne plus avoir d&#8217;importance. Plus tard, Volkswagen a annonc\u00e9 son intention de r\u00e9organiser la plateforme MEB et de la maintenir en production jusqu&#8217;\u00e0 ce que la nouvelle plateforme SSP soit pr\u00eate \u00e0 \u00e9quiper les v\u00e9hicules Trinity.<br \/> Refaire une usine d\u00e9j\u00e0 existante plut\u00f4t que d\u2019en construire une autre<br \/> La derni\u00e8re d\u00e9cision en date est de faire de l&#8217;usine de Wolfsburg une usine de V\u00c9, qui accueillera la production de l&#8217;ID.3 d\u00e8s l&#8217;ann\u00e9e prochaine. La voiture compacte \u00e9lectrique continuera d&#8217;\u00eatre construite \u00e0 Zwickau, mais Wolfsburg offrira une augmentation n\u00e9cessaire de la production. Juste apr\u00e8s la mont\u00e9e en puissance de la production de l&#8217;ID.3, un nouveau mod\u00e8le<\/p>\n","protected":false},"excerpt":{"rendered":"<p>Volkswagen a annonc\u00e9 de nouveaux plans pour son usine principale de Wolfsburg, o\u00f9 sont assembl\u00e9s la Golf et le Tiguan. Le constructeur automobile allemand investira un demi-million d&#8217;euros pour transformer l&#8217;usine en un site de production exclusivement d\u00e9di\u00e9 aux v\u00e9hicules \u00e9lectriques. Le mod\u00e8le ID.3 sera le premier produit. Il sera suivi par un VUS compact [&hellip;]<\/p>\n","protected":false},"author":8,"featured_media":137019,"comment_status":"close","ping_status":"closed","sticky":false,"template":"","format":"standard","meta":{"_monsterinsights_skip_tracking":false,"_monsterinsights_sitenote_active":false,"_monsterinsights_sitenote_note":"","_monsterinsights_sitenote_category":0,"footnotes":""},"categories":[101],"tags":[],"yoast_head":"<!-- This site is optimized with the Yoast SEO plugin v23.2 - https:\/\/yoast.com\/wordpress\/plugins\/seo\/ -->\n<title>Volkswagen va remplacer la Golf et le Tiguan par des variantes \u00e9lectriques d\u2019ici 2025 - CanadaMotorJobs.com<\/title>\n<meta name=\"description\" content=\"Volkswagen va remplacer la Golf et le Tiguan par des variantes \u00e9lectriques d\u2019ici 2025 - Benoit Charette - Annuel automobile - CanadaMotorJobs.com.\" \/>\n<meta name=\"robots\" content=\"index, follow, max-snippet:-1, max-image-preview:large, max-video-preview:-1\" \/>\n<meta property=\"og:locale\" content=\"fr_CA\" \/>\n<meta property=\"og:type\" content=\"article\" \/>\n<meta property=\"og:title\" content=\"Volkswagen va remplacer la Golf et le Tiguan par des variantes \u00e9lectriques d\u2019ici 2025 - CanadaMotorJobs.com\" \/>\n<meta property=\"og:description\" content=\"Volkswagen va remplacer la Golf et le Tiguan par des variantes \u00e9lectriques d\u2019ici 2025 - Benoit Charette - Annuel automobile - CanadaMotorJobs.com.\" \/>\n<meta property=\"og:url\" content=\"https:\/\/news.canadamotorjobs.com\/fr\/volkswagen-va-remplacer-la-golf-et-le-tiguan-par-des-variantes-electriques-dici-2025\/\" \/>\n<meta property=\"og:site_name\" content=\"CanadaMotorJobs.com\" \/>\n<meta property=\"article:publisher\" content=\"https:\/\/www.facebook.com\/canadamotorjobs\/\" \/>\n<meta property=\"article:published_time\" content=\"2022-12-07T18:16:09+00:00\" \/>\n<meta property=\"article:modified_time\" content=\"2022-12-07T18:29:55+00:00\" \/>\n<meta property=\"og:image\" content=\"https:\/\/news.canadamotorjobs.com\/wp-content\/uploads\/2022\/12\/VW_Wolfsburg-scaled-1-1.jpg\" \/>\n\t<meta property=\"og:image:width\" content=\"2560\" \/>\n\t<meta property=\"og:image:height\" content=\"1920\" \/>\n\t<meta property=\"og:image:type\" content=\"image\/jpeg\" \/>\n<meta name=\"author\" content=\"Benoit Charette\" \/>\n<meta name=\"twitter:card\" content=\"summary_large_image\" \/>\n<meta name=\"twitter:creator\" content=\"@canadamotorjobs\" \/>\n<meta name=\"twitter:site\" content=\"@canadamotorjobs\" \/>\n<meta name=\"twitter:label1\" content=\"\u00c9crit par\" \/>\n\t<meta name=\"twitter:data1\" content=\"Benoit Charette\" \/>\n\t<meta name=\"twitter:label2\" content=\"Estimation du temps de lecture\" \/>\n\t<meta name=\"twitter:data2\" content=\"1 minute\" \/>\n<!-- \/ Yoast SEO plugin. -->","yoast_head_json":{"title":"Volkswagen va remplacer la Golf et le Tiguan par des variantes \u00e9lectriques d\u2019ici 2025 - CanadaMotorJobs.com","description":"Volkswagen va remplacer la Golf et le Tiguan par des variantes \u00e9lectriques d\u2019ici 2025 - Benoit Charette - Annuel automobile - CanadaMotorJobs.com.","robots":{"index":"index","follow":"follow","max-snippet":"max-snippet:-1","max-image-preview":"max-image-preview:large","max-video-preview":"max-video-preview:-1"},"og_locale":"fr_CA","og_type":"article","og_title":"Volkswagen va remplacer la Golf et le Tiguan par des variantes \u00e9lectriques d\u2019ici 2025 - CanadaMotorJobs.com","og_description":"Volkswagen va remplacer la Golf et le Tiguan par des variantes \u00e9lectriques d\u2019ici 2025 - Benoit Charette - Annuel automobile - CanadaMotorJobs.com.","og_url":"https:\/\/news.canadamotorjobs.com\/fr\/volkswagen-va-remplacer-la-golf-et-le-tiguan-par-des-variantes-electriques-dici-2025\/","og_site_name":"CanadaMotorJobs.com","article_publisher":"https:\/\/www.facebook.com\/canadamotorjobs\/","article_published_time":"2022-12-07T18:16:09+00:00","article_modified_time":"2022-12-07T18:29:55+00:00","og_image":[{"width":2560,"height":1920,"url":"https:\/\/news.canadamotorjobs.com\/wp-content\/uploads\/2022\/12\/VW_Wolfsburg-scaled-1-1.jpg","type":"image\/jpeg"}],"author":"Benoit Charette","twitter_card":"summary_large_image","twitter_creator":"@canadamotorjobs","twitter_site":"@canadamotorjobs","twitter_misc":{"\u00c9crit par":"Benoit Charette","Estimation du temps de lecture":"1 minute"},"schema":{"@context":"https:\/\/schema.org","@graph":[{"@type":"Article","@id":"https:\/\/news.canadamotorjobs.com\/fr\/volkswagen-va-remplacer-la-golf-et-le-tiguan-par-des-variantes-electriques-dici-2025\/#article","isPartOf":{"@id":"https:\/\/news.canadamotorjobs.com\/fr\/volkswagen-va-remplacer-la-golf-et-le-tiguan-par-des-variantes-electriques-dici-2025\/"},"author":{"name":"Benoit Charette","@id":"https:\/\/news.canadamotorjobs.com\/#\/schema\/person\/51793d1f87d44011d7bcc2ed99269a90"},"headline":"Volkswagen va remplacer la Golf et le Tiguan par des variantes \u00e9lectriques d\u2019ici 2025","datePublished":"2022-12-07T18:16:09+00:00","dateModified":"2022-12-07T18:29:55+00:00","mainEntityOfPage":{"@id":"https:\/\/news.canadamotorjobs.com\/fr\/volkswagen-va-remplacer-la-golf-et-le-tiguan-par-des-variantes-electriques-dici-2025\/"},"wordCount":299,"publisher":{"@id":"https:\/\/news.canadamotorjobs.com\/#organization"},"image":{"@id":"https:\/\/news.canadamotorjobs.com\/fr\/volkswagen-va-remplacer-la-golf-et-le-tiguan-par-des-variantes-electriques-dici-2025\/#primaryimage"},"thumbnailUrl":"https:\/\/news.canadamotorjobs.com\/wp-content\/uploads\/2022\/12\/VW_Wolfsburg-scaled-1-1.jpg","articleSection":["Annuel automobile"],"inLanguage":"fr-CA"},{"@type":"WebPage","@id":"https:\/\/news.canadamotorjobs.com\/fr\/volkswagen-va-remplacer-la-golf-et-le-tiguan-par-des-variantes-electriques-dici-2025\/","url":"https:\/\/news.canadamotorjobs.com\/fr\/volkswagen-va-remplacer-la-golf-et-le-tiguan-par-des-variantes-electriques-dici-2025\/","name":"Volkswagen va remplacer la Golf et le Tiguan par des variantes \u00e9lectriques d\u2019ici 2025 - CanadaMotorJobs.com","isPartOf":{"@id":"https:\/\/news.canadamotorjobs.com\/#website"},"primaryImageOfPage":{"@id":"https:\/\/news.canadamotorjobs.com\/fr\/volkswagen-va-remplacer-la-golf-et-le-tiguan-par-des-variantes-electriques-dici-2025\/#primaryimage"},"image":{"@id":"https:\/\/news.canadamotorjobs.com\/fr\/volkswagen-va-remplacer-la-golf-et-le-tiguan-par-des-variantes-electriques-dici-2025\/#primaryimage"},"thumbnailUrl":"https:\/\/news.canadamotorjobs.com\/wp-content\/uploads\/2022\/12\/VW_Wolfsburg-scaled-1-1.jpg","datePublished":"2022-12-07T18:16:09+00:00","dateModified":"2022-12-07T18:29:55+00:00","description":"Volkswagen va remplacer la Golf et le Tiguan par des variantes \u00e9lectriques d\u2019ici 2025 - Benoit Charette - Annuel automobile - CanadaMotorJobs.com.","breadcrumb":{"@id":"https:\/\/news.canadamotorjobs.com\/fr\/volkswagen-va-remplacer-la-golf-et-le-tiguan-par-des-variantes-electriques-dici-2025\/#breadcrumb"},"inLanguage":"fr-CA","potentialAction":[{"@type":"ReadAction","target":["https:\/\/news.canadamotorjobs.com\/fr\/volkswagen-va-remplacer-la-golf-et-le-tiguan-par-des-variantes-electriques-dici-2025\/"]}]},{"@type":"ImageObject","inLanguage":"fr-CA","@id":"https:\/\/news.canadamotorjobs.com\/fr\/volkswagen-va-remplacer-la-golf-et-le-tiguan-par-des-variantes-electriques-dici-2025\/#primaryimage","url":"https:\/\/news.canadamotorjobs.com\/wp-content\/uploads\/2022\/12\/VW_Wolfsburg-scaled-1-1.jpg","contentUrl":"https:\/\/news.canadamotorjobs.com\/wp-content\/uploads\/2022\/12\/VW_Wolfsburg-scaled-1-1.jpg","width":2560,"height":1920},{"@type":"BreadcrumbList","@id":"https:\/\/news.canadamotorjobs.com\/fr\/volkswagen-va-remplacer-la-golf-et-le-tiguan-par-des-variantes-electriques-dici-2025\/#breadcrumb","itemListElement":[{"@type":"ListItem","position":1,"name":"Home","item":"https:\/\/news.canadamotorjobs.com\/fr\/blog\/"},{"@type":"ListItem","position":2,"name":"Volkswagen va remplacer la Golf et le Tiguan par des variantes \u00e9lectriques d\u2019ici 2025"}]},{"@type":"WebSite","@id":"https:\/\/news.canadamotorjobs.com\/#website","url":"https:\/\/news.canadamotorjobs.com\/","name":"CanadaMotorJobs.com","description":"Automotive Jobs","publisher":{"@id":"https:\/\/news.canadamotorjobs.com\/#organization"},"potentialAction":[{"@type":"SearchAction","target":{"@type":"EntryPoint","urlTemplate":"https:\/\/news.canadamotorjobs.com\/?s={search_term_string}"},"query-input":"required name=search_term_string"}],"inLanguage":"fr-CA"},{"@type":"Organization","@id":"https:\/\/news.canadamotorjobs.com\/#organization","name":"Canada Motor Jobs","url":"https:\/\/news.canadamotorjobs.com\/","logo":{"@type":"ImageObject","inLanguage":"fr-CA","@id":"https:\/\/news.canadamotorjobs.com\/#\/schema\/logo\/image\/","url":"https:\/\/news.canadamotorjobs.com\/wp-content\/uploads\/2022\/10\/logo-canada-motor-jobs-1.png","contentUrl":"https:\/\/news.canadamotorjobs.com\/wp-content\/uploads\/2022\/10\/logo-canada-motor-jobs-1.png","width":800,"height":400,"caption":"Canada Motor Jobs"},"image":{"@id":"https:\/\/news.canadamotorjobs.com\/#\/schema\/logo\/image\/"},"sameAs":["https:\/\/www.facebook.com\/canadamotorjobs\/","https:\/\/x.com\/canadamotorjobs","https:\/\/www.instagram.com\/canadamotorjobs\/","https:\/\/www.linkedin.com\/company\/canadamotorjobs"]},{"@type":"Person","@id":"https:\/\/news.canadamotorjobs.com\/#\/schema\/person\/51793d1f87d44011d7bcc2ed99269a90","name":"Benoit Charette","image":{"@type":"ImageObject","inLanguage":"fr-CA","@id":"https:\/\/news.canadamotorjobs.com\/#\/schema\/person\/image\/","url":"https:\/\/secure.gravatar.com\/avatar\/45f3d2eebcccd909668d7ce7ea7267b6?s=96&d=mm&r=g","contentUrl":"https:\/\/secure.gravatar.com\/avatar\/45f3d2eebcccd909668d7ce7ea7267b6?s=96&d=mm&r=g","caption":"Benoit Charette"},"description":"Benoit Charette \/ Propri\u00e9taire et r\u00e9dacteur en chef Benoit Charette pratique le journalisme automobile depuis bient\u00f4t 30 ans. Il a fait ses classes au c\u00f4t\u00e9 de Daniel H\u00e9raud et au Carnet de route de 1992 \u00e0 2001. Il est fondateur, copropri\u00e9taire et r\u00e9dacteur en chef de L\u2019Annuel de l\u2019automobile, qu\u2019il publie depuis 2001. Il a anim\u00e9 les \u00e9missions RPM et RPM+ sur V et les L\u00e9gendes de la route sur Historia. \u00c0 la radio depuis 1986, il reprend l\u2019antenne cette ann\u00e9e sur les ondes de Cogeco et participe pour la deuxi\u00e8me ann\u00e9e \u00e0 l\u2019\u00e9mission Passion Auto sur RDS en plus de mettre en ligne le site Web officiel de L\u2019Annuel de l\u2019automobile sur annuelauto.ca.","sameAs":["https:\/\/annuelauto.ca\/"],"url":"https:\/\/news.canadamotorjobs.com\/fr\/author\/benoit-charette\/"}]}},"_links":{"self":[{"href":"https:\/\/news.canadamotorjobs.com\/fr\/wp-json\/wp\/v2\/posts\/137015"}],"collection":[{"href":"https:\/\/news.canadamotorjobs.com\/fr\/wp-json\/wp\/v2\/posts"}],"about":[{"href":"https:\/\/news.canadamotorjobs.com\/fr\/wp-json\/wp\/v2\/types\/post"}],"author":[{"embeddable":true,"href":"https:\/\/news.canadamotorjobs.com\/fr\/wp-json\/wp\/v2\/users\/8"}],"replies":[{"embeddable":true,"href":"https:\/\/news.canadamotorjobs.com\/fr\/wp-json\/wp\/v2\/comments?post=137015"}],"version-history":[{"count":0,"href":"https:\/\/news.canadamotorjobs.com\/fr\/wp-json\/wp\/v2\/posts\/137015\/revisions"}],"wp:featuredmedia":[{"embeddable":true,"href":"https:\/\/news.canadamotorjobs.com\/fr\/wp-json\/wp\/v2\/media\/137019"}],"wp:attachment":[{"href":"https:\/\/news.canadamotorjobs.com\/fr\/wp-json\/wp\/v2\/media?parent=137015"}],"wp:term":[{"taxonomy":"category","embeddable":true,"href":"https:\/\/news.canadamotorjobs.com\/fr\/wp-json\/wp\/v2\/categories?post=137015"},{"taxonomy":"post_tag","embeddable":true,"href":"https:\/\/news.canadamotorjobs.com\/fr\/wp-json\/wp\/v2\/tags?post=137015"}],"curies":[{"name":"wp","href":"https:\/\/api.w.org\/{rel}","templated":true}]}}