{"id":136999,"date":"2022-12-07T12:16:07","date_gmt":"2022-12-07T17:16:07","guid":{"rendered":"https:\/\/news.canadamotorjobs.com\/de-serieux-probleme-dembauche-a-lusine-tesla-de-berlin\/"},"modified":"2022-12-07T12:16:17","modified_gmt":"2022-12-07T17:16:17","slug":"de-serieux-probleme-dembauche-a-lusine-tesla-de-berlin","status":"publish","type":"post","link":"https:\/\/news.canadamotorjobs.com\/fr\/de-serieux-probleme-dembauche-a-lusine-tesla-de-berlin\/","title":{"rendered":"De s\u00e9rieux probl\u00e8me d\u2019embauche \u00e0 l\u2019usine Tesla de Berlin"},"content":{"rendered":"<\/p>\n<p>Alors que d\u2019un c\u00f4t\u00e9 Elon Musk a remerci\u00e9 un grand nombre d\u2019employ\u00e9s chez Twitter, il n\u2019arrive pas \u00e0 embaucher assez de personnel \u00e0 son usine Tesla de Berlin. Un employ\u00e9 du site de Berlin qui a requis l&#8217;anonymat par crainte de perdre son emploi, a d\u00e9crit au magazine Wired la situation de la gigafactory europ\u00e9enne comme un &#8220;chaos total&#8221;, et a affirm\u00e9 que certains membres du personnel ont \u00e9t\u00e9 en arr\u00eat maladie plus longtemps qu&#8217;ils n&#8217;ont travaill\u00e9, n&#8217;\u00e9tant pr\u00e9sents qu&#8217;une poign\u00e9e de semaines en six mois.<\/p>\n<p> Des objectifs qui ne sont pas atteints<br \/> Le rapport affirme que les postes vacants chez Tesla ont doubl\u00e9 depuis juin au niveau mondial et que l&#8217;entreprise n&#8217;a r\u00e9ussi \u00e0 trouver que 7 000 des 12\u00a0000 employ\u00e9s pr\u00e9vus sur le site de Berlin, ce qui entrave les objectifs de productivit\u00e9. Tesla esp\u00e9rait produire 5 000 Model Y par semaine d&#8217;ici la fin de l&#8217;ann\u00e9e 2022, mais en octobre, elle en construisait moins de la moiti\u00e9, soit seulement 2 000 unit\u00e9s, ce qui rend l&#8217;usine allemande peu comp\u00e9titive par rapport aux autres usines Tesla.<br \/> Un salaire moins concurrentiel<br \/> L&#8217;un des principaux obstacles que rencontre Tesla pour attirer les talents est qu&#8217;elle est consid\u00e9r\u00e9e comme moins d\u00e9sirable que les autres constructeurs automobiles. Le syndicat allemand des m\u00e9tallurgistes IG Metall affirme que Tesla paie 20\u00a0% de moins que les entreprises similaires, et c&#8217;est un probl\u00e8me majeur alors que la r\u00e9gion ne manque pas de possibilit\u00e9s d&#8217;emploi. &#8220;Il y a partout une p\u00e9nurie de travailleurs qualifi\u00e9s&#8221;, a d\u00e9clar\u00e9<\/p>\n","protected":false},"excerpt":{"rendered":"<p>Alors que d\u2019un c\u00f4t\u00e9 Elon Musk a remerci\u00e9 un grand nombre d\u2019employ\u00e9s chez Twitter, il n\u2019arrive pas \u00e0 embaucher assez de personnel \u00e0 son usine Tesla de Berlin. Un employ\u00e9 du site de Berlin qui a requis l&#8217;anonymat par crainte de perdre son emploi, a d\u00e9crit au magazine Wired la situation de la gigafactory europ\u00e9enne [&hellip;]<\/p>\n","protected":false},"author":8,"featured_media":137003,"comment_status":"close","ping_status":"closed","sticky":false,"template":"","format":"standard","meta":{"_monsterinsights_skip_tracking":false,"_monsterinsights_sitenote_active":false,"_monsterinsights_sitenote_note":"","_monsterinsights_sitenote_category":0,"footnotes":""},"categories":[101],"tags":[],"yoast_head":"<!-- This site is optimized with the Yoast SEO plugin v23.2 - https:\/\/yoast.com\/wordpress\/plugins\/seo\/ -->\n<title>De s\u00e9rieux probl\u00e8me d\u2019embauche \u00e0 l\u2019usine Tesla de Berlin - CanadaMotorJobs.com<\/title>\n<meta name=\"description\" content=\"De s\u00e9rieux probl\u00e8me d\u2019embauche \u00e0 l\u2019usine Tesla de Berlin - Benoit Charette - Annuel automobile - CanadaMotorJobs.com.\" \/>\n<meta name=\"robots\" content=\"index, follow, max-snippet:-1, max-image-preview:large, max-video-preview:-1\" \/>\n<meta property=\"og:locale\" content=\"fr_CA\" \/>\n<meta property=\"og:type\" content=\"article\" \/>\n<meta property=\"og:title\" content=\"De s\u00e9rieux probl\u00e8me d\u2019embauche \u00e0 l\u2019usine Tesla de Berlin - CanadaMotorJobs.com\" \/>\n<meta property=\"og:description\" content=\"De s\u00e9rieux probl\u00e8me d\u2019embauche \u00e0 l\u2019usine Tesla de Berlin - Benoit Charette - Annuel automobile - CanadaMotorJobs.com.\" \/>\n<meta property=\"og:url\" content=\"https:\/\/news.canadamotorjobs.com\/fr\/de-serieux-probleme-dembauche-a-lusine-tesla-de-berlin\/\" \/>\n<meta property=\"og:site_name\" content=\"CanadaMotorJobs.com\" \/>\n<meta property=\"article:publisher\" content=\"https:\/\/www.facebook.com\/canadamotorjobs\/\" \/>\n<meta property=\"article:published_time\" content=\"2022-12-07T17:16:07+00:00\" \/>\n<meta property=\"article:modified_time\" content=\"2022-12-07T17:16:17+00:00\" \/>\n<meta property=\"og:image\" content=\"https:\/\/news.canadamotorjobs.com\/wp-content\/uploads\/2022\/12\/tesla-giga-berlin-3a-1.jpeg\" \/>\n\t<meta property=\"og:image:width\" content=\"2048\" \/>\n\t<meta property=\"og:image:height\" content=\"1023\" \/>\n\t<meta property=\"og:image:type\" content=\"image\/jpeg\" \/>\n<meta name=\"author\" content=\"Benoit Charette\" \/>\n<meta name=\"twitter:card\" content=\"summary_large_image\" \/>\n<meta name=\"twitter:creator\" content=\"@canadamotorjobs\" \/>\n<meta name=\"twitter:site\" content=\"@canadamotorjobs\" \/>\n<meta name=\"twitter:label1\" content=\"\u00c9crit par\" \/>\n\t<meta name=\"twitter:data1\" content=\"Benoit Charette\" \/>\n\t<meta name=\"twitter:label2\" content=\"Estimation du temps de lecture\" \/>\n\t<meta name=\"twitter:data2\" content=\"1 minute\" \/>\n<!-- \/ Yoast SEO plugin. -->","yoast_head_json":{"title":"De s\u00e9rieux probl\u00e8me d\u2019embauche \u00e0 l\u2019usine Tesla de Berlin - CanadaMotorJobs.com","description":"De s\u00e9rieux probl\u00e8me d\u2019embauche \u00e0 l\u2019usine Tesla de Berlin - Benoit Charette - Annuel automobile - CanadaMotorJobs.com.","robots":{"index":"index","follow":"follow","max-snippet":"max-snippet:-1","max-image-preview":"max-image-preview:large","max-video-preview":"max-video-preview:-1"},"og_locale":"fr_CA","og_type":"article","og_title":"De s\u00e9rieux probl\u00e8me d\u2019embauche \u00e0 l\u2019usine Tesla de Berlin - CanadaMotorJobs.com","og_description":"De s\u00e9rieux probl\u00e8me d\u2019embauche \u00e0 l\u2019usine Tesla de Berlin - Benoit Charette - Annuel automobile - CanadaMotorJobs.com.","og_url":"https:\/\/news.canadamotorjobs.com\/fr\/de-serieux-probleme-dembauche-a-lusine-tesla-de-berlin\/","og_site_name":"CanadaMotorJobs.com","article_publisher":"https:\/\/www.facebook.com\/canadamotorjobs\/","article_published_time":"2022-12-07T17:16:07+00:00","article_modified_time":"2022-12-07T17:16:17+00:00","og_image":[{"width":2048,"height":1023,"url":"https:\/\/news.canadamotorjobs.com\/wp-content\/uploads\/2022\/12\/tesla-giga-berlin-3a-1.jpeg","type":"image\/jpeg"}],"author":"Benoit Charette","twitter_card":"summary_large_image","twitter_creator":"@canadamotorjobs","twitter_site":"@canadamotorjobs","twitter_misc":{"\u00c9crit par":"Benoit Charette","Estimation du temps de lecture":"1 minute"},"schema":{"@context":"https:\/\/schema.org","@graph":[{"@type":"Article","@id":"https:\/\/news.canadamotorjobs.com\/fr\/de-serieux-probleme-dembauche-a-lusine-tesla-de-berlin\/#article","isPartOf":{"@id":"https:\/\/news.canadamotorjobs.com\/fr\/de-serieux-probleme-dembauche-a-lusine-tesla-de-berlin\/"},"author":{"name":"Benoit Charette","@id":"https:\/\/news.canadamotorjobs.com\/#\/schema\/person\/51793d1f87d44011d7bcc2ed99269a90"},"headline":"De s\u00e9rieux probl\u00e8me d\u2019embauche \u00e0 l\u2019usine Tesla de Berlin","datePublished":"2022-12-07T17:16:07+00:00","dateModified":"2022-12-07T17:16:17+00:00","mainEntityOfPage":{"@id":"https:\/\/news.canadamotorjobs.com\/fr\/de-serieux-probleme-dembauche-a-lusine-tesla-de-berlin\/"},"wordCount":290,"publisher":{"@id":"https:\/\/news.canadamotorjobs.com\/#organization"},"image":{"@id":"https:\/\/news.canadamotorjobs.com\/fr\/de-serieux-probleme-dembauche-a-lusine-tesla-de-berlin\/#primaryimage"},"thumbnailUrl":"https:\/\/news.canadamotorjobs.com\/wp-content\/uploads\/2022\/12\/tesla-giga-berlin-3a-1.jpeg","articleSection":["Annuel automobile"],"inLanguage":"fr-CA"},{"@type":"WebPage","@id":"https:\/\/news.canadamotorjobs.com\/fr\/de-serieux-probleme-dembauche-a-lusine-tesla-de-berlin\/","url":"https:\/\/news.canadamotorjobs.com\/fr\/de-serieux-probleme-dembauche-a-lusine-tesla-de-berlin\/","name":"De s\u00e9rieux probl\u00e8me d\u2019embauche \u00e0 l\u2019usine Tesla de Berlin - CanadaMotorJobs.com","isPartOf":{"@id":"https:\/\/news.canadamotorjobs.com\/#website"},"primaryImageOfPage":{"@id":"https:\/\/news.canadamotorjobs.com\/fr\/de-serieux-probleme-dembauche-a-lusine-tesla-de-berlin\/#primaryimage"},"image":{"@id":"https:\/\/news.canadamotorjobs.com\/fr\/de-serieux-probleme-dembauche-a-lusine-tesla-de-berlin\/#primaryimage"},"thumbnailUrl":"https:\/\/news.canadamotorjobs.com\/wp-content\/uploads\/2022\/12\/tesla-giga-berlin-3a-1.jpeg","datePublished":"2022-12-07T17:16:07+00:00","dateModified":"2022-12-07T17:16:17+00:00","description":"De s\u00e9rieux probl\u00e8me d\u2019embauche \u00e0 l\u2019usine Tesla de Berlin - Benoit Charette - Annuel automobile - CanadaMotorJobs.com.","breadcrumb":{"@id":"https:\/\/news.canadamotorjobs.com\/fr\/de-serieux-probleme-dembauche-a-lusine-tesla-de-berlin\/#breadcrumb"},"inLanguage":"fr-CA","potentialAction":[{"@type":"ReadAction","target":["https:\/\/news.canadamotorjobs.com\/fr\/de-serieux-probleme-dembauche-a-lusine-tesla-de-berlin\/"]}]},{"@type":"ImageObject","inLanguage":"fr-CA","@id":"https:\/\/news.canadamotorjobs.com\/fr\/de-serieux-probleme-dembauche-a-lusine-tesla-de-berlin\/#primaryimage","url":"https:\/\/news.canadamotorjobs.com\/wp-content\/uploads\/2022\/12\/tesla-giga-berlin-3a-1.jpeg","contentUrl":"https:\/\/news.canadamotorjobs.com\/wp-content\/uploads\/2022\/12\/tesla-giga-berlin-3a-1.jpeg","width":2048,"height":1023},{"@type":"BreadcrumbList","@id":"https:\/\/news.canadamotorjobs.com\/fr\/de-serieux-probleme-dembauche-a-lusine-tesla-de-berlin\/#breadcrumb","itemListElement":[{"@type":"ListItem","position":1,"name":"Home","item":"https:\/\/news.canadamotorjobs.com\/fr\/blog\/"},{"@type":"ListItem","position":2,"name":"De s\u00e9rieux probl\u00e8me d\u2019embauche \u00e0 l\u2019usine Tesla de Berlin"}]},{"@type":"WebSite","@id":"https:\/\/news.canadamotorjobs.com\/#website","url":"https:\/\/news.canadamotorjobs.com\/","name":"CanadaMotorJobs.com","description":"Automotive Jobs","publisher":{"@id":"https:\/\/news.canadamotorjobs.com\/#organization"},"potentialAction":[{"@type":"SearchAction","target":{"@type":"EntryPoint","urlTemplate":"https:\/\/news.canadamotorjobs.com\/?s={search_term_string}"},"query-input":"required name=search_term_string"}],"inLanguage":"fr-CA"},{"@type":"Organization","@id":"https:\/\/news.canadamotorjobs.com\/#organization","name":"Canada Motor Jobs","url":"https:\/\/news.canadamotorjobs.com\/","logo":{"@type":"ImageObject","inLanguage":"fr-CA","@id":"https:\/\/news.canadamotorjobs.com\/#\/schema\/logo\/image\/","url":"https:\/\/news.canadamotorjobs.com\/wp-content\/uploads\/2022\/10\/logo-canada-motor-jobs-1.png","contentUrl":"https:\/\/news.canadamotorjobs.com\/wp-content\/uploads\/2022\/10\/logo-canada-motor-jobs-1.png","width":800,"height":400,"caption":"Canada Motor Jobs"},"image":{"@id":"https:\/\/news.canadamotorjobs.com\/#\/schema\/logo\/image\/"},"sameAs":["https:\/\/www.facebook.com\/canadamotorjobs\/","https:\/\/x.com\/canadamotorjobs","https:\/\/www.instagram.com\/canadamotorjobs\/","https:\/\/www.linkedin.com\/company\/canadamotorjobs"]},{"@type":"Person","@id":"https:\/\/news.canadamotorjobs.com\/#\/schema\/person\/51793d1f87d44011d7bcc2ed99269a90","name":"Benoit Charette","image":{"@type":"ImageObject","inLanguage":"fr-CA","@id":"https:\/\/news.canadamotorjobs.com\/#\/schema\/person\/image\/","url":"https:\/\/secure.gravatar.com\/avatar\/45f3d2eebcccd909668d7ce7ea7267b6?s=96&d=mm&r=g","contentUrl":"https:\/\/secure.gravatar.com\/avatar\/45f3d2eebcccd909668d7ce7ea7267b6?s=96&d=mm&r=g","caption":"Benoit Charette"},"description":"Benoit Charette \/ Propri\u00e9taire et r\u00e9dacteur en chef Benoit Charette pratique le journalisme automobile depuis bient\u00f4t 30 ans. Il a fait ses classes au c\u00f4t\u00e9 de Daniel H\u00e9raud et au Carnet de route de 1992 \u00e0 2001. Il est fondateur, copropri\u00e9taire et r\u00e9dacteur en chef de L\u2019Annuel de l\u2019automobile, qu\u2019il publie depuis 2001. Il a anim\u00e9 les \u00e9missions RPM et RPM+ sur V et les L\u00e9gendes de la route sur Historia. \u00c0 la radio depuis 1986, il reprend l\u2019antenne cette ann\u00e9e sur les ondes de Cogeco et participe pour la deuxi\u00e8me ann\u00e9e \u00e0 l\u2019\u00e9mission Passion Auto sur RDS en plus de mettre en ligne le site Web officiel de L\u2019Annuel de l\u2019automobile sur annuelauto.ca.","sameAs":["https:\/\/annuelauto.ca\/"],"url":"https:\/\/news.canadamotorjobs.com\/fr\/author\/benoit-charette\/"}]}},"_links":{"self":[{"href":"https:\/\/news.canadamotorjobs.com\/fr\/wp-json\/wp\/v2\/posts\/136999"}],"collection":[{"href":"https:\/\/news.canadamotorjobs.com\/fr\/wp-json\/wp\/v2\/posts"}],"about":[{"href":"https:\/\/news.canadamotorjobs.com\/fr\/wp-json\/wp\/v2\/types\/post"}],"author":[{"embeddable":true,"href":"https:\/\/news.canadamotorjobs.com\/fr\/wp-json\/wp\/v2\/users\/8"}],"replies":[{"embeddable":true,"href":"https:\/\/news.canadamotorjobs.com\/fr\/wp-json\/wp\/v2\/comments?post=136999"}],"version-history":[{"count":0,"href":"https:\/\/news.canadamotorjobs.com\/fr\/wp-json\/wp\/v2\/posts\/136999\/revisions"}],"wp:featuredmedia":[{"embeddable":true,"href":"https:\/\/news.canadamotorjobs.com\/fr\/wp-json\/wp\/v2\/media\/137003"}],"wp:attachment":[{"href":"https:\/\/news.canadamotorjobs.com\/fr\/wp-json\/wp\/v2\/media?parent=136999"}],"wp:term":[{"taxonomy":"category","embeddable":true,"href":"https:\/\/news.canadamotorjobs.com\/fr\/wp-json\/wp\/v2\/categories?post=136999"},{"taxonomy":"post_tag","embeddable":true,"href":"https:\/\/news.canadamotorjobs.com\/fr\/wp-json\/wp\/v2\/tags?post=136999"}],"curies":[{"name":"wp","href":"https:\/\/api.w.org\/{rel}","templated":true}]}}