{"id":136982,"date":"2022-12-06T13:25:44","date_gmt":"2022-12-06T18:25:44","guid":{"rendered":"https:\/\/news.canadamotorjobs.com\/airwheel-se3-s-la-valise-qui-se-prend-pour-un-scooter\/"},"modified":"2022-12-06T17:42:30","modified_gmt":"2022-12-06T22:42:30","slug":"airwheel-se3-s-la-valise-qui-se-prend-pour-un-scooter","status":"publish","type":"post","link":"https:\/\/news.canadamotorjobs.com\/fr\/airwheel-se3-s-la-valise-qui-se-prend-pour-un-scooter\/","title":{"rendered":"Airwheel SE3 S, la valise qui se prend pour un scooter"},"content":{"rendered":"<p>En 1991, on a bien ri lorsque des ing\u00e9nieurs de <a href=\"https:\/\/annuelauto.ca\/mazda-revise-et-accelere-son-plan-delectrification-au-canada\/\" target=\"_blank\" rel=\"noopener noreferrer\">Mazda<\/a> ont pr\u00e9sent\u00e9 l\u2019autovalise; une valise qui se transformait en voiturette monoplace. Mais personne n\u2019imaginait que trente ans plus tard une entreprise chinoise appel\u00e9e Airwheel offrirait, non pas un mod\u00e8le de s\u00e9rie du genre, mais bien une gamme de valises motoris\u00e9es. La SE3 S, une valise que l\u2019on peut enfourcher \u00e0 la fa\u00e7on d\u2019un scooter, est sa plus r\u00e9cente nouveaut\u00e9.<\/p>\n<p>Fond\u00e9e en 2004, la soci\u00e9t\u00e9 Airwheel fabrique une gamme de produits motoris\u00e9s r\u00e9pondant \u00e0 divers besoins en mati\u00e8re de mobilit\u00e9 personnelle. Cela va du d\u00e9ambulateur au fauteuil roulant pliable, en passant par la trottinette et le v\u00e9lo \u00e0 assistance <a href=\"https:\/\/annuelauto.ca\/pourquoi-lattente-est-si-longue-pour-les-vehicules-electriques\/\" target=\"_blank\" rel=\"noopener noreferrer\">\u00e9lectrique<\/a>. C\u2019est sans oublier les valises, toutes motoris\u00e9es, cela va de soi. Il y a des valises robotis\u00e9es, qui suivent leur utilisateur comme un chien de poche, et les valises motoris\u00e9es sur lesquelles il est possible de se d\u00e9placer.<\/p>\n<p>Airwheel a, par ailleurs, eu un bref moment de c\u00e9l\u00e9brit\u00e9 durant les Jeux olympiques de Tokyo, en 2020, lorsque la jeune athl\u00e8te Liu Lingling a fait son apparition sur le terrain en se d\u00e9pla\u00e7ant sur une de ces valises motoris\u00e9es. Elle a ensuite d\u00e9croch\u00e9 la m\u00e9daille d\u2019argent \u00e0 la trampoline.<\/p>\n<h3>Pourquoi marcher lorsqu\u2019on peut rouler ?<\/h3>\n<p>La valise SE3 S est la plus r\u00e9cente cr\u00e9ation de ce fabricant. Con\u00e7ue pour servir de bagages \u00e0 main dans les avions, comme ses autres produits, elle a une poign\u00e9e t\u00e9lescopique ergonomique extensible, une hauteur hors-tout de 56\u00a0cm (22\u00a0po) et un volume utile de 20\u00a0litres,<\/p>\n","protected":false},"excerpt":{"rendered":"<p>En 1991, on a bien ri lorsque des ing\u00e9nieurs de Mazda ont pr\u00e9sent\u00e9 l\u2019autovalise; une valise qui se transformait en voiturette monoplace. Mais personne n\u2019imaginait que trente ans plus tard une entreprise chinoise appel\u00e9e Airwheel offrirait, non pas un mod\u00e8le de s\u00e9rie du genre, mais bien une gamme de valises motoris\u00e9es. La SE3 S, une [&hellip;]<\/p>\n","protected":false},"author":8,"featured_media":136986,"comment_status":"close","ping_status":"closed","sticky":false,"template":"","format":"standard","meta":{"_monsterinsights_skip_tracking":false,"_monsterinsights_sitenote_active":false,"_monsterinsights_sitenote_note":"","_monsterinsights_sitenote_category":0,"footnotes":""},"categories":[101],"tags":[],"yoast_head":"<!-- This site is optimized with the Yoast SEO plugin v23.2 - https:\/\/yoast.com\/wordpress\/plugins\/seo\/ -->\n<title>Airwheel SE3 S, la valise qui se prend pour un scooter - CanadaMotorJobs.com<\/title>\n<meta name=\"description\" content=\"Airwheel SE3 S, la valise qui se prend pour un scooter - Benoit Charette - Annuel automobile - CanadaMotorJobs.com.\" \/>\n<meta name=\"robots\" content=\"index, follow, max-snippet:-1, max-image-preview:large, max-video-preview:-1\" \/>\n<meta property=\"og:locale\" content=\"fr_CA\" \/>\n<meta property=\"og:type\" content=\"article\" \/>\n<meta property=\"og:title\" content=\"Airwheel SE3 S, la valise qui se prend pour un scooter - CanadaMotorJobs.com\" \/>\n<meta property=\"og:description\" content=\"Airwheel SE3 S, la valise qui se prend pour un scooter - Benoit Charette - Annuel automobile - CanadaMotorJobs.com.\" \/>\n<meta property=\"og:url\" content=\"https:\/\/news.canadamotorjobs.com\/fr\/airwheel-se3-s-la-valise-qui-se-prend-pour-un-scooter\/\" \/>\n<meta property=\"og:site_name\" content=\"CanadaMotorJobs.com\" \/>\n<meta property=\"article:publisher\" content=\"https:\/\/www.facebook.com\/canadamotorjobs\/\" \/>\n<meta property=\"article:published_time\" content=\"2022-12-06T18:25:44+00:00\" \/>\n<meta property=\"article:modified_time\" content=\"2022-12-06T22:42:30+00:00\" \/>\n<meta property=\"og:image\" content=\"https:\/\/news.canadamotorjobs.com\/wp-content\/uploads\/2022\/12\/Airwheel-SE3S-1-1.jpg\" \/>\n\t<meta property=\"og:image:width\" content=\"1500\" \/>\n\t<meta property=\"og:image:height\" content=\"1000\" \/>\n\t<meta property=\"og:image:type\" content=\"image\/jpeg\" \/>\n<meta name=\"author\" content=\"Benoit Charette\" \/>\n<meta name=\"twitter:card\" content=\"summary_large_image\" \/>\n<meta name=\"twitter:creator\" content=\"@canadamotorjobs\" \/>\n<meta name=\"twitter:site\" content=\"@canadamotorjobs\" \/>\n<meta name=\"twitter:label1\" content=\"\u00c9crit par\" \/>\n\t<meta name=\"twitter:data1\" content=\"Benoit Charette\" \/>\n\t<meta name=\"twitter:label2\" content=\"Estimation du temps de lecture\" \/>\n\t<meta name=\"twitter:data2\" content=\"2 minutes\" \/>\n<!-- \/ Yoast SEO plugin. -->","yoast_head_json":{"title":"Airwheel SE3 S, la valise qui se prend pour un scooter - CanadaMotorJobs.com","description":"Airwheel SE3 S, la valise qui se prend pour un scooter - Benoit Charette - Annuel automobile - CanadaMotorJobs.com.","robots":{"index":"index","follow":"follow","max-snippet":"max-snippet:-1","max-image-preview":"max-image-preview:large","max-video-preview":"max-video-preview:-1"},"og_locale":"fr_CA","og_type":"article","og_title":"Airwheel SE3 S, la valise qui se prend pour un scooter - CanadaMotorJobs.com","og_description":"Airwheel SE3 S, la valise qui se prend pour un scooter - Benoit Charette - Annuel automobile - CanadaMotorJobs.com.","og_url":"https:\/\/news.canadamotorjobs.com\/fr\/airwheel-se3-s-la-valise-qui-se-prend-pour-un-scooter\/","og_site_name":"CanadaMotorJobs.com","article_publisher":"https:\/\/www.facebook.com\/canadamotorjobs\/","article_published_time":"2022-12-06T18:25:44+00:00","article_modified_time":"2022-12-06T22:42:30+00:00","og_image":[{"width":1500,"height":1000,"url":"https:\/\/news.canadamotorjobs.com\/wp-content\/uploads\/2022\/12\/Airwheel-SE3S-1-1.jpg","type":"image\/jpeg"}],"author":"Benoit Charette","twitter_card":"summary_large_image","twitter_creator":"@canadamotorjobs","twitter_site":"@canadamotorjobs","twitter_misc":{"\u00c9crit par":"Benoit Charette","Estimation du temps de lecture":"2 minutes"},"schema":{"@context":"https:\/\/schema.org","@graph":[{"@type":"Article","@id":"https:\/\/news.canadamotorjobs.com\/fr\/airwheel-se3-s-la-valise-qui-se-prend-pour-un-scooter\/#article","isPartOf":{"@id":"https:\/\/news.canadamotorjobs.com\/fr\/airwheel-se3-s-la-valise-qui-se-prend-pour-un-scooter\/"},"author":{"name":"Benoit Charette","@id":"https:\/\/news.canadamotorjobs.com\/#\/schema\/person\/51793d1f87d44011d7bcc2ed99269a90"},"headline":"Airwheel SE3 S, la valise qui se prend pour un scooter","datePublished":"2022-12-06T18:25:44+00:00","dateModified":"2022-12-06T22:42:30+00:00","mainEntityOfPage":{"@id":"https:\/\/news.canadamotorjobs.com\/fr\/airwheel-se3-s-la-valise-qui-se-prend-pour-un-scooter\/"},"wordCount":290,"publisher":{"@id":"https:\/\/news.canadamotorjobs.com\/#organization"},"image":{"@id":"https:\/\/news.canadamotorjobs.com\/fr\/airwheel-se3-s-la-valise-qui-se-prend-pour-un-scooter\/#primaryimage"},"thumbnailUrl":"https:\/\/news.canadamotorjobs.com\/wp-content\/uploads\/2022\/12\/Airwheel-SE3S-1-1.jpg","articleSection":["Annuel automobile"],"inLanguage":"fr-CA"},{"@type":"WebPage","@id":"https:\/\/news.canadamotorjobs.com\/fr\/airwheel-se3-s-la-valise-qui-se-prend-pour-un-scooter\/","url":"https:\/\/news.canadamotorjobs.com\/fr\/airwheel-se3-s-la-valise-qui-se-prend-pour-un-scooter\/","name":"Airwheel SE3 S, la valise qui se prend pour un scooter - CanadaMotorJobs.com","isPartOf":{"@id":"https:\/\/news.canadamotorjobs.com\/#website"},"primaryImageOfPage":{"@id":"https:\/\/news.canadamotorjobs.com\/fr\/airwheel-se3-s-la-valise-qui-se-prend-pour-un-scooter\/#primaryimage"},"image":{"@id":"https:\/\/news.canadamotorjobs.com\/fr\/airwheel-se3-s-la-valise-qui-se-prend-pour-un-scooter\/#primaryimage"},"thumbnailUrl":"https:\/\/news.canadamotorjobs.com\/wp-content\/uploads\/2022\/12\/Airwheel-SE3S-1-1.jpg","datePublished":"2022-12-06T18:25:44+00:00","dateModified":"2022-12-06T22:42:30+00:00","description":"Airwheel SE3 S, la valise qui se prend pour un scooter - Benoit Charette - Annuel automobile - CanadaMotorJobs.com.","breadcrumb":{"@id":"https:\/\/news.canadamotorjobs.com\/fr\/airwheel-se3-s-la-valise-qui-se-prend-pour-un-scooter\/#breadcrumb"},"inLanguage":"fr-CA","potentialAction":[{"@type":"ReadAction","target":["https:\/\/news.canadamotorjobs.com\/fr\/airwheel-se3-s-la-valise-qui-se-prend-pour-un-scooter\/"]}]},{"@type":"ImageObject","inLanguage":"fr-CA","@id":"https:\/\/news.canadamotorjobs.com\/fr\/airwheel-se3-s-la-valise-qui-se-prend-pour-un-scooter\/#primaryimage","url":"https:\/\/news.canadamotorjobs.com\/wp-content\/uploads\/2022\/12\/Airwheel-SE3S-1-1.jpg","contentUrl":"https:\/\/news.canadamotorjobs.com\/wp-content\/uploads\/2022\/12\/Airwheel-SE3S-1-1.jpg","width":1500,"height":1000},{"@type":"BreadcrumbList","@id":"https:\/\/news.canadamotorjobs.com\/fr\/airwheel-se3-s-la-valise-qui-se-prend-pour-un-scooter\/#breadcrumb","itemListElement":[{"@type":"ListItem","position":1,"name":"Home","item":"https:\/\/news.canadamotorjobs.com\/fr\/blog\/"},{"@type":"ListItem","position":2,"name":"Airwheel SE3 S, la valise qui se prend pour un scooter"}]},{"@type":"WebSite","@id":"https:\/\/news.canadamotorjobs.com\/#website","url":"https:\/\/news.canadamotorjobs.com\/","name":"CanadaMotorJobs.com","description":"Automotive Jobs","publisher":{"@id":"https:\/\/news.canadamotorjobs.com\/#organization"},"potentialAction":[{"@type":"SearchAction","target":{"@type":"EntryPoint","urlTemplate":"https:\/\/news.canadamotorjobs.com\/?s={search_term_string}"},"query-input":"required name=search_term_string"}],"inLanguage":"fr-CA"},{"@type":"Organization","@id":"https:\/\/news.canadamotorjobs.com\/#organization","name":"Canada Motor Jobs","url":"https:\/\/news.canadamotorjobs.com\/","logo":{"@type":"ImageObject","inLanguage":"fr-CA","@id":"https:\/\/news.canadamotorjobs.com\/#\/schema\/logo\/image\/","url":"https:\/\/news.canadamotorjobs.com\/wp-content\/uploads\/2022\/10\/logo-canada-motor-jobs-1.png","contentUrl":"https:\/\/news.canadamotorjobs.com\/wp-content\/uploads\/2022\/10\/logo-canada-motor-jobs-1.png","width":800,"height":400,"caption":"Canada Motor Jobs"},"image":{"@id":"https:\/\/news.canadamotorjobs.com\/#\/schema\/logo\/image\/"},"sameAs":["https:\/\/www.facebook.com\/canadamotorjobs\/","https:\/\/x.com\/canadamotorjobs","https:\/\/www.instagram.com\/canadamotorjobs\/","https:\/\/www.linkedin.com\/company\/canadamotorjobs"]},{"@type":"Person","@id":"https:\/\/news.canadamotorjobs.com\/#\/schema\/person\/51793d1f87d44011d7bcc2ed99269a90","name":"Benoit Charette","image":{"@type":"ImageObject","inLanguage":"fr-CA","@id":"https:\/\/news.canadamotorjobs.com\/#\/schema\/person\/image\/","url":"https:\/\/secure.gravatar.com\/avatar\/45f3d2eebcccd909668d7ce7ea7267b6?s=96&d=mm&r=g","contentUrl":"https:\/\/secure.gravatar.com\/avatar\/45f3d2eebcccd909668d7ce7ea7267b6?s=96&d=mm&r=g","caption":"Benoit Charette"},"description":"Benoit Charette \/ Propri\u00e9taire et r\u00e9dacteur en chef Benoit Charette pratique le journalisme automobile depuis bient\u00f4t 30 ans. Il a fait ses classes au c\u00f4t\u00e9 de Daniel H\u00e9raud et au Carnet de route de 1992 \u00e0 2001. Il est fondateur, copropri\u00e9taire et r\u00e9dacteur en chef de L\u2019Annuel de l\u2019automobile, qu\u2019il publie depuis 2001. Il a anim\u00e9 les \u00e9missions RPM et RPM+ sur V et les L\u00e9gendes de la route sur Historia. \u00c0 la radio depuis 1986, il reprend l\u2019antenne cette ann\u00e9e sur les ondes de Cogeco et participe pour la deuxi\u00e8me ann\u00e9e \u00e0 l\u2019\u00e9mission Passion Auto sur RDS en plus de mettre en ligne le site Web officiel de L\u2019Annuel de l\u2019automobile sur annuelauto.ca.","sameAs":["https:\/\/annuelauto.ca\/"],"url":"https:\/\/news.canadamotorjobs.com\/fr\/author\/benoit-charette\/"}]}},"_links":{"self":[{"href":"https:\/\/news.canadamotorjobs.com\/fr\/wp-json\/wp\/v2\/posts\/136982"}],"collection":[{"href":"https:\/\/news.canadamotorjobs.com\/fr\/wp-json\/wp\/v2\/posts"}],"about":[{"href":"https:\/\/news.canadamotorjobs.com\/fr\/wp-json\/wp\/v2\/types\/post"}],"author":[{"embeddable":true,"href":"https:\/\/news.canadamotorjobs.com\/fr\/wp-json\/wp\/v2\/users\/8"}],"replies":[{"embeddable":true,"href":"https:\/\/news.canadamotorjobs.com\/fr\/wp-json\/wp\/v2\/comments?post=136982"}],"version-history":[{"count":0,"href":"https:\/\/news.canadamotorjobs.com\/fr\/wp-json\/wp\/v2\/posts\/136982\/revisions"}],"wp:featuredmedia":[{"embeddable":true,"href":"https:\/\/news.canadamotorjobs.com\/fr\/wp-json\/wp\/v2\/media\/136986"}],"wp:attachment":[{"href":"https:\/\/news.canadamotorjobs.com\/fr\/wp-json\/wp\/v2\/media?parent=136982"}],"wp:term":[{"taxonomy":"category","embeddable":true,"href":"https:\/\/news.canadamotorjobs.com\/fr\/wp-json\/wp\/v2\/categories?post=136982"},{"taxonomy":"post_tag","embeddable":true,"href":"https:\/\/news.canadamotorjobs.com\/fr\/wp-json\/wp\/v2\/tags?post=136982"}],"curies":[{"name":"wp","href":"https:\/\/api.w.org\/{rel}","templated":true}]}}