{"id":136974,"date":"2022-12-06T13:08:55","date_gmt":"2022-12-06T18:08:55","guid":{"rendered":"https:\/\/news.canadamotorjobs.com\/rien-ne-va-plus-entre-renault-et-nissan\/"},"modified":"2022-12-06T13:15:31","modified_gmt":"2022-12-06T18:15:31","slug":"rien-ne-va-plus-entre-renault-et-nissan","status":"publish","type":"post","link":"https:\/\/news.canadamotorjobs.com\/fr\/rien-ne-va-plus-entre-renault-et-nissan\/","title":{"rendered":"Rien ne va plus entre Renault et Nissan"},"content":{"rendered":"<\/p>\n<p>Depuis l\u2019arrestation de Carlos Ghosn au Japon le 19 novembre 2018, la bonne entente entre Renault et Nissan a du plomb dans l\u2019aile. Aujourd\u2019hui, l\u2019alliance a report\u00e9 l&#8217;annonce de sa prochaine restructuration en raison de d\u00e9saccords internes. Les deux entreprises avaient pr\u00e9vu d&#8217;annoncer une restructuration cette semaine. Selon certaines sources, Renault souhaite que Nissan investisse dans ses v\u00e9hicules \u00e9lectriques et Nissan souhaite une plus grande ind\u00e9pendance vis-\u00e0-vis de Renault. Ghosn qui r\u00e9gnait sans partage comme patron des deux soci\u00e9t\u00e9s a laiss\u00e9 un vide depuis son arrestation et maintenant tout le monde essaye de tirer la couverte de son c\u00f4t\u00e9.<br \/> Les hauts et les bas des partenariats<br \/> Cr\u00e9\u00e9e en 1999, l&#8217;alliance Renault-Nissan n&#8217;a pas toujours \u00e9t\u00e9 sans heurt, notamment depuis que Carlos Ghosn, l&#8217;ancien PDG de Renault et de l&#8217;alliance Renault-Nissan, a \u00e9t\u00e9 arr\u00eat\u00e9 par les autorit\u00e9s japonaises pour des soup\u00e7ons de mauvaise gestion financi\u00e8re.\u00a0 Cet \u00e9v\u00e9nement a accentu\u00e9 les tensions d\u00e9j\u00e0 pr\u00e9sentes au sein de l&#8217;alliance puisque Nissan et Mitsubishi, qui fait \u00e9galement partie de l&#8217;alliance, ont d\u00e9mis Ghosn de ses fonctions de PDG peu apr\u00e8s son arrestation, tandis que Renault et le gouvernement fran\u00e7ais ont continu\u00e9 \u00e0 le soutenir pendant un certain temps.<br \/> Nissan cherche une plus grande ind\u00e9pendance<br \/> Depuis que Renault a repris Nissan en mauvaise posture financi\u00e8re, le pendule a chang\u00e9 de c\u00f4t\u00e9 \u00e0 quelques reprises. C\u2019est gr\u00e2ce \u00e0 une gestion agressive de Ghosn que Nissan a pu retrouver le chemin de la rentabilit\u00e9 au point de renverser la vapeur de de soutenue Renault qui \u00e0 son<\/p>\n","protected":false},"excerpt":{"rendered":"<p>Depuis l\u2019arrestation de Carlos Ghosn au Japon le 19 novembre 2018, la bonne entente entre Renault et Nissan a du plomb dans l\u2019aile. Aujourd\u2019hui, l\u2019alliance a report\u00e9 l&#8217;annonce de sa prochaine restructuration en raison de d\u00e9saccords internes. Les deux entreprises avaient pr\u00e9vu d&#8217;annoncer une restructuration cette semaine. Selon certaines sources, Renault souhaite que Nissan investisse [&hellip;]<\/p>\n","protected":false},"author":8,"featured_media":136978,"comment_status":"close","ping_status":"closed","sticky":false,"template":"","format":"standard","meta":{"_monsterinsights_skip_tracking":false,"_monsterinsights_sitenote_active":false,"_monsterinsights_sitenote_note":"","_monsterinsights_sitenote_category":0,"footnotes":""},"categories":[101],"tags":[],"yoast_head":"<!-- This site is optimized with the Yoast SEO plugin v23.2 - https:\/\/yoast.com\/wordpress\/plugins\/seo\/ -->\n<title>Rien ne va plus entre Renault et Nissan - CanadaMotorJobs.com<\/title>\n<meta name=\"description\" content=\"Rien ne va plus entre Renault et Nissan - Benoit Charette - Annuel automobile - CanadaMotorJobs.com.\" \/>\n<meta name=\"robots\" content=\"index, follow, max-snippet:-1, max-image-preview:large, max-video-preview:-1\" \/>\n<meta property=\"og:locale\" content=\"fr_CA\" \/>\n<meta property=\"og:type\" content=\"article\" \/>\n<meta property=\"og:title\" content=\"Rien ne va plus entre Renault et Nissan - CanadaMotorJobs.com\" \/>\n<meta property=\"og:description\" content=\"Rien ne va plus entre Renault et Nissan - Benoit Charette - Annuel automobile - CanadaMotorJobs.com.\" \/>\n<meta property=\"og:url\" content=\"https:\/\/news.canadamotorjobs.com\/fr\/rien-ne-va-plus-entre-renault-et-nissan\/\" \/>\n<meta property=\"og:site_name\" content=\"CanadaMotorJobs.com\" \/>\n<meta property=\"article:publisher\" content=\"https:\/\/www.facebook.com\/canadamotorjobs\/\" \/>\n<meta property=\"article:published_time\" content=\"2022-12-06T18:08:55+00:00\" \/>\n<meta property=\"article:modified_time\" content=\"2022-12-06T18:15:31+00:00\" \/>\n<meta property=\"og:image\" content=\"https:\/\/news.canadamotorjobs.com\/wp-content\/uploads\/2022\/12\/preview-928x522-1-1.jpg\" \/>\n\t<meta property=\"og:image:width\" content=\"928\" \/>\n\t<meta property=\"og:image:height\" content=\"582\" \/>\n\t<meta property=\"og:image:type\" content=\"image\/jpeg\" \/>\n<meta name=\"author\" content=\"Benoit Charette\" \/>\n<meta name=\"twitter:card\" content=\"summary_large_image\" \/>\n<meta name=\"twitter:creator\" content=\"@canadamotorjobs\" \/>\n<meta name=\"twitter:site\" content=\"@canadamotorjobs\" \/>\n<meta name=\"twitter:label1\" content=\"\u00c9crit par\" \/>\n\t<meta name=\"twitter:data1\" content=\"Benoit Charette\" \/>\n\t<meta name=\"twitter:label2\" content=\"Estimation du temps de lecture\" \/>\n\t<meta name=\"twitter:data2\" content=\"1 minute\" \/>\n<!-- \/ Yoast SEO plugin. -->","yoast_head_json":{"title":"Rien ne va plus entre Renault et Nissan - CanadaMotorJobs.com","description":"Rien ne va plus entre Renault et Nissan - Benoit Charette - Annuel automobile - CanadaMotorJobs.com.","robots":{"index":"index","follow":"follow","max-snippet":"max-snippet:-1","max-image-preview":"max-image-preview:large","max-video-preview":"max-video-preview:-1"},"og_locale":"fr_CA","og_type":"article","og_title":"Rien ne va plus entre Renault et Nissan - CanadaMotorJobs.com","og_description":"Rien ne va plus entre Renault et Nissan - Benoit Charette - Annuel automobile - CanadaMotorJobs.com.","og_url":"https:\/\/news.canadamotorjobs.com\/fr\/rien-ne-va-plus-entre-renault-et-nissan\/","og_site_name":"CanadaMotorJobs.com","article_publisher":"https:\/\/www.facebook.com\/canadamotorjobs\/","article_published_time":"2022-12-06T18:08:55+00:00","article_modified_time":"2022-12-06T18:15:31+00:00","og_image":[{"width":928,"height":582,"url":"https:\/\/news.canadamotorjobs.com\/wp-content\/uploads\/2022\/12\/preview-928x522-1-1.jpg","type":"image\/jpeg"}],"author":"Benoit Charette","twitter_card":"summary_large_image","twitter_creator":"@canadamotorjobs","twitter_site":"@canadamotorjobs","twitter_misc":{"\u00c9crit par":"Benoit Charette","Estimation du temps de lecture":"1 minute"},"schema":{"@context":"https:\/\/schema.org","@graph":[{"@type":"Article","@id":"https:\/\/news.canadamotorjobs.com\/fr\/rien-ne-va-plus-entre-renault-et-nissan\/#article","isPartOf":{"@id":"https:\/\/news.canadamotorjobs.com\/fr\/rien-ne-va-plus-entre-renault-et-nissan\/"},"author":{"name":"Benoit Charette","@id":"https:\/\/news.canadamotorjobs.com\/#\/schema\/person\/51793d1f87d44011d7bcc2ed99269a90"},"headline":"Rien ne va plus entre Renault et Nissan","datePublished":"2022-12-06T18:08:55+00:00","dateModified":"2022-12-06T18:15:31+00:00","mainEntityOfPage":{"@id":"https:\/\/news.canadamotorjobs.com\/fr\/rien-ne-va-plus-entre-renault-et-nissan\/"},"wordCount":288,"publisher":{"@id":"https:\/\/news.canadamotorjobs.com\/#organization"},"image":{"@id":"https:\/\/news.canadamotorjobs.com\/fr\/rien-ne-va-plus-entre-renault-et-nissan\/#primaryimage"},"thumbnailUrl":"https:\/\/news.canadamotorjobs.com\/wp-content\/uploads\/2022\/12\/preview-928x522-1-1.jpg","articleSection":["Annuel automobile"],"inLanguage":"fr-CA"},{"@type":"WebPage","@id":"https:\/\/news.canadamotorjobs.com\/fr\/rien-ne-va-plus-entre-renault-et-nissan\/","url":"https:\/\/news.canadamotorjobs.com\/fr\/rien-ne-va-plus-entre-renault-et-nissan\/","name":"Rien ne va plus entre Renault et Nissan - CanadaMotorJobs.com","isPartOf":{"@id":"https:\/\/news.canadamotorjobs.com\/#website"},"primaryImageOfPage":{"@id":"https:\/\/news.canadamotorjobs.com\/fr\/rien-ne-va-plus-entre-renault-et-nissan\/#primaryimage"},"image":{"@id":"https:\/\/news.canadamotorjobs.com\/fr\/rien-ne-va-plus-entre-renault-et-nissan\/#primaryimage"},"thumbnailUrl":"https:\/\/news.canadamotorjobs.com\/wp-content\/uploads\/2022\/12\/preview-928x522-1-1.jpg","datePublished":"2022-12-06T18:08:55+00:00","dateModified":"2022-12-06T18:15:31+00:00","description":"Rien ne va plus entre Renault et Nissan - Benoit Charette - Annuel automobile - CanadaMotorJobs.com.","breadcrumb":{"@id":"https:\/\/news.canadamotorjobs.com\/fr\/rien-ne-va-plus-entre-renault-et-nissan\/#breadcrumb"},"inLanguage":"fr-CA","potentialAction":[{"@type":"ReadAction","target":["https:\/\/news.canadamotorjobs.com\/fr\/rien-ne-va-plus-entre-renault-et-nissan\/"]}]},{"@type":"ImageObject","inLanguage":"fr-CA","@id":"https:\/\/news.canadamotorjobs.com\/fr\/rien-ne-va-plus-entre-renault-et-nissan\/#primaryimage","url":"https:\/\/news.canadamotorjobs.com\/wp-content\/uploads\/2022\/12\/preview-928x522-1-1.jpg","contentUrl":"https:\/\/news.canadamotorjobs.com\/wp-content\/uploads\/2022\/12\/preview-928x522-1-1.jpg","width":928,"height":582},{"@type":"BreadcrumbList","@id":"https:\/\/news.canadamotorjobs.com\/fr\/rien-ne-va-plus-entre-renault-et-nissan\/#breadcrumb","itemListElement":[{"@type":"ListItem","position":1,"name":"Home","item":"https:\/\/news.canadamotorjobs.com\/fr\/blog\/"},{"@type":"ListItem","position":2,"name":"Rien ne va plus entre Renault et Nissan"}]},{"@type":"WebSite","@id":"https:\/\/news.canadamotorjobs.com\/#website","url":"https:\/\/news.canadamotorjobs.com\/","name":"CanadaMotorJobs.com","description":"Automotive Jobs","publisher":{"@id":"https:\/\/news.canadamotorjobs.com\/#organization"},"potentialAction":[{"@type":"SearchAction","target":{"@type":"EntryPoint","urlTemplate":"https:\/\/news.canadamotorjobs.com\/?s={search_term_string}"},"query-input":"required name=search_term_string"}],"inLanguage":"fr-CA"},{"@type":"Organization","@id":"https:\/\/news.canadamotorjobs.com\/#organization","name":"Canada Motor Jobs","url":"https:\/\/news.canadamotorjobs.com\/","logo":{"@type":"ImageObject","inLanguage":"fr-CA","@id":"https:\/\/news.canadamotorjobs.com\/#\/schema\/logo\/image\/","url":"https:\/\/news.canadamotorjobs.com\/wp-content\/uploads\/2022\/10\/logo-canada-motor-jobs-1.png","contentUrl":"https:\/\/news.canadamotorjobs.com\/wp-content\/uploads\/2022\/10\/logo-canada-motor-jobs-1.png","width":800,"height":400,"caption":"Canada Motor Jobs"},"image":{"@id":"https:\/\/news.canadamotorjobs.com\/#\/schema\/logo\/image\/"},"sameAs":["https:\/\/www.facebook.com\/canadamotorjobs\/","https:\/\/x.com\/canadamotorjobs","https:\/\/www.instagram.com\/canadamotorjobs\/","https:\/\/www.linkedin.com\/company\/canadamotorjobs"]},{"@type":"Person","@id":"https:\/\/news.canadamotorjobs.com\/#\/schema\/person\/51793d1f87d44011d7bcc2ed99269a90","name":"Benoit Charette","image":{"@type":"ImageObject","inLanguage":"fr-CA","@id":"https:\/\/news.canadamotorjobs.com\/#\/schema\/person\/image\/","url":"https:\/\/secure.gravatar.com\/avatar\/45f3d2eebcccd909668d7ce7ea7267b6?s=96&d=mm&r=g","contentUrl":"https:\/\/secure.gravatar.com\/avatar\/45f3d2eebcccd909668d7ce7ea7267b6?s=96&d=mm&r=g","caption":"Benoit Charette"},"description":"Benoit Charette \/ Propri\u00e9taire et r\u00e9dacteur en chef Benoit Charette pratique le journalisme automobile depuis bient\u00f4t 30 ans. Il a fait ses classes au c\u00f4t\u00e9 de Daniel H\u00e9raud et au Carnet de route de 1992 \u00e0 2001. Il est fondateur, copropri\u00e9taire et r\u00e9dacteur en chef de L\u2019Annuel de l\u2019automobile, qu\u2019il publie depuis 2001. Il a anim\u00e9 les \u00e9missions RPM et RPM+ sur V et les L\u00e9gendes de la route sur Historia. \u00c0 la radio depuis 1986, il reprend l\u2019antenne cette ann\u00e9e sur les ondes de Cogeco et participe pour la deuxi\u00e8me ann\u00e9e \u00e0 l\u2019\u00e9mission Passion Auto sur RDS en plus de mettre en ligne le site Web officiel de L\u2019Annuel de l\u2019automobile sur annuelauto.ca.","sameAs":["https:\/\/annuelauto.ca\/"],"url":"https:\/\/news.canadamotorjobs.com\/fr\/author\/benoit-charette\/"}]}},"_links":{"self":[{"href":"https:\/\/news.canadamotorjobs.com\/fr\/wp-json\/wp\/v2\/posts\/136974"}],"collection":[{"href":"https:\/\/news.canadamotorjobs.com\/fr\/wp-json\/wp\/v2\/posts"}],"about":[{"href":"https:\/\/news.canadamotorjobs.com\/fr\/wp-json\/wp\/v2\/types\/post"}],"author":[{"embeddable":true,"href":"https:\/\/news.canadamotorjobs.com\/fr\/wp-json\/wp\/v2\/users\/8"}],"replies":[{"embeddable":true,"href":"https:\/\/news.canadamotorjobs.com\/fr\/wp-json\/wp\/v2\/comments?post=136974"}],"version-history":[{"count":0,"href":"https:\/\/news.canadamotorjobs.com\/fr\/wp-json\/wp\/v2\/posts\/136974\/revisions"}],"wp:featuredmedia":[{"embeddable":true,"href":"https:\/\/news.canadamotorjobs.com\/fr\/wp-json\/wp\/v2\/media\/136978"}],"wp:attachment":[{"href":"https:\/\/news.canadamotorjobs.com\/fr\/wp-json\/wp\/v2\/media?parent=136974"}],"wp:term":[{"taxonomy":"category","embeddable":true,"href":"https:\/\/news.canadamotorjobs.com\/fr\/wp-json\/wp\/v2\/categories?post=136974"},{"taxonomy":"post_tag","embeddable":true,"href":"https:\/\/news.canadamotorjobs.com\/fr\/wp-json\/wp\/v2\/tags?post=136974"}],"curies":[{"name":"wp","href":"https:\/\/api.w.org\/{rel}","templated":true}]}}