{"id":136958,"date":"2022-12-06T11:21:32","date_gmt":"2022-12-06T16:21:32","guid":{"rendered":"https:\/\/news.canadamotorjobs.com\/toyota-canada-retire-le-c-hr-de-la-route\/"},"modified":"2022-12-06T11:29:55","modified_gmt":"2022-12-06T16:29:55","slug":"toyota-canada-retire-le-c-hr-de-la-route","status":"publish","type":"post","link":"https:\/\/news.canadamotorjobs.com\/fr\/toyota-canada-retire-le-c-hr-de-la-route\/","title":{"rendered":"Toyota Canada retire le C-HR de la route"},"content":{"rendered":"<\/p>\n<p>Le plus petit VUS de Toyota ne reviendra pas en 2023. Avec la venus du plus populaire Corolla Cross, les jours \u00e9taient co0mpt\u00e9s pour le C-HR. Avec les petites voitures, c\u00a0\u00bbest maintenant au tour des petits VUS de quitter la route.<br \/> De nouvelles esquisses avaient \u00e9t\u00e9 d\u00e9voil\u00e9es la semaine derni\u00e8re<br \/> Quelques jours \u00a0seulement apr\u00e8s que des esquisses de la deuxi\u00e8me g\u00e9n\u00e9ration du Toyota C-HR ont \u00e9t\u00e9 r\u00e9v\u00e9l\u00e9es dans le reste du monde, avec un style actualis\u00e9 et confirmant une version hybride enfichable, nous avons appris que le mod\u00e8le est abandonn\u00e9 au Canada. Un porte-parole de Toyota Canada a confirm\u00e9 la nouvelle \u00e0 driving.ca.<br \/> Plus de place pour le Corolla Cross<br \/> Contrairement au C-HR, le Corolla Cross offre une traction int\u00e9grale en option. Elle dispose \u00e9galement d&#8217;une option de motorisation arrivant en 2023. Le C-HR, malgr\u00e9 sa petite taille, est \u00e0 peine moins cher que la Corolla Cross et seulement deux roues motrices.<br \/> Un mod\u00e8le qui devait aller chez Scion<br \/> Toyota a lanc\u00e9 le C-HR (pour compact-high rider) au Canada en 2017. Sa meilleure ann\u00e9e de vente a \u00e9t\u00e9 2021, o\u00f9 un peu plus de 8 000 v\u00e9hicules ont \u00e9t\u00e9 vendus. Au cours du premier semestre de 2022, ses ventes ont \u00e9t\u00e9 inf\u00e9rieures de moiti\u00e9 \u00e0 celles de l&#8217;ann\u00e9e pr\u00e9c\u00e9dente et il a \u00e9t\u00e9 d\u00e9pass\u00e9 par la Corolla Cross \u00e0 pr\u00e8s de deux contre un. Le mod\u00e8le \u00e0 l\u2019origine destin\u00e9 \u00e0 la division Scion a finalement pris le chemin dce Toyota lorsque Toyota a mis la clef dans la porte de<\/p>\n","protected":false},"excerpt":{"rendered":"<p>Le plus petit VUS de Toyota ne reviendra pas en 2023. Avec la venus du plus populaire Corolla Cross, les jours \u00e9taient co0mpt\u00e9s pour le C-HR. Avec les petites voitures, c\u00a0\u00bbest maintenant au tour des petits VUS de quitter la route. De nouvelles esquisses avaient \u00e9t\u00e9 d\u00e9voil\u00e9es la semaine derni\u00e8re Quelques jours \u00a0seulement apr\u00e8s que [&hellip;]<\/p>\n","protected":false},"author":8,"featured_media":136962,"comment_status":"close","ping_status":"closed","sticky":false,"template":"","format":"standard","meta":{"_monsterinsights_skip_tracking":false,"_monsterinsights_sitenote_active":false,"_monsterinsights_sitenote_note":"","_monsterinsights_sitenote_category":0,"footnotes":""},"categories":[101],"tags":[],"yoast_head":"<!-- This site is optimized with the Yoast SEO plugin v23.2 - https:\/\/yoast.com\/wordpress\/plugins\/seo\/ -->\n<title>Toyota Canada retire le C-HR de la route - CanadaMotorJobs.com<\/title>\n<meta name=\"description\" content=\"Toyota Canada retire le C-HR de la route - Benoit Charette - Annuel automobile - CanadaMotorJobs.com.\" \/>\n<meta name=\"robots\" content=\"index, follow, max-snippet:-1, max-image-preview:large, max-video-preview:-1\" \/>\n<meta property=\"og:locale\" content=\"fr_CA\" \/>\n<meta property=\"og:type\" content=\"article\" \/>\n<meta property=\"og:title\" content=\"Toyota Canada retire le C-HR de la route - CanadaMotorJobs.com\" \/>\n<meta property=\"og:description\" content=\"Toyota Canada retire le C-HR de la route - Benoit Charette - Annuel automobile - CanadaMotorJobs.com.\" \/>\n<meta property=\"og:url\" content=\"https:\/\/news.canadamotorjobs.com\/fr\/toyota-canada-retire-le-c-hr-de-la-route\/\" \/>\n<meta property=\"og:site_name\" content=\"CanadaMotorJobs.com\" \/>\n<meta property=\"article:publisher\" content=\"https:\/\/www.facebook.com\/canadamotorjobs\/\" \/>\n<meta property=\"article:published_time\" content=\"2022-12-06T16:21:32+00:00\" \/>\n<meta property=\"article:modified_time\" content=\"2022-12-06T16:29:55+00:00\" \/>\n<meta property=\"og:image\" content=\"https:\/\/news.canadamotorjobs.com\/wp-content\/uploads\/2022\/12\/toy-chr-03-1.jpg\" \/>\n\t<meta property=\"og:image:width\" content=\"1024\" \/>\n\t<meta property=\"og:image:height\" content=\"683\" \/>\n\t<meta property=\"og:image:type\" content=\"image\/jpeg\" \/>\n<meta name=\"author\" content=\"Benoit Charette\" \/>\n<meta name=\"twitter:card\" content=\"summary_large_image\" \/>\n<meta name=\"twitter:creator\" content=\"@canadamotorjobs\" \/>\n<meta name=\"twitter:site\" content=\"@canadamotorjobs\" \/>\n<meta name=\"twitter:label1\" content=\"\u00c9crit par\" \/>\n\t<meta name=\"twitter:data1\" content=\"Benoit Charette\" \/>\n\t<meta name=\"twitter:label2\" content=\"Estimation du temps de lecture\" \/>\n\t<meta name=\"twitter:data2\" content=\"1 minute\" \/>\n<!-- \/ Yoast SEO plugin. -->","yoast_head_json":{"title":"Toyota Canada retire le C-HR de la route - CanadaMotorJobs.com","description":"Toyota Canada retire le C-HR de la route - Benoit Charette - Annuel automobile - CanadaMotorJobs.com.","robots":{"index":"index","follow":"follow","max-snippet":"max-snippet:-1","max-image-preview":"max-image-preview:large","max-video-preview":"max-video-preview:-1"},"og_locale":"fr_CA","og_type":"article","og_title":"Toyota Canada retire le C-HR de la route - CanadaMotorJobs.com","og_description":"Toyota Canada retire le C-HR de la route - Benoit Charette - Annuel automobile - CanadaMotorJobs.com.","og_url":"https:\/\/news.canadamotorjobs.com\/fr\/toyota-canada-retire-le-c-hr-de-la-route\/","og_site_name":"CanadaMotorJobs.com","article_publisher":"https:\/\/www.facebook.com\/canadamotorjobs\/","article_published_time":"2022-12-06T16:21:32+00:00","article_modified_time":"2022-12-06T16:29:55+00:00","og_image":[{"width":1024,"height":683,"url":"https:\/\/news.canadamotorjobs.com\/wp-content\/uploads\/2022\/12\/toy-chr-03-1.jpg","type":"image\/jpeg"}],"author":"Benoit Charette","twitter_card":"summary_large_image","twitter_creator":"@canadamotorjobs","twitter_site":"@canadamotorjobs","twitter_misc":{"\u00c9crit par":"Benoit Charette","Estimation du temps de lecture":"1 minute"},"schema":{"@context":"https:\/\/schema.org","@graph":[{"@type":"Article","@id":"https:\/\/news.canadamotorjobs.com\/fr\/toyota-canada-retire-le-c-hr-de-la-route\/#article","isPartOf":{"@id":"https:\/\/news.canadamotorjobs.com\/fr\/toyota-canada-retire-le-c-hr-de-la-route\/"},"author":{"name":"Benoit Charette","@id":"https:\/\/news.canadamotorjobs.com\/#\/schema\/person\/51793d1f87d44011d7bcc2ed99269a90"},"headline":"Toyota Canada retire le C-HR de la route","datePublished":"2022-12-06T16:21:32+00:00","dateModified":"2022-12-06T16:29:55+00:00","mainEntityOfPage":{"@id":"https:\/\/news.canadamotorjobs.com\/fr\/toyota-canada-retire-le-c-hr-de-la-route\/"},"wordCount":274,"publisher":{"@id":"https:\/\/news.canadamotorjobs.com\/#organization"},"image":{"@id":"https:\/\/news.canadamotorjobs.com\/fr\/toyota-canada-retire-le-c-hr-de-la-route\/#primaryimage"},"thumbnailUrl":"https:\/\/news.canadamotorjobs.com\/wp-content\/uploads\/2022\/12\/toy-chr-03-1.jpg","articleSection":["Annuel automobile"],"inLanguage":"fr-CA"},{"@type":"WebPage","@id":"https:\/\/news.canadamotorjobs.com\/fr\/toyota-canada-retire-le-c-hr-de-la-route\/","url":"https:\/\/news.canadamotorjobs.com\/fr\/toyota-canada-retire-le-c-hr-de-la-route\/","name":"Toyota Canada retire le C-HR de la route - CanadaMotorJobs.com","isPartOf":{"@id":"https:\/\/news.canadamotorjobs.com\/#website"},"primaryImageOfPage":{"@id":"https:\/\/news.canadamotorjobs.com\/fr\/toyota-canada-retire-le-c-hr-de-la-route\/#primaryimage"},"image":{"@id":"https:\/\/news.canadamotorjobs.com\/fr\/toyota-canada-retire-le-c-hr-de-la-route\/#primaryimage"},"thumbnailUrl":"https:\/\/news.canadamotorjobs.com\/wp-content\/uploads\/2022\/12\/toy-chr-03-1.jpg","datePublished":"2022-12-06T16:21:32+00:00","dateModified":"2022-12-06T16:29:55+00:00","description":"Toyota Canada retire le C-HR de la route - Benoit Charette - Annuel automobile - CanadaMotorJobs.com.","breadcrumb":{"@id":"https:\/\/news.canadamotorjobs.com\/fr\/toyota-canada-retire-le-c-hr-de-la-route\/#breadcrumb"},"inLanguage":"fr-CA","potentialAction":[{"@type":"ReadAction","target":["https:\/\/news.canadamotorjobs.com\/fr\/toyota-canada-retire-le-c-hr-de-la-route\/"]}]},{"@type":"ImageObject","inLanguage":"fr-CA","@id":"https:\/\/news.canadamotorjobs.com\/fr\/toyota-canada-retire-le-c-hr-de-la-route\/#primaryimage","url":"https:\/\/news.canadamotorjobs.com\/wp-content\/uploads\/2022\/12\/toy-chr-03-1.jpg","contentUrl":"https:\/\/news.canadamotorjobs.com\/wp-content\/uploads\/2022\/12\/toy-chr-03-1.jpg","width":1024,"height":683},{"@type":"BreadcrumbList","@id":"https:\/\/news.canadamotorjobs.com\/fr\/toyota-canada-retire-le-c-hr-de-la-route\/#breadcrumb","itemListElement":[{"@type":"ListItem","position":1,"name":"Home","item":"https:\/\/news.canadamotorjobs.com\/fr\/blog\/"},{"@type":"ListItem","position":2,"name":"Toyota Canada retire le C-HR de la route"}]},{"@type":"WebSite","@id":"https:\/\/news.canadamotorjobs.com\/#website","url":"https:\/\/news.canadamotorjobs.com\/","name":"CanadaMotorJobs.com","description":"Automotive Jobs","publisher":{"@id":"https:\/\/news.canadamotorjobs.com\/#organization"},"potentialAction":[{"@type":"SearchAction","target":{"@type":"EntryPoint","urlTemplate":"https:\/\/news.canadamotorjobs.com\/?s={search_term_string}"},"query-input":"required name=search_term_string"}],"inLanguage":"fr-CA"},{"@type":"Organization","@id":"https:\/\/news.canadamotorjobs.com\/#organization","name":"Canada Motor Jobs","url":"https:\/\/news.canadamotorjobs.com\/","logo":{"@type":"ImageObject","inLanguage":"fr-CA","@id":"https:\/\/news.canadamotorjobs.com\/#\/schema\/logo\/image\/","url":"https:\/\/news.canadamotorjobs.com\/wp-content\/uploads\/2022\/10\/logo-canada-motor-jobs-1.png","contentUrl":"https:\/\/news.canadamotorjobs.com\/wp-content\/uploads\/2022\/10\/logo-canada-motor-jobs-1.png","width":800,"height":400,"caption":"Canada Motor Jobs"},"image":{"@id":"https:\/\/news.canadamotorjobs.com\/#\/schema\/logo\/image\/"},"sameAs":["https:\/\/www.facebook.com\/canadamotorjobs\/","https:\/\/x.com\/canadamotorjobs","https:\/\/www.instagram.com\/canadamotorjobs\/","https:\/\/www.linkedin.com\/company\/canadamotorjobs"]},{"@type":"Person","@id":"https:\/\/news.canadamotorjobs.com\/#\/schema\/person\/51793d1f87d44011d7bcc2ed99269a90","name":"Benoit Charette","image":{"@type":"ImageObject","inLanguage":"fr-CA","@id":"https:\/\/news.canadamotorjobs.com\/#\/schema\/person\/image\/","url":"https:\/\/secure.gravatar.com\/avatar\/45f3d2eebcccd909668d7ce7ea7267b6?s=96&d=mm&r=g","contentUrl":"https:\/\/secure.gravatar.com\/avatar\/45f3d2eebcccd909668d7ce7ea7267b6?s=96&d=mm&r=g","caption":"Benoit Charette"},"description":"Benoit Charette \/ Propri\u00e9taire et r\u00e9dacteur en chef Benoit Charette pratique le journalisme automobile depuis bient\u00f4t 30 ans. Il a fait ses classes au c\u00f4t\u00e9 de Daniel H\u00e9raud et au Carnet de route de 1992 \u00e0 2001. Il est fondateur, copropri\u00e9taire et r\u00e9dacteur en chef de L\u2019Annuel de l\u2019automobile, qu\u2019il publie depuis 2001. Il a anim\u00e9 les \u00e9missions RPM et RPM+ sur V et les L\u00e9gendes de la route sur Historia. \u00c0 la radio depuis 1986, il reprend l\u2019antenne cette ann\u00e9e sur les ondes de Cogeco et participe pour la deuxi\u00e8me ann\u00e9e \u00e0 l\u2019\u00e9mission Passion Auto sur RDS en plus de mettre en ligne le site Web officiel de L\u2019Annuel de l\u2019automobile sur annuelauto.ca.","sameAs":["https:\/\/annuelauto.ca\/"],"url":"https:\/\/news.canadamotorjobs.com\/fr\/author\/benoit-charette\/"}]}},"_links":{"self":[{"href":"https:\/\/news.canadamotorjobs.com\/fr\/wp-json\/wp\/v2\/posts\/136958"}],"collection":[{"href":"https:\/\/news.canadamotorjobs.com\/fr\/wp-json\/wp\/v2\/posts"}],"about":[{"href":"https:\/\/news.canadamotorjobs.com\/fr\/wp-json\/wp\/v2\/types\/post"}],"author":[{"embeddable":true,"href":"https:\/\/news.canadamotorjobs.com\/fr\/wp-json\/wp\/v2\/users\/8"}],"replies":[{"embeddable":true,"href":"https:\/\/news.canadamotorjobs.com\/fr\/wp-json\/wp\/v2\/comments?post=136958"}],"version-history":[{"count":0,"href":"https:\/\/news.canadamotorjobs.com\/fr\/wp-json\/wp\/v2\/posts\/136958\/revisions"}],"wp:featuredmedia":[{"embeddable":true,"href":"https:\/\/news.canadamotorjobs.com\/fr\/wp-json\/wp\/v2\/media\/136962"}],"wp:attachment":[{"href":"https:\/\/news.canadamotorjobs.com\/fr\/wp-json\/wp\/v2\/media?parent=136958"}],"wp:term":[{"taxonomy":"category","embeddable":true,"href":"https:\/\/news.canadamotorjobs.com\/fr\/wp-json\/wp\/v2\/categories?post=136958"},{"taxonomy":"post_tag","embeddable":true,"href":"https:\/\/news.canadamotorjobs.com\/fr\/wp-json\/wp\/v2\/tags?post=136958"}],"curies":[{"name":"wp","href":"https:\/\/api.w.org\/{rel}","templated":true}]}}