{"id":136930,"date":"2022-12-05T09:00:48","date_gmt":"2022-12-05T14:00:48","guid":{"rendered":"https:\/\/news.canadamotorjobs.com\/mitsubishi-outlander-phev-2023\/"},"modified":"2022-12-05T09:14:29","modified_gmt":"2022-12-05T14:14:29","slug":"mitsubishi-outlander-phev-2023","status":"publish","type":"post","link":"https:\/\/news.canadamotorjobs.com\/fr\/mitsubishi-outlander-phev-2023\/","title":{"rendered":"Mitsubishi Outlander PHEV 2023"},"content":{"rendered":"<\/p>\n<p>Vancouver \u2014 L\u2019Outlander est le Mario Lemieux de Mitsubishi, ou le Sidney Crosby ou le Conner McDavid selon votre \u00e2ge. C\u2019est le mod\u00e8le qui d\u00e9finit la marque et qui a permis \u00e0 Mitsubishi de demeurer comp\u00e9titif avec la popularit\u00e9 de l\u2019ancien mod\u00e8le PHEV. Vous comprenez donc que nous sommes tr\u00e8s prudents pour la nouvelle g\u00e9n\u00e9ration.<br \/> Plus de moteur, plus de batterie<br \/> On va commencer avec les bonnes nouvelles. Mitsubishi a bonifi\u00e9 l\u2019offre moteur et de batterie. La batterie lithium-ion situ\u00e9e sous la carrosserie offre maintenant 20\u00a0kWh, contre 13,8 auparavant. Le moteur \u00e9lectrique de l&#8217;essieu avant d\u00e9veloppe 85 kilowatts et celui de l&#8217;essieu arri\u00e8re 100\u00a0kW, soit des am\u00e9liorations de 25 et 30\u00a0kW respectivement. Le 4 cylindres en ligne de 2,4 litres sous le capot d\u00e9veloppe 131 chevaux \u00e0 lui seul, soit une augmentation par rapport aux 126 chevaux de l&#8217;ancien mod\u00e8le. M\u00eame le r\u00e9servoir d&#8217;essence est plus grand, offrant d\u00e9sormais 56 litres. Vous avez un v\u00e9hicule qui offre le syst\u00e8me reconnu S-AWC quatre roues motrices avec une puissance totale de 248 chevaux et 332 lb-pi de couple. La nouvelle batterie est annonc\u00e9e \u00e0 61\u00a0km d\u2019autonomie dans de bonnes conditions.<br \/> Un petit mardi frisquet \u00e0 Vancouver<br \/> Notre journ\u00e9e d\u2019essai a commenc\u00e9 au Canada Place de Vancouver par un matin de -2 degr\u00e9s C. Notre trajet nous amenait autour de l\u2019\u00eele en passant par les prestigieuses demeures de Marine Drive. Quelques mont\u00e9es, un peu de route et quelques rues tranquilles, rien de trop violent pour la monture.\u00a0 Nous avons profit\u00e9 du fait que<\/p>\n","protected":false},"excerpt":{"rendered":"<p>Vancouver \u2014 L\u2019Outlander est le Mario Lemieux de Mitsubishi, ou le Sidney Crosby ou le Conner McDavid selon votre \u00e2ge. C\u2019est le mod\u00e8le qui d\u00e9finit la marque et qui a permis \u00e0 Mitsubishi de demeurer comp\u00e9titif avec la popularit\u00e9 de l\u2019ancien mod\u00e8le PHEV. Vous comprenez donc que nous sommes tr\u00e8s prudents pour la nouvelle g\u00e9n\u00e9ration. [&hellip;]<\/p>\n","protected":false},"author":8,"featured_media":136934,"comment_status":"close","ping_status":"closed","sticky":false,"template":"","format":"standard","meta":{"_monsterinsights_skip_tracking":false,"_monsterinsights_sitenote_active":false,"_monsterinsights_sitenote_note":"","_monsterinsights_sitenote_category":0,"footnotes":""},"categories":[101],"tags":[],"yoast_head":"<!-- This site is optimized with the Yoast SEO plugin v23.2 - https:\/\/yoast.com\/wordpress\/plugins\/seo\/ -->\n<title>Mitsubishi Outlander PHEV 2023 - CanadaMotorJobs.com<\/title>\n<meta name=\"description\" content=\"Mitsubishi Outlander PHEV 2023 - Benoit Charette - Annuel automobile - CanadaMotorJobs.com.\" \/>\n<meta name=\"robots\" content=\"index, follow, max-snippet:-1, max-image-preview:large, max-video-preview:-1\" \/>\n<meta property=\"og:locale\" content=\"fr_CA\" \/>\n<meta property=\"og:type\" content=\"article\" \/>\n<meta property=\"og:title\" content=\"Mitsubishi Outlander PHEV 2023 - CanadaMotorJobs.com\" \/>\n<meta property=\"og:description\" content=\"Mitsubishi Outlander PHEV 2023 - Benoit Charette - Annuel automobile - CanadaMotorJobs.com.\" \/>\n<meta property=\"og:url\" content=\"https:\/\/news.canadamotorjobs.com\/fr\/mitsubishi-outlander-phev-2023\/\" \/>\n<meta property=\"og:site_name\" content=\"CanadaMotorJobs.com\" \/>\n<meta property=\"article:publisher\" content=\"https:\/\/www.facebook.com\/canadamotorjobs\/\" \/>\n<meta property=\"article:published_time\" content=\"2022-12-05T14:00:48+00:00\" \/>\n<meta property=\"article:modified_time\" content=\"2022-12-05T14:14:29+00:00\" \/>\n<meta property=\"og:image\" content=\"https:\/\/news.canadamotorjobs.com\/wp-content\/uploads\/2022\/12\/IMG_5938-1.jpg\" \/>\n\t<meta property=\"og:image:width\" content=\"1500\" \/>\n\t<meta property=\"og:image:height\" content=\"1125\" \/>\n\t<meta property=\"og:image:type\" content=\"image\/jpeg\" \/>\n<meta name=\"author\" content=\"Benoit Charette\" \/>\n<meta name=\"twitter:card\" content=\"summary_large_image\" \/>\n<meta name=\"twitter:creator\" content=\"@canadamotorjobs\" \/>\n<meta name=\"twitter:site\" content=\"@canadamotorjobs\" \/>\n<meta name=\"twitter:label1\" content=\"\u00c9crit par\" \/>\n\t<meta name=\"twitter:data1\" content=\"Benoit Charette\" \/>\n\t<meta name=\"twitter:label2\" content=\"Estimation du temps de lecture\" \/>\n\t<meta name=\"twitter:data2\" content=\"1 minute\" \/>\n<!-- \/ Yoast SEO plugin. -->","yoast_head_json":{"title":"Mitsubishi Outlander PHEV 2023 - CanadaMotorJobs.com","description":"Mitsubishi Outlander PHEV 2023 - Benoit Charette - Annuel automobile - CanadaMotorJobs.com.","robots":{"index":"index","follow":"follow","max-snippet":"max-snippet:-1","max-image-preview":"max-image-preview:large","max-video-preview":"max-video-preview:-1"},"og_locale":"fr_CA","og_type":"article","og_title":"Mitsubishi Outlander PHEV 2023 - CanadaMotorJobs.com","og_description":"Mitsubishi Outlander PHEV 2023 - Benoit Charette - Annuel automobile - CanadaMotorJobs.com.","og_url":"https:\/\/news.canadamotorjobs.com\/fr\/mitsubishi-outlander-phev-2023\/","og_site_name":"CanadaMotorJobs.com","article_publisher":"https:\/\/www.facebook.com\/canadamotorjobs\/","article_published_time":"2022-12-05T14:00:48+00:00","article_modified_time":"2022-12-05T14:14:29+00:00","og_image":[{"width":1500,"height":1125,"url":"https:\/\/news.canadamotorjobs.com\/wp-content\/uploads\/2022\/12\/IMG_5938-1.jpg","type":"image\/jpeg"}],"author":"Benoit Charette","twitter_card":"summary_large_image","twitter_creator":"@canadamotorjobs","twitter_site":"@canadamotorjobs","twitter_misc":{"\u00c9crit par":"Benoit Charette","Estimation du temps de lecture":"1 minute"},"schema":{"@context":"https:\/\/schema.org","@graph":[{"@type":"Article","@id":"https:\/\/news.canadamotorjobs.com\/fr\/mitsubishi-outlander-phev-2023\/#article","isPartOf":{"@id":"https:\/\/news.canadamotorjobs.com\/fr\/mitsubishi-outlander-phev-2023\/"},"author":{"name":"Benoit Charette","@id":"https:\/\/news.canadamotorjobs.com\/#\/schema\/person\/51793d1f87d44011d7bcc2ed99269a90"},"headline":"Mitsubishi Outlander PHEV 2023","datePublished":"2022-12-05T14:00:48+00:00","dateModified":"2022-12-05T14:14:29+00:00","mainEntityOfPage":{"@id":"https:\/\/news.canadamotorjobs.com\/fr\/mitsubishi-outlander-phev-2023\/"},"wordCount":271,"publisher":{"@id":"https:\/\/news.canadamotorjobs.com\/#organization"},"image":{"@id":"https:\/\/news.canadamotorjobs.com\/fr\/mitsubishi-outlander-phev-2023\/#primaryimage"},"thumbnailUrl":"https:\/\/news.canadamotorjobs.com\/wp-content\/uploads\/2022\/12\/IMG_5938-1.jpg","articleSection":["Annuel automobile"],"inLanguage":"fr-CA"},{"@type":"WebPage","@id":"https:\/\/news.canadamotorjobs.com\/fr\/mitsubishi-outlander-phev-2023\/","url":"https:\/\/news.canadamotorjobs.com\/fr\/mitsubishi-outlander-phev-2023\/","name":"Mitsubishi Outlander PHEV 2023 - CanadaMotorJobs.com","isPartOf":{"@id":"https:\/\/news.canadamotorjobs.com\/#website"},"primaryImageOfPage":{"@id":"https:\/\/news.canadamotorjobs.com\/fr\/mitsubishi-outlander-phev-2023\/#primaryimage"},"image":{"@id":"https:\/\/news.canadamotorjobs.com\/fr\/mitsubishi-outlander-phev-2023\/#primaryimage"},"thumbnailUrl":"https:\/\/news.canadamotorjobs.com\/wp-content\/uploads\/2022\/12\/IMG_5938-1.jpg","datePublished":"2022-12-05T14:00:48+00:00","dateModified":"2022-12-05T14:14:29+00:00","description":"Mitsubishi Outlander PHEV 2023 - Benoit Charette - Annuel automobile - CanadaMotorJobs.com.","breadcrumb":{"@id":"https:\/\/news.canadamotorjobs.com\/fr\/mitsubishi-outlander-phev-2023\/#breadcrumb"},"inLanguage":"fr-CA","potentialAction":[{"@type":"ReadAction","target":["https:\/\/news.canadamotorjobs.com\/fr\/mitsubishi-outlander-phev-2023\/"]}]},{"@type":"ImageObject","inLanguage":"fr-CA","@id":"https:\/\/news.canadamotorjobs.com\/fr\/mitsubishi-outlander-phev-2023\/#primaryimage","url":"https:\/\/news.canadamotorjobs.com\/wp-content\/uploads\/2022\/12\/IMG_5938-1.jpg","contentUrl":"https:\/\/news.canadamotorjobs.com\/wp-content\/uploads\/2022\/12\/IMG_5938-1.jpg","width":1500,"height":1125},{"@type":"BreadcrumbList","@id":"https:\/\/news.canadamotorjobs.com\/fr\/mitsubishi-outlander-phev-2023\/#breadcrumb","itemListElement":[{"@type":"ListItem","position":1,"name":"Home","item":"https:\/\/news.canadamotorjobs.com\/fr\/blog\/"},{"@type":"ListItem","position":2,"name":"Mitsubishi Outlander PHEV 2023"}]},{"@type":"WebSite","@id":"https:\/\/news.canadamotorjobs.com\/#website","url":"https:\/\/news.canadamotorjobs.com\/","name":"CanadaMotorJobs.com","description":"Automotive Jobs","publisher":{"@id":"https:\/\/news.canadamotorjobs.com\/#organization"},"potentialAction":[{"@type":"SearchAction","target":{"@type":"EntryPoint","urlTemplate":"https:\/\/news.canadamotorjobs.com\/?s={search_term_string}"},"query-input":"required name=search_term_string"}],"inLanguage":"fr-CA"},{"@type":"Organization","@id":"https:\/\/news.canadamotorjobs.com\/#organization","name":"Canada Motor Jobs","url":"https:\/\/news.canadamotorjobs.com\/","logo":{"@type":"ImageObject","inLanguage":"fr-CA","@id":"https:\/\/news.canadamotorjobs.com\/#\/schema\/logo\/image\/","url":"https:\/\/news.canadamotorjobs.com\/wp-content\/uploads\/2022\/10\/logo-canada-motor-jobs-1.png","contentUrl":"https:\/\/news.canadamotorjobs.com\/wp-content\/uploads\/2022\/10\/logo-canada-motor-jobs-1.png","width":800,"height":400,"caption":"Canada Motor Jobs"},"image":{"@id":"https:\/\/news.canadamotorjobs.com\/#\/schema\/logo\/image\/"},"sameAs":["https:\/\/www.facebook.com\/canadamotorjobs\/","https:\/\/x.com\/canadamotorjobs","https:\/\/www.instagram.com\/canadamotorjobs\/","https:\/\/www.linkedin.com\/company\/canadamotorjobs"]},{"@type":"Person","@id":"https:\/\/news.canadamotorjobs.com\/#\/schema\/person\/51793d1f87d44011d7bcc2ed99269a90","name":"Benoit Charette","image":{"@type":"ImageObject","inLanguage":"fr-CA","@id":"https:\/\/news.canadamotorjobs.com\/#\/schema\/person\/image\/","url":"https:\/\/secure.gravatar.com\/avatar\/45f3d2eebcccd909668d7ce7ea7267b6?s=96&d=mm&r=g","contentUrl":"https:\/\/secure.gravatar.com\/avatar\/45f3d2eebcccd909668d7ce7ea7267b6?s=96&d=mm&r=g","caption":"Benoit Charette"},"description":"Benoit Charette \/ Propri\u00e9taire et r\u00e9dacteur en chef Benoit Charette pratique le journalisme automobile depuis bient\u00f4t 30 ans. Il a fait ses classes au c\u00f4t\u00e9 de Daniel H\u00e9raud et au Carnet de route de 1992 \u00e0 2001. Il est fondateur, copropri\u00e9taire et r\u00e9dacteur en chef de L\u2019Annuel de l\u2019automobile, qu\u2019il publie depuis 2001. Il a anim\u00e9 les \u00e9missions RPM et RPM+ sur V et les L\u00e9gendes de la route sur Historia. \u00c0 la radio depuis 1986, il reprend l\u2019antenne cette ann\u00e9e sur les ondes de Cogeco et participe pour la deuxi\u00e8me ann\u00e9e \u00e0 l\u2019\u00e9mission Passion Auto sur RDS en plus de mettre en ligne le site Web officiel de L\u2019Annuel de l\u2019automobile sur annuelauto.ca.","sameAs":["https:\/\/annuelauto.ca\/"],"url":"https:\/\/news.canadamotorjobs.com\/fr\/author\/benoit-charette\/"}]}},"_links":{"self":[{"href":"https:\/\/news.canadamotorjobs.com\/fr\/wp-json\/wp\/v2\/posts\/136930"}],"collection":[{"href":"https:\/\/news.canadamotorjobs.com\/fr\/wp-json\/wp\/v2\/posts"}],"about":[{"href":"https:\/\/news.canadamotorjobs.com\/fr\/wp-json\/wp\/v2\/types\/post"}],"author":[{"embeddable":true,"href":"https:\/\/news.canadamotorjobs.com\/fr\/wp-json\/wp\/v2\/users\/8"}],"replies":[{"embeddable":true,"href":"https:\/\/news.canadamotorjobs.com\/fr\/wp-json\/wp\/v2\/comments?post=136930"}],"version-history":[{"count":0,"href":"https:\/\/news.canadamotorjobs.com\/fr\/wp-json\/wp\/v2\/posts\/136930\/revisions"}],"wp:featuredmedia":[{"embeddable":true,"href":"https:\/\/news.canadamotorjobs.com\/fr\/wp-json\/wp\/v2\/media\/136934"}],"wp:attachment":[{"href":"https:\/\/news.canadamotorjobs.com\/fr\/wp-json\/wp\/v2\/media?parent=136930"}],"wp:term":[{"taxonomy":"category","embeddable":true,"href":"https:\/\/news.canadamotorjobs.com\/fr\/wp-json\/wp\/v2\/categories?post=136930"},{"taxonomy":"post_tag","embeddable":true,"href":"https:\/\/news.canadamotorjobs.com\/fr\/wp-json\/wp\/v2\/tags?post=136930"}],"curies":[{"name":"wp","href":"https:\/\/api.w.org\/{rel}","templated":true}]}}