{"id":136922,"date":"2022-12-05T07:15:50","date_gmt":"2022-12-05T12:15:50","guid":{"rendered":"https:\/\/news.canadamotorjobs.com\/pourquoi-lattente-est-si-longue-pour-les-vehicules-electriques\/"},"modified":"2022-12-06T08:58:33","modified_gmt":"2022-12-06T13:58:33","slug":"pourquoi-lattente-est-si-longue-pour-les-vehicules-electriques","status":"publish","type":"post","link":"https:\/\/news.canadamotorjobs.com\/fr\/pourquoi-lattente-est-si-longue-pour-les-vehicules-electriques\/","title":{"rendered":"Pourquoi l\u2019attente est si longue pour les v\u00e9hicules \u00e9lectriques"},"content":{"rendered":"<p>Les amateurs de v\u00e9hicules \u00e9lectriques qui attendent un v\u00e9hicule \u00e9lectrique sont tr\u00e8s souvent sur plusieurs listes d\u2019attente. Comment expliquer que ce soit aussi long avant de prendre possession de notre v\u00e9hicule ? La r\u00e9ponse simple serait que les constructeurs n\u2019ont pas \u00e9t\u00e9 en mesure de voir venir la vague. La r\u00e9ponse plus compliqu\u00e9e est le contexte \u00e9conomique.<\/p>\n<h3>L\u2019exemple de Ford<\/h3>\n<p>Ford au moment d\u2019annoncer la venue du F-150 Lightning avait planifi\u00e9 de construire 40\u00a0000 unit\u00e9s par ann\u00e9e. En quelques semaines seulement, plus de 100\u00a0000 commandes qui sont rapidement devenues 200\u00a0000. Ford d\u00e9cide donc d\u2019augmenter sa capacit\u00e9 \u00e0 80\u00a0000 unit\u00e9s pas ann\u00e9e, mais m\u00eame cela ne suffit pas. Ford est pr\u00e9sentement en train de mettre sur pied une deuxi\u00e8me cha\u00eene de montage en d\u00e9fon\u00e7ant les murs de la premi\u00e8re pour \u00e0 nouveau augmenter la capacit\u00e9 de production. Ford a d\u00fb litt\u00e9ralement abattre les murs de son usine pour faire face \u00e0 la demande de la F-150 \u00e9lectrique. L\u2019exemple de Ford n\u2019est pas unique, bien des constructeurs avaient sous-estim\u00e9 la popularit\u00e9 des mod\u00e8les \u00e9lectriques<\/p>\n<h3>L\u2019exemple de Volkswagen<\/h3>\n<p>Volkswagen a commenc\u00e9 en juillet 2022 la fabrication des mod\u00e8les ID.4 dans son usine de Chattanooga. De nouveaux b\u00e2timents, un espace d\u00e9di\u00e9 et une capacit\u00e9 de production de 45 v\u00e9hicules \u00e0 l\u2019heure. Un nombre suffisant pour r\u00e9pondre \u00e0 la demande. Mais, il y a un probl\u00e8me qui se nomme la cha\u00eene d\u2019approvisionnement. On manque de puces \u00e9lectroniques et de pi\u00e8ces en tout genre qui vont m\u00eame jusqu\u2019\u00e0 l\u2019approvisionnement en batteries. Cela emp\u00eache Volkswagen (et bien<\/p>\n","protected":false},"excerpt":{"rendered":"<p>Les amateurs de v\u00e9hicules \u00e9lectriques qui attendent un v\u00e9hicule \u00e9lectrique sont tr\u00e8s souvent sur plusieurs listes d\u2019attente. Comment expliquer que ce soit aussi long avant de prendre possession de notre v\u00e9hicule ? La r\u00e9ponse simple serait que les constructeurs n\u2019ont pas \u00e9t\u00e9 en mesure de voir venir la vague. La r\u00e9ponse plus compliqu\u00e9e est le [&hellip;]<\/p>\n","protected":false},"author":8,"featured_media":136926,"comment_status":"close","ping_status":"closed","sticky":false,"template":"","format":"standard","meta":{"_monsterinsights_skip_tracking":false,"_monsterinsights_sitenote_active":false,"_monsterinsights_sitenote_note":"","_monsterinsights_sitenote_category":0,"footnotes":""},"categories":[101],"tags":[131],"yoast_head":"<!-- This site is optimized with the Yoast SEO plugin v23.2 - https:\/\/yoast.com\/wordpress\/plugins\/seo\/ -->\n<title>Pourquoi l\u2019attente est si longue pour les v\u00e9hicules \u00e9lectriques - CanadaMotorJobs.com<\/title>\n<meta name=\"description\" content=\"Pourquoi l\u2019attente est si longue pour les v\u00e9hicules \u00e9lectriques - Benoit Charette - Annuel automobile - CanadaMotorJobs.com.\" \/>\n<meta name=\"robots\" content=\"index, follow, max-snippet:-1, max-image-preview:large, max-video-preview:-1\" \/>\n<meta property=\"og:locale\" content=\"fr_CA\" \/>\n<meta property=\"og:type\" content=\"article\" \/>\n<meta property=\"og:title\" content=\"Pourquoi l\u2019attente est si longue pour les v\u00e9hicules \u00e9lectriques - CanadaMotorJobs.com\" \/>\n<meta property=\"og:description\" content=\"Pourquoi l\u2019attente est si longue pour les v\u00e9hicules \u00e9lectriques - Benoit Charette - Annuel automobile - CanadaMotorJobs.com.\" \/>\n<meta property=\"og:url\" content=\"https:\/\/news.canadamotorjobs.com\/fr\/pourquoi-lattente-est-si-longue-pour-les-vehicules-electriques\/\" \/>\n<meta property=\"og:site_name\" content=\"CanadaMotorJobs.com\" \/>\n<meta property=\"article:publisher\" content=\"https:\/\/www.facebook.com\/canadamotorjobs\/\" \/>\n<meta property=\"article:published_time\" content=\"2022-12-05T12:15:50+00:00\" \/>\n<meta property=\"article:modified_time\" content=\"2022-12-06T13:58:33+00:00\" \/>\n<meta property=\"og:image\" content=\"https:\/\/news.canadamotorjobs.com\/wp-content\/uploads\/2022\/12\/volkswagen-id.4-series-production-in-zwickau-1.jpg\" \/>\n\t<meta property=\"og:image:width\" content=\"1920\" \/>\n\t<meta property=\"og:image:height\" content=\"1080\" \/>\n\t<meta property=\"og:image:type\" content=\"image\/jpeg\" \/>\n<meta name=\"author\" content=\"Benoit Charette\" \/>\n<meta name=\"twitter:card\" content=\"summary_large_image\" \/>\n<meta name=\"twitter:creator\" content=\"@canadamotorjobs\" \/>\n<meta name=\"twitter:site\" content=\"@canadamotorjobs\" \/>\n<meta name=\"twitter:label1\" content=\"\u00c9crit par\" \/>\n\t<meta name=\"twitter:data1\" content=\"Benoit Charette\" \/>\n\t<meta name=\"twitter:label2\" content=\"Estimation du temps de lecture\" \/>\n\t<meta name=\"twitter:data2\" content=\"2 minutes\" \/>\n<!-- \/ Yoast SEO plugin. -->","yoast_head_json":{"title":"Pourquoi l\u2019attente est si longue pour les v\u00e9hicules \u00e9lectriques - CanadaMotorJobs.com","description":"Pourquoi l\u2019attente est si longue pour les v\u00e9hicules \u00e9lectriques - Benoit Charette - Annuel automobile - CanadaMotorJobs.com.","robots":{"index":"index","follow":"follow","max-snippet":"max-snippet:-1","max-image-preview":"max-image-preview:large","max-video-preview":"max-video-preview:-1"},"og_locale":"fr_CA","og_type":"article","og_title":"Pourquoi l\u2019attente est si longue pour les v\u00e9hicules \u00e9lectriques - CanadaMotorJobs.com","og_description":"Pourquoi l\u2019attente est si longue pour les v\u00e9hicules \u00e9lectriques - Benoit Charette - Annuel automobile - CanadaMotorJobs.com.","og_url":"https:\/\/news.canadamotorjobs.com\/fr\/pourquoi-lattente-est-si-longue-pour-les-vehicules-electriques\/","og_site_name":"CanadaMotorJobs.com","article_publisher":"https:\/\/www.facebook.com\/canadamotorjobs\/","article_published_time":"2022-12-05T12:15:50+00:00","article_modified_time":"2022-12-06T13:58:33+00:00","og_image":[{"width":1920,"height":1080,"url":"https:\/\/news.canadamotorjobs.com\/wp-content\/uploads\/2022\/12\/volkswagen-id.4-series-production-in-zwickau-1.jpg","type":"image\/jpeg"}],"author":"Benoit Charette","twitter_card":"summary_large_image","twitter_creator":"@canadamotorjobs","twitter_site":"@canadamotorjobs","twitter_misc":{"\u00c9crit par":"Benoit Charette","Estimation du temps de lecture":"2 minutes"},"schema":{"@context":"https:\/\/schema.org","@graph":[{"@type":"Article","@id":"https:\/\/news.canadamotorjobs.com\/fr\/pourquoi-lattente-est-si-longue-pour-les-vehicules-electriques\/#article","isPartOf":{"@id":"https:\/\/news.canadamotorjobs.com\/fr\/pourquoi-lattente-est-si-longue-pour-les-vehicules-electriques\/"},"author":{"name":"Benoit Charette","@id":"https:\/\/news.canadamotorjobs.com\/#\/schema\/person\/51793d1f87d44011d7bcc2ed99269a90"},"headline":"Pourquoi l\u2019attente est si longue pour les v\u00e9hicules \u00e9lectriques","datePublished":"2022-12-05T12:15:50+00:00","dateModified":"2022-12-06T13:58:33+00:00","mainEntityOfPage":{"@id":"https:\/\/news.canadamotorjobs.com\/fr\/pourquoi-lattente-est-si-longue-pour-les-vehicules-electriques\/"},"wordCount":291,"publisher":{"@id":"https:\/\/news.canadamotorjobs.com\/#organization"},"image":{"@id":"https:\/\/news.canadamotorjobs.com\/fr\/pourquoi-lattente-est-si-longue-pour-les-vehicules-electriques\/#primaryimage"},"thumbnailUrl":"https:\/\/news.canadamotorjobs.com\/wp-content\/uploads\/2022\/12\/volkswagen-id.4-series-production-in-zwickau-1.jpg","keywords":["Newsletter"],"articleSection":["Annuel automobile"],"inLanguage":"fr-CA"},{"@type":"WebPage","@id":"https:\/\/news.canadamotorjobs.com\/fr\/pourquoi-lattente-est-si-longue-pour-les-vehicules-electriques\/","url":"https:\/\/news.canadamotorjobs.com\/fr\/pourquoi-lattente-est-si-longue-pour-les-vehicules-electriques\/","name":"Pourquoi l\u2019attente est si longue pour les v\u00e9hicules \u00e9lectriques - CanadaMotorJobs.com","isPartOf":{"@id":"https:\/\/news.canadamotorjobs.com\/#website"},"primaryImageOfPage":{"@id":"https:\/\/news.canadamotorjobs.com\/fr\/pourquoi-lattente-est-si-longue-pour-les-vehicules-electriques\/#primaryimage"},"image":{"@id":"https:\/\/news.canadamotorjobs.com\/fr\/pourquoi-lattente-est-si-longue-pour-les-vehicules-electriques\/#primaryimage"},"thumbnailUrl":"https:\/\/news.canadamotorjobs.com\/wp-content\/uploads\/2022\/12\/volkswagen-id.4-series-production-in-zwickau-1.jpg","datePublished":"2022-12-05T12:15:50+00:00","dateModified":"2022-12-06T13:58:33+00:00","description":"Pourquoi l\u2019attente est si longue pour les v\u00e9hicules \u00e9lectriques - Benoit Charette - Annuel automobile - CanadaMotorJobs.com.","breadcrumb":{"@id":"https:\/\/news.canadamotorjobs.com\/fr\/pourquoi-lattente-est-si-longue-pour-les-vehicules-electriques\/#breadcrumb"},"inLanguage":"fr-CA","potentialAction":[{"@type":"ReadAction","target":["https:\/\/news.canadamotorjobs.com\/fr\/pourquoi-lattente-est-si-longue-pour-les-vehicules-electriques\/"]}]},{"@type":"ImageObject","inLanguage":"fr-CA","@id":"https:\/\/news.canadamotorjobs.com\/fr\/pourquoi-lattente-est-si-longue-pour-les-vehicules-electriques\/#primaryimage","url":"https:\/\/news.canadamotorjobs.com\/wp-content\/uploads\/2022\/12\/volkswagen-id.4-series-production-in-zwickau-1.jpg","contentUrl":"https:\/\/news.canadamotorjobs.com\/wp-content\/uploads\/2022\/12\/volkswagen-id.4-series-production-in-zwickau-1.jpg","width":1920,"height":1080},{"@type":"BreadcrumbList","@id":"https:\/\/news.canadamotorjobs.com\/fr\/pourquoi-lattente-est-si-longue-pour-les-vehicules-electriques\/#breadcrumb","itemListElement":[{"@type":"ListItem","position":1,"name":"Home","item":"https:\/\/news.canadamotorjobs.com\/fr\/blog\/"},{"@type":"ListItem","position":2,"name":"Pourquoi l\u2019attente est si longue pour les v\u00e9hicules \u00e9lectriques"}]},{"@type":"WebSite","@id":"https:\/\/news.canadamotorjobs.com\/#website","url":"https:\/\/news.canadamotorjobs.com\/","name":"CanadaMotorJobs.com","description":"Automotive Jobs","publisher":{"@id":"https:\/\/news.canadamotorjobs.com\/#organization"},"potentialAction":[{"@type":"SearchAction","target":{"@type":"EntryPoint","urlTemplate":"https:\/\/news.canadamotorjobs.com\/?s={search_term_string}"},"query-input":"required name=search_term_string"}],"inLanguage":"fr-CA"},{"@type":"Organization","@id":"https:\/\/news.canadamotorjobs.com\/#organization","name":"Canada Motor Jobs","url":"https:\/\/news.canadamotorjobs.com\/","logo":{"@type":"ImageObject","inLanguage":"fr-CA","@id":"https:\/\/news.canadamotorjobs.com\/#\/schema\/logo\/image\/","url":"https:\/\/news.canadamotorjobs.com\/wp-content\/uploads\/2022\/10\/logo-canada-motor-jobs-1.png","contentUrl":"https:\/\/news.canadamotorjobs.com\/wp-content\/uploads\/2022\/10\/logo-canada-motor-jobs-1.png","width":800,"height":400,"caption":"Canada Motor Jobs"},"image":{"@id":"https:\/\/news.canadamotorjobs.com\/#\/schema\/logo\/image\/"},"sameAs":["https:\/\/www.facebook.com\/canadamotorjobs\/","https:\/\/x.com\/canadamotorjobs","https:\/\/www.instagram.com\/canadamotorjobs\/","https:\/\/www.linkedin.com\/company\/canadamotorjobs"]},{"@type":"Person","@id":"https:\/\/news.canadamotorjobs.com\/#\/schema\/person\/51793d1f87d44011d7bcc2ed99269a90","name":"Benoit Charette","image":{"@type":"ImageObject","inLanguage":"fr-CA","@id":"https:\/\/news.canadamotorjobs.com\/#\/schema\/person\/image\/","url":"https:\/\/secure.gravatar.com\/avatar\/45f3d2eebcccd909668d7ce7ea7267b6?s=96&d=mm&r=g","contentUrl":"https:\/\/secure.gravatar.com\/avatar\/45f3d2eebcccd909668d7ce7ea7267b6?s=96&d=mm&r=g","caption":"Benoit Charette"},"description":"Benoit Charette \/ Propri\u00e9taire et r\u00e9dacteur en chef Benoit Charette pratique le journalisme automobile depuis bient\u00f4t 30 ans. Il a fait ses classes au c\u00f4t\u00e9 de Daniel H\u00e9raud et au Carnet de route de 1992 \u00e0 2001. Il est fondateur, copropri\u00e9taire et r\u00e9dacteur en chef de L\u2019Annuel de l\u2019automobile, qu\u2019il publie depuis 2001. Il a anim\u00e9 les \u00e9missions RPM et RPM+ sur V et les L\u00e9gendes de la route sur Historia. \u00c0 la radio depuis 1986, il reprend l\u2019antenne cette ann\u00e9e sur les ondes de Cogeco et participe pour la deuxi\u00e8me ann\u00e9e \u00e0 l\u2019\u00e9mission Passion Auto sur RDS en plus de mettre en ligne le site Web officiel de L\u2019Annuel de l\u2019automobile sur annuelauto.ca.","sameAs":["https:\/\/annuelauto.ca\/"],"url":"https:\/\/news.canadamotorjobs.com\/fr\/author\/benoit-charette\/"}]}},"_links":{"self":[{"href":"https:\/\/news.canadamotorjobs.com\/fr\/wp-json\/wp\/v2\/posts\/136922"}],"collection":[{"href":"https:\/\/news.canadamotorjobs.com\/fr\/wp-json\/wp\/v2\/posts"}],"about":[{"href":"https:\/\/news.canadamotorjobs.com\/fr\/wp-json\/wp\/v2\/types\/post"}],"author":[{"embeddable":true,"href":"https:\/\/news.canadamotorjobs.com\/fr\/wp-json\/wp\/v2\/users\/8"}],"replies":[{"embeddable":true,"href":"https:\/\/news.canadamotorjobs.com\/fr\/wp-json\/wp\/v2\/comments?post=136922"}],"version-history":[{"count":0,"href":"https:\/\/news.canadamotorjobs.com\/fr\/wp-json\/wp\/v2\/posts\/136922\/revisions"}],"wp:featuredmedia":[{"embeddable":true,"href":"https:\/\/news.canadamotorjobs.com\/fr\/wp-json\/wp\/v2\/media\/136926"}],"wp:attachment":[{"href":"https:\/\/news.canadamotorjobs.com\/fr\/wp-json\/wp\/v2\/media?parent=136922"}],"wp:term":[{"taxonomy":"category","embeddable":true,"href":"https:\/\/news.canadamotorjobs.com\/fr\/wp-json\/wp\/v2\/categories?post=136922"},{"taxonomy":"post_tag","embeddable":true,"href":"https:\/\/news.canadamotorjobs.com\/fr\/wp-json\/wp\/v2\/tags?post=136922"}],"curies":[{"name":"wp","href":"https:\/\/api.w.org\/{rel}","templated":true}]}}