{"id":136914,"date":"2022-12-04T08:29:29","date_gmt":"2022-12-04T13:29:29","guid":{"rendered":"https:\/\/news.canadamotorjobs.com\/une-compagnie-americaine-imagine-un-tesla-semi-en-vr\/"},"modified":"2022-12-04T08:30:33","modified_gmt":"2022-12-04T13:30:33","slug":"une-compagnie-americaine-imagine-un-tesla-semi-en-vr","status":"publish","type":"post","link":"https:\/\/news.canadamotorjobs.com\/fr\/une-compagnie-americaine-imagine-un-tesla-semi-en-vr\/","title":{"rendered":"Une compagnie am\u00e9ricaine imagine un Tesla Semi en VR"},"content":{"rendered":"<\/p>\n<p>L\u2019id\u00e9e de vient pas d\u2019Elon Musk qui ne manque pourtant pas d\u2019imagination, mais de Jowua qui est le premier fournisseur mondial d&#8217;accessoires Tesla. Suite \u00e0 la livraison des premiers mod\u00e8les Semi cette semaine chez PepsiCo, la compagnie a imagin\u00e9 une version VR qui se retrouverait naturellement entre les mains des bien nantis,<br \/> Enti\u00e8rement \u00e9lectrique avec panneaux solaires.<br \/> Jowua\u00a0 estime que l&#8217;id\u00e9e d&#8217;un VR enti\u00e8rement \u00e9lectrique et aliment\u00e9 par l&#8217;\u00e9nergie solaire est extr\u00eamement attrayante pour de nombreuses personnes. Pendant la journ\u00e9e, vous conduisez sans \u00e9missions et pouvez alimenter votre vie \u00e0 partir de la m\u00eame batterie qui vous permet de vous d\u00e9placer. La nuit, vous pouvez vous recharger pour recommencer le lendemain.<br \/> D\u2019autres constructeurs regardent cette possibilit\u00e9<br \/> Mercedes-Benz arrive au printemps prochain avec le eSprinter, qui pourrait offrir une version VR avec une autonomie \u00e9lectrique estim\u00e9e \u00e0 365\u00a0km par l\u2019EPA. Pour sa part Jowua a d\u00e9cid\u00e9 de cr\u00e9er des rendus de ce \u00e0 quoi pourrait ressembler un VR Tesla Semi. Le style est spectaculaire. Le Semi offre une batterie de 900\u00a0kW et le camion a \u00e9t\u00e9 en mesure de parcourir 800\u00a0km avec une charge de 82\u00a0000 livres. Ce qui veut dire que cette autonomie serait encore meilleure sans de charge \u00e0 tra\u00eener. Le Tesla Semi est plus lourd que la plupart des camions de classe 8, mais il devrait \u00eatre possible de construire un VR sur la plate-forme et de maintenir le poids en dessous de 70\u00a0000 livres, ce qui devrait entra\u00eener des gains d&#8217;efficacit\u00e9.<br \/> Et que dire de l\u2019int\u00e9rieur<br \/> Jowua<\/p>\n","protected":false},"excerpt":{"rendered":"<p>L\u2019id\u00e9e de vient pas d\u2019Elon Musk qui ne manque pourtant pas d\u2019imagination, mais de Jowua qui est le premier fournisseur mondial d&#8217;accessoires Tesla. Suite \u00e0 la livraison des premiers mod\u00e8les Semi cette semaine chez PepsiCo, la compagnie a imagin\u00e9 une version VR qui se retrouverait naturellement entre les mains des bien nantis, Enti\u00e8rement \u00e9lectrique avec [&hellip;]<\/p>\n","protected":false},"author":8,"featured_media":136918,"comment_status":"close","ping_status":"closed","sticky":false,"template":"","format":"standard","meta":{"_monsterinsights_skip_tracking":false,"_monsterinsights_sitenote_active":false,"_monsterinsights_sitenote_note":"","_monsterinsights_sitenote_category":0,"footnotes":""},"categories":[101],"tags":[],"yoast_head":"<!-- This site is optimized with the Yoast SEO plugin v23.2 - https:\/\/yoast.com\/wordpress\/plugins\/seo\/ -->\n<title>Une compagnie am\u00e9ricaine imagine un Tesla Semi en VR - CanadaMotorJobs.com<\/title>\n<meta name=\"description\" content=\"Une compagnie am\u00e9ricaine imagine un Tesla Semi en VR - Benoit Charette - Annuel automobile - CanadaMotorJobs.com.\" \/>\n<meta name=\"robots\" content=\"index, follow, max-snippet:-1, max-image-preview:large, max-video-preview:-1\" \/>\n<meta property=\"og:locale\" content=\"fr_CA\" \/>\n<meta property=\"og:type\" content=\"article\" \/>\n<meta property=\"og:title\" content=\"Une compagnie am\u00e9ricaine imagine un Tesla Semi en VR - CanadaMotorJobs.com\" \/>\n<meta property=\"og:description\" content=\"Une compagnie am\u00e9ricaine imagine un Tesla Semi en VR - Benoit Charette - Annuel automobile - CanadaMotorJobs.com.\" \/>\n<meta property=\"og:url\" content=\"https:\/\/news.canadamotorjobs.com\/fr\/une-compagnie-americaine-imagine-un-tesla-semi-en-vr\/\" \/>\n<meta property=\"og:site_name\" content=\"CanadaMotorJobs.com\" \/>\n<meta property=\"article:publisher\" content=\"https:\/\/www.facebook.com\/canadamotorjobs\/\" \/>\n<meta property=\"article:published_time\" content=\"2022-12-04T13:29:29+00:00\" \/>\n<meta property=\"article:modified_time\" content=\"2022-12-04T13:30:33+00:00\" \/>\n<meta property=\"og:image\" content=\"https:\/\/news.canadamotorjobs.com\/wp-content\/uploads\/2022\/12\/1670135603_509_The-Tesla-Semi-looks-amazing-as-a-mobile-electric-home-1.jpg\" \/>\n\t<meta property=\"og:image:width\" content=\"1024\" \/>\n\t<meta property=\"og:image:height\" content=\"752\" \/>\n\t<meta property=\"og:image:type\" content=\"image\/jpeg\" \/>\n<meta name=\"author\" content=\"Benoit Charette\" \/>\n<meta name=\"twitter:card\" content=\"summary_large_image\" \/>\n<meta name=\"twitter:creator\" content=\"@canadamotorjobs\" \/>\n<meta name=\"twitter:site\" content=\"@canadamotorjobs\" \/>\n<meta name=\"twitter:label1\" content=\"\u00c9crit par\" \/>\n\t<meta name=\"twitter:data1\" content=\"Benoit Charette\" \/>\n\t<meta name=\"twitter:label2\" content=\"Estimation du temps de lecture\" \/>\n\t<meta name=\"twitter:data2\" content=\"1 minute\" \/>\n<!-- \/ Yoast SEO plugin. -->","yoast_head_json":{"title":"Une compagnie am\u00e9ricaine imagine un Tesla Semi en VR - CanadaMotorJobs.com","description":"Une compagnie am\u00e9ricaine imagine un Tesla Semi en VR - Benoit Charette - Annuel automobile - CanadaMotorJobs.com.","robots":{"index":"index","follow":"follow","max-snippet":"max-snippet:-1","max-image-preview":"max-image-preview:large","max-video-preview":"max-video-preview:-1"},"og_locale":"fr_CA","og_type":"article","og_title":"Une compagnie am\u00e9ricaine imagine un Tesla Semi en VR - CanadaMotorJobs.com","og_description":"Une compagnie am\u00e9ricaine imagine un Tesla Semi en VR - Benoit Charette - Annuel automobile - CanadaMotorJobs.com.","og_url":"https:\/\/news.canadamotorjobs.com\/fr\/une-compagnie-americaine-imagine-un-tesla-semi-en-vr\/","og_site_name":"CanadaMotorJobs.com","article_publisher":"https:\/\/www.facebook.com\/canadamotorjobs\/","article_published_time":"2022-12-04T13:29:29+00:00","article_modified_time":"2022-12-04T13:30:33+00:00","og_image":[{"width":1024,"height":752,"url":"https:\/\/news.canadamotorjobs.com\/wp-content\/uploads\/2022\/12\/1670135603_509_The-Tesla-Semi-looks-amazing-as-a-mobile-electric-home-1.jpg","type":"image\/jpeg"}],"author":"Benoit Charette","twitter_card":"summary_large_image","twitter_creator":"@canadamotorjobs","twitter_site":"@canadamotorjobs","twitter_misc":{"\u00c9crit par":"Benoit Charette","Estimation du temps de lecture":"1 minute"},"schema":{"@context":"https:\/\/schema.org","@graph":[{"@type":"Article","@id":"https:\/\/news.canadamotorjobs.com\/fr\/une-compagnie-americaine-imagine-un-tesla-semi-en-vr\/#article","isPartOf":{"@id":"https:\/\/news.canadamotorjobs.com\/fr\/une-compagnie-americaine-imagine-un-tesla-semi-en-vr\/"},"author":{"name":"Benoit Charette","@id":"https:\/\/news.canadamotorjobs.com\/#\/schema\/person\/51793d1f87d44011d7bcc2ed99269a90"},"headline":"Une compagnie am\u00e9ricaine imagine un Tesla Semi en VR","datePublished":"2022-12-04T13:29:29+00:00","dateModified":"2022-12-04T13:30:33+00:00","mainEntityOfPage":{"@id":"https:\/\/news.canadamotorjobs.com\/fr\/une-compagnie-americaine-imagine-un-tesla-semi-en-vr\/"},"wordCount":278,"publisher":{"@id":"https:\/\/news.canadamotorjobs.com\/#organization"},"image":{"@id":"https:\/\/news.canadamotorjobs.com\/fr\/une-compagnie-americaine-imagine-un-tesla-semi-en-vr\/#primaryimage"},"thumbnailUrl":"https:\/\/news.canadamotorjobs.com\/wp-content\/uploads\/2022\/12\/1670135603_509_The-Tesla-Semi-looks-amazing-as-a-mobile-electric-home-1.jpg","articleSection":["Annuel automobile"],"inLanguage":"fr-CA"},{"@type":"WebPage","@id":"https:\/\/news.canadamotorjobs.com\/fr\/une-compagnie-americaine-imagine-un-tesla-semi-en-vr\/","url":"https:\/\/news.canadamotorjobs.com\/fr\/une-compagnie-americaine-imagine-un-tesla-semi-en-vr\/","name":"Une compagnie am\u00e9ricaine imagine un Tesla Semi en VR - CanadaMotorJobs.com","isPartOf":{"@id":"https:\/\/news.canadamotorjobs.com\/#website"},"primaryImageOfPage":{"@id":"https:\/\/news.canadamotorjobs.com\/fr\/une-compagnie-americaine-imagine-un-tesla-semi-en-vr\/#primaryimage"},"image":{"@id":"https:\/\/news.canadamotorjobs.com\/fr\/une-compagnie-americaine-imagine-un-tesla-semi-en-vr\/#primaryimage"},"thumbnailUrl":"https:\/\/news.canadamotorjobs.com\/wp-content\/uploads\/2022\/12\/1670135603_509_The-Tesla-Semi-looks-amazing-as-a-mobile-electric-home-1.jpg","datePublished":"2022-12-04T13:29:29+00:00","dateModified":"2022-12-04T13:30:33+00:00","description":"Une compagnie am\u00e9ricaine imagine un Tesla Semi en VR - Benoit Charette - Annuel automobile - CanadaMotorJobs.com.","breadcrumb":{"@id":"https:\/\/news.canadamotorjobs.com\/fr\/une-compagnie-americaine-imagine-un-tesla-semi-en-vr\/#breadcrumb"},"inLanguage":"fr-CA","potentialAction":[{"@type":"ReadAction","target":["https:\/\/news.canadamotorjobs.com\/fr\/une-compagnie-americaine-imagine-un-tesla-semi-en-vr\/"]}]},{"@type":"ImageObject","inLanguage":"fr-CA","@id":"https:\/\/news.canadamotorjobs.com\/fr\/une-compagnie-americaine-imagine-un-tesla-semi-en-vr\/#primaryimage","url":"https:\/\/news.canadamotorjobs.com\/wp-content\/uploads\/2022\/12\/1670135603_509_The-Tesla-Semi-looks-amazing-as-a-mobile-electric-home-1.jpg","contentUrl":"https:\/\/news.canadamotorjobs.com\/wp-content\/uploads\/2022\/12\/1670135603_509_The-Tesla-Semi-looks-amazing-as-a-mobile-electric-home-1.jpg","width":1024,"height":752},{"@type":"BreadcrumbList","@id":"https:\/\/news.canadamotorjobs.com\/fr\/une-compagnie-americaine-imagine-un-tesla-semi-en-vr\/#breadcrumb","itemListElement":[{"@type":"ListItem","position":1,"name":"Home","item":"https:\/\/news.canadamotorjobs.com\/fr\/blog\/"},{"@type":"ListItem","position":2,"name":"Une compagnie am\u00e9ricaine imagine un Tesla Semi en VR"}]},{"@type":"WebSite","@id":"https:\/\/news.canadamotorjobs.com\/#website","url":"https:\/\/news.canadamotorjobs.com\/","name":"CanadaMotorJobs.com","description":"Automotive Jobs","publisher":{"@id":"https:\/\/news.canadamotorjobs.com\/#organization"},"potentialAction":[{"@type":"SearchAction","target":{"@type":"EntryPoint","urlTemplate":"https:\/\/news.canadamotorjobs.com\/?s={search_term_string}"},"query-input":"required name=search_term_string"}],"inLanguage":"fr-CA"},{"@type":"Organization","@id":"https:\/\/news.canadamotorjobs.com\/#organization","name":"Canada Motor Jobs","url":"https:\/\/news.canadamotorjobs.com\/","logo":{"@type":"ImageObject","inLanguage":"fr-CA","@id":"https:\/\/news.canadamotorjobs.com\/#\/schema\/logo\/image\/","url":"https:\/\/news.canadamotorjobs.com\/wp-content\/uploads\/2022\/10\/logo-canada-motor-jobs-1.png","contentUrl":"https:\/\/news.canadamotorjobs.com\/wp-content\/uploads\/2022\/10\/logo-canada-motor-jobs-1.png","width":800,"height":400,"caption":"Canada Motor Jobs"},"image":{"@id":"https:\/\/news.canadamotorjobs.com\/#\/schema\/logo\/image\/"},"sameAs":["https:\/\/www.facebook.com\/canadamotorjobs\/","https:\/\/x.com\/canadamotorjobs","https:\/\/www.instagram.com\/canadamotorjobs\/","https:\/\/www.linkedin.com\/company\/canadamotorjobs"]},{"@type":"Person","@id":"https:\/\/news.canadamotorjobs.com\/#\/schema\/person\/51793d1f87d44011d7bcc2ed99269a90","name":"Benoit Charette","image":{"@type":"ImageObject","inLanguage":"fr-CA","@id":"https:\/\/news.canadamotorjobs.com\/#\/schema\/person\/image\/","url":"https:\/\/secure.gravatar.com\/avatar\/45f3d2eebcccd909668d7ce7ea7267b6?s=96&d=mm&r=g","contentUrl":"https:\/\/secure.gravatar.com\/avatar\/45f3d2eebcccd909668d7ce7ea7267b6?s=96&d=mm&r=g","caption":"Benoit Charette"},"description":"Benoit Charette \/ Propri\u00e9taire et r\u00e9dacteur en chef Benoit Charette pratique le journalisme automobile depuis bient\u00f4t 30 ans. Il a fait ses classes au c\u00f4t\u00e9 de Daniel H\u00e9raud et au Carnet de route de 1992 \u00e0 2001. Il est fondateur, copropri\u00e9taire et r\u00e9dacteur en chef de L\u2019Annuel de l\u2019automobile, qu\u2019il publie depuis 2001. Il a anim\u00e9 les \u00e9missions RPM et RPM+ sur V et les L\u00e9gendes de la route sur Historia. \u00c0 la radio depuis 1986, il reprend l\u2019antenne cette ann\u00e9e sur les ondes de Cogeco et participe pour la deuxi\u00e8me ann\u00e9e \u00e0 l\u2019\u00e9mission Passion Auto sur RDS en plus de mettre en ligne le site Web officiel de L\u2019Annuel de l\u2019automobile sur annuelauto.ca.","sameAs":["https:\/\/annuelauto.ca\/"],"url":"https:\/\/news.canadamotorjobs.com\/fr\/author\/benoit-charette\/"}]}},"_links":{"self":[{"href":"https:\/\/news.canadamotorjobs.com\/fr\/wp-json\/wp\/v2\/posts\/136914"}],"collection":[{"href":"https:\/\/news.canadamotorjobs.com\/fr\/wp-json\/wp\/v2\/posts"}],"about":[{"href":"https:\/\/news.canadamotorjobs.com\/fr\/wp-json\/wp\/v2\/types\/post"}],"author":[{"embeddable":true,"href":"https:\/\/news.canadamotorjobs.com\/fr\/wp-json\/wp\/v2\/users\/8"}],"replies":[{"embeddable":true,"href":"https:\/\/news.canadamotorjobs.com\/fr\/wp-json\/wp\/v2\/comments?post=136914"}],"version-history":[{"count":0,"href":"https:\/\/news.canadamotorjobs.com\/fr\/wp-json\/wp\/v2\/posts\/136914\/revisions"}],"wp:featuredmedia":[{"embeddable":true,"href":"https:\/\/news.canadamotorjobs.com\/fr\/wp-json\/wp\/v2\/media\/136918"}],"wp:attachment":[{"href":"https:\/\/news.canadamotorjobs.com\/fr\/wp-json\/wp\/v2\/media?parent=136914"}],"wp:term":[{"taxonomy":"category","embeddable":true,"href":"https:\/\/news.canadamotorjobs.com\/fr\/wp-json\/wp\/v2\/categories?post=136914"},{"taxonomy":"post_tag","embeddable":true,"href":"https:\/\/news.canadamotorjobs.com\/fr\/wp-json\/wp\/v2\/tags?post=136914"}],"curies":[{"name":"wp","href":"https:\/\/api.w.org\/{rel}","templated":true}]}}