{"id":136906,"date":"2022-12-03T08:26:36","date_gmt":"2022-12-03T13:26:36","guid":{"rendered":"https:\/\/news.canadamotorjobs.com\/la-valeur-elevee-des-vehicules-doccasions-devrait-se-maintenir-jusquen-2025\/"},"modified":"2022-12-03T08:28:59","modified_gmt":"2022-12-03T13:28:59","slug":"la-valeur-elevee-des-vehicules-doccasions-devrait-se-maintenir-jusquen-2025","status":"publish","type":"post","link":"https:\/\/news.canadamotorjobs.com\/fr\/la-valeur-elevee-des-vehicules-doccasions-devrait-se-maintenir-jusquen-2025\/","title":{"rendered":"La valeur \u00e9lev\u00e9e des v\u00e9hicules d\u2019occasions devrait se maintenir jusqu\u2019en 2025"},"content":{"rendered":"<\/p>\n<p>Plusieurs intervenants du milieu ont constat\u00e9 une stabilisation dans la valeur des v\u00e9hicules d\u2019occasion. Mais selon les experts de J.D. Power et Black Book, les v\u00e9hicules d\u2019occasions vont garder une valeur \u00e9lev\u00e9e jusqu\u2019en 2025. Les v\u00e9hicules de trois ans se sont vendus \u00e0 74\u00a0% du prix de la vignette au quatri\u00e8me trimestre de 2021, selon J.D. Power \u2013 bien au-dessus du pr\u00e9c\u00e9dent sommet de 54\u00a0% fix\u00e9 par les v\u00e9hicules de 3 ans en 2011.<br \/> Un lent retour \u00e0 la normale<br \/> J.D.Power s&#8217;attend \u00e0 ce que les v\u00e9hicules de 3 ans conservent en moyenne 71\u00a0% de leur valeur en 2022. La firme pr\u00e9voit que le retour \u00e0 la normale va commencer en 2023, avec des valeurs r\u00e9siduelles tombant \u00e0 62\u00a0% du prix de d\u00e9tail sugg\u00e9r\u00e9. Ils retomberaient \u00e0 56\u00a0% en 2024, puis \u00e0 55\u00a0% en 2025, selon l&#8217;entreprise. Cette fourchette de 50\u00a0% repr\u00e9sente la \u00ab nouvelle normalit\u00e9 \u00bb, selon J.D.Power.<br \/> Black Book croit que les prix vont demeurer \u00e9lev\u00e9s<br \/> Black Book pense que les valeurs des v\u00e9hicules d&#8217;occasion resteront de 30 \u00e0 40\u00a0% sup\u00e9rieures au niveau d&#8217;avant la pand\u00e9mie au cours des deux \u00e0 trois prochaines ann\u00e9es. La firme cite l&#8217;offre comme l&#8217;une des principales raisons de cette pr\u00e9diction. Le v\u00e9hicule moyen de 3 ans en octobre 2019 valait 52\u00a0% du prix du neuf. En octobre 2022, les v\u00e9hicules de trois ans ont conserv\u00e9 73\u00a0% du prix du neuf et Black Book pr\u00e9dit que ce chiffre ne sera tomb\u00e9 qu&#8217;\u00e0 61\u00a0% d&#8217;ici octobre 2025. Les prix des v\u00e9hicules neufs restent \u00e9lev\u00e9s<\/p>\n","protected":false},"excerpt":{"rendered":"<p>Plusieurs intervenants du milieu ont constat\u00e9 une stabilisation dans la valeur des v\u00e9hicules d\u2019occasion. Mais selon les experts de J.D. Power et Black Book, les v\u00e9hicules d\u2019occasions vont garder une valeur \u00e9lev\u00e9e jusqu\u2019en 2025. Les v\u00e9hicules de trois ans se sont vendus \u00e0 74\u00a0% du prix de la vignette au quatri\u00e8me trimestre de 2021, selon [&hellip;]<\/p>\n","protected":false},"author":8,"featured_media":136910,"comment_status":"close","ping_status":"closed","sticky":false,"template":"","format":"standard","meta":{"_monsterinsights_skip_tracking":false,"_monsterinsights_sitenote_active":false,"_monsterinsights_sitenote_note":"","_monsterinsights_sitenote_category":0,"footnotes":""},"categories":[101],"tags":[],"yoast_head":"<!-- This site is optimized with the Yoast SEO plugin v23.2 - https:\/\/yoast.com\/wordpress\/plugins\/seo\/ -->\n<title>La valeur \u00e9lev\u00e9e des v\u00e9hicules d\u2019occasions devrait se maintenir jusqu\u2019en 2025 - CanadaMotorJobs.com<\/title>\n<meta name=\"description\" content=\"La valeur \u00e9lev\u00e9e des v\u00e9hicules d\u2019occasions devrait se maintenir jusqu\u2019en 2025 - Benoit Charette - Annuel automobile - CanadaMotorJobs.com.\" \/>\n<meta name=\"robots\" content=\"index, follow, max-snippet:-1, max-image-preview:large, max-video-preview:-1\" \/>\n<meta property=\"og:locale\" content=\"fr_CA\" \/>\n<meta property=\"og:type\" content=\"article\" \/>\n<meta property=\"og:title\" content=\"La valeur \u00e9lev\u00e9e des v\u00e9hicules d\u2019occasions devrait se maintenir jusqu\u2019en 2025 - CanadaMotorJobs.com\" \/>\n<meta property=\"og:description\" content=\"La valeur \u00e9lev\u00e9e des v\u00e9hicules d\u2019occasions devrait se maintenir jusqu\u2019en 2025 - Benoit Charette - Annuel automobile - CanadaMotorJobs.com.\" \/>\n<meta property=\"og:url\" content=\"https:\/\/news.canadamotorjobs.com\/fr\/la-valeur-elevee-des-vehicules-doccasions-devrait-se-maintenir-jusquen-2025\/\" \/>\n<meta property=\"og:site_name\" content=\"CanadaMotorJobs.com\" \/>\n<meta property=\"article:publisher\" content=\"https:\/\/www.facebook.com\/canadamotorjobs\/\" \/>\n<meta property=\"article:published_time\" content=\"2022-12-03T13:26:36+00:00\" \/>\n<meta property=\"article:modified_time\" content=\"2022-12-03T13:28:59+00:00\" \/>\n<meta property=\"og:image\" content=\"https:\/\/news.canadamotorjobs.com\/wp-content\/uploads\/2022\/12\/00_used_car_lot-2ajwf7c-1.jpg\" \/>\n\t<meta property=\"og:image:width\" content=\"1080\" \/>\n\t<meta property=\"og:image:height\" content=\"720\" \/>\n\t<meta property=\"og:image:type\" content=\"image\/jpeg\" \/>\n<meta name=\"author\" content=\"Benoit Charette\" \/>\n<meta name=\"twitter:card\" content=\"summary_large_image\" \/>\n<meta name=\"twitter:creator\" content=\"@canadamotorjobs\" \/>\n<meta name=\"twitter:site\" content=\"@canadamotorjobs\" \/>\n<meta name=\"twitter:label1\" content=\"\u00c9crit par\" \/>\n\t<meta name=\"twitter:data1\" content=\"Benoit Charette\" \/>\n\t<meta name=\"twitter:label2\" content=\"Estimation du temps de lecture\" \/>\n\t<meta name=\"twitter:data2\" content=\"1 minute\" \/>\n<!-- \/ Yoast SEO plugin. -->","yoast_head_json":{"title":"La valeur \u00e9lev\u00e9e des v\u00e9hicules d\u2019occasions devrait se maintenir jusqu\u2019en 2025 - CanadaMotorJobs.com","description":"La valeur \u00e9lev\u00e9e des v\u00e9hicules d\u2019occasions devrait se maintenir jusqu\u2019en 2025 - Benoit Charette - Annuel automobile - CanadaMotorJobs.com.","robots":{"index":"index","follow":"follow","max-snippet":"max-snippet:-1","max-image-preview":"max-image-preview:large","max-video-preview":"max-video-preview:-1"},"og_locale":"fr_CA","og_type":"article","og_title":"La valeur \u00e9lev\u00e9e des v\u00e9hicules d\u2019occasions devrait se maintenir jusqu\u2019en 2025 - CanadaMotorJobs.com","og_description":"La valeur \u00e9lev\u00e9e des v\u00e9hicules d\u2019occasions devrait se maintenir jusqu\u2019en 2025 - Benoit Charette - Annuel automobile - CanadaMotorJobs.com.","og_url":"https:\/\/news.canadamotorjobs.com\/fr\/la-valeur-elevee-des-vehicules-doccasions-devrait-se-maintenir-jusquen-2025\/","og_site_name":"CanadaMotorJobs.com","article_publisher":"https:\/\/www.facebook.com\/canadamotorjobs\/","article_published_time":"2022-12-03T13:26:36+00:00","article_modified_time":"2022-12-03T13:28:59+00:00","og_image":[{"width":1080,"height":720,"url":"https:\/\/news.canadamotorjobs.com\/wp-content\/uploads\/2022\/12\/00_used_car_lot-2ajwf7c-1.jpg","type":"image\/jpeg"}],"author":"Benoit Charette","twitter_card":"summary_large_image","twitter_creator":"@canadamotorjobs","twitter_site":"@canadamotorjobs","twitter_misc":{"\u00c9crit par":"Benoit Charette","Estimation du temps de lecture":"1 minute"},"schema":{"@context":"https:\/\/schema.org","@graph":[{"@type":"Article","@id":"https:\/\/news.canadamotorjobs.com\/fr\/la-valeur-elevee-des-vehicules-doccasions-devrait-se-maintenir-jusquen-2025\/#article","isPartOf":{"@id":"https:\/\/news.canadamotorjobs.com\/fr\/la-valeur-elevee-des-vehicules-doccasions-devrait-se-maintenir-jusquen-2025\/"},"author":{"name":"Benoit Charette","@id":"https:\/\/news.canadamotorjobs.com\/#\/schema\/person\/51793d1f87d44011d7bcc2ed99269a90"},"headline":"La valeur \u00e9lev\u00e9e des v\u00e9hicules d\u2019occasions devrait se maintenir jusqu\u2019en 2025","datePublished":"2022-12-03T13:26:36+00:00","dateModified":"2022-12-03T13:28:59+00:00","mainEntityOfPage":{"@id":"https:\/\/news.canadamotorjobs.com\/fr\/la-valeur-elevee-des-vehicules-doccasions-devrait-se-maintenir-jusquen-2025\/"},"wordCount":268,"publisher":{"@id":"https:\/\/news.canadamotorjobs.com\/#organization"},"image":{"@id":"https:\/\/news.canadamotorjobs.com\/fr\/la-valeur-elevee-des-vehicules-doccasions-devrait-se-maintenir-jusquen-2025\/#primaryimage"},"thumbnailUrl":"https:\/\/news.canadamotorjobs.com\/wp-content\/uploads\/2022\/12\/00_used_car_lot-2ajwf7c-1.jpg","articleSection":["Annuel automobile"],"inLanguage":"fr-CA"},{"@type":"WebPage","@id":"https:\/\/news.canadamotorjobs.com\/fr\/la-valeur-elevee-des-vehicules-doccasions-devrait-se-maintenir-jusquen-2025\/","url":"https:\/\/news.canadamotorjobs.com\/fr\/la-valeur-elevee-des-vehicules-doccasions-devrait-se-maintenir-jusquen-2025\/","name":"La valeur \u00e9lev\u00e9e des v\u00e9hicules d\u2019occasions devrait se maintenir jusqu\u2019en 2025 - CanadaMotorJobs.com","isPartOf":{"@id":"https:\/\/news.canadamotorjobs.com\/#website"},"primaryImageOfPage":{"@id":"https:\/\/news.canadamotorjobs.com\/fr\/la-valeur-elevee-des-vehicules-doccasions-devrait-se-maintenir-jusquen-2025\/#primaryimage"},"image":{"@id":"https:\/\/news.canadamotorjobs.com\/fr\/la-valeur-elevee-des-vehicules-doccasions-devrait-se-maintenir-jusquen-2025\/#primaryimage"},"thumbnailUrl":"https:\/\/news.canadamotorjobs.com\/wp-content\/uploads\/2022\/12\/00_used_car_lot-2ajwf7c-1.jpg","datePublished":"2022-12-03T13:26:36+00:00","dateModified":"2022-12-03T13:28:59+00:00","description":"La valeur \u00e9lev\u00e9e des v\u00e9hicules d\u2019occasions devrait se maintenir jusqu\u2019en 2025 - Benoit Charette - Annuel automobile - CanadaMotorJobs.com.","breadcrumb":{"@id":"https:\/\/news.canadamotorjobs.com\/fr\/la-valeur-elevee-des-vehicules-doccasions-devrait-se-maintenir-jusquen-2025\/#breadcrumb"},"inLanguage":"fr-CA","potentialAction":[{"@type":"ReadAction","target":["https:\/\/news.canadamotorjobs.com\/fr\/la-valeur-elevee-des-vehicules-doccasions-devrait-se-maintenir-jusquen-2025\/"]}]},{"@type":"ImageObject","inLanguage":"fr-CA","@id":"https:\/\/news.canadamotorjobs.com\/fr\/la-valeur-elevee-des-vehicules-doccasions-devrait-se-maintenir-jusquen-2025\/#primaryimage","url":"https:\/\/news.canadamotorjobs.com\/wp-content\/uploads\/2022\/12\/00_used_car_lot-2ajwf7c-1.jpg","contentUrl":"https:\/\/news.canadamotorjobs.com\/wp-content\/uploads\/2022\/12\/00_used_car_lot-2ajwf7c-1.jpg","width":1080,"height":720},{"@type":"BreadcrumbList","@id":"https:\/\/news.canadamotorjobs.com\/fr\/la-valeur-elevee-des-vehicules-doccasions-devrait-se-maintenir-jusquen-2025\/#breadcrumb","itemListElement":[{"@type":"ListItem","position":1,"name":"Home","item":"https:\/\/news.canadamotorjobs.com\/fr\/blog\/"},{"@type":"ListItem","position":2,"name":"La valeur \u00e9lev\u00e9e des v\u00e9hicules d\u2019occasions devrait se maintenir jusqu\u2019en 2025"}]},{"@type":"WebSite","@id":"https:\/\/news.canadamotorjobs.com\/#website","url":"https:\/\/news.canadamotorjobs.com\/","name":"CanadaMotorJobs.com","description":"Automotive Jobs","publisher":{"@id":"https:\/\/news.canadamotorjobs.com\/#organization"},"potentialAction":[{"@type":"SearchAction","target":{"@type":"EntryPoint","urlTemplate":"https:\/\/news.canadamotorjobs.com\/?s={search_term_string}"},"query-input":"required name=search_term_string"}],"inLanguage":"fr-CA"},{"@type":"Organization","@id":"https:\/\/news.canadamotorjobs.com\/#organization","name":"Canada Motor Jobs","url":"https:\/\/news.canadamotorjobs.com\/","logo":{"@type":"ImageObject","inLanguage":"fr-CA","@id":"https:\/\/news.canadamotorjobs.com\/#\/schema\/logo\/image\/","url":"https:\/\/news.canadamotorjobs.com\/wp-content\/uploads\/2022\/10\/logo-canada-motor-jobs-1.png","contentUrl":"https:\/\/news.canadamotorjobs.com\/wp-content\/uploads\/2022\/10\/logo-canada-motor-jobs-1.png","width":800,"height":400,"caption":"Canada Motor Jobs"},"image":{"@id":"https:\/\/news.canadamotorjobs.com\/#\/schema\/logo\/image\/"},"sameAs":["https:\/\/www.facebook.com\/canadamotorjobs\/","https:\/\/x.com\/canadamotorjobs","https:\/\/www.instagram.com\/canadamotorjobs\/","https:\/\/www.linkedin.com\/company\/canadamotorjobs"]},{"@type":"Person","@id":"https:\/\/news.canadamotorjobs.com\/#\/schema\/person\/51793d1f87d44011d7bcc2ed99269a90","name":"Benoit Charette","image":{"@type":"ImageObject","inLanguage":"fr-CA","@id":"https:\/\/news.canadamotorjobs.com\/#\/schema\/person\/image\/","url":"https:\/\/secure.gravatar.com\/avatar\/45f3d2eebcccd909668d7ce7ea7267b6?s=96&d=mm&r=g","contentUrl":"https:\/\/secure.gravatar.com\/avatar\/45f3d2eebcccd909668d7ce7ea7267b6?s=96&d=mm&r=g","caption":"Benoit Charette"},"description":"Benoit Charette \/ Propri\u00e9taire et r\u00e9dacteur en chef Benoit Charette pratique le journalisme automobile depuis bient\u00f4t 30 ans. Il a fait ses classes au c\u00f4t\u00e9 de Daniel H\u00e9raud et au Carnet de route de 1992 \u00e0 2001. Il est fondateur, copropri\u00e9taire et r\u00e9dacteur en chef de L\u2019Annuel de l\u2019automobile, qu\u2019il publie depuis 2001. Il a anim\u00e9 les \u00e9missions RPM et RPM+ sur V et les L\u00e9gendes de la route sur Historia. \u00c0 la radio depuis 1986, il reprend l\u2019antenne cette ann\u00e9e sur les ondes de Cogeco et participe pour la deuxi\u00e8me ann\u00e9e \u00e0 l\u2019\u00e9mission Passion Auto sur RDS en plus de mettre en ligne le site Web officiel de L\u2019Annuel de l\u2019automobile sur annuelauto.ca.","sameAs":["https:\/\/annuelauto.ca\/"],"url":"https:\/\/news.canadamotorjobs.com\/fr\/author\/benoit-charette\/"}]}},"_links":{"self":[{"href":"https:\/\/news.canadamotorjobs.com\/fr\/wp-json\/wp\/v2\/posts\/136906"}],"collection":[{"href":"https:\/\/news.canadamotorjobs.com\/fr\/wp-json\/wp\/v2\/posts"}],"about":[{"href":"https:\/\/news.canadamotorjobs.com\/fr\/wp-json\/wp\/v2\/types\/post"}],"author":[{"embeddable":true,"href":"https:\/\/news.canadamotorjobs.com\/fr\/wp-json\/wp\/v2\/users\/8"}],"replies":[{"embeddable":true,"href":"https:\/\/news.canadamotorjobs.com\/fr\/wp-json\/wp\/v2\/comments?post=136906"}],"version-history":[{"count":0,"href":"https:\/\/news.canadamotorjobs.com\/fr\/wp-json\/wp\/v2\/posts\/136906\/revisions"}],"wp:featuredmedia":[{"embeddable":true,"href":"https:\/\/news.canadamotorjobs.com\/fr\/wp-json\/wp\/v2\/media\/136910"}],"wp:attachment":[{"href":"https:\/\/news.canadamotorjobs.com\/fr\/wp-json\/wp\/v2\/media?parent=136906"}],"wp:term":[{"taxonomy":"category","embeddable":true,"href":"https:\/\/news.canadamotorjobs.com\/fr\/wp-json\/wp\/v2\/categories?post=136906"},{"taxonomy":"post_tag","embeddable":true,"href":"https:\/\/news.canadamotorjobs.com\/fr\/wp-json\/wp\/v2\/tags?post=136906"}],"curies":[{"name":"wp","href":"https:\/\/api.w.org\/{rel}","templated":true}]}}