{"id":136898,"date":"2022-12-02T11:16:35","date_gmt":"2022-12-02T16:16:35","guid":{"rendered":"https:\/\/news.canadamotorjobs.com\/tesla-annonce-que-le-cybertruck-aura-une-vitesse-de-recharge-de-1-000-kw\/"},"modified":"2022-12-02T11:28:49","modified_gmt":"2022-12-02T16:28:49","slug":"tesla-annonce-que-le-cybertruck-aura-une-vitesse-de-recharge-de-1-000-kw","status":"publish","type":"post","link":"https:\/\/news.canadamotorjobs.com\/fr\/tesla-annonce-que-le-cybertruck-aura-une-vitesse-de-recharge-de-1-000-kw\/","title":{"rendered":"Tesla annonce que le Cybertruck aura une vitesse de recharge de 1 000\u00a0kW"},"content":{"rendered":"<\/p>\n<p>Il faut l\u2019admettre, Elon Musk a le sens du spectaculaire. Tesla a annonc\u00e9 ce matin que le Cybertruck pourra se recharger aussi vite que les camions Semi avec une vitesse de recharge de 1\u00a0MW. La soci\u00e9t\u00e9 affirme que le Semi a la capacit\u00e9 de recharger 70\u00a0% de sa batterie de 1000 volts et 1000\u00a0kWh en seulement 30 minutes. Bien qu&#8217;aucune taille de batterie n&#8217;ait \u00e9t\u00e9 r\u00e9v\u00e9l\u00e9e pour le Cybertruck, cela pourrait signifier un temps de charge complet en quelques minutes seulement.<br \/> Partager les m\u00eames bornes<br \/> Cela veut aussi dire que le Cybertruck pour avoir une capacit\u00e9 maximale de recharge devra utiliser les m\u00eames bornes que le Semi car rien d\u2019autre d\u2019aussi puissant n\u2019existe dans le r\u00e9seau public de recharge. Les vitesses de charge, qui seront les plus rapides jamais propos\u00e9es au public, seront d\u00e9ploy\u00e9es sur le r\u00e9seau de superchargeurs de Tesla aux \u00c9tats-Unis l&#8217;ann\u00e9e prochaine, a d\u00e9clar\u00e9 Musk. Rien de signaler pr\u00e9cis\u00e9ment pour le Canada, mais avec des compagnies comme Walmart et Sobey\u2019s qui ont d\u00e9j\u00e0 command\u00e9 des Semi, cela ne devrait pas tarder.<br \/> Pepsi a pris livraison des premiers Semi<br \/> La nouvelle a \u00e9t\u00e9 r\u00e9v\u00e9l\u00e9e lors d&#8217;un \u00e9v\u00e9nement marquant la livraison \u00e0 PepsiCo des premi\u00e8res versions de production du Tesla Semi, longtemps retard\u00e9e. Selon les rumeurs, le Semi sera \u00e9galement propos\u00e9 avec une batterie plus petite de 600\u00a0kWh pour une autonomie de 300 miles ou 500\u00a0km. Un groupe motopropulseur \u00e0 trois moteurs &#8211; le m\u00eame que celui de la Tesla Model S Plaid de 1 020\u00a0ch &#8211; entra\u00eene les<\/p>\n","protected":false},"excerpt":{"rendered":"<p>Il faut l\u2019admettre, Elon Musk a le sens du spectaculaire. Tesla a annonc\u00e9 ce matin que le Cybertruck pourra se recharger aussi vite que les camions Semi avec une vitesse de recharge de 1\u00a0MW. La soci\u00e9t\u00e9 affirme que le Semi a la capacit\u00e9 de recharger 70\u00a0% de sa batterie de 1000 volts et 1000\u00a0kWh en [&hellip;]<\/p>\n","protected":false},"author":8,"featured_media":136902,"comment_status":"close","ping_status":"closed","sticky":false,"template":"","format":"standard","meta":{"_monsterinsights_skip_tracking":false,"_monsterinsights_sitenote_active":false,"_monsterinsights_sitenote_note":"","_monsterinsights_sitenote_category":0,"footnotes":""},"categories":[101],"tags":[],"yoast_head":"<!-- This site is optimized with the Yoast SEO plugin v23.2 - https:\/\/yoast.com\/wordpress\/plugins\/seo\/ -->\n<title>Tesla annonce que le Cybertruck aura une vitesse de recharge de 1 000\u00a0kW - CanadaMotorJobs.com<\/title>\n<meta name=\"description\" content=\"Tesla annonce que le Cybertruck aura une vitesse de recharge de 1 000\u00a0kW - Benoit Charette - Annuel automobile - CanadaMotorJobs.com.\" \/>\n<meta name=\"robots\" content=\"index, follow, max-snippet:-1, max-image-preview:large, max-video-preview:-1\" \/>\n<meta property=\"og:locale\" content=\"fr_CA\" \/>\n<meta property=\"og:type\" content=\"article\" \/>\n<meta property=\"og:title\" content=\"Tesla annonce que le Cybertruck aura une vitesse de recharge de 1 000\u00a0kW - CanadaMotorJobs.com\" \/>\n<meta property=\"og:description\" content=\"Tesla annonce que le Cybertruck aura une vitesse de recharge de 1 000\u00a0kW - Benoit Charette - Annuel automobile - CanadaMotorJobs.com.\" \/>\n<meta property=\"og:url\" content=\"https:\/\/news.canadamotorjobs.com\/fr\/tesla-annonce-que-le-cybertruck-aura-une-vitesse-de-recharge-de-1-000-kw\/\" \/>\n<meta property=\"og:site_name\" content=\"CanadaMotorJobs.com\" \/>\n<meta property=\"article:publisher\" content=\"https:\/\/www.facebook.com\/canadamotorjobs\/\" \/>\n<meta property=\"article:published_time\" content=\"2022-12-02T16:16:35+00:00\" \/>\n<meta property=\"article:modified_time\" content=\"2022-12-02T16:28:49+00:00\" \/>\n<meta property=\"og:image\" content=\"https:\/\/news.canadamotorjobs.com\/wp-content\/uploads\/2022\/12\/tesla-cybertruck-102-1574400035-1.jpg\" \/>\n\t<meta property=\"og:image:width\" content=\"2160\" \/>\n\t<meta property=\"og:image:height\" content=\"1440\" \/>\n\t<meta property=\"og:image:type\" content=\"image\/jpeg\" \/>\n<meta name=\"author\" content=\"Benoit Charette\" \/>\n<meta name=\"twitter:card\" content=\"summary_large_image\" \/>\n<meta name=\"twitter:creator\" content=\"@canadamotorjobs\" \/>\n<meta name=\"twitter:site\" content=\"@canadamotorjobs\" \/>\n<meta name=\"twitter:label1\" content=\"\u00c9crit par\" \/>\n\t<meta name=\"twitter:data1\" content=\"Benoit Charette\" \/>\n\t<meta name=\"twitter:label2\" content=\"Estimation du temps de lecture\" \/>\n\t<meta name=\"twitter:data2\" content=\"1 minute\" \/>\n<!-- \/ Yoast SEO plugin. -->","yoast_head_json":{"title":"Tesla annonce que le Cybertruck aura une vitesse de recharge de 1 000\u00a0kW - CanadaMotorJobs.com","description":"Tesla annonce que le Cybertruck aura une vitesse de recharge de 1 000\u00a0kW - Benoit Charette - Annuel automobile - CanadaMotorJobs.com.","robots":{"index":"index","follow":"follow","max-snippet":"max-snippet:-1","max-image-preview":"max-image-preview:large","max-video-preview":"max-video-preview:-1"},"og_locale":"fr_CA","og_type":"article","og_title":"Tesla annonce que le Cybertruck aura une vitesse de recharge de 1 000\u00a0kW - CanadaMotorJobs.com","og_description":"Tesla annonce que le Cybertruck aura une vitesse de recharge de 1 000\u00a0kW - Benoit Charette - Annuel automobile - CanadaMotorJobs.com.","og_url":"https:\/\/news.canadamotorjobs.com\/fr\/tesla-annonce-que-le-cybertruck-aura-une-vitesse-de-recharge-de-1-000-kw\/","og_site_name":"CanadaMotorJobs.com","article_publisher":"https:\/\/www.facebook.com\/canadamotorjobs\/","article_published_time":"2022-12-02T16:16:35+00:00","article_modified_time":"2022-12-02T16:28:49+00:00","og_image":[{"width":2160,"height":1440,"url":"https:\/\/news.canadamotorjobs.com\/wp-content\/uploads\/2022\/12\/tesla-cybertruck-102-1574400035-1.jpg","type":"image\/jpeg"}],"author":"Benoit Charette","twitter_card":"summary_large_image","twitter_creator":"@canadamotorjobs","twitter_site":"@canadamotorjobs","twitter_misc":{"\u00c9crit par":"Benoit Charette","Estimation du temps de lecture":"1 minute"},"schema":{"@context":"https:\/\/schema.org","@graph":[{"@type":"Article","@id":"https:\/\/news.canadamotorjobs.com\/fr\/tesla-annonce-que-le-cybertruck-aura-une-vitesse-de-recharge-de-1-000-kw\/#article","isPartOf":{"@id":"https:\/\/news.canadamotorjobs.com\/fr\/tesla-annonce-que-le-cybertruck-aura-une-vitesse-de-recharge-de-1-000-kw\/"},"author":{"name":"Benoit Charette","@id":"https:\/\/news.canadamotorjobs.com\/#\/schema\/person\/51793d1f87d44011d7bcc2ed99269a90"},"headline":"Tesla annonce que le Cybertruck aura une vitesse de recharge de 1 000\u00a0kW","datePublished":"2022-12-02T16:16:35+00:00","dateModified":"2022-12-02T16:28:49+00:00","mainEntityOfPage":{"@id":"https:\/\/news.canadamotorjobs.com\/fr\/tesla-annonce-que-le-cybertruck-aura-une-vitesse-de-recharge-de-1-000-kw\/"},"wordCount":288,"publisher":{"@id":"https:\/\/news.canadamotorjobs.com\/#organization"},"image":{"@id":"https:\/\/news.canadamotorjobs.com\/fr\/tesla-annonce-que-le-cybertruck-aura-une-vitesse-de-recharge-de-1-000-kw\/#primaryimage"},"thumbnailUrl":"https:\/\/news.canadamotorjobs.com\/wp-content\/uploads\/2022\/12\/tesla-cybertruck-102-1574400035-1.jpg","articleSection":["Annuel automobile"],"inLanguage":"fr-CA"},{"@type":"WebPage","@id":"https:\/\/news.canadamotorjobs.com\/fr\/tesla-annonce-que-le-cybertruck-aura-une-vitesse-de-recharge-de-1-000-kw\/","url":"https:\/\/news.canadamotorjobs.com\/fr\/tesla-annonce-que-le-cybertruck-aura-une-vitesse-de-recharge-de-1-000-kw\/","name":"Tesla annonce que le Cybertruck aura une vitesse de recharge de 1 000\u00a0kW - CanadaMotorJobs.com","isPartOf":{"@id":"https:\/\/news.canadamotorjobs.com\/#website"},"primaryImageOfPage":{"@id":"https:\/\/news.canadamotorjobs.com\/fr\/tesla-annonce-que-le-cybertruck-aura-une-vitesse-de-recharge-de-1-000-kw\/#primaryimage"},"image":{"@id":"https:\/\/news.canadamotorjobs.com\/fr\/tesla-annonce-que-le-cybertruck-aura-une-vitesse-de-recharge-de-1-000-kw\/#primaryimage"},"thumbnailUrl":"https:\/\/news.canadamotorjobs.com\/wp-content\/uploads\/2022\/12\/tesla-cybertruck-102-1574400035-1.jpg","datePublished":"2022-12-02T16:16:35+00:00","dateModified":"2022-12-02T16:28:49+00:00","description":"Tesla annonce que le Cybertruck aura une vitesse de recharge de 1 000\u00a0kW - Benoit Charette - Annuel automobile - CanadaMotorJobs.com.","breadcrumb":{"@id":"https:\/\/news.canadamotorjobs.com\/fr\/tesla-annonce-que-le-cybertruck-aura-une-vitesse-de-recharge-de-1-000-kw\/#breadcrumb"},"inLanguage":"fr-CA","potentialAction":[{"@type":"ReadAction","target":["https:\/\/news.canadamotorjobs.com\/fr\/tesla-annonce-que-le-cybertruck-aura-une-vitesse-de-recharge-de-1-000-kw\/"]}]},{"@type":"ImageObject","inLanguage":"fr-CA","@id":"https:\/\/news.canadamotorjobs.com\/fr\/tesla-annonce-que-le-cybertruck-aura-une-vitesse-de-recharge-de-1-000-kw\/#primaryimage","url":"https:\/\/news.canadamotorjobs.com\/wp-content\/uploads\/2022\/12\/tesla-cybertruck-102-1574400035-1.jpg","contentUrl":"https:\/\/news.canadamotorjobs.com\/wp-content\/uploads\/2022\/12\/tesla-cybertruck-102-1574400035-1.jpg","width":2160,"height":1440},{"@type":"BreadcrumbList","@id":"https:\/\/news.canadamotorjobs.com\/fr\/tesla-annonce-que-le-cybertruck-aura-une-vitesse-de-recharge-de-1-000-kw\/#breadcrumb","itemListElement":[{"@type":"ListItem","position":1,"name":"Home","item":"https:\/\/news.canadamotorjobs.com\/fr\/blog\/"},{"@type":"ListItem","position":2,"name":"Tesla annonce que le Cybertruck aura une vitesse de recharge de 1 000\u00a0kW"}]},{"@type":"WebSite","@id":"https:\/\/news.canadamotorjobs.com\/#website","url":"https:\/\/news.canadamotorjobs.com\/","name":"CanadaMotorJobs.com","description":"Automotive Jobs","publisher":{"@id":"https:\/\/news.canadamotorjobs.com\/#organization"},"potentialAction":[{"@type":"SearchAction","target":{"@type":"EntryPoint","urlTemplate":"https:\/\/news.canadamotorjobs.com\/?s={search_term_string}"},"query-input":"required name=search_term_string"}],"inLanguage":"fr-CA"},{"@type":"Organization","@id":"https:\/\/news.canadamotorjobs.com\/#organization","name":"Canada Motor Jobs","url":"https:\/\/news.canadamotorjobs.com\/","logo":{"@type":"ImageObject","inLanguage":"fr-CA","@id":"https:\/\/news.canadamotorjobs.com\/#\/schema\/logo\/image\/","url":"https:\/\/news.canadamotorjobs.com\/wp-content\/uploads\/2022\/10\/logo-canada-motor-jobs-1.png","contentUrl":"https:\/\/news.canadamotorjobs.com\/wp-content\/uploads\/2022\/10\/logo-canada-motor-jobs-1.png","width":800,"height":400,"caption":"Canada Motor Jobs"},"image":{"@id":"https:\/\/news.canadamotorjobs.com\/#\/schema\/logo\/image\/"},"sameAs":["https:\/\/www.facebook.com\/canadamotorjobs\/","https:\/\/x.com\/canadamotorjobs","https:\/\/www.instagram.com\/canadamotorjobs\/","https:\/\/www.linkedin.com\/company\/canadamotorjobs"]},{"@type":"Person","@id":"https:\/\/news.canadamotorjobs.com\/#\/schema\/person\/51793d1f87d44011d7bcc2ed99269a90","name":"Benoit Charette","image":{"@type":"ImageObject","inLanguage":"fr-CA","@id":"https:\/\/news.canadamotorjobs.com\/#\/schema\/person\/image\/","url":"https:\/\/secure.gravatar.com\/avatar\/45f3d2eebcccd909668d7ce7ea7267b6?s=96&d=mm&r=g","contentUrl":"https:\/\/secure.gravatar.com\/avatar\/45f3d2eebcccd909668d7ce7ea7267b6?s=96&d=mm&r=g","caption":"Benoit Charette"},"description":"Benoit Charette \/ Propri\u00e9taire et r\u00e9dacteur en chef Benoit Charette pratique le journalisme automobile depuis bient\u00f4t 30 ans. Il a fait ses classes au c\u00f4t\u00e9 de Daniel H\u00e9raud et au Carnet de route de 1992 \u00e0 2001. Il est fondateur, copropri\u00e9taire et r\u00e9dacteur en chef de L\u2019Annuel de l\u2019automobile, qu\u2019il publie depuis 2001. Il a anim\u00e9 les \u00e9missions RPM et RPM+ sur V et les L\u00e9gendes de la route sur Historia. \u00c0 la radio depuis 1986, il reprend l\u2019antenne cette ann\u00e9e sur les ondes de Cogeco et participe pour la deuxi\u00e8me ann\u00e9e \u00e0 l\u2019\u00e9mission Passion Auto sur RDS en plus de mettre en ligne le site Web officiel de L\u2019Annuel de l\u2019automobile sur annuelauto.ca.","sameAs":["https:\/\/annuelauto.ca\/"],"url":"https:\/\/news.canadamotorjobs.com\/fr\/author\/benoit-charette\/"}]}},"_links":{"self":[{"href":"https:\/\/news.canadamotorjobs.com\/fr\/wp-json\/wp\/v2\/posts\/136898"}],"collection":[{"href":"https:\/\/news.canadamotorjobs.com\/fr\/wp-json\/wp\/v2\/posts"}],"about":[{"href":"https:\/\/news.canadamotorjobs.com\/fr\/wp-json\/wp\/v2\/types\/post"}],"author":[{"embeddable":true,"href":"https:\/\/news.canadamotorjobs.com\/fr\/wp-json\/wp\/v2\/users\/8"}],"replies":[{"embeddable":true,"href":"https:\/\/news.canadamotorjobs.com\/fr\/wp-json\/wp\/v2\/comments?post=136898"}],"version-history":[{"count":0,"href":"https:\/\/news.canadamotorjobs.com\/fr\/wp-json\/wp\/v2\/posts\/136898\/revisions"}],"wp:featuredmedia":[{"embeddable":true,"href":"https:\/\/news.canadamotorjobs.com\/fr\/wp-json\/wp\/v2\/media\/136902"}],"wp:attachment":[{"href":"https:\/\/news.canadamotorjobs.com\/fr\/wp-json\/wp\/v2\/media?parent=136898"}],"wp:term":[{"taxonomy":"category","embeddable":true,"href":"https:\/\/news.canadamotorjobs.com\/fr\/wp-json\/wp\/v2\/categories?post=136898"},{"taxonomy":"post_tag","embeddable":true,"href":"https:\/\/news.canadamotorjobs.com\/fr\/wp-json\/wp\/v2\/tags?post=136898"}],"curies":[{"name":"wp","href":"https:\/\/api.w.org\/{rel}","templated":true}]}}