{"id":136890,"date":"2022-12-02T10:10:16","date_gmt":"2022-12-02T15:10:16","guid":{"rendered":"https:\/\/news.canadamotorjobs.com\/volvo-annonce-une-meilleure-autonomie-pour-les-modeles-xc40-et-c40-recharge-en-2023\/"},"modified":"2022-12-02T10:13:51","modified_gmt":"2022-12-02T15:13:51","slug":"volvo-annonce-une-meilleure-autonomie-pour-les-modeles-xc40-et-c40-recharge-en-2023","status":"publish","type":"post","link":"https:\/\/news.canadamotorjobs.com\/fr\/volvo-annonce-une-meilleure-autonomie-pour-les-modeles-xc40-et-c40-recharge-en-2023\/","title":{"rendered":"Volvo annonce une meilleure autonomie pour les mod\u00e8les XC40 et C40 recharge en 2023"},"content":{"rendered":"<\/p>\n<p>C\u2019est le site britannique Autocar qui a publi\u00e9 l\u2019information voulant que Volvo qui tra\u00eenait de la patte en mati\u00e8re d\u2019autonomie voulait prendre le chemin de la r\u00e9demption pour 2023 en offrant une autonomie plus pr\u00e8s de celle de la concurrence.<br \/> Deux styles diff\u00e9rents, le m\u00eame groupe \u00e9lectrog\u00e8ne<br \/> Dans un segment de march\u00e9 o\u00f9 la moyenne d\u00e9passe les 400\u00a0km, le mod\u00e8le XC40 affichait dans des conditions id\u00e9ales 358\u00a0km et le C40 faisait \u00e0 peine mieux \u00e0 363\u00a0km. Le mauvais a\u00e9rodynamisme du mod\u00e8le XC40 est sans doute responsable de cette moins bonne performance Selon un r\u00e9cent rapport publi\u00e9 par Autocar, le XC40 et le C40 Recharge recevront un nouveau moteur de 82\u00a0kWh (78\u00a0kWh utilisables) dans leurs configurations les plus puissantes \u00e0 double moteur &#8220;Recharge Twin&#8221;. Il s&#8217;agit d&#8217;une augmentation d&#8217;environ 4\u00a0kWh par rapport au groupe batterie actuel.<br \/> Une meilleure autonomie<br \/> Cette nouvelle batterie va offrir un gain d&#8217;autonomie d&#8217;environ 64 km (pour un total de 422 chevaux). Ces nouvelles variantes seront \u00e9galement dot\u00e9es d&#8217;une capacit\u00e9 de charge plus rapide, jusqu&#8217;\u00e0 200 kW. La puissance totale reste la m\u00eame que sur les mod\u00e8les actuels, soit 402 chevaux. Il faudra attendre mai 2023 pour voir arriver ces nouvelles mises \u00e0 jour.<\/p>\n<p> Avec des renseignements d\u2019Autocar<\/p>\n<p>Le texte <a rel=\"nofollow\" href=\"https:\/\/annuelauto.ca\/volvo-annonce-une-meilleure-autonomie-pour-les-modeles-xc40-et-c40-recharge-en-2023\/\">Volvo annonce une meilleure autonomie pour les mod\u00e8les XC40 et C40 recharge en 2023<\/a> provient de <a rel=\"nofollow\" href=\"https:\/\/annuelauto.ca\">L&#039;annuel de l&#039;automobile &#8211; Actualit\u00e9 automobile<\/a><\/p>\n<p> <\/p>\n","protected":false},"excerpt":{"rendered":"<p>C\u2019est le site britannique Autocar qui a publi\u00e9 l\u2019information voulant que Volvo qui tra\u00eenait de la patte en mati\u00e8re d\u2019autonomie voulait prendre le chemin de la r\u00e9demption pour 2023 en offrant une autonomie plus pr\u00e8s de celle de la concurrence. Deux styles diff\u00e9rents, le m\u00eame groupe \u00e9lectrog\u00e8ne Dans un segment de march\u00e9 o\u00f9 la moyenne [&hellip;]<\/p>\n","protected":false},"author":8,"featured_media":136894,"comment_status":"close","ping_status":"closed","sticky":false,"template":"","format":"standard","meta":{"_monsterinsights_skip_tracking":false,"_monsterinsights_sitenote_active":false,"_monsterinsights_sitenote_note":"","_monsterinsights_sitenote_category":0,"footnotes":""},"categories":[101],"tags":[],"yoast_head":"<!-- This site is optimized with the Yoast SEO plugin v23.2 - https:\/\/yoast.com\/wordpress\/plugins\/seo\/ -->\n<title>Volvo annonce une meilleure autonomie pour les mod\u00e8les XC40 et C40 recharge en 2023 - CanadaMotorJobs.com<\/title>\n<meta name=\"description\" content=\"Volvo annonce une meilleure autonomie pour les mod\u00e8les XC40 et C40 recharge en 2023 - Benoit Charette - Annuel automobile - CanadaMotorJobs.com.\" \/>\n<meta name=\"robots\" content=\"index, follow, max-snippet:-1, max-image-preview:large, max-video-preview:-1\" \/>\n<meta property=\"og:locale\" content=\"fr_CA\" \/>\n<meta property=\"og:type\" content=\"article\" \/>\n<meta property=\"og:title\" content=\"Volvo annonce une meilleure autonomie pour les mod\u00e8les XC40 et C40 recharge en 2023 - CanadaMotorJobs.com\" \/>\n<meta property=\"og:description\" content=\"Volvo annonce une meilleure autonomie pour les mod\u00e8les XC40 et C40 recharge en 2023 - Benoit Charette - Annuel automobile - CanadaMotorJobs.com.\" \/>\n<meta property=\"og:url\" content=\"https:\/\/news.canadamotorjobs.com\/fr\/volvo-annonce-une-meilleure-autonomie-pour-les-modeles-xc40-et-c40-recharge-en-2023\/\" \/>\n<meta property=\"og:site_name\" content=\"CanadaMotorJobs.com\" \/>\n<meta property=\"article:publisher\" content=\"https:\/\/www.facebook.com\/canadamotorjobs\/\" \/>\n<meta property=\"article:published_time\" content=\"2022-12-02T15:10:16+00:00\" \/>\n<meta property=\"article:modified_time\" content=\"2022-12-02T15:13:51+00:00\" \/>\n<meta property=\"og:image\" content=\"https:\/\/news.canadamotorjobs.com\/wp-content\/uploads\/2022\/12\/IMG_3483-1.jpg\" \/>\n\t<meta property=\"og:image:width\" content=\"1333\" \/>\n\t<meta property=\"og:image:height\" content=\"1000\" \/>\n\t<meta property=\"og:image:type\" content=\"image\/jpeg\" \/>\n<meta name=\"author\" content=\"Benoit Charette\" \/>\n<meta name=\"twitter:card\" content=\"summary_large_image\" \/>\n<meta name=\"twitter:creator\" content=\"@canadamotorjobs\" \/>\n<meta name=\"twitter:site\" content=\"@canadamotorjobs\" \/>\n<meta name=\"twitter:label1\" content=\"\u00c9crit par\" \/>\n\t<meta name=\"twitter:data1\" content=\"Benoit Charette\" \/>\n\t<meta name=\"twitter:label2\" content=\"Estimation du temps de lecture\" \/>\n\t<meta name=\"twitter:data2\" content=\"1 minute\" \/>\n<!-- \/ Yoast SEO plugin. -->","yoast_head_json":{"title":"Volvo annonce une meilleure autonomie pour les mod\u00e8les XC40 et C40 recharge en 2023 - CanadaMotorJobs.com","description":"Volvo annonce une meilleure autonomie pour les mod\u00e8les XC40 et C40 recharge en 2023 - Benoit Charette - Annuel automobile - CanadaMotorJobs.com.","robots":{"index":"index","follow":"follow","max-snippet":"max-snippet:-1","max-image-preview":"max-image-preview:large","max-video-preview":"max-video-preview:-1"},"og_locale":"fr_CA","og_type":"article","og_title":"Volvo annonce une meilleure autonomie pour les mod\u00e8les XC40 et C40 recharge en 2023 - CanadaMotorJobs.com","og_description":"Volvo annonce une meilleure autonomie pour les mod\u00e8les XC40 et C40 recharge en 2023 - Benoit Charette - Annuel automobile - CanadaMotorJobs.com.","og_url":"https:\/\/news.canadamotorjobs.com\/fr\/volvo-annonce-une-meilleure-autonomie-pour-les-modeles-xc40-et-c40-recharge-en-2023\/","og_site_name":"CanadaMotorJobs.com","article_publisher":"https:\/\/www.facebook.com\/canadamotorjobs\/","article_published_time":"2022-12-02T15:10:16+00:00","article_modified_time":"2022-12-02T15:13:51+00:00","og_image":[{"width":1333,"height":1000,"url":"https:\/\/news.canadamotorjobs.com\/wp-content\/uploads\/2022\/12\/IMG_3483-1.jpg","type":"image\/jpeg"}],"author":"Benoit Charette","twitter_card":"summary_large_image","twitter_creator":"@canadamotorjobs","twitter_site":"@canadamotorjobs","twitter_misc":{"\u00c9crit par":"Benoit Charette","Estimation du temps de lecture":"1 minute"},"schema":{"@context":"https:\/\/schema.org","@graph":[{"@type":"Article","@id":"https:\/\/news.canadamotorjobs.com\/fr\/volvo-annonce-une-meilleure-autonomie-pour-les-modeles-xc40-et-c40-recharge-en-2023\/#article","isPartOf":{"@id":"https:\/\/news.canadamotorjobs.com\/fr\/volvo-annonce-une-meilleure-autonomie-pour-les-modeles-xc40-et-c40-recharge-en-2023\/"},"author":{"name":"Benoit Charette","@id":"https:\/\/news.canadamotorjobs.com\/#\/schema\/person\/51793d1f87d44011d7bcc2ed99269a90"},"headline":"Volvo annonce une meilleure autonomie pour les mod\u00e8les XC40 et C40 recharge en 2023","datePublished":"2022-12-02T15:10:16+00:00","dateModified":"2022-12-02T15:13:51+00:00","mainEntityOfPage":{"@id":"https:\/\/news.canadamotorjobs.com\/fr\/volvo-annonce-une-meilleure-autonomie-pour-les-modeles-xc40-et-c40-recharge-en-2023\/"},"wordCount":256,"publisher":{"@id":"https:\/\/news.canadamotorjobs.com\/#organization"},"image":{"@id":"https:\/\/news.canadamotorjobs.com\/fr\/volvo-annonce-une-meilleure-autonomie-pour-les-modeles-xc40-et-c40-recharge-en-2023\/#primaryimage"},"thumbnailUrl":"https:\/\/news.canadamotorjobs.com\/wp-content\/uploads\/2022\/12\/IMG_3483-1.jpg","articleSection":["Annuel automobile"],"inLanguage":"fr-CA"},{"@type":"WebPage","@id":"https:\/\/news.canadamotorjobs.com\/fr\/volvo-annonce-une-meilleure-autonomie-pour-les-modeles-xc40-et-c40-recharge-en-2023\/","url":"https:\/\/news.canadamotorjobs.com\/fr\/volvo-annonce-une-meilleure-autonomie-pour-les-modeles-xc40-et-c40-recharge-en-2023\/","name":"Volvo annonce une meilleure autonomie pour les mod\u00e8les XC40 et C40 recharge en 2023 - CanadaMotorJobs.com","isPartOf":{"@id":"https:\/\/news.canadamotorjobs.com\/#website"},"primaryImageOfPage":{"@id":"https:\/\/news.canadamotorjobs.com\/fr\/volvo-annonce-une-meilleure-autonomie-pour-les-modeles-xc40-et-c40-recharge-en-2023\/#primaryimage"},"image":{"@id":"https:\/\/news.canadamotorjobs.com\/fr\/volvo-annonce-une-meilleure-autonomie-pour-les-modeles-xc40-et-c40-recharge-en-2023\/#primaryimage"},"thumbnailUrl":"https:\/\/news.canadamotorjobs.com\/wp-content\/uploads\/2022\/12\/IMG_3483-1.jpg","datePublished":"2022-12-02T15:10:16+00:00","dateModified":"2022-12-02T15:13:51+00:00","description":"Volvo annonce une meilleure autonomie pour les mod\u00e8les XC40 et C40 recharge en 2023 - Benoit Charette - Annuel automobile - CanadaMotorJobs.com.","breadcrumb":{"@id":"https:\/\/news.canadamotorjobs.com\/fr\/volvo-annonce-une-meilleure-autonomie-pour-les-modeles-xc40-et-c40-recharge-en-2023\/#breadcrumb"},"inLanguage":"fr-CA","potentialAction":[{"@type":"ReadAction","target":["https:\/\/news.canadamotorjobs.com\/fr\/volvo-annonce-une-meilleure-autonomie-pour-les-modeles-xc40-et-c40-recharge-en-2023\/"]}]},{"@type":"ImageObject","inLanguage":"fr-CA","@id":"https:\/\/news.canadamotorjobs.com\/fr\/volvo-annonce-une-meilleure-autonomie-pour-les-modeles-xc40-et-c40-recharge-en-2023\/#primaryimage","url":"https:\/\/news.canadamotorjobs.com\/wp-content\/uploads\/2022\/12\/IMG_3483-1.jpg","contentUrl":"https:\/\/news.canadamotorjobs.com\/wp-content\/uploads\/2022\/12\/IMG_3483-1.jpg","width":1333,"height":1000},{"@type":"BreadcrumbList","@id":"https:\/\/news.canadamotorjobs.com\/fr\/volvo-annonce-une-meilleure-autonomie-pour-les-modeles-xc40-et-c40-recharge-en-2023\/#breadcrumb","itemListElement":[{"@type":"ListItem","position":1,"name":"Home","item":"https:\/\/news.canadamotorjobs.com\/fr\/blog\/"},{"@type":"ListItem","position":2,"name":"Volvo annonce une meilleure autonomie pour les mod\u00e8les XC40 et C40 recharge en 2023"}]},{"@type":"WebSite","@id":"https:\/\/news.canadamotorjobs.com\/#website","url":"https:\/\/news.canadamotorjobs.com\/","name":"CanadaMotorJobs.com","description":"Automotive Jobs","publisher":{"@id":"https:\/\/news.canadamotorjobs.com\/#organization"},"potentialAction":[{"@type":"SearchAction","target":{"@type":"EntryPoint","urlTemplate":"https:\/\/news.canadamotorjobs.com\/?s={search_term_string}"},"query-input":"required name=search_term_string"}],"inLanguage":"fr-CA"},{"@type":"Organization","@id":"https:\/\/news.canadamotorjobs.com\/#organization","name":"Canada Motor Jobs","url":"https:\/\/news.canadamotorjobs.com\/","logo":{"@type":"ImageObject","inLanguage":"fr-CA","@id":"https:\/\/news.canadamotorjobs.com\/#\/schema\/logo\/image\/","url":"https:\/\/news.canadamotorjobs.com\/wp-content\/uploads\/2022\/10\/logo-canada-motor-jobs-1.png","contentUrl":"https:\/\/news.canadamotorjobs.com\/wp-content\/uploads\/2022\/10\/logo-canada-motor-jobs-1.png","width":800,"height":400,"caption":"Canada Motor Jobs"},"image":{"@id":"https:\/\/news.canadamotorjobs.com\/#\/schema\/logo\/image\/"},"sameAs":["https:\/\/www.facebook.com\/canadamotorjobs\/","https:\/\/x.com\/canadamotorjobs","https:\/\/www.instagram.com\/canadamotorjobs\/","https:\/\/www.linkedin.com\/company\/canadamotorjobs"]},{"@type":"Person","@id":"https:\/\/news.canadamotorjobs.com\/#\/schema\/person\/51793d1f87d44011d7bcc2ed99269a90","name":"Benoit Charette","image":{"@type":"ImageObject","inLanguage":"fr-CA","@id":"https:\/\/news.canadamotorjobs.com\/#\/schema\/person\/image\/","url":"https:\/\/secure.gravatar.com\/avatar\/45f3d2eebcccd909668d7ce7ea7267b6?s=96&d=mm&r=g","contentUrl":"https:\/\/secure.gravatar.com\/avatar\/45f3d2eebcccd909668d7ce7ea7267b6?s=96&d=mm&r=g","caption":"Benoit Charette"},"description":"Benoit Charette \/ Propri\u00e9taire et r\u00e9dacteur en chef Benoit Charette pratique le journalisme automobile depuis bient\u00f4t 30 ans. Il a fait ses classes au c\u00f4t\u00e9 de Daniel H\u00e9raud et au Carnet de route de 1992 \u00e0 2001. Il est fondateur, copropri\u00e9taire et r\u00e9dacteur en chef de L\u2019Annuel de l\u2019automobile, qu\u2019il publie depuis 2001. Il a anim\u00e9 les \u00e9missions RPM et RPM+ sur V et les L\u00e9gendes de la route sur Historia. \u00c0 la radio depuis 1986, il reprend l\u2019antenne cette ann\u00e9e sur les ondes de Cogeco et participe pour la deuxi\u00e8me ann\u00e9e \u00e0 l\u2019\u00e9mission Passion Auto sur RDS en plus de mettre en ligne le site Web officiel de L\u2019Annuel de l\u2019automobile sur annuelauto.ca.","sameAs":["https:\/\/annuelauto.ca\/"],"url":"https:\/\/news.canadamotorjobs.com\/fr\/author\/benoit-charette\/"}]}},"_links":{"self":[{"href":"https:\/\/news.canadamotorjobs.com\/fr\/wp-json\/wp\/v2\/posts\/136890"}],"collection":[{"href":"https:\/\/news.canadamotorjobs.com\/fr\/wp-json\/wp\/v2\/posts"}],"about":[{"href":"https:\/\/news.canadamotorjobs.com\/fr\/wp-json\/wp\/v2\/types\/post"}],"author":[{"embeddable":true,"href":"https:\/\/news.canadamotorjobs.com\/fr\/wp-json\/wp\/v2\/users\/8"}],"replies":[{"embeddable":true,"href":"https:\/\/news.canadamotorjobs.com\/fr\/wp-json\/wp\/v2\/comments?post=136890"}],"version-history":[{"count":0,"href":"https:\/\/news.canadamotorjobs.com\/fr\/wp-json\/wp\/v2\/posts\/136890\/revisions"}],"wp:featuredmedia":[{"embeddable":true,"href":"https:\/\/news.canadamotorjobs.com\/fr\/wp-json\/wp\/v2\/media\/136894"}],"wp:attachment":[{"href":"https:\/\/news.canadamotorjobs.com\/fr\/wp-json\/wp\/v2\/media?parent=136890"}],"wp:term":[{"taxonomy":"category","embeddable":true,"href":"https:\/\/news.canadamotorjobs.com\/fr\/wp-json\/wp\/v2\/categories?post=136890"},{"taxonomy":"post_tag","embeddable":true,"href":"https:\/\/news.canadamotorjobs.com\/fr\/wp-json\/wp\/v2\/tags?post=136890"}],"curies":[{"name":"wp","href":"https:\/\/api.w.org\/{rel}","templated":true}]}}