{"id":136882,"date":"2022-12-02T09:29:40","date_gmt":"2022-12-02T14:29:40","guid":{"rendered":"https:\/\/news.canadamotorjobs.com\/vinfast-ouvre-sa-premiere-boutique-au-quebec\/"},"modified":"2022-12-02T09:44:23","modified_gmt":"2022-12-02T14:44:23","slug":"vinfast-ouvre-sa-premiere-boutique-au-quebec","status":"publish","type":"post","link":"https:\/\/news.canadamotorjobs.com\/fr\/vinfast-ouvre-sa-premiere-boutique-au-quebec\/","title":{"rendered":"Vinfast ouvre sa premi\u00e8re boutique au Qu\u00e9bec"},"content":{"rendered":"<\/p>\n<p>\u00c0 l\u2019image de Tesla et des plus r\u00e9centes compagnies automobiles, Vinfast n\u2019envisage pas pour le moment d\u2019ouvrir des concessions automobiles comme nous les connaissons. On veut plut\u00f4t pr\u00e9senter les mod\u00e8les dans des boutiques de centres commerciaux. La premi\u00e8re de ces boutiques a ouvert ses portes au centre commercial Yorkdale \u00e0 Toronto, il y a quelques semaines.<br \/> Une boutique au carrefour Laval depuis hier<br \/> C&#8217;est le deuxi\u00e8me point de vente canadien de VinFast. Il y a \u00e0 peine plus d&#8217;un an, il a d\u00e9voil\u00e9 ses deux premiers VUS enti\u00e8rement \u00e9lectriques et d\u00e9j\u00e0, il a \u00e9tabli sa pr\u00e9sence \u00e0 deux endroits cl\u00e9s du pays. La boutique du carrefour Laval se veut \u00e0 la fois futuriste et m minimaliste. Les consommateurs pourront explorer les technologies avanc\u00e9es de VinFast et d\u00e9couvrir les VUS VF 8 et VF 9. L&#8217;ambiance simple et sophistiqu\u00e9e du magasin repose sur des finitions provenant de producteurs locaux et des \u00e9l\u00e9ments de design inspir\u00e9s par la beaut\u00e9 des merveilles naturelles du Vietnam.<br \/> Un syst\u00e8me de vente directe<br \/> Les visiteurs des magasins actuels et futurs g\u00e9r\u00e9s par la soci\u00e9t\u00e9 utiliseront un mod\u00e8le de vente directe. Les consommateurs peuvent commander en ligne, mais des experts de la marque et des produits seront sur place pour les aider dans leur processus d&#8217;achat. VinFast ouvrira six autres magasins dans un avenir tr\u00e8s proche. Le prochain sera inaugur\u00e9 au centre commercial Park Royal \u00e0 West Vancouver.<\/p>\n<p> &nbsp;<\/p>\n<p> &nbsp;<\/p>\n<p> &nbsp;<\/p>\n<p>Le texte <a rel=\"nofollow\" href=\"https:\/\/annuelauto.ca\/vinfast-ouvre-sa-premiere-boutique-au-quebec\/\">Vinfast ouvre sa premi\u00e8re boutique au Qu\u00e9bec<\/a> provient de <a rel=\"nofollow\" href=\"https:\/\/annuelauto.ca\">L&#039;annuel de l&#039;automobile<\/p>\n<p><\/a><\/p>\n","protected":false},"excerpt":{"rendered":"<p>\u00c0 l\u2019image de Tesla et des plus r\u00e9centes compagnies automobiles, Vinfast n\u2019envisage pas pour le moment d\u2019ouvrir des concessions automobiles comme nous les connaissons. On veut plut\u00f4t pr\u00e9senter les mod\u00e8les dans des boutiques de centres commerciaux. La premi\u00e8re de ces boutiques a ouvert ses portes au centre commercial Yorkdale \u00e0 Toronto, il y a quelques [&hellip;]<\/p>\n","protected":false},"author":8,"featured_media":136886,"comment_status":"close","ping_status":"closed","sticky":false,"template":"","format":"standard","meta":{"_monsterinsights_skip_tracking":false,"_monsterinsights_sitenote_active":false,"_monsterinsights_sitenote_note":"","_monsterinsights_sitenote_category":0,"footnotes":""},"categories":[101],"tags":[],"yoast_head":"<!-- This site is optimized with the Yoast SEO plugin v23.2 - https:\/\/yoast.com\/wordpress\/plugins\/seo\/ -->\n<title>Vinfast ouvre sa premi\u00e8re boutique au Qu\u00e9bec - CanadaMotorJobs.com<\/title>\n<meta name=\"description\" content=\"Vinfast ouvre sa premi\u00e8re boutique au Qu\u00e9bec - Benoit Charette - Annuel automobile - CanadaMotorJobs.com.\" \/>\n<meta name=\"robots\" content=\"index, follow, max-snippet:-1, max-image-preview:large, max-video-preview:-1\" \/>\n<meta property=\"og:locale\" content=\"fr_CA\" \/>\n<meta property=\"og:type\" content=\"article\" \/>\n<meta property=\"og:title\" content=\"Vinfast ouvre sa premi\u00e8re boutique au Qu\u00e9bec - CanadaMotorJobs.com\" \/>\n<meta property=\"og:description\" content=\"Vinfast ouvre sa premi\u00e8re boutique au Qu\u00e9bec - Benoit Charette - Annuel automobile - CanadaMotorJobs.com.\" \/>\n<meta property=\"og:url\" content=\"https:\/\/news.canadamotorjobs.com\/fr\/vinfast-ouvre-sa-premiere-boutique-au-quebec\/\" \/>\n<meta property=\"og:site_name\" content=\"CanadaMotorJobs.com\" \/>\n<meta property=\"article:publisher\" content=\"https:\/\/www.facebook.com\/canadamotorjobs\/\" \/>\n<meta property=\"article:published_time\" content=\"2022-12-02T14:29:40+00:00\" \/>\n<meta property=\"article:modified_time\" content=\"2022-12-02T14:44:23+00:00\" \/>\n<meta property=\"og:image\" content=\"https:\/\/news.canadamotorjobs.com\/wp-content\/uploads\/2022\/12\/LAVAL-VINFAST-STORE-1.jpg\" \/>\n\t<meta property=\"og:image:width\" content=\"1440\" \/>\n\t<meta property=\"og:image:height\" content=\"960\" \/>\n\t<meta property=\"og:image:type\" content=\"image\/jpeg\" \/>\n<meta name=\"author\" content=\"Benoit Charette\" \/>\n<meta name=\"twitter:card\" content=\"summary_large_image\" \/>\n<meta name=\"twitter:creator\" content=\"@canadamotorjobs\" \/>\n<meta name=\"twitter:site\" content=\"@canadamotorjobs\" \/>\n<meta name=\"twitter:label1\" content=\"\u00c9crit par\" \/>\n\t<meta name=\"twitter:data1\" content=\"Benoit Charette\" \/>\n\t<meta name=\"twitter:label2\" content=\"Estimation du temps de lecture\" \/>\n\t<meta name=\"twitter:data2\" content=\"1 minute\" \/>\n<!-- \/ Yoast SEO plugin. -->","yoast_head_json":{"title":"Vinfast ouvre sa premi\u00e8re boutique au Qu\u00e9bec - CanadaMotorJobs.com","description":"Vinfast ouvre sa premi\u00e8re boutique au Qu\u00e9bec - Benoit Charette - Annuel automobile - CanadaMotorJobs.com.","robots":{"index":"index","follow":"follow","max-snippet":"max-snippet:-1","max-image-preview":"max-image-preview:large","max-video-preview":"max-video-preview:-1"},"og_locale":"fr_CA","og_type":"article","og_title":"Vinfast ouvre sa premi\u00e8re boutique au Qu\u00e9bec - CanadaMotorJobs.com","og_description":"Vinfast ouvre sa premi\u00e8re boutique au Qu\u00e9bec - Benoit Charette - Annuel automobile - CanadaMotorJobs.com.","og_url":"https:\/\/news.canadamotorjobs.com\/fr\/vinfast-ouvre-sa-premiere-boutique-au-quebec\/","og_site_name":"CanadaMotorJobs.com","article_publisher":"https:\/\/www.facebook.com\/canadamotorjobs\/","article_published_time":"2022-12-02T14:29:40+00:00","article_modified_time":"2022-12-02T14:44:23+00:00","og_image":[{"width":1440,"height":960,"url":"https:\/\/news.canadamotorjobs.com\/wp-content\/uploads\/2022\/12\/LAVAL-VINFAST-STORE-1.jpg","type":"image\/jpeg"}],"author":"Benoit Charette","twitter_card":"summary_large_image","twitter_creator":"@canadamotorjobs","twitter_site":"@canadamotorjobs","twitter_misc":{"\u00c9crit par":"Benoit Charette","Estimation du temps de lecture":"1 minute"},"schema":{"@context":"https:\/\/schema.org","@graph":[{"@type":"Article","@id":"https:\/\/news.canadamotorjobs.com\/fr\/vinfast-ouvre-sa-premiere-boutique-au-quebec\/#article","isPartOf":{"@id":"https:\/\/news.canadamotorjobs.com\/fr\/vinfast-ouvre-sa-premiere-boutique-au-quebec\/"},"author":{"name":"Benoit Charette","@id":"https:\/\/news.canadamotorjobs.com\/#\/schema\/person\/51793d1f87d44011d7bcc2ed99269a90"},"headline":"Vinfast ouvre sa premi\u00e8re boutique au Qu\u00e9bec","datePublished":"2022-12-02T14:29:40+00:00","dateModified":"2022-12-02T14:44:23+00:00","mainEntityOfPage":{"@id":"https:\/\/news.canadamotorjobs.com\/fr\/vinfast-ouvre-sa-premiere-boutique-au-quebec\/"},"wordCount":282,"publisher":{"@id":"https:\/\/news.canadamotorjobs.com\/#organization"},"image":{"@id":"https:\/\/news.canadamotorjobs.com\/fr\/vinfast-ouvre-sa-premiere-boutique-au-quebec\/#primaryimage"},"thumbnailUrl":"https:\/\/news.canadamotorjobs.com\/wp-content\/uploads\/2022\/12\/LAVAL-VINFAST-STORE-1.jpg","articleSection":["Annuel automobile"],"inLanguage":"fr-CA"},{"@type":"WebPage","@id":"https:\/\/news.canadamotorjobs.com\/fr\/vinfast-ouvre-sa-premiere-boutique-au-quebec\/","url":"https:\/\/news.canadamotorjobs.com\/fr\/vinfast-ouvre-sa-premiere-boutique-au-quebec\/","name":"Vinfast ouvre sa premi\u00e8re boutique au Qu\u00e9bec - CanadaMotorJobs.com","isPartOf":{"@id":"https:\/\/news.canadamotorjobs.com\/#website"},"primaryImageOfPage":{"@id":"https:\/\/news.canadamotorjobs.com\/fr\/vinfast-ouvre-sa-premiere-boutique-au-quebec\/#primaryimage"},"image":{"@id":"https:\/\/news.canadamotorjobs.com\/fr\/vinfast-ouvre-sa-premiere-boutique-au-quebec\/#primaryimage"},"thumbnailUrl":"https:\/\/news.canadamotorjobs.com\/wp-content\/uploads\/2022\/12\/LAVAL-VINFAST-STORE-1.jpg","datePublished":"2022-12-02T14:29:40+00:00","dateModified":"2022-12-02T14:44:23+00:00","description":"Vinfast ouvre sa premi\u00e8re boutique au Qu\u00e9bec - Benoit Charette - Annuel automobile - CanadaMotorJobs.com.","breadcrumb":{"@id":"https:\/\/news.canadamotorjobs.com\/fr\/vinfast-ouvre-sa-premiere-boutique-au-quebec\/#breadcrumb"},"inLanguage":"fr-CA","potentialAction":[{"@type":"ReadAction","target":["https:\/\/news.canadamotorjobs.com\/fr\/vinfast-ouvre-sa-premiere-boutique-au-quebec\/"]}]},{"@type":"ImageObject","inLanguage":"fr-CA","@id":"https:\/\/news.canadamotorjobs.com\/fr\/vinfast-ouvre-sa-premiere-boutique-au-quebec\/#primaryimage","url":"https:\/\/news.canadamotorjobs.com\/wp-content\/uploads\/2022\/12\/LAVAL-VINFAST-STORE-1.jpg","contentUrl":"https:\/\/news.canadamotorjobs.com\/wp-content\/uploads\/2022\/12\/LAVAL-VINFAST-STORE-1.jpg","width":1440,"height":960},{"@type":"BreadcrumbList","@id":"https:\/\/news.canadamotorjobs.com\/fr\/vinfast-ouvre-sa-premiere-boutique-au-quebec\/#breadcrumb","itemListElement":[{"@type":"ListItem","position":1,"name":"Home","item":"https:\/\/news.canadamotorjobs.com\/fr\/blog\/"},{"@type":"ListItem","position":2,"name":"Vinfast ouvre sa premi\u00e8re boutique au Qu\u00e9bec"}]},{"@type":"WebSite","@id":"https:\/\/news.canadamotorjobs.com\/#website","url":"https:\/\/news.canadamotorjobs.com\/","name":"CanadaMotorJobs.com","description":"Automotive Jobs","publisher":{"@id":"https:\/\/news.canadamotorjobs.com\/#organization"},"potentialAction":[{"@type":"SearchAction","target":{"@type":"EntryPoint","urlTemplate":"https:\/\/news.canadamotorjobs.com\/?s={search_term_string}"},"query-input":"required name=search_term_string"}],"inLanguage":"fr-CA"},{"@type":"Organization","@id":"https:\/\/news.canadamotorjobs.com\/#organization","name":"Canada Motor Jobs","url":"https:\/\/news.canadamotorjobs.com\/","logo":{"@type":"ImageObject","inLanguage":"fr-CA","@id":"https:\/\/news.canadamotorjobs.com\/#\/schema\/logo\/image\/","url":"https:\/\/news.canadamotorjobs.com\/wp-content\/uploads\/2022\/10\/logo-canada-motor-jobs-1.png","contentUrl":"https:\/\/news.canadamotorjobs.com\/wp-content\/uploads\/2022\/10\/logo-canada-motor-jobs-1.png","width":800,"height":400,"caption":"Canada Motor Jobs"},"image":{"@id":"https:\/\/news.canadamotorjobs.com\/#\/schema\/logo\/image\/"},"sameAs":["https:\/\/www.facebook.com\/canadamotorjobs\/","https:\/\/x.com\/canadamotorjobs","https:\/\/www.instagram.com\/canadamotorjobs\/","https:\/\/www.linkedin.com\/company\/canadamotorjobs"]},{"@type":"Person","@id":"https:\/\/news.canadamotorjobs.com\/#\/schema\/person\/51793d1f87d44011d7bcc2ed99269a90","name":"Benoit Charette","image":{"@type":"ImageObject","inLanguage":"fr-CA","@id":"https:\/\/news.canadamotorjobs.com\/#\/schema\/person\/image\/","url":"https:\/\/secure.gravatar.com\/avatar\/45f3d2eebcccd909668d7ce7ea7267b6?s=96&d=mm&r=g","contentUrl":"https:\/\/secure.gravatar.com\/avatar\/45f3d2eebcccd909668d7ce7ea7267b6?s=96&d=mm&r=g","caption":"Benoit Charette"},"description":"Benoit Charette \/ Propri\u00e9taire et r\u00e9dacteur en chef Benoit Charette pratique le journalisme automobile depuis bient\u00f4t 30 ans. Il a fait ses classes au c\u00f4t\u00e9 de Daniel H\u00e9raud et au Carnet de route de 1992 \u00e0 2001. Il est fondateur, copropri\u00e9taire et r\u00e9dacteur en chef de L\u2019Annuel de l\u2019automobile, qu\u2019il publie depuis 2001. Il a anim\u00e9 les \u00e9missions RPM et RPM+ sur V et les L\u00e9gendes de la route sur Historia. \u00c0 la radio depuis 1986, il reprend l\u2019antenne cette ann\u00e9e sur les ondes de Cogeco et participe pour la deuxi\u00e8me ann\u00e9e \u00e0 l\u2019\u00e9mission Passion Auto sur RDS en plus de mettre en ligne le site Web officiel de L\u2019Annuel de l\u2019automobile sur annuelauto.ca.","sameAs":["https:\/\/annuelauto.ca\/"],"url":"https:\/\/news.canadamotorjobs.com\/fr\/author\/benoit-charette\/"}]}},"_links":{"self":[{"href":"https:\/\/news.canadamotorjobs.com\/fr\/wp-json\/wp\/v2\/posts\/136882"}],"collection":[{"href":"https:\/\/news.canadamotorjobs.com\/fr\/wp-json\/wp\/v2\/posts"}],"about":[{"href":"https:\/\/news.canadamotorjobs.com\/fr\/wp-json\/wp\/v2\/types\/post"}],"author":[{"embeddable":true,"href":"https:\/\/news.canadamotorjobs.com\/fr\/wp-json\/wp\/v2\/users\/8"}],"replies":[{"embeddable":true,"href":"https:\/\/news.canadamotorjobs.com\/fr\/wp-json\/wp\/v2\/comments?post=136882"}],"version-history":[{"count":0,"href":"https:\/\/news.canadamotorjobs.com\/fr\/wp-json\/wp\/v2\/posts\/136882\/revisions"}],"wp:featuredmedia":[{"embeddable":true,"href":"https:\/\/news.canadamotorjobs.com\/fr\/wp-json\/wp\/v2\/media\/136886"}],"wp:attachment":[{"href":"https:\/\/news.canadamotorjobs.com\/fr\/wp-json\/wp\/v2\/media?parent=136882"}],"wp:term":[{"taxonomy":"category","embeddable":true,"href":"https:\/\/news.canadamotorjobs.com\/fr\/wp-json\/wp\/v2\/categories?post=136882"},{"taxonomy":"post_tag","embeddable":true,"href":"https:\/\/news.canadamotorjobs.com\/fr\/wp-json\/wp\/v2\/tags?post=136882"}],"curies":[{"name":"wp","href":"https:\/\/api.w.org\/{rel}","templated":true}]}}