{"id":136858,"date":"2022-12-01T12:52:45","date_gmt":"2022-12-01T17:52:45","guid":{"rendered":"https:\/\/news.canadamotorjobs.com\/tesla-semi-800-kilometres-avec-81-000-livres-a-bord\/"},"modified":"2022-12-01T12:59:23","modified_gmt":"2022-12-01T17:59:23","slug":"tesla-semi-800-kilometres-avec-81-000-livres-a-bord","status":"publish","type":"post","link":"https:\/\/news.canadamotorjobs.com\/fr\/tesla-semi-800-kilometres-avec-81-000-livres-a-bord\/","title":{"rendered":"Tesla Semi\u00a0: 800 kilom\u00e8tres avec 81\u00a0000 livres \u00e0 bord"},"content":{"rendered":"<\/p>\n<p>Mieux vaut tard que jamais et peu de constructeurs autres que Tesla incarnent mieux cet adage. Et le plus r\u00e9cent exemple touche au camion-remorque enti\u00e8rement \u00e9lectrique que le groupe californien veut commercialiser, le fameux Semi. Elon Musk a annonc\u00e9 son gros camion en 2017 et la production devait d\u00e9buter en 2019. \u00c7a aura pris un peu plus de temps que pr\u00e9vu, mais c\u2019est ce mois-ci, en d\u00e9cembre, que \u00e7a commence enfin, officiellement.<\/p>\n<p> Et disons que les attentes sont plus qu\u2019\u00e9lev\u00e9es. Surtout que Musk et Tesla ont d\u2019excellentes nouvelles \u00e0 partager avec les soci\u00e9t\u00e9s qui, comme Walmart et Loblaw au Canada, ont effectu\u00e9 des pr\u00e9commandes de ce semi-remorque tout \u00e9lectrique. Le constructeur a mis un Semi sur la route pour tester sa capacit\u00e9 de chargement et surtout, comment le fait de remorquer une remorque pleine allait affecter son autonomie.<\/p>\n<p> Et le r\u00e9sultat est plut\u00f4t prometteur\u00a0: un Semi charg\u00e9 avec l\u2019\u00e9quivalent de 81\u00a0000 livres de marchandise serait en mesure de parcourir jusqu\u2019\u00e0 500 miles, soit 800 kilom\u00e8tres, sur une seule charge.<\/p>\n<p> Si \u00e7a s\u2019av\u00e8re, ce sera toute une r\u00e9volution pour l\u2019industrie du camionnage. Quand Tesla a d\u00e9voil\u00e9 son Semi en 2017, le PDG de Daimler Truck Martin Daum avait d\u00e9clar\u00e9 que selon lui, un camion de Classe 8 tout \u00e9lectrique comme le Semi ne pouvais carr\u00e9ment pas exister, car il d\u00e9fie les lois de la physique.<\/p>\n<p> On serait curieux de parler \u00e0 M.\u00a0Daum ces jours-ci\u2026 Surtout que Daimler Truck a finalement d\u00e9cid\u00e9 de se lancer elle aussi dans<\/p>\n","protected":false},"excerpt":{"rendered":"<p>Mieux vaut tard que jamais et peu de constructeurs autres que Tesla incarnent mieux cet adage. Et le plus r\u00e9cent exemple touche au camion-remorque enti\u00e8rement \u00e9lectrique que le groupe californien veut commercialiser, le fameux Semi. Elon Musk a annonc\u00e9 son gros camion en 2017 et la production devait d\u00e9buter en 2019. \u00c7a aura pris un [&hellip;]<\/p>\n","protected":false},"author":8,"featured_media":136862,"comment_status":"close","ping_status":"closed","sticky":false,"template":"","format":"standard","meta":{"_monsterinsights_skip_tracking":false,"_monsterinsights_sitenote_active":false,"_monsterinsights_sitenote_note":"","_monsterinsights_sitenote_category":0,"footnotes":""},"categories":[101],"tags":[],"yoast_head":"<!-- This site is optimized with the Yoast SEO plugin v23.2 - https:\/\/yoast.com\/wordpress\/plugins\/seo\/ -->\n<title>Tesla Semi\u00a0: 800 kilom\u00e8tres avec 81\u00a0000 livres \u00e0 bord - CanadaMotorJobs.com<\/title>\n<meta name=\"description\" content=\"Tesla Semi\u00a0: 800 kilom\u00e8tres avec 81\u00a0000 livres \u00e0 bord - Benoit Charette - Annuel automobile - CanadaMotorJobs.com.\" \/>\n<meta name=\"robots\" content=\"index, follow, max-snippet:-1, max-image-preview:large, max-video-preview:-1\" \/>\n<meta property=\"og:locale\" content=\"fr_CA\" \/>\n<meta property=\"og:type\" content=\"article\" \/>\n<meta property=\"og:title\" content=\"Tesla Semi\u00a0: 800 kilom\u00e8tres avec 81\u00a0000 livres \u00e0 bord - CanadaMotorJobs.com\" \/>\n<meta property=\"og:description\" content=\"Tesla Semi\u00a0: 800 kilom\u00e8tres avec 81\u00a0000 livres \u00e0 bord - Benoit Charette - Annuel automobile - CanadaMotorJobs.com.\" \/>\n<meta property=\"og:url\" content=\"https:\/\/news.canadamotorjobs.com\/fr\/tesla-semi-800-kilometres-avec-81-000-livres-a-bord\/\" \/>\n<meta property=\"og:site_name\" content=\"CanadaMotorJobs.com\" \/>\n<meta property=\"article:publisher\" content=\"https:\/\/www.facebook.com\/canadamotorjobs\/\" \/>\n<meta property=\"article:published_time\" content=\"2022-12-01T17:52:45+00:00\" \/>\n<meta property=\"article:modified_time\" content=\"2022-12-01T17:59:23+00:00\" \/>\n<meta property=\"og:image\" content=\"https:\/\/news.canadamotorjobs.com\/wp-content\/uploads\/2022\/12\/Tesla-Semi_01-1.jpg\" \/>\n\t<meta property=\"og:image:width\" content=\"1200\" \/>\n\t<meta property=\"og:image:height\" content=\"675\" \/>\n\t<meta property=\"og:image:type\" content=\"image\/jpeg\" \/>\n<meta name=\"author\" content=\"Benoit Charette\" \/>\n<meta name=\"twitter:card\" content=\"summary_large_image\" \/>\n<meta name=\"twitter:creator\" content=\"@canadamotorjobs\" \/>\n<meta name=\"twitter:site\" content=\"@canadamotorjobs\" \/>\n<meta name=\"twitter:label1\" content=\"\u00c9crit par\" \/>\n\t<meta name=\"twitter:data1\" content=\"Benoit Charette\" \/>\n\t<meta name=\"twitter:label2\" content=\"Estimation du temps de lecture\" \/>\n\t<meta name=\"twitter:data2\" content=\"1 minute\" \/>\n<!-- \/ Yoast SEO plugin. -->","yoast_head_json":{"title":"Tesla Semi\u00a0: 800 kilom\u00e8tres avec 81\u00a0000 livres \u00e0 bord - CanadaMotorJobs.com","description":"Tesla Semi\u00a0: 800 kilom\u00e8tres avec 81\u00a0000 livres \u00e0 bord - Benoit Charette - Annuel automobile - CanadaMotorJobs.com.","robots":{"index":"index","follow":"follow","max-snippet":"max-snippet:-1","max-image-preview":"max-image-preview:large","max-video-preview":"max-video-preview:-1"},"og_locale":"fr_CA","og_type":"article","og_title":"Tesla Semi\u00a0: 800 kilom\u00e8tres avec 81\u00a0000 livres \u00e0 bord - CanadaMotorJobs.com","og_description":"Tesla Semi\u00a0: 800 kilom\u00e8tres avec 81\u00a0000 livres \u00e0 bord - Benoit Charette - Annuel automobile - CanadaMotorJobs.com.","og_url":"https:\/\/news.canadamotorjobs.com\/fr\/tesla-semi-800-kilometres-avec-81-000-livres-a-bord\/","og_site_name":"CanadaMotorJobs.com","article_publisher":"https:\/\/www.facebook.com\/canadamotorjobs\/","article_published_time":"2022-12-01T17:52:45+00:00","article_modified_time":"2022-12-01T17:59:23+00:00","og_image":[{"width":1200,"height":675,"url":"https:\/\/news.canadamotorjobs.com\/wp-content\/uploads\/2022\/12\/Tesla-Semi_01-1.jpg","type":"image\/jpeg"}],"author":"Benoit Charette","twitter_card":"summary_large_image","twitter_creator":"@canadamotorjobs","twitter_site":"@canadamotorjobs","twitter_misc":{"\u00c9crit par":"Benoit Charette","Estimation du temps de lecture":"1 minute"},"schema":{"@context":"https:\/\/schema.org","@graph":[{"@type":"Article","@id":"https:\/\/news.canadamotorjobs.com\/fr\/tesla-semi-800-kilometres-avec-81-000-livres-a-bord\/#article","isPartOf":{"@id":"https:\/\/news.canadamotorjobs.com\/fr\/tesla-semi-800-kilometres-avec-81-000-livres-a-bord\/"},"author":{"name":"Benoit Charette","@id":"https:\/\/news.canadamotorjobs.com\/#\/schema\/person\/51793d1f87d44011d7bcc2ed99269a90"},"headline":"Tesla Semi\u00a0: 800 kilom\u00e8tres avec 81\u00a0000 livres \u00e0 bord","datePublished":"2022-12-01T17:52:45+00:00","dateModified":"2022-12-01T17:59:23+00:00","mainEntityOfPage":{"@id":"https:\/\/news.canadamotorjobs.com\/fr\/tesla-semi-800-kilometres-avec-81-000-livres-a-bord\/"},"wordCount":270,"publisher":{"@id":"https:\/\/news.canadamotorjobs.com\/#organization"},"image":{"@id":"https:\/\/news.canadamotorjobs.com\/fr\/tesla-semi-800-kilometres-avec-81-000-livres-a-bord\/#primaryimage"},"thumbnailUrl":"https:\/\/news.canadamotorjobs.com\/wp-content\/uploads\/2022\/12\/Tesla-Semi_01-1.jpg","articleSection":["Annuel automobile"],"inLanguage":"fr-CA"},{"@type":"WebPage","@id":"https:\/\/news.canadamotorjobs.com\/fr\/tesla-semi-800-kilometres-avec-81-000-livres-a-bord\/","url":"https:\/\/news.canadamotorjobs.com\/fr\/tesla-semi-800-kilometres-avec-81-000-livres-a-bord\/","name":"Tesla Semi\u00a0: 800 kilom\u00e8tres avec 81\u00a0000 livres \u00e0 bord - CanadaMotorJobs.com","isPartOf":{"@id":"https:\/\/news.canadamotorjobs.com\/#website"},"primaryImageOfPage":{"@id":"https:\/\/news.canadamotorjobs.com\/fr\/tesla-semi-800-kilometres-avec-81-000-livres-a-bord\/#primaryimage"},"image":{"@id":"https:\/\/news.canadamotorjobs.com\/fr\/tesla-semi-800-kilometres-avec-81-000-livres-a-bord\/#primaryimage"},"thumbnailUrl":"https:\/\/news.canadamotorjobs.com\/wp-content\/uploads\/2022\/12\/Tesla-Semi_01-1.jpg","datePublished":"2022-12-01T17:52:45+00:00","dateModified":"2022-12-01T17:59:23+00:00","description":"Tesla Semi\u00a0: 800 kilom\u00e8tres avec 81\u00a0000 livres \u00e0 bord - Benoit Charette - Annuel automobile - CanadaMotorJobs.com.","breadcrumb":{"@id":"https:\/\/news.canadamotorjobs.com\/fr\/tesla-semi-800-kilometres-avec-81-000-livres-a-bord\/#breadcrumb"},"inLanguage":"fr-CA","potentialAction":[{"@type":"ReadAction","target":["https:\/\/news.canadamotorjobs.com\/fr\/tesla-semi-800-kilometres-avec-81-000-livres-a-bord\/"]}]},{"@type":"ImageObject","inLanguage":"fr-CA","@id":"https:\/\/news.canadamotorjobs.com\/fr\/tesla-semi-800-kilometres-avec-81-000-livres-a-bord\/#primaryimage","url":"https:\/\/news.canadamotorjobs.com\/wp-content\/uploads\/2022\/12\/Tesla-Semi_01-1.jpg","contentUrl":"https:\/\/news.canadamotorjobs.com\/wp-content\/uploads\/2022\/12\/Tesla-Semi_01-1.jpg","width":1200,"height":675},{"@type":"BreadcrumbList","@id":"https:\/\/news.canadamotorjobs.com\/fr\/tesla-semi-800-kilometres-avec-81-000-livres-a-bord\/#breadcrumb","itemListElement":[{"@type":"ListItem","position":1,"name":"Home","item":"https:\/\/news.canadamotorjobs.com\/fr\/blog\/"},{"@type":"ListItem","position":2,"name":"Tesla Semi\u00a0: 800 kilom\u00e8tres avec 81\u00a0000 livres \u00e0 bord"}]},{"@type":"WebSite","@id":"https:\/\/news.canadamotorjobs.com\/#website","url":"https:\/\/news.canadamotorjobs.com\/","name":"CanadaMotorJobs.com","description":"Automotive Jobs","publisher":{"@id":"https:\/\/news.canadamotorjobs.com\/#organization"},"potentialAction":[{"@type":"SearchAction","target":{"@type":"EntryPoint","urlTemplate":"https:\/\/news.canadamotorjobs.com\/?s={search_term_string}"},"query-input":"required name=search_term_string"}],"inLanguage":"fr-CA"},{"@type":"Organization","@id":"https:\/\/news.canadamotorjobs.com\/#organization","name":"Canada Motor Jobs","url":"https:\/\/news.canadamotorjobs.com\/","logo":{"@type":"ImageObject","inLanguage":"fr-CA","@id":"https:\/\/news.canadamotorjobs.com\/#\/schema\/logo\/image\/","url":"https:\/\/news.canadamotorjobs.com\/wp-content\/uploads\/2022\/10\/logo-canada-motor-jobs-1.png","contentUrl":"https:\/\/news.canadamotorjobs.com\/wp-content\/uploads\/2022\/10\/logo-canada-motor-jobs-1.png","width":800,"height":400,"caption":"Canada Motor Jobs"},"image":{"@id":"https:\/\/news.canadamotorjobs.com\/#\/schema\/logo\/image\/"},"sameAs":["https:\/\/www.facebook.com\/canadamotorjobs\/","https:\/\/x.com\/canadamotorjobs","https:\/\/www.instagram.com\/canadamotorjobs\/","https:\/\/www.linkedin.com\/company\/canadamotorjobs"]},{"@type":"Person","@id":"https:\/\/news.canadamotorjobs.com\/#\/schema\/person\/51793d1f87d44011d7bcc2ed99269a90","name":"Benoit Charette","image":{"@type":"ImageObject","inLanguage":"fr-CA","@id":"https:\/\/news.canadamotorjobs.com\/#\/schema\/person\/image\/","url":"https:\/\/secure.gravatar.com\/avatar\/45f3d2eebcccd909668d7ce7ea7267b6?s=96&d=mm&r=g","contentUrl":"https:\/\/secure.gravatar.com\/avatar\/45f3d2eebcccd909668d7ce7ea7267b6?s=96&d=mm&r=g","caption":"Benoit Charette"},"description":"Benoit Charette \/ Propri\u00e9taire et r\u00e9dacteur en chef Benoit Charette pratique le journalisme automobile depuis bient\u00f4t 30 ans. Il a fait ses classes au c\u00f4t\u00e9 de Daniel H\u00e9raud et au Carnet de route de 1992 \u00e0 2001. Il est fondateur, copropri\u00e9taire et r\u00e9dacteur en chef de L\u2019Annuel de l\u2019automobile, qu\u2019il publie depuis 2001. Il a anim\u00e9 les \u00e9missions RPM et RPM+ sur V et les L\u00e9gendes de la route sur Historia. \u00c0 la radio depuis 1986, il reprend l\u2019antenne cette ann\u00e9e sur les ondes de Cogeco et participe pour la deuxi\u00e8me ann\u00e9e \u00e0 l\u2019\u00e9mission Passion Auto sur RDS en plus de mettre en ligne le site Web officiel de L\u2019Annuel de l\u2019automobile sur annuelauto.ca.","sameAs":["https:\/\/annuelauto.ca\/"],"url":"https:\/\/news.canadamotorjobs.com\/fr\/author\/benoit-charette\/"}]}},"_links":{"self":[{"href":"https:\/\/news.canadamotorjobs.com\/fr\/wp-json\/wp\/v2\/posts\/136858"}],"collection":[{"href":"https:\/\/news.canadamotorjobs.com\/fr\/wp-json\/wp\/v2\/posts"}],"about":[{"href":"https:\/\/news.canadamotorjobs.com\/fr\/wp-json\/wp\/v2\/types\/post"}],"author":[{"embeddable":true,"href":"https:\/\/news.canadamotorjobs.com\/fr\/wp-json\/wp\/v2\/users\/8"}],"replies":[{"embeddable":true,"href":"https:\/\/news.canadamotorjobs.com\/fr\/wp-json\/wp\/v2\/comments?post=136858"}],"version-history":[{"count":0,"href":"https:\/\/news.canadamotorjobs.com\/fr\/wp-json\/wp\/v2\/posts\/136858\/revisions"}],"wp:featuredmedia":[{"embeddable":true,"href":"https:\/\/news.canadamotorjobs.com\/fr\/wp-json\/wp\/v2\/media\/136862"}],"wp:attachment":[{"href":"https:\/\/news.canadamotorjobs.com\/fr\/wp-json\/wp\/v2\/media?parent=136858"}],"wp:term":[{"taxonomy":"category","embeddable":true,"href":"https:\/\/news.canadamotorjobs.com\/fr\/wp-json\/wp\/v2\/categories?post=136858"},{"taxonomy":"post_tag","embeddable":true,"href":"https:\/\/news.canadamotorjobs.com\/fr\/wp-json\/wp\/v2\/tags?post=136858"}],"curies":[{"name":"wp","href":"https:\/\/api.w.org\/{rel}","templated":true}]}}