{"id":136842,"date":"2022-12-01T07:12:34","date_gmt":"2022-12-01T12:12:34","guid":{"rendered":"https:\/\/news.canadamotorjobs.com\/volkswagen-voudrait-construire-sa-premiere-usine-de-batterie-nord-americaine-au-canada\/"},"modified":"2022-12-01T07:14:55","modified_gmt":"2022-12-01T12:14:55","slug":"volkswagen-voudrait-construire-sa-premiere-usine-de-batterie-nord-americaine-au-canada","status":"publish","type":"post","link":"https:\/\/news.canadamotorjobs.com\/fr\/volkswagen-voudrait-construire-sa-premiere-usine-de-batterie-nord-americaine-au-canada\/","title":{"rendered":"Volkswagen voudrait construire sa premi\u00e8re usine de batterie nord-am\u00e9ricaine au Canada"},"content":{"rendered":"<\/p>\n<p>Volkswagen et sa filiale de batteries PowerCo SE ont commenc\u00e9 \u00e0 chercher un site pour la premi\u00e8re usine de cellules de batteries du constructeur automobile en Am\u00e9rique du Nord, a d\u00e9clar\u00e9 une source de l&#8217;entreprise \u00e0 Reuters jeudi. L\u2019informateur anonyme a d\u00e9clar\u00e9 que le Canada \u00e9tait &#8220;une option logique&#8221; pour l&#8217;usine, qui serait la premi\u00e8re gigafactory de VW en dehors de l&#8217;Europe.<br \/> Une suite du protocole d\u2019accord de cet \u00e9t\u00e9<br \/> Cette initiative a \u00e9t\u00e9 d\u00e9crite comme une extension du protocole d&#8217;accord sign\u00e9 en ao\u00fbt entre Volkswagen et le Canada, riche en min\u00e9raux, dans lequel ils ont convenu d&#8217;intensifier leurs efforts pour obtenir un acc\u00e8s au lithium, au nickel et au cobalt. Les constructeurs automobiles europ\u00e9ens ont fait pression pour obtenir des participations dans la production de batteries sur le continent, mais l&#8217;industrie n&#8217;en est encore qu&#8217;\u00e0 ses d\u00e9buts.<br \/> Un projet d\u2019envergure<br \/> En septembre, Volkswagen a annonc\u00e9 la cr\u00e9ation d&#8217;une coentreprise de 2,9 milliards de dollars pour la fabrication de pi\u00e8ces de batteries avec la soci\u00e9t\u00e9 belge de mat\u00e9riaux Umicore. \u00c0 la recherche d&#8217;un site en Am\u00e9rique du Nord, Thomas Schmall, membre du conseil d&#8217;administration de Volkswagen charg\u00e9 de la technologie, a d\u00e9clar\u00e9 : &#8220;PowerCo est sur le point de traverser l&#8217;Atlantique. Les conditions-cadres en Am\u00e9rique du Nord sont tr\u00e8s all\u00e9chantes. Le site le plus comp\u00e9titif gagne la course&#8221;.<\/p>\n<p> Avec des renseignements de Reuters<\/p>\n<p>Le texte <a rel=\"nofollow\" href=\"https:\/\/annuelauto.ca\/volkswagen-voudrait-construire-sa-premiere-usine-de-batterie-nord-americaine-au-canada\/\">Volkswagen voudrait construire sa premi\u00e8re usine de batterie nord-am\u00e9ricaine au Canada<\/a> provient de <a rel=\"nofollow\" href=\"https:\/\/annuelauto.ca\">L&#039;annuel de l&#039;automobile &#8211; Actualit\u00e9 automobile<\/a><\/p>\n<p> <\/p>\n","protected":false},"excerpt":{"rendered":"<p>Volkswagen et sa filiale de batteries PowerCo SE ont commenc\u00e9 \u00e0 chercher un site pour la premi\u00e8re usine de cellules de batteries du constructeur automobile en Am\u00e9rique du Nord, a d\u00e9clar\u00e9 une source de l&#8217;entreprise \u00e0 Reuters jeudi. L\u2019informateur anonyme a d\u00e9clar\u00e9 que le Canada \u00e9tait &#8220;une option logique&#8221; pour l&#8217;usine, qui serait la premi\u00e8re [&hellip;]<\/p>\n","protected":false},"author":8,"featured_media":136846,"comment_status":"close","ping_status":"closed","sticky":false,"template":"","format":"standard","meta":{"_monsterinsights_skip_tracking":false,"_monsterinsights_sitenote_active":false,"_monsterinsights_sitenote_note":"","_monsterinsights_sitenote_category":0,"footnotes":""},"categories":[101],"tags":[],"yoast_head":"<!-- This site is optimized with the Yoast SEO plugin v23.2 - https:\/\/yoast.com\/wordpress\/plugins\/seo\/ -->\n<title>Volkswagen voudrait construire sa premi\u00e8re usine de batterie nord-am\u00e9ricaine au Canada - CanadaMotorJobs.com<\/title>\n<meta name=\"description\" content=\"Volkswagen voudrait construire sa premi\u00e8re usine de batterie nord-am\u00e9ricaine au Canada - Benoit Charette - Annuel automobile - CanadaMotorJobs.com.\" \/>\n<meta name=\"robots\" content=\"index, follow, max-snippet:-1, max-image-preview:large, max-video-preview:-1\" \/>\n<meta property=\"og:locale\" content=\"fr_CA\" \/>\n<meta property=\"og:type\" content=\"article\" \/>\n<meta property=\"og:title\" content=\"Volkswagen voudrait construire sa premi\u00e8re usine de batterie nord-am\u00e9ricaine au Canada - CanadaMotorJobs.com\" \/>\n<meta property=\"og:description\" content=\"Volkswagen voudrait construire sa premi\u00e8re usine de batterie nord-am\u00e9ricaine au Canada - Benoit Charette - Annuel automobile - CanadaMotorJobs.com.\" \/>\n<meta property=\"og:url\" content=\"https:\/\/news.canadamotorjobs.com\/fr\/volkswagen-voudrait-construire-sa-premiere-usine-de-batterie-nord-americaine-au-canada\/\" \/>\n<meta property=\"og:site_name\" content=\"CanadaMotorJobs.com\" \/>\n<meta property=\"article:publisher\" content=\"https:\/\/www.facebook.com\/canadamotorjobs\/\" \/>\n<meta property=\"article:published_time\" content=\"2022-12-01T12:12:34+00:00\" \/>\n<meta property=\"article:modified_time\" content=\"2022-12-01T12:14:55+00:00\" \/>\n<meta property=\"og:image\" content=\"https:\/\/news.canadamotorjobs.com\/wp-content\/uploads\/2022\/12\/3992697_orig-1.jpg\" \/>\n\t<meta property=\"og:image:width\" content=\"1066\" \/>\n\t<meta property=\"og:image:height\" content=\"800\" \/>\n\t<meta property=\"og:image:type\" content=\"image\/jpeg\" \/>\n<meta name=\"author\" content=\"Benoit Charette\" \/>\n<meta name=\"twitter:card\" content=\"summary_large_image\" \/>\n<meta name=\"twitter:creator\" content=\"@canadamotorjobs\" \/>\n<meta name=\"twitter:site\" content=\"@canadamotorjobs\" \/>\n<meta name=\"twitter:label1\" content=\"\u00c9crit par\" \/>\n\t<meta name=\"twitter:data1\" content=\"Benoit Charette\" \/>\n\t<meta name=\"twitter:label2\" content=\"Estimation du temps de lecture\" \/>\n\t<meta name=\"twitter:data2\" content=\"1 minute\" \/>\n<!-- \/ Yoast SEO plugin. -->","yoast_head_json":{"title":"Volkswagen voudrait construire sa premi\u00e8re usine de batterie nord-am\u00e9ricaine au Canada - CanadaMotorJobs.com","description":"Volkswagen voudrait construire sa premi\u00e8re usine de batterie nord-am\u00e9ricaine au Canada - Benoit Charette - Annuel automobile - CanadaMotorJobs.com.","robots":{"index":"index","follow":"follow","max-snippet":"max-snippet:-1","max-image-preview":"max-image-preview:large","max-video-preview":"max-video-preview:-1"},"og_locale":"fr_CA","og_type":"article","og_title":"Volkswagen voudrait construire sa premi\u00e8re usine de batterie nord-am\u00e9ricaine au Canada - CanadaMotorJobs.com","og_description":"Volkswagen voudrait construire sa premi\u00e8re usine de batterie nord-am\u00e9ricaine au Canada - Benoit Charette - Annuel automobile - CanadaMotorJobs.com.","og_url":"https:\/\/news.canadamotorjobs.com\/fr\/volkswagen-voudrait-construire-sa-premiere-usine-de-batterie-nord-americaine-au-canada\/","og_site_name":"CanadaMotorJobs.com","article_publisher":"https:\/\/www.facebook.com\/canadamotorjobs\/","article_published_time":"2022-12-01T12:12:34+00:00","article_modified_time":"2022-12-01T12:14:55+00:00","og_image":[{"width":1066,"height":800,"url":"https:\/\/news.canadamotorjobs.com\/wp-content\/uploads\/2022\/12\/3992697_orig-1.jpg","type":"image\/jpeg"}],"author":"Benoit Charette","twitter_card":"summary_large_image","twitter_creator":"@canadamotorjobs","twitter_site":"@canadamotorjobs","twitter_misc":{"\u00c9crit par":"Benoit Charette","Estimation du temps de lecture":"1 minute"},"schema":{"@context":"https:\/\/schema.org","@graph":[{"@type":"Article","@id":"https:\/\/news.canadamotorjobs.com\/fr\/volkswagen-voudrait-construire-sa-premiere-usine-de-batterie-nord-americaine-au-canada\/#article","isPartOf":{"@id":"https:\/\/news.canadamotorjobs.com\/fr\/volkswagen-voudrait-construire-sa-premiere-usine-de-batterie-nord-americaine-au-canada\/"},"author":{"name":"Benoit Charette","@id":"https:\/\/news.canadamotorjobs.com\/#\/schema\/person\/51793d1f87d44011d7bcc2ed99269a90"},"headline":"Volkswagen voudrait construire sa premi\u00e8re usine de batterie nord-am\u00e9ricaine au Canada","datePublished":"2022-12-01T12:12:34+00:00","dateModified":"2022-12-01T12:14:55+00:00","mainEntityOfPage":{"@id":"https:\/\/news.canadamotorjobs.com\/fr\/volkswagen-voudrait-construire-sa-premiere-usine-de-batterie-nord-americaine-au-canada\/"},"wordCount":290,"publisher":{"@id":"https:\/\/news.canadamotorjobs.com\/#organization"},"image":{"@id":"https:\/\/news.canadamotorjobs.com\/fr\/volkswagen-voudrait-construire-sa-premiere-usine-de-batterie-nord-americaine-au-canada\/#primaryimage"},"thumbnailUrl":"https:\/\/news.canadamotorjobs.com\/wp-content\/uploads\/2022\/12\/3992697_orig-1.jpg","articleSection":["Annuel automobile"],"inLanguage":"fr-CA"},{"@type":"WebPage","@id":"https:\/\/news.canadamotorjobs.com\/fr\/volkswagen-voudrait-construire-sa-premiere-usine-de-batterie-nord-americaine-au-canada\/","url":"https:\/\/news.canadamotorjobs.com\/fr\/volkswagen-voudrait-construire-sa-premiere-usine-de-batterie-nord-americaine-au-canada\/","name":"Volkswagen voudrait construire sa premi\u00e8re usine de batterie nord-am\u00e9ricaine au Canada - CanadaMotorJobs.com","isPartOf":{"@id":"https:\/\/news.canadamotorjobs.com\/#website"},"primaryImageOfPage":{"@id":"https:\/\/news.canadamotorjobs.com\/fr\/volkswagen-voudrait-construire-sa-premiere-usine-de-batterie-nord-americaine-au-canada\/#primaryimage"},"image":{"@id":"https:\/\/news.canadamotorjobs.com\/fr\/volkswagen-voudrait-construire-sa-premiere-usine-de-batterie-nord-americaine-au-canada\/#primaryimage"},"thumbnailUrl":"https:\/\/news.canadamotorjobs.com\/wp-content\/uploads\/2022\/12\/3992697_orig-1.jpg","datePublished":"2022-12-01T12:12:34+00:00","dateModified":"2022-12-01T12:14:55+00:00","description":"Volkswagen voudrait construire sa premi\u00e8re usine de batterie nord-am\u00e9ricaine au Canada - Benoit Charette - Annuel automobile - CanadaMotorJobs.com.","breadcrumb":{"@id":"https:\/\/news.canadamotorjobs.com\/fr\/volkswagen-voudrait-construire-sa-premiere-usine-de-batterie-nord-americaine-au-canada\/#breadcrumb"},"inLanguage":"fr-CA","potentialAction":[{"@type":"ReadAction","target":["https:\/\/news.canadamotorjobs.com\/fr\/volkswagen-voudrait-construire-sa-premiere-usine-de-batterie-nord-americaine-au-canada\/"]}]},{"@type":"ImageObject","inLanguage":"fr-CA","@id":"https:\/\/news.canadamotorjobs.com\/fr\/volkswagen-voudrait-construire-sa-premiere-usine-de-batterie-nord-americaine-au-canada\/#primaryimage","url":"https:\/\/news.canadamotorjobs.com\/wp-content\/uploads\/2022\/12\/3992697_orig-1.jpg","contentUrl":"https:\/\/news.canadamotorjobs.com\/wp-content\/uploads\/2022\/12\/3992697_orig-1.jpg","width":1066,"height":800},{"@type":"BreadcrumbList","@id":"https:\/\/news.canadamotorjobs.com\/fr\/volkswagen-voudrait-construire-sa-premiere-usine-de-batterie-nord-americaine-au-canada\/#breadcrumb","itemListElement":[{"@type":"ListItem","position":1,"name":"Home","item":"https:\/\/news.canadamotorjobs.com\/fr\/blog\/"},{"@type":"ListItem","position":2,"name":"Volkswagen voudrait construire sa premi\u00e8re usine de batterie nord-am\u00e9ricaine au Canada"}]},{"@type":"WebSite","@id":"https:\/\/news.canadamotorjobs.com\/#website","url":"https:\/\/news.canadamotorjobs.com\/","name":"CanadaMotorJobs.com","description":"Automotive Jobs","publisher":{"@id":"https:\/\/news.canadamotorjobs.com\/#organization"},"potentialAction":[{"@type":"SearchAction","target":{"@type":"EntryPoint","urlTemplate":"https:\/\/news.canadamotorjobs.com\/?s={search_term_string}"},"query-input":"required name=search_term_string"}],"inLanguage":"fr-CA"},{"@type":"Organization","@id":"https:\/\/news.canadamotorjobs.com\/#organization","name":"Canada Motor Jobs","url":"https:\/\/news.canadamotorjobs.com\/","logo":{"@type":"ImageObject","inLanguage":"fr-CA","@id":"https:\/\/news.canadamotorjobs.com\/#\/schema\/logo\/image\/","url":"https:\/\/news.canadamotorjobs.com\/wp-content\/uploads\/2022\/10\/logo-canada-motor-jobs-1.png","contentUrl":"https:\/\/news.canadamotorjobs.com\/wp-content\/uploads\/2022\/10\/logo-canada-motor-jobs-1.png","width":800,"height":400,"caption":"Canada Motor Jobs"},"image":{"@id":"https:\/\/news.canadamotorjobs.com\/#\/schema\/logo\/image\/"},"sameAs":["https:\/\/www.facebook.com\/canadamotorjobs\/","https:\/\/x.com\/canadamotorjobs","https:\/\/www.instagram.com\/canadamotorjobs\/","https:\/\/www.linkedin.com\/company\/canadamotorjobs"]},{"@type":"Person","@id":"https:\/\/news.canadamotorjobs.com\/#\/schema\/person\/51793d1f87d44011d7bcc2ed99269a90","name":"Benoit Charette","image":{"@type":"ImageObject","inLanguage":"fr-CA","@id":"https:\/\/news.canadamotorjobs.com\/#\/schema\/person\/image\/","url":"https:\/\/secure.gravatar.com\/avatar\/45f3d2eebcccd909668d7ce7ea7267b6?s=96&d=mm&r=g","contentUrl":"https:\/\/secure.gravatar.com\/avatar\/45f3d2eebcccd909668d7ce7ea7267b6?s=96&d=mm&r=g","caption":"Benoit Charette"},"description":"Benoit Charette \/ Propri\u00e9taire et r\u00e9dacteur en chef Benoit Charette pratique le journalisme automobile depuis bient\u00f4t 30 ans. Il a fait ses classes au c\u00f4t\u00e9 de Daniel H\u00e9raud et au Carnet de route de 1992 \u00e0 2001. Il est fondateur, copropri\u00e9taire et r\u00e9dacteur en chef de L\u2019Annuel de l\u2019automobile, qu\u2019il publie depuis 2001. Il a anim\u00e9 les \u00e9missions RPM et RPM+ sur V et les L\u00e9gendes de la route sur Historia. \u00c0 la radio depuis 1986, il reprend l\u2019antenne cette ann\u00e9e sur les ondes de Cogeco et participe pour la deuxi\u00e8me ann\u00e9e \u00e0 l\u2019\u00e9mission Passion Auto sur RDS en plus de mettre en ligne le site Web officiel de L\u2019Annuel de l\u2019automobile sur annuelauto.ca.","sameAs":["https:\/\/annuelauto.ca\/"],"url":"https:\/\/news.canadamotorjobs.com\/fr\/author\/benoit-charette\/"}]}},"_links":{"self":[{"href":"https:\/\/news.canadamotorjobs.com\/fr\/wp-json\/wp\/v2\/posts\/136842"}],"collection":[{"href":"https:\/\/news.canadamotorjobs.com\/fr\/wp-json\/wp\/v2\/posts"}],"about":[{"href":"https:\/\/news.canadamotorjobs.com\/fr\/wp-json\/wp\/v2\/types\/post"}],"author":[{"embeddable":true,"href":"https:\/\/news.canadamotorjobs.com\/fr\/wp-json\/wp\/v2\/users\/8"}],"replies":[{"embeddable":true,"href":"https:\/\/news.canadamotorjobs.com\/fr\/wp-json\/wp\/v2\/comments?post=136842"}],"version-history":[{"count":0,"href":"https:\/\/news.canadamotorjobs.com\/fr\/wp-json\/wp\/v2\/posts\/136842\/revisions"}],"wp:featuredmedia":[{"embeddable":true,"href":"https:\/\/news.canadamotorjobs.com\/fr\/wp-json\/wp\/v2\/media\/136846"}],"wp:attachment":[{"href":"https:\/\/news.canadamotorjobs.com\/fr\/wp-json\/wp\/v2\/media?parent=136842"}],"wp:term":[{"taxonomy":"category","embeddable":true,"href":"https:\/\/news.canadamotorjobs.com\/fr\/wp-json\/wp\/v2\/categories?post=136842"},{"taxonomy":"post_tag","embeddable":true,"href":"https:\/\/news.canadamotorjobs.com\/fr\/wp-json\/wp\/v2\/tags?post=136842"}],"curies":[{"name":"wp","href":"https:\/\/api.w.org\/{rel}","templated":true}]}}