{"id":136810,"date":"2022-11-29T11:52:35","date_gmt":"2022-11-29T16:52:35","guid":{"rendered":"https:\/\/news.canadamotorjobs.com\/apres-la-norvege-le-danemark-donne-le-bonnet-dane-au-toyota-bz4x\/"},"modified":"2022-11-29T12:01:07","modified_gmt":"2022-11-29T17:01:07","slug":"apres-la-norvege-le-danemark-donne-le-bonnet-dane-au-toyota-bz4x","status":"publish","type":"post","link":"https:\/\/news.canadamotorjobs.com\/fr\/apres-la-norvege-le-danemark-donne-le-bonnet-dane-au-toyota-bz4x\/","title":{"rendered":"Apr\u00e8s la Norv\u00e8ge, le Danemark donne le bonnet d\u2019\u00e2ne au Toyota bZ4X"},"content":{"rendered":"<\/p>\n<p>Les tests de conduite s\u2019accumulent et les r\u00e9sultats d\u00e9cevants se poursuivent po0ur le premier v\u00e9hicule \u00e9lectrique de Toyota. <a href=\"https:\/\/annuelauto.ca\/des-premiers-tests-decevants-pour-le-toyota-bz4x-en-norvege\/\" target=\"_blank\" rel=\"noopener noreferrer\">Apr\u00e8s la Norv\u00e8ge la semaine derni\u00e8re<\/a>, c\u2019est au tour du Danemark de faire un constat d\u00e9cevant de l\u2019autonomie annonc\u00e9e par Toyota.Le bZ4X n&#8217;a r\u00e9ussi \u00e0 rouler qu&#8217;\u00e0 47 % de son autonomie WLTP lors de tests danois r\u00e9alis\u00e9s \u00e0 4\u00b0C. Selon des tests r\u00e9alis\u00e9s par le site danois FDM, le bZ4X, n&#8217;a r\u00e9ussi \u00e0 parcourir que 215 kilom\u00e8tres sur les 461 km annonc\u00e9e, une diminution de 53 % de la distance parcourue. Ce qui veut dire moins de 200 km en condition hivernale selon les normes EPA chez nous.<br \/> Pas beaucoup mieux pour la version monomoteur<br \/> La version monomoteur annonc\u00e9e \u00e0 504\u00a0km en mode WLTP n\u2019a pas fait beaucoup mieux, avec une autonomie en conditions r\u00e9elles de 246 kilom\u00e8tres soit une diff\u00e9rence de 51\u00a0%. Le Danemark confirme donc les r\u00e9sultats obtenus en Norv\u00e8ge la semaine derni\u00e8re. Chez nous la version \u00e0 deux moteurs de la bZ4X est donn\u00e9e pour 367 kilom\u00e8tres et la variante \u00e0 un moteur devrait pouvoir couvrir 406 kilom\u00e8tres sur une charge selon l&#8217;EPA. Nous aurions donc selon les r\u00e9sultats obtenus au Danemark 194\u00a0km d\u2019autonomie pour la version \u00e0 deux moteurs avec un temp\u00e9rature ext\u00e9rieure de 4\u00b0C \u00e0 une vitesse moyenne de 110\u00a0km\/h avec des pneus d\u2019hiver. La version de base irait chercher 207\u00a0km.<br \/> Toyota a ouvert une enqu\u00eate<br \/> Contact\u00e9 par le site web danois, Toyota a ouvert une enqu\u00eate sur le probl\u00e8me et devrait communiquer une conclusion pr\u00e9liminaire<\/p>\n","protected":false},"excerpt":{"rendered":"<p>Les tests de conduite s\u2019accumulent et les r\u00e9sultats d\u00e9cevants se poursuivent po0ur le premier v\u00e9hicule \u00e9lectrique de Toyota. Apr\u00e8s la Norv\u00e8ge la semaine derni\u00e8re, c\u2019est au tour du Danemark de faire un constat d\u00e9cevant de l\u2019autonomie annonc\u00e9e par Toyota.Le bZ4X n&#8217;a r\u00e9ussi \u00e0 rouler qu&#8217;\u00e0 47 % de son autonomie WLTP lors de tests danois [&hellip;]<\/p>\n","protected":false},"author":8,"featured_media":136814,"comment_status":"close","ping_status":"closed","sticky":false,"template":"","format":"standard","meta":{"_monsterinsights_skip_tracking":false,"_monsterinsights_sitenote_active":false,"_monsterinsights_sitenote_note":"","_monsterinsights_sitenote_category":0,"footnotes":""},"categories":[101],"tags":[],"yoast_head":"<!-- This site is optimized with the Yoast SEO plugin v23.2 - https:\/\/yoast.com\/wordpress\/plugins\/seo\/ -->\n<title>Apr\u00e8s la Norv\u00e8ge, le Danemark donne le bonnet d\u2019\u00e2ne au Toyota bZ4X - CanadaMotorJobs.com<\/title>\n<meta name=\"description\" content=\"Apr\u00e8s la Norv\u00e8ge, le Danemark donne le bonnet d\u2019\u00e2ne au Toyota bZ4X - Benoit Charette - Annuel automobile - CanadaMotorJobs.com.\" \/>\n<meta name=\"robots\" content=\"index, follow, max-snippet:-1, max-image-preview:large, max-video-preview:-1\" \/>\n<meta property=\"og:locale\" content=\"fr_CA\" \/>\n<meta property=\"og:type\" content=\"article\" \/>\n<meta property=\"og:title\" content=\"Apr\u00e8s la Norv\u00e8ge, le Danemark donne le bonnet d\u2019\u00e2ne au Toyota bZ4X - CanadaMotorJobs.com\" \/>\n<meta property=\"og:description\" content=\"Apr\u00e8s la Norv\u00e8ge, le Danemark donne le bonnet d\u2019\u00e2ne au Toyota bZ4X - Benoit Charette - Annuel automobile - CanadaMotorJobs.com.\" \/>\n<meta property=\"og:url\" content=\"https:\/\/news.canadamotorjobs.com\/fr\/apres-la-norvege-le-danemark-donne-le-bonnet-dane-au-toyota-bz4x\/\" \/>\n<meta property=\"og:site_name\" content=\"CanadaMotorJobs.com\" \/>\n<meta property=\"article:publisher\" content=\"https:\/\/www.facebook.com\/canadamotorjobs\/\" \/>\n<meta property=\"article:published_time\" content=\"2022-11-29T16:52:35+00:00\" \/>\n<meta property=\"article:modified_time\" content=\"2022-11-29T17:01:07+00:00\" \/>\n<meta property=\"og:image\" content=\"https:\/\/news.canadamotorjobs.com\/wp-content\/uploads\/2022\/11\/2023_bZ4X_XLE_FWD_WindChillPearl_010-1024x680-1-1.jpg\" \/>\n\t<meta property=\"og:image:width\" content=\"1024\" \/>\n\t<meta property=\"og:image:height\" content=\"680\" \/>\n\t<meta property=\"og:image:type\" content=\"image\/jpeg\" \/>\n<meta name=\"author\" content=\"Benoit Charette\" \/>\n<meta name=\"twitter:card\" content=\"summary_large_image\" \/>\n<meta name=\"twitter:creator\" content=\"@canadamotorjobs\" \/>\n<meta name=\"twitter:site\" content=\"@canadamotorjobs\" \/>\n<meta name=\"twitter:label1\" content=\"\u00c9crit par\" \/>\n\t<meta name=\"twitter:data1\" content=\"Benoit Charette\" \/>\n\t<meta name=\"twitter:label2\" content=\"Estimation du temps de lecture\" \/>\n\t<meta name=\"twitter:data2\" content=\"1 minute\" \/>\n<!-- \/ Yoast SEO plugin. -->","yoast_head_json":{"title":"Apr\u00e8s la Norv\u00e8ge, le Danemark donne le bonnet d\u2019\u00e2ne au Toyota bZ4X - CanadaMotorJobs.com","description":"Apr\u00e8s la Norv\u00e8ge, le Danemark donne le bonnet d\u2019\u00e2ne au Toyota bZ4X - Benoit Charette - Annuel automobile - CanadaMotorJobs.com.","robots":{"index":"index","follow":"follow","max-snippet":"max-snippet:-1","max-image-preview":"max-image-preview:large","max-video-preview":"max-video-preview:-1"},"og_locale":"fr_CA","og_type":"article","og_title":"Apr\u00e8s la Norv\u00e8ge, le Danemark donne le bonnet d\u2019\u00e2ne au Toyota bZ4X - CanadaMotorJobs.com","og_description":"Apr\u00e8s la Norv\u00e8ge, le Danemark donne le bonnet d\u2019\u00e2ne au Toyota bZ4X - Benoit Charette - Annuel automobile - CanadaMotorJobs.com.","og_url":"https:\/\/news.canadamotorjobs.com\/fr\/apres-la-norvege-le-danemark-donne-le-bonnet-dane-au-toyota-bz4x\/","og_site_name":"CanadaMotorJobs.com","article_publisher":"https:\/\/www.facebook.com\/canadamotorjobs\/","article_published_time":"2022-11-29T16:52:35+00:00","article_modified_time":"2022-11-29T17:01:07+00:00","og_image":[{"width":1024,"height":680,"url":"https:\/\/news.canadamotorjobs.com\/wp-content\/uploads\/2022\/11\/2023_bZ4X_XLE_FWD_WindChillPearl_010-1024x680-1-1.jpg","type":"image\/jpeg"}],"author":"Benoit Charette","twitter_card":"summary_large_image","twitter_creator":"@canadamotorjobs","twitter_site":"@canadamotorjobs","twitter_misc":{"\u00c9crit par":"Benoit Charette","Estimation du temps de lecture":"1 minute"},"schema":{"@context":"https:\/\/schema.org","@graph":[{"@type":"Article","@id":"https:\/\/news.canadamotorjobs.com\/fr\/apres-la-norvege-le-danemark-donne-le-bonnet-dane-au-toyota-bz4x\/#article","isPartOf":{"@id":"https:\/\/news.canadamotorjobs.com\/fr\/apres-la-norvege-le-danemark-donne-le-bonnet-dane-au-toyota-bz4x\/"},"author":{"name":"Benoit Charette","@id":"https:\/\/news.canadamotorjobs.com\/#\/schema\/person\/51793d1f87d44011d7bcc2ed99269a90"},"headline":"Apr\u00e8s la Norv\u00e8ge, le Danemark donne le bonnet d\u2019\u00e2ne au Toyota bZ4X","datePublished":"2022-11-29T16:52:35+00:00","dateModified":"2022-11-29T17:01:07+00:00","mainEntityOfPage":{"@id":"https:\/\/news.canadamotorjobs.com\/fr\/apres-la-norvege-le-danemark-donne-le-bonnet-dane-au-toyota-bz4x\/"},"wordCount":295,"publisher":{"@id":"https:\/\/news.canadamotorjobs.com\/#organization"},"image":{"@id":"https:\/\/news.canadamotorjobs.com\/fr\/apres-la-norvege-le-danemark-donne-le-bonnet-dane-au-toyota-bz4x\/#primaryimage"},"thumbnailUrl":"https:\/\/news.canadamotorjobs.com\/wp-content\/uploads\/2022\/11\/2023_bZ4X_XLE_FWD_WindChillPearl_010-1024x680-1-1.jpg","articleSection":["Annuel automobile"],"inLanguage":"fr-CA"},{"@type":"WebPage","@id":"https:\/\/news.canadamotorjobs.com\/fr\/apres-la-norvege-le-danemark-donne-le-bonnet-dane-au-toyota-bz4x\/","url":"https:\/\/news.canadamotorjobs.com\/fr\/apres-la-norvege-le-danemark-donne-le-bonnet-dane-au-toyota-bz4x\/","name":"Apr\u00e8s la Norv\u00e8ge, le Danemark donne le bonnet d\u2019\u00e2ne au Toyota bZ4X - CanadaMotorJobs.com","isPartOf":{"@id":"https:\/\/news.canadamotorjobs.com\/#website"},"primaryImageOfPage":{"@id":"https:\/\/news.canadamotorjobs.com\/fr\/apres-la-norvege-le-danemark-donne-le-bonnet-dane-au-toyota-bz4x\/#primaryimage"},"image":{"@id":"https:\/\/news.canadamotorjobs.com\/fr\/apres-la-norvege-le-danemark-donne-le-bonnet-dane-au-toyota-bz4x\/#primaryimage"},"thumbnailUrl":"https:\/\/news.canadamotorjobs.com\/wp-content\/uploads\/2022\/11\/2023_bZ4X_XLE_FWD_WindChillPearl_010-1024x680-1-1.jpg","datePublished":"2022-11-29T16:52:35+00:00","dateModified":"2022-11-29T17:01:07+00:00","description":"Apr\u00e8s la Norv\u00e8ge, le Danemark donne le bonnet d\u2019\u00e2ne au Toyota bZ4X - Benoit Charette - Annuel automobile - CanadaMotorJobs.com.","breadcrumb":{"@id":"https:\/\/news.canadamotorjobs.com\/fr\/apres-la-norvege-le-danemark-donne-le-bonnet-dane-au-toyota-bz4x\/#breadcrumb"},"inLanguage":"fr-CA","potentialAction":[{"@type":"ReadAction","target":["https:\/\/news.canadamotorjobs.com\/fr\/apres-la-norvege-le-danemark-donne-le-bonnet-dane-au-toyota-bz4x\/"]}]},{"@type":"ImageObject","inLanguage":"fr-CA","@id":"https:\/\/news.canadamotorjobs.com\/fr\/apres-la-norvege-le-danemark-donne-le-bonnet-dane-au-toyota-bz4x\/#primaryimage","url":"https:\/\/news.canadamotorjobs.com\/wp-content\/uploads\/2022\/11\/2023_bZ4X_XLE_FWD_WindChillPearl_010-1024x680-1-1.jpg","contentUrl":"https:\/\/news.canadamotorjobs.com\/wp-content\/uploads\/2022\/11\/2023_bZ4X_XLE_FWD_WindChillPearl_010-1024x680-1-1.jpg","width":1024,"height":680},{"@type":"BreadcrumbList","@id":"https:\/\/news.canadamotorjobs.com\/fr\/apres-la-norvege-le-danemark-donne-le-bonnet-dane-au-toyota-bz4x\/#breadcrumb","itemListElement":[{"@type":"ListItem","position":1,"name":"Home","item":"https:\/\/news.canadamotorjobs.com\/fr\/blog\/"},{"@type":"ListItem","position":2,"name":"Apr\u00e8s la Norv\u00e8ge, le Danemark donne le bonnet d\u2019\u00e2ne au Toyota bZ4X"}]},{"@type":"WebSite","@id":"https:\/\/news.canadamotorjobs.com\/#website","url":"https:\/\/news.canadamotorjobs.com\/","name":"CanadaMotorJobs.com","description":"Automotive Jobs","publisher":{"@id":"https:\/\/news.canadamotorjobs.com\/#organization"},"potentialAction":[{"@type":"SearchAction","target":{"@type":"EntryPoint","urlTemplate":"https:\/\/news.canadamotorjobs.com\/?s={search_term_string}"},"query-input":"required name=search_term_string"}],"inLanguage":"fr-CA"},{"@type":"Organization","@id":"https:\/\/news.canadamotorjobs.com\/#organization","name":"Canada Motor Jobs","url":"https:\/\/news.canadamotorjobs.com\/","logo":{"@type":"ImageObject","inLanguage":"fr-CA","@id":"https:\/\/news.canadamotorjobs.com\/#\/schema\/logo\/image\/","url":"https:\/\/news.canadamotorjobs.com\/wp-content\/uploads\/2022\/10\/logo-canada-motor-jobs-1.png","contentUrl":"https:\/\/news.canadamotorjobs.com\/wp-content\/uploads\/2022\/10\/logo-canada-motor-jobs-1.png","width":800,"height":400,"caption":"Canada Motor Jobs"},"image":{"@id":"https:\/\/news.canadamotorjobs.com\/#\/schema\/logo\/image\/"},"sameAs":["https:\/\/www.facebook.com\/canadamotorjobs\/","https:\/\/x.com\/canadamotorjobs","https:\/\/www.instagram.com\/canadamotorjobs\/","https:\/\/www.linkedin.com\/company\/canadamotorjobs"]},{"@type":"Person","@id":"https:\/\/news.canadamotorjobs.com\/#\/schema\/person\/51793d1f87d44011d7bcc2ed99269a90","name":"Benoit Charette","image":{"@type":"ImageObject","inLanguage":"fr-CA","@id":"https:\/\/news.canadamotorjobs.com\/#\/schema\/person\/image\/","url":"https:\/\/secure.gravatar.com\/avatar\/45f3d2eebcccd909668d7ce7ea7267b6?s=96&d=mm&r=g","contentUrl":"https:\/\/secure.gravatar.com\/avatar\/45f3d2eebcccd909668d7ce7ea7267b6?s=96&d=mm&r=g","caption":"Benoit Charette"},"description":"Benoit Charette \/ Propri\u00e9taire et r\u00e9dacteur en chef Benoit Charette pratique le journalisme automobile depuis bient\u00f4t 30 ans. Il a fait ses classes au c\u00f4t\u00e9 de Daniel H\u00e9raud et au Carnet de route de 1992 \u00e0 2001. Il est fondateur, copropri\u00e9taire et r\u00e9dacteur en chef de L\u2019Annuel de l\u2019automobile, qu\u2019il publie depuis 2001. Il a anim\u00e9 les \u00e9missions RPM et RPM+ sur V et les L\u00e9gendes de la route sur Historia. \u00c0 la radio depuis 1986, il reprend l\u2019antenne cette ann\u00e9e sur les ondes de Cogeco et participe pour la deuxi\u00e8me ann\u00e9e \u00e0 l\u2019\u00e9mission Passion Auto sur RDS en plus de mettre en ligne le site Web officiel de L\u2019Annuel de l\u2019automobile sur annuelauto.ca.","sameAs":["https:\/\/annuelauto.ca\/"],"url":"https:\/\/news.canadamotorjobs.com\/fr\/author\/benoit-charette\/"}]}},"_links":{"self":[{"href":"https:\/\/news.canadamotorjobs.com\/fr\/wp-json\/wp\/v2\/posts\/136810"}],"collection":[{"href":"https:\/\/news.canadamotorjobs.com\/fr\/wp-json\/wp\/v2\/posts"}],"about":[{"href":"https:\/\/news.canadamotorjobs.com\/fr\/wp-json\/wp\/v2\/types\/post"}],"author":[{"embeddable":true,"href":"https:\/\/news.canadamotorjobs.com\/fr\/wp-json\/wp\/v2\/users\/8"}],"replies":[{"embeddable":true,"href":"https:\/\/news.canadamotorjobs.com\/fr\/wp-json\/wp\/v2\/comments?post=136810"}],"version-history":[{"count":0,"href":"https:\/\/news.canadamotorjobs.com\/fr\/wp-json\/wp\/v2\/posts\/136810\/revisions"}],"wp:featuredmedia":[{"embeddable":true,"href":"https:\/\/news.canadamotorjobs.com\/fr\/wp-json\/wp\/v2\/media\/136814"}],"wp:attachment":[{"href":"https:\/\/news.canadamotorjobs.com\/fr\/wp-json\/wp\/v2\/media?parent=136810"}],"wp:term":[{"taxonomy":"category","embeddable":true,"href":"https:\/\/news.canadamotorjobs.com\/fr\/wp-json\/wp\/v2\/categories?post=136810"},{"taxonomy":"post_tag","embeddable":true,"href":"https:\/\/news.canadamotorjobs.com\/fr\/wp-json\/wp\/v2\/tags?post=136810"}],"curies":[{"name":"wp","href":"https:\/\/api.w.org\/{rel}","templated":true}]}}