{"id":136794,"date":"2022-11-29T08:00:18","date_gmt":"2022-11-29T13:00:18","guid":{"rendered":"https:\/\/news.canadamotorjobs.com\/plus-de-600-chevaux-pour-la-prochaine-audi-rs6-et-rs7\/"},"modified":"2022-11-29T08:00:41","modified_gmt":"2022-11-29T13:00:41","slug":"plus-de-600-chevaux-pour-la-prochaine-audi-rs6-et-rs7","status":"publish","type":"post","link":"https:\/\/news.canadamotorjobs.com\/fr\/plus-de-600-chevaux-pour-la-prochaine-audi-rs6-et-rs7\/","title":{"rendered":"Plus de 600 chevaux pour la prochaine Audi RS6 et RS7"},"content":{"rendered":"<\/p>\n<p>Audi travaille d\u00e9j\u00e0 sur une nouvelle g\u00e9n\u00e9ration de RS6 et RS7 qui arrivera comme mod\u00e8le\u00a02024. Les mod\u00e8les vont recevoir une nouvelle version performance avec le m\u00eame moteur V8 4,0 litres turbo qui va se pointer \u00e0 621 chevaux et 627\u00a0lb-pi de couple. Pour r\u00e9f\u00e9rence, le moteur actuel d\u00e9veloppe 591 chevaux et 590\u00a0lb-pi de couple.<br \/> Environ 3 secondes pour se rendre \u00e0 100\u00a0km\/h<br \/> De gain en puissance, va placer les deux mod\u00e8les dans un espace tr\u00e8s s\u00e9lectif au chapitre des performances.\u00a0 Cette augmentation de 30 chevaux et 37 livres-pieds par rapport aux versions pr\u00e9c\u00e9dentes am\u00e8nent les chiffres d\u2019acc\u00e9l\u00e9rations \u00e0 des valeurs de sportives exotiques avec 3,1 secondes pour un 0-100\u00a0km\/h. Les mod\u00e8les Performance sont \u00e9galement plus l\u00e9gers de 18 livres gr\u00e2ce \u00e0 la suppression par Audi d&#8217;une partie de l&#8217;insonorisation, ce qui a \u00e9galement pour but de permettre au son du moteur de p\u00e9n\u00e9trer davantage dans l&#8217;habitacle.<br \/> Des roues de 22 pouces<br \/> Les roues de 22 pouces nouvellement disponibles sont envelopp\u00e9es de pneus Continental Sport Contact 7. Audi affirme que ces pneus offrent une meilleure adh\u00e9rence et que les nouvelles roues r\u00e9duisent le poids non suspendu de 44 livres au total. Le diff\u00e9rentiel central a \u00e9galement \u00e9t\u00e9 revu et la programmation des modes de conduite a \u00e9t\u00e9 modifi\u00e9e : Efficacit\u00e9, Confort, Auto, Dynamique et modes RS1 et RS2 personnalisables.<br \/> De nouvelles couleurs<br \/> Quelques nouvelles couleurs mates s&#8217;ajoutent \u00e0 la palette, dont le bleu Ascari et l&#8217;argent avec certains \u00e9l\u00e9ments de garniture ext\u00e9rieure sont \u00e9galement mats. \u00c0 l&#8217;int\u00e9rieur, les mod\u00e8les Performance b\u00e9n\u00e9ficient<\/p>\n","protected":false},"excerpt":{"rendered":"<p>Audi travaille d\u00e9j\u00e0 sur une nouvelle g\u00e9n\u00e9ration de RS6 et RS7 qui arrivera comme mod\u00e8le\u00a02024. Les mod\u00e8les vont recevoir une nouvelle version performance avec le m\u00eame moteur V8 4,0 litres turbo qui va se pointer \u00e0 621 chevaux et 627\u00a0lb-pi de couple. Pour r\u00e9f\u00e9rence, le moteur actuel d\u00e9veloppe 591 chevaux et 590\u00a0lb-pi de couple. Environ [&hellip;]<\/p>\n","protected":false},"author":8,"featured_media":136798,"comment_status":"close","ping_status":"closed","sticky":false,"template":"","format":"standard","meta":{"_monsterinsights_skip_tracking":false,"_monsterinsights_sitenote_active":false,"_monsterinsights_sitenote_note":"","_monsterinsights_sitenote_category":0,"footnotes":""},"categories":[101],"tags":[],"yoast_head":"<!-- This site is optimized with the Yoast SEO plugin v23.2 - https:\/\/yoast.com\/wordpress\/plugins\/seo\/ -->\n<title>Plus de 600 chevaux pour la prochaine Audi RS6 et RS7 - CanadaMotorJobs.com<\/title>\n<meta name=\"description\" content=\"Plus de 600 chevaux pour la prochaine Audi RS6 et RS7 - Benoit Charette - Annuel automobile - CanadaMotorJobs.com.\" \/>\n<meta name=\"robots\" content=\"index, follow, max-snippet:-1, max-image-preview:large, max-video-preview:-1\" \/>\n<meta property=\"og:locale\" content=\"fr_CA\" \/>\n<meta property=\"og:type\" content=\"article\" \/>\n<meta property=\"og:title\" content=\"Plus de 600 chevaux pour la prochaine Audi RS6 et RS7 - CanadaMotorJobs.com\" \/>\n<meta property=\"og:description\" content=\"Plus de 600 chevaux pour la prochaine Audi RS6 et RS7 - Benoit Charette - Annuel automobile - CanadaMotorJobs.com.\" \/>\n<meta property=\"og:url\" content=\"https:\/\/news.canadamotorjobs.com\/fr\/plus-de-600-chevaux-pour-la-prochaine-audi-rs6-et-rs7\/\" \/>\n<meta property=\"og:site_name\" content=\"CanadaMotorJobs.com\" \/>\n<meta property=\"article:publisher\" content=\"https:\/\/www.facebook.com\/canadamotorjobs\/\" \/>\n<meta property=\"article:published_time\" content=\"2022-11-29T13:00:18+00:00\" \/>\n<meta property=\"article:modified_time\" content=\"2022-11-29T13:00:41+00:00\" \/>\n<meta property=\"og:image\" content=\"https:\/\/news.canadamotorjobs.com\/wp-content\/uploads\/2022\/11\/A226459_medium-1.jpg\" \/>\n\t<meta property=\"og:image:width\" content=\"1500\" \/>\n\t<meta property=\"og:image:height\" content=\"1125\" \/>\n\t<meta property=\"og:image:type\" content=\"image\/jpeg\" \/>\n<meta name=\"author\" content=\"Benoit Charette\" \/>\n<meta name=\"twitter:card\" content=\"summary_large_image\" \/>\n<meta name=\"twitter:creator\" content=\"@canadamotorjobs\" \/>\n<meta name=\"twitter:site\" content=\"@canadamotorjobs\" \/>\n<meta name=\"twitter:label1\" content=\"\u00c9crit par\" \/>\n\t<meta name=\"twitter:data1\" content=\"Benoit Charette\" \/>\n\t<meta name=\"twitter:label2\" content=\"Estimation du temps de lecture\" \/>\n\t<meta name=\"twitter:data2\" content=\"1 minute\" \/>\n<!-- \/ Yoast SEO plugin. -->","yoast_head_json":{"title":"Plus de 600 chevaux pour la prochaine Audi RS6 et RS7 - CanadaMotorJobs.com","description":"Plus de 600 chevaux pour la prochaine Audi RS6 et RS7 - Benoit Charette - Annuel automobile - CanadaMotorJobs.com.","robots":{"index":"index","follow":"follow","max-snippet":"max-snippet:-1","max-image-preview":"max-image-preview:large","max-video-preview":"max-video-preview:-1"},"og_locale":"fr_CA","og_type":"article","og_title":"Plus de 600 chevaux pour la prochaine Audi RS6 et RS7 - CanadaMotorJobs.com","og_description":"Plus de 600 chevaux pour la prochaine Audi RS6 et RS7 - Benoit Charette - Annuel automobile - CanadaMotorJobs.com.","og_url":"https:\/\/news.canadamotorjobs.com\/fr\/plus-de-600-chevaux-pour-la-prochaine-audi-rs6-et-rs7\/","og_site_name":"CanadaMotorJobs.com","article_publisher":"https:\/\/www.facebook.com\/canadamotorjobs\/","article_published_time":"2022-11-29T13:00:18+00:00","article_modified_time":"2022-11-29T13:00:41+00:00","og_image":[{"width":1500,"height":1125,"url":"https:\/\/news.canadamotorjobs.com\/wp-content\/uploads\/2022\/11\/A226459_medium-1.jpg","type":"image\/jpeg"}],"author":"Benoit Charette","twitter_card":"summary_large_image","twitter_creator":"@canadamotorjobs","twitter_site":"@canadamotorjobs","twitter_misc":{"\u00c9crit par":"Benoit Charette","Estimation du temps de lecture":"1 minute"},"schema":{"@context":"https:\/\/schema.org","@graph":[{"@type":"Article","@id":"https:\/\/news.canadamotorjobs.com\/fr\/plus-de-600-chevaux-pour-la-prochaine-audi-rs6-et-rs7\/#article","isPartOf":{"@id":"https:\/\/news.canadamotorjobs.com\/fr\/plus-de-600-chevaux-pour-la-prochaine-audi-rs6-et-rs7\/"},"author":{"name":"Benoit Charette","@id":"https:\/\/news.canadamotorjobs.com\/#\/schema\/person\/51793d1f87d44011d7bcc2ed99269a90"},"headline":"Plus de 600 chevaux pour la prochaine Audi RS6 et RS7","datePublished":"2022-11-29T13:00:18+00:00","dateModified":"2022-11-29T13:00:41+00:00","mainEntityOfPage":{"@id":"https:\/\/news.canadamotorjobs.com\/fr\/plus-de-600-chevaux-pour-la-prochaine-audi-rs6-et-rs7\/"},"wordCount":284,"publisher":{"@id":"https:\/\/news.canadamotorjobs.com\/#organization"},"image":{"@id":"https:\/\/news.canadamotorjobs.com\/fr\/plus-de-600-chevaux-pour-la-prochaine-audi-rs6-et-rs7\/#primaryimage"},"thumbnailUrl":"https:\/\/news.canadamotorjobs.com\/wp-content\/uploads\/2022\/11\/A226459_medium-1.jpg","articleSection":["Annuel automobile"],"inLanguage":"fr-CA"},{"@type":"WebPage","@id":"https:\/\/news.canadamotorjobs.com\/fr\/plus-de-600-chevaux-pour-la-prochaine-audi-rs6-et-rs7\/","url":"https:\/\/news.canadamotorjobs.com\/fr\/plus-de-600-chevaux-pour-la-prochaine-audi-rs6-et-rs7\/","name":"Plus de 600 chevaux pour la prochaine Audi RS6 et RS7 - CanadaMotorJobs.com","isPartOf":{"@id":"https:\/\/news.canadamotorjobs.com\/#website"},"primaryImageOfPage":{"@id":"https:\/\/news.canadamotorjobs.com\/fr\/plus-de-600-chevaux-pour-la-prochaine-audi-rs6-et-rs7\/#primaryimage"},"image":{"@id":"https:\/\/news.canadamotorjobs.com\/fr\/plus-de-600-chevaux-pour-la-prochaine-audi-rs6-et-rs7\/#primaryimage"},"thumbnailUrl":"https:\/\/news.canadamotorjobs.com\/wp-content\/uploads\/2022\/11\/A226459_medium-1.jpg","datePublished":"2022-11-29T13:00:18+00:00","dateModified":"2022-11-29T13:00:41+00:00","description":"Plus de 600 chevaux pour la prochaine Audi RS6 et RS7 - Benoit Charette - Annuel automobile - CanadaMotorJobs.com.","breadcrumb":{"@id":"https:\/\/news.canadamotorjobs.com\/fr\/plus-de-600-chevaux-pour-la-prochaine-audi-rs6-et-rs7\/#breadcrumb"},"inLanguage":"fr-CA","potentialAction":[{"@type":"ReadAction","target":["https:\/\/news.canadamotorjobs.com\/fr\/plus-de-600-chevaux-pour-la-prochaine-audi-rs6-et-rs7\/"]}]},{"@type":"ImageObject","inLanguage":"fr-CA","@id":"https:\/\/news.canadamotorjobs.com\/fr\/plus-de-600-chevaux-pour-la-prochaine-audi-rs6-et-rs7\/#primaryimage","url":"https:\/\/news.canadamotorjobs.com\/wp-content\/uploads\/2022\/11\/A226459_medium-1.jpg","contentUrl":"https:\/\/news.canadamotorjobs.com\/wp-content\/uploads\/2022\/11\/A226459_medium-1.jpg","width":1500,"height":1125},{"@type":"BreadcrumbList","@id":"https:\/\/news.canadamotorjobs.com\/fr\/plus-de-600-chevaux-pour-la-prochaine-audi-rs6-et-rs7\/#breadcrumb","itemListElement":[{"@type":"ListItem","position":1,"name":"Home","item":"https:\/\/news.canadamotorjobs.com\/fr\/blog\/"},{"@type":"ListItem","position":2,"name":"Plus de 600 chevaux pour la prochaine Audi RS6 et RS7"}]},{"@type":"WebSite","@id":"https:\/\/news.canadamotorjobs.com\/#website","url":"https:\/\/news.canadamotorjobs.com\/","name":"CanadaMotorJobs.com","description":"Automotive Jobs","publisher":{"@id":"https:\/\/news.canadamotorjobs.com\/#organization"},"potentialAction":[{"@type":"SearchAction","target":{"@type":"EntryPoint","urlTemplate":"https:\/\/news.canadamotorjobs.com\/?s={search_term_string}"},"query-input":"required name=search_term_string"}],"inLanguage":"fr-CA"},{"@type":"Organization","@id":"https:\/\/news.canadamotorjobs.com\/#organization","name":"Canada Motor Jobs","url":"https:\/\/news.canadamotorjobs.com\/","logo":{"@type":"ImageObject","inLanguage":"fr-CA","@id":"https:\/\/news.canadamotorjobs.com\/#\/schema\/logo\/image\/","url":"https:\/\/news.canadamotorjobs.com\/wp-content\/uploads\/2022\/10\/logo-canada-motor-jobs-1.png","contentUrl":"https:\/\/news.canadamotorjobs.com\/wp-content\/uploads\/2022\/10\/logo-canada-motor-jobs-1.png","width":800,"height":400,"caption":"Canada Motor Jobs"},"image":{"@id":"https:\/\/news.canadamotorjobs.com\/#\/schema\/logo\/image\/"},"sameAs":["https:\/\/www.facebook.com\/canadamotorjobs\/","https:\/\/x.com\/canadamotorjobs","https:\/\/www.instagram.com\/canadamotorjobs\/","https:\/\/www.linkedin.com\/company\/canadamotorjobs"]},{"@type":"Person","@id":"https:\/\/news.canadamotorjobs.com\/#\/schema\/person\/51793d1f87d44011d7bcc2ed99269a90","name":"Benoit Charette","image":{"@type":"ImageObject","inLanguage":"fr-CA","@id":"https:\/\/news.canadamotorjobs.com\/#\/schema\/person\/image\/","url":"https:\/\/secure.gravatar.com\/avatar\/45f3d2eebcccd909668d7ce7ea7267b6?s=96&d=mm&r=g","contentUrl":"https:\/\/secure.gravatar.com\/avatar\/45f3d2eebcccd909668d7ce7ea7267b6?s=96&d=mm&r=g","caption":"Benoit Charette"},"description":"Benoit Charette \/ Propri\u00e9taire et r\u00e9dacteur en chef Benoit Charette pratique le journalisme automobile depuis bient\u00f4t 30 ans. Il a fait ses classes au c\u00f4t\u00e9 de Daniel H\u00e9raud et au Carnet de route de 1992 \u00e0 2001. Il est fondateur, copropri\u00e9taire et r\u00e9dacteur en chef de L\u2019Annuel de l\u2019automobile, qu\u2019il publie depuis 2001. Il a anim\u00e9 les \u00e9missions RPM et RPM+ sur V et les L\u00e9gendes de la route sur Historia. \u00c0 la radio depuis 1986, il reprend l\u2019antenne cette ann\u00e9e sur les ondes de Cogeco et participe pour la deuxi\u00e8me ann\u00e9e \u00e0 l\u2019\u00e9mission Passion Auto sur RDS en plus de mettre en ligne le site Web officiel de L\u2019Annuel de l\u2019automobile sur annuelauto.ca.","sameAs":["https:\/\/annuelauto.ca\/"],"url":"https:\/\/news.canadamotorjobs.com\/fr\/author\/benoit-charette\/"}]}},"_links":{"self":[{"href":"https:\/\/news.canadamotorjobs.com\/fr\/wp-json\/wp\/v2\/posts\/136794"}],"collection":[{"href":"https:\/\/news.canadamotorjobs.com\/fr\/wp-json\/wp\/v2\/posts"}],"about":[{"href":"https:\/\/news.canadamotorjobs.com\/fr\/wp-json\/wp\/v2\/types\/post"}],"author":[{"embeddable":true,"href":"https:\/\/news.canadamotorjobs.com\/fr\/wp-json\/wp\/v2\/users\/8"}],"replies":[{"embeddable":true,"href":"https:\/\/news.canadamotorjobs.com\/fr\/wp-json\/wp\/v2\/comments?post=136794"}],"version-history":[{"count":0,"href":"https:\/\/news.canadamotorjobs.com\/fr\/wp-json\/wp\/v2\/posts\/136794\/revisions"}],"wp:featuredmedia":[{"embeddable":true,"href":"https:\/\/news.canadamotorjobs.com\/fr\/wp-json\/wp\/v2\/media\/136798"}],"wp:attachment":[{"href":"https:\/\/news.canadamotorjobs.com\/fr\/wp-json\/wp\/v2\/media?parent=136794"}],"wp:term":[{"taxonomy":"category","embeddable":true,"href":"https:\/\/news.canadamotorjobs.com\/fr\/wp-json\/wp\/v2\/categories?post=136794"},{"taxonomy":"post_tag","embeddable":true,"href":"https:\/\/news.canadamotorjobs.com\/fr\/wp-json\/wp\/v2\/tags?post=136794"}],"curies":[{"name":"wp","href":"https:\/\/api.w.org\/{rel}","templated":true}]}}