{"id":136786,"date":"2022-11-28T15:25:43","date_gmt":"2022-11-28T20:25:43","guid":{"rendered":"https:\/\/news.canadamotorjobs.com\/ford-et-lincoln-se-retirent-de-tous-les-salons-de-lauto-au-canada-en-2023\/"},"modified":"2022-11-28T15:30:23","modified_gmt":"2022-11-28T20:30:23","slug":"ford-et-lincoln-se-retirent-de-tous-les-salons-de-lauto-au-canada-en-2023","status":"publish","type":"post","link":"https:\/\/news.canadamotorjobs.com\/fr\/ford-et-lincoln-se-retirent-de-tous-les-salons-de-lauto-au-canada-en-2023\/","title":{"rendered":"Ford et Lincoln se retirent de tous les Salons de l\u2019auto au Canada en 2023"},"content":{"rendered":"<\/p>\n<p>D\u00e9cid\u00e9ment, les organisateurs de Salons automobiles ne l\u2019ont pas facile. Le g\u00e9ant am\u00e9ricain Ford a annonc\u00e9 aujourd\u2019hui que les salons automobiles canadiens n&#8217;auront plus de kiosque Ford ou Lincoln en 2023.<br \/> Un retour de pand\u00e9mie difficile<br \/> Alors que l&#8217;on annonce la r\u00e9ouverture de divers salons de l&#8217;automobile au Canada apr\u00e8s trois ann\u00e9es d&#8217;annulation dues \u00e0 la pand\u00e9mie, Ford annonce une nouvelle qui ajoute \u00e0 la fragilit\u00e9 des salons. Ford mentionne que le passage \u00e0 l\u2019\u00e9lectrification co\u00fbte tr\u00e8s cher et pr\u00e9f\u00e8re utiliser cet argent pour d\u2019autres activit\u00e9s promotionnelles. Cela signifie que ni les v\u00e9hicules Ford ni les v\u00e9hicules Lincoln ne seront expos\u00e9s \u00e0 aucun salon de l&#8217;auto tenu au Canada l&#8217;an prochain, \u00e0 moins que les concessionnaires locaux ne s&#8217;associent pour pr\u00e9senter une partie de la gamme.<br \/> Beaucoup d\u2019absents \u00e0 Montr\u00e9al<br \/> Cette nouvelle est un coup dur pour les organisateurs de salons de l&#8217;auto de tout le pays, qui tentent de trouver des moyens d&#8217;attirer davantage de visiteurs en raison de la baisse de popularit\u00e9 de ces \u00e9v\u00e9nements aupr\u00e8s du public, d&#8217;autant plus qu&#8217;elle survient peu avant le d\u00e9but de la saison des salons de l&#8217;auto. \u00c0 Montr\u00e9al, tous les constructeurs automobiles allemands ont d\u00e9j\u00e0 d\u00e9clar\u00e9 forfait en plus de Mazda, Mitsubishi et Honda. Il faut maintenant ajouter Ford et Lincoln \u00e0 cette liste. Calgary a d\u00e9cid\u00e9 d\u2019annuler son Salon. Reste Toronto en f\u00e9vrier, Vancouver et Qu\u00e9bec et mars qui vont aussi devoir se passer de la pr\u00e9sence des produits Ford et Lincoln.<\/p>\n<p> Avec des renseignements de Motor illustrated<\/p>\n<p>Le texte<\/p>\n","protected":false},"excerpt":{"rendered":"<p>D\u00e9cid\u00e9ment, les organisateurs de Salons automobiles ne l\u2019ont pas facile. Le g\u00e9ant am\u00e9ricain Ford a annonc\u00e9 aujourd\u2019hui que les salons automobiles canadiens n&#8217;auront plus de kiosque Ford ou Lincoln en 2023. Un retour de pand\u00e9mie difficile Alors que l&#8217;on annonce la r\u00e9ouverture de divers salons de l&#8217;automobile au Canada apr\u00e8s trois ann\u00e9es d&#8217;annulation dues \u00e0 [&hellip;]<\/p>\n","protected":false},"author":8,"featured_media":136790,"comment_status":"close","ping_status":"closed","sticky":false,"template":"","format":"standard","meta":{"_monsterinsights_skip_tracking":false,"_monsterinsights_sitenote_active":false,"_monsterinsights_sitenote_note":"","_monsterinsights_sitenote_category":0,"footnotes":""},"categories":[101],"tags":[],"yoast_head":"<!-- This site is optimized with the Yoast SEO plugin v23.2 - https:\/\/yoast.com\/wordpress\/plugins\/seo\/ -->\n<title>Ford et Lincoln se retirent de tous les Salons de l\u2019auto au Canada en 2023 - CanadaMotorJobs.com<\/title>\n<meta name=\"description\" content=\"Ford et Lincoln se retirent de tous les Salons de l\u2019auto au Canada en 2023 - Benoit Charette - Annuel automobile - CanadaMotorJobs.com.\" \/>\n<meta name=\"robots\" content=\"index, follow, max-snippet:-1, max-image-preview:large, max-video-preview:-1\" \/>\n<meta property=\"og:locale\" content=\"fr_CA\" \/>\n<meta property=\"og:type\" content=\"article\" \/>\n<meta property=\"og:title\" content=\"Ford et Lincoln se retirent de tous les Salons de l\u2019auto au Canada en 2023 - CanadaMotorJobs.com\" \/>\n<meta property=\"og:description\" content=\"Ford et Lincoln se retirent de tous les Salons de l\u2019auto au Canada en 2023 - Benoit Charette - Annuel automobile - CanadaMotorJobs.com.\" \/>\n<meta property=\"og:url\" content=\"https:\/\/news.canadamotorjobs.com\/fr\/ford-et-lincoln-se-retirent-de-tous-les-salons-de-lauto-au-canada-en-2023\/\" \/>\n<meta property=\"og:site_name\" content=\"CanadaMotorJobs.com\" \/>\n<meta property=\"article:publisher\" content=\"https:\/\/www.facebook.com\/canadamotorjobs\/\" \/>\n<meta property=\"article:published_time\" content=\"2022-11-28T20:25:43+00:00\" \/>\n<meta property=\"article:modified_time\" content=\"2022-11-28T20:30:23+00:00\" \/>\n<meta property=\"og:image\" content=\"https:\/\/news.canadamotorjobs.com\/wp-content\/uploads\/2022\/11\/FordGlassHouse-1.jpg\" \/>\n\t<meta property=\"og:image:width\" content=\"1200\" \/>\n\t<meta property=\"og:image:height\" content=\"914\" \/>\n\t<meta property=\"og:image:type\" content=\"image\/jpeg\" \/>\n<meta name=\"author\" content=\"Benoit Charette\" \/>\n<meta name=\"twitter:card\" content=\"summary_large_image\" \/>\n<meta name=\"twitter:creator\" content=\"@canadamotorjobs\" \/>\n<meta name=\"twitter:site\" content=\"@canadamotorjobs\" \/>\n<meta name=\"twitter:label1\" content=\"\u00c9crit par\" \/>\n\t<meta name=\"twitter:data1\" content=\"Benoit Charette\" \/>\n\t<meta name=\"twitter:label2\" content=\"Estimation du temps de lecture\" \/>\n\t<meta name=\"twitter:data2\" content=\"1 minute\" \/>\n<!-- \/ Yoast SEO plugin. -->","yoast_head_json":{"title":"Ford et Lincoln se retirent de tous les Salons de l\u2019auto au Canada en 2023 - CanadaMotorJobs.com","description":"Ford et Lincoln se retirent de tous les Salons de l\u2019auto au Canada en 2023 - Benoit Charette - Annuel automobile - CanadaMotorJobs.com.","robots":{"index":"index","follow":"follow","max-snippet":"max-snippet:-1","max-image-preview":"max-image-preview:large","max-video-preview":"max-video-preview:-1"},"og_locale":"fr_CA","og_type":"article","og_title":"Ford et Lincoln se retirent de tous les Salons de l\u2019auto au Canada en 2023 - CanadaMotorJobs.com","og_description":"Ford et Lincoln se retirent de tous les Salons de l\u2019auto au Canada en 2023 - Benoit Charette - Annuel automobile - CanadaMotorJobs.com.","og_url":"https:\/\/news.canadamotorjobs.com\/fr\/ford-et-lincoln-se-retirent-de-tous-les-salons-de-lauto-au-canada-en-2023\/","og_site_name":"CanadaMotorJobs.com","article_publisher":"https:\/\/www.facebook.com\/canadamotorjobs\/","article_published_time":"2022-11-28T20:25:43+00:00","article_modified_time":"2022-11-28T20:30:23+00:00","og_image":[{"width":1200,"height":914,"url":"https:\/\/news.canadamotorjobs.com\/wp-content\/uploads\/2022\/11\/FordGlassHouse-1.jpg","type":"image\/jpeg"}],"author":"Benoit Charette","twitter_card":"summary_large_image","twitter_creator":"@canadamotorjobs","twitter_site":"@canadamotorjobs","twitter_misc":{"\u00c9crit par":"Benoit Charette","Estimation du temps de lecture":"1 minute"},"schema":{"@context":"https:\/\/schema.org","@graph":[{"@type":"Article","@id":"https:\/\/news.canadamotorjobs.com\/fr\/ford-et-lincoln-se-retirent-de-tous-les-salons-de-lauto-au-canada-en-2023\/#article","isPartOf":{"@id":"https:\/\/news.canadamotorjobs.com\/fr\/ford-et-lincoln-se-retirent-de-tous-les-salons-de-lauto-au-canada-en-2023\/"},"author":{"name":"Benoit Charette","@id":"https:\/\/news.canadamotorjobs.com\/#\/schema\/person\/51793d1f87d44011d7bcc2ed99269a90"},"headline":"Ford et Lincoln se retirent de tous les Salons de l\u2019auto au Canada en 2023","datePublished":"2022-11-28T20:25:43+00:00","dateModified":"2022-11-28T20:30:23+00:00","mainEntityOfPage":{"@id":"https:\/\/news.canadamotorjobs.com\/fr\/ford-et-lincoln-se-retirent-de-tous-les-salons-de-lauto-au-canada-en-2023\/"},"wordCount":302,"publisher":{"@id":"https:\/\/news.canadamotorjobs.com\/#organization"},"image":{"@id":"https:\/\/news.canadamotorjobs.com\/fr\/ford-et-lincoln-se-retirent-de-tous-les-salons-de-lauto-au-canada-en-2023\/#primaryimage"},"thumbnailUrl":"https:\/\/news.canadamotorjobs.com\/wp-content\/uploads\/2022\/11\/FordGlassHouse-1.jpg","articleSection":["Annuel automobile"],"inLanguage":"fr-CA"},{"@type":"WebPage","@id":"https:\/\/news.canadamotorjobs.com\/fr\/ford-et-lincoln-se-retirent-de-tous-les-salons-de-lauto-au-canada-en-2023\/","url":"https:\/\/news.canadamotorjobs.com\/fr\/ford-et-lincoln-se-retirent-de-tous-les-salons-de-lauto-au-canada-en-2023\/","name":"Ford et Lincoln se retirent de tous les Salons de l\u2019auto au Canada en 2023 - CanadaMotorJobs.com","isPartOf":{"@id":"https:\/\/news.canadamotorjobs.com\/#website"},"primaryImageOfPage":{"@id":"https:\/\/news.canadamotorjobs.com\/fr\/ford-et-lincoln-se-retirent-de-tous-les-salons-de-lauto-au-canada-en-2023\/#primaryimage"},"image":{"@id":"https:\/\/news.canadamotorjobs.com\/fr\/ford-et-lincoln-se-retirent-de-tous-les-salons-de-lauto-au-canada-en-2023\/#primaryimage"},"thumbnailUrl":"https:\/\/news.canadamotorjobs.com\/wp-content\/uploads\/2022\/11\/FordGlassHouse-1.jpg","datePublished":"2022-11-28T20:25:43+00:00","dateModified":"2022-11-28T20:30:23+00:00","description":"Ford et Lincoln se retirent de tous les Salons de l\u2019auto au Canada en 2023 - Benoit Charette - Annuel automobile - CanadaMotorJobs.com.","breadcrumb":{"@id":"https:\/\/news.canadamotorjobs.com\/fr\/ford-et-lincoln-se-retirent-de-tous-les-salons-de-lauto-au-canada-en-2023\/#breadcrumb"},"inLanguage":"fr-CA","potentialAction":[{"@type":"ReadAction","target":["https:\/\/news.canadamotorjobs.com\/fr\/ford-et-lincoln-se-retirent-de-tous-les-salons-de-lauto-au-canada-en-2023\/"]}]},{"@type":"ImageObject","inLanguage":"fr-CA","@id":"https:\/\/news.canadamotorjobs.com\/fr\/ford-et-lincoln-se-retirent-de-tous-les-salons-de-lauto-au-canada-en-2023\/#primaryimage","url":"https:\/\/news.canadamotorjobs.com\/wp-content\/uploads\/2022\/11\/FordGlassHouse-1.jpg","contentUrl":"https:\/\/news.canadamotorjobs.com\/wp-content\/uploads\/2022\/11\/FordGlassHouse-1.jpg","width":1200,"height":914},{"@type":"BreadcrumbList","@id":"https:\/\/news.canadamotorjobs.com\/fr\/ford-et-lincoln-se-retirent-de-tous-les-salons-de-lauto-au-canada-en-2023\/#breadcrumb","itemListElement":[{"@type":"ListItem","position":1,"name":"Home","item":"https:\/\/news.canadamotorjobs.com\/fr\/blog\/"},{"@type":"ListItem","position":2,"name":"Ford et Lincoln se retirent de tous les Salons de l\u2019auto au Canada en 2023"}]},{"@type":"WebSite","@id":"https:\/\/news.canadamotorjobs.com\/#website","url":"https:\/\/news.canadamotorjobs.com\/","name":"CanadaMotorJobs.com","description":"Automotive Jobs","publisher":{"@id":"https:\/\/news.canadamotorjobs.com\/#organization"},"potentialAction":[{"@type":"SearchAction","target":{"@type":"EntryPoint","urlTemplate":"https:\/\/news.canadamotorjobs.com\/?s={search_term_string}"},"query-input":"required name=search_term_string"}],"inLanguage":"fr-CA"},{"@type":"Organization","@id":"https:\/\/news.canadamotorjobs.com\/#organization","name":"Canada Motor Jobs","url":"https:\/\/news.canadamotorjobs.com\/","logo":{"@type":"ImageObject","inLanguage":"fr-CA","@id":"https:\/\/news.canadamotorjobs.com\/#\/schema\/logo\/image\/","url":"https:\/\/news.canadamotorjobs.com\/wp-content\/uploads\/2022\/10\/logo-canada-motor-jobs-1.png","contentUrl":"https:\/\/news.canadamotorjobs.com\/wp-content\/uploads\/2022\/10\/logo-canada-motor-jobs-1.png","width":800,"height":400,"caption":"Canada Motor Jobs"},"image":{"@id":"https:\/\/news.canadamotorjobs.com\/#\/schema\/logo\/image\/"},"sameAs":["https:\/\/www.facebook.com\/canadamotorjobs\/","https:\/\/x.com\/canadamotorjobs","https:\/\/www.instagram.com\/canadamotorjobs\/","https:\/\/www.linkedin.com\/company\/canadamotorjobs"]},{"@type":"Person","@id":"https:\/\/news.canadamotorjobs.com\/#\/schema\/person\/51793d1f87d44011d7bcc2ed99269a90","name":"Benoit Charette","image":{"@type":"ImageObject","inLanguage":"fr-CA","@id":"https:\/\/news.canadamotorjobs.com\/#\/schema\/person\/image\/","url":"https:\/\/secure.gravatar.com\/avatar\/45f3d2eebcccd909668d7ce7ea7267b6?s=96&d=mm&r=g","contentUrl":"https:\/\/secure.gravatar.com\/avatar\/45f3d2eebcccd909668d7ce7ea7267b6?s=96&d=mm&r=g","caption":"Benoit Charette"},"description":"Benoit Charette \/ Propri\u00e9taire et r\u00e9dacteur en chef Benoit Charette pratique le journalisme automobile depuis bient\u00f4t 30 ans. Il a fait ses classes au c\u00f4t\u00e9 de Daniel H\u00e9raud et au Carnet de route de 1992 \u00e0 2001. Il est fondateur, copropri\u00e9taire et r\u00e9dacteur en chef de L\u2019Annuel de l\u2019automobile, qu\u2019il publie depuis 2001. Il a anim\u00e9 les \u00e9missions RPM et RPM+ sur V et les L\u00e9gendes de la route sur Historia. \u00c0 la radio depuis 1986, il reprend l\u2019antenne cette ann\u00e9e sur les ondes de Cogeco et participe pour la deuxi\u00e8me ann\u00e9e \u00e0 l\u2019\u00e9mission Passion Auto sur RDS en plus de mettre en ligne le site Web officiel de L\u2019Annuel de l\u2019automobile sur annuelauto.ca.","sameAs":["https:\/\/annuelauto.ca\/"],"url":"https:\/\/news.canadamotorjobs.com\/fr\/author\/benoit-charette\/"}]}},"_links":{"self":[{"href":"https:\/\/news.canadamotorjobs.com\/fr\/wp-json\/wp\/v2\/posts\/136786"}],"collection":[{"href":"https:\/\/news.canadamotorjobs.com\/fr\/wp-json\/wp\/v2\/posts"}],"about":[{"href":"https:\/\/news.canadamotorjobs.com\/fr\/wp-json\/wp\/v2\/types\/post"}],"author":[{"embeddable":true,"href":"https:\/\/news.canadamotorjobs.com\/fr\/wp-json\/wp\/v2\/users\/8"}],"replies":[{"embeddable":true,"href":"https:\/\/news.canadamotorjobs.com\/fr\/wp-json\/wp\/v2\/comments?post=136786"}],"version-history":[{"count":0,"href":"https:\/\/news.canadamotorjobs.com\/fr\/wp-json\/wp\/v2\/posts\/136786\/revisions"}],"wp:featuredmedia":[{"embeddable":true,"href":"https:\/\/news.canadamotorjobs.com\/fr\/wp-json\/wp\/v2\/media\/136790"}],"wp:attachment":[{"href":"https:\/\/news.canadamotorjobs.com\/fr\/wp-json\/wp\/v2\/media?parent=136786"}],"wp:term":[{"taxonomy":"category","embeddable":true,"href":"https:\/\/news.canadamotorjobs.com\/fr\/wp-json\/wp\/v2\/categories?post=136786"},{"taxonomy":"post_tag","embeddable":true,"href":"https:\/\/news.canadamotorjobs.com\/fr\/wp-json\/wp\/v2\/tags?post=136786"}],"curies":[{"name":"wp","href":"https:\/\/api.w.org\/{rel}","templated":true}]}}